{"id":2023,"date":"2010-01-11T10:11:23","date_gmt":"2010-01-11T08:11:23","guid":{"rendered":"http:\/\/www.gocmeniz.biz\/?p=2023"},"modified":"2026-04-03T12:17:06","modified_gmt":"2026-04-03T09:17:06","slug":"uluslararasi-buyuk-turk-dili-kurultayi-kircalide-duzenlenecek","status":"publish","type":"post","link":"https:\/\/www.gocmeniz.biz\/?p=2023","title":{"rendered":"Uluslararas\u0131 B\u00fcy\u00fck T\u00fcrk Dili Kurultay\u0131 K\u0131rcali\u2019de d\u00fczenlenecek"},"content":{"rendered":"<p><b>Bu y\u0131l be\u015fincisi d\u00fczenlenecek Uluslararas\u0131 B\u00fcy\u00fck T\u00fcrk Dili Kurultay\u0131 26 &#8211; 28 Eyl\u00fcl 2010 tarihleri aras\u0131nda, Bilkent \u00dcniversitesi, Sofya \u00dcniversitesi, K\u0131rcaali Belediye Ba\u015fkanl\u0131\u011f\u0131 ile ortakla\u015fa, K\u0131rcaali\u2019de yap\u0131lacak. <\/b><\/p>\n<p>Bilimsel nitelikli, geni\u015f kat\u0131l\u0131ml\u0131 uluslar aras\u0131 bir etkinlik olan 5. Uluslararas\u0131 B\u00fcy\u00fck T\u00fcrk Dili Kurultay\u0131, T\u00fcrk\u00e7e ile ilgili konular\u0131n g\u00fcndemde tutulmas\u0131, bu konulara dikkat \u00e7ekilmesi amac\u0131 ile ger\u00e7ekle\u015ftirilecek. Kurultayda T\u00fcrk dil bilgisi, T\u00fcrk dilinin k\u00f6kleri, T\u00fcrk dilinin kaynaklar\u0131, T\u00fcrk dilinin tarihi d\u00f6nemleri, T\u00fcrk\u00e7enin s\u00f6z varl\u0131\u011f\u0131, T\u00fcrk\u00e7enin etimolojisi, T\u00fcrk\u00e7ede yozla\u015fma, yabanc\u0131la\u015fma, kitle ileti\u015fim ara\u00e7lar\u0131nda T\u00fcrk\u00e7enin kullan\u0131m\u0131 ile ilgili sorunlar, \u00e7\u00f6z\u00fcm yollar\u0131, dil e\u011fitiminde ileti\u015fim ara\u00e7lar\u0131n\u0131n \u00f6nemi, T\u00fcrk\u00e7enin e\u011fitim ve \u00f6\u011fretimi, T\u00fcrk\u00e7enin yabanc\u0131 dil olarak \u00f6\u011fretimi, T\u00fcrk edebiyat\u0131 gibi konular ele al\u0131nacak.<br \/>Kurultaya kat\u0131lmak isteyen bilim adamlar\u0131n\u0131n bildiri \u00f6zetlerini 300 kelimeyi ge\u00e7meyecek \u015fekilde yazmalar\u0131 istendi. Bu bildirilerin ba\u015fka bir yerde yay\u0131nlanmam\u0131\u015f ve sunulmam\u0131\u015f olmas\u0131 \u015fart\u0131 aran\u0131yor. Daha \u00f6nceki Kurultaylar T\u00fcrkiye d\u0131\u015f\u0131nda K\u0131rg\u0131zistan, Kuzey K\u0131br\u0131s T\u00fcrk Cumhuriyeti ve ge\u00e7en sene K\u0131r\u0131m\u2019daki Akmescit\u2019te ger\u00e7ekle\u015fmi\u015fti.<\/p>\n<div class=\"zemanta-pixie\"><img data-recalc-dims=\"1\"  title=\"\" decoding=\"async\" class=\"zemanta-pixie-img\"  alt=\"pixy Uluslararas\u0131 B\u00fcy\u00fck T\u00fcrk Dili Kurultay\u0131 K\u0131rcali\u2019de d\u00fczenlenecek\"  src=\"https:\/\/i0.wp.com\/img.zemanta.com\/pixy.gif?w=640\" \/><\/div>\n","protected":false},"excerpt":{"rendered":"<p>Bu y\u0131l be\u015fincisi d\u00fczenlenecek Uluslararas\u0131 B\u00fcy\u00fck T\u00fcrk Dili Kurultay\u0131 26 &#8211; 28 Eyl\u00fcl 2010 tarihleri aras\u0131nda, Bilkent \u00dcniversitesi, Sofya \u00dcniversitesi, K\u0131rcaali Belediye Ba\u015fkanl\u0131\u011f\u0131 ile ortakla\u015fa, K\u0131rcaali\u2019de yap\u0131lacak. Bilimsel nitelikli, geni\u015f kat\u0131l\u0131ml\u0131 uluslar aras\u0131 bir etkinlik olan 5. Uluslararas\u0131 B\u00fcy\u00fck T\u00fcrk Dili Kurultay\u0131, T\u00fcrk\u00e7e ile ilgili konular\u0131n g\u00fcndemde tutulmas\u0131, bu konulara dikkat \u00e7ekilmesi amac\u0131 ile ger\u00e7ekle\u015ftirilecek. [&hellip;]<\/p>\n","protected":false},"author":331,"featured_media":0,"comment_status":"open","ping_status":"open","sticky":false,"template":"","format":"standard","meta":{"advanced_seo_description":"","jetpack_seo_html_title":"","jetpack_seo_noindex":false,"ngg_post_thumbnail":0,"jetpack_post_was_ever_published":false,"_jetpack_newsletter_access":"","_jetpack_dont_email_post_to_subs":false,"_jetpack_newsletter_tier_id":0,"_jetpack_memberships_contains_paywalled_content":false,"_jetpack_memberships_contains_paid_content":false,"footnotes":""},"categories":[5],"tags":[],"class_list":["post-2023","post","type-post","status-publish","format-standard","hentry","category-haberler"],"jetpack_featured_media_url":"","jetpack_shortlink":"https:\/\/wp.me\/paHHlZ-wD","jetpack-related-posts":[{"id":1321,"url":"https:\/\/www.gocmeniz.biz\/?p=1321","url_meta":{"origin":2023,"position":0},"title":"T\u00dcRK\u00c7E`N\u0130N BALKAN D\u0130LLER\u0130 \u00dcZER\u0130NDEK\u0130 ETK\u0130S\u0130 SEMPOZYUMU","author":"Haberci","date":"06 Haziran 2009","format":false,"excerpt":"`T\u00fcrk\u00e7enin Balkan Dilleri \u00dczerindeki Etkisi` ba\u015fl\u0131kl\u0131 uluslararas\u0131 sempozyum Makedonya`n\u0131n ba\u015fkenti \u00dcsk\u00fcp`te ger\u00e7ekle\u015ftirildi. Ba\u015fkanl\u0131\u011f\u0131m\u0131z ile Kiril-Metodi \u00dcniversitesi T\u00fcrk Dili ve Edebiyat K\u00fcrs\u00fcs\u00fc ve Makedonya T\u00fcrk Sivil Te\u015fkilatlar\u0131 Birli\u011fi(MAT\u00dcS\u0130TEB) i\u015fbirli\u011finde d\u00fczenlenen sempozyuma T\u00fcrkiye, Macaristan, S\u0131rbistan, H\u0131rvatistan, Kosova, Arnavutluk, Bulgaristan, ABD ve Makedonya`dan 17 dil uzman\u0131 kat\u0131ld\u0131.`Balkanlar`da alt\u0131 y\u00fcz y\u0131ll\u0131k tarihi birlikteli\u011fin neticesinde\u2026","rel":"","context":"&quot;Haberler&quot; i\u00e7inde","block_context":{"text":"Haberler","link":"https:\/\/www.gocmeniz.biz\/?cat=5"},"img":{"alt_text":"","src":"","width":0,"height":0},"classes":[]},{"id":217,"url":"https:\/\/www.gocmeniz.biz\/?p=217","url_meta":{"origin":2023,"position":1},"title":"Sofya&#8217;daki Yabanc\u0131 Kad\u0131nlar Yard\u0131m i\u00e7in Kermeste Bir Araya Geldi","author":"Haberci","date":"26 Kas\u0131m 2007","format":false,"excerpt":"Bulgaristan'\u0131n ba\u015fkenti Sofya'da ya\u015fanan yabanc\u0131 \u00fclkelerden kad\u0131nlar, kimsesizlere yard\u0131m i\u00e7in kermeste bulu\u015ftu. Sofya'da ya\u015fayan yabanc\u0131 \u00fclke kad\u0131nlar\u0131, kimsesizler ve yard\u0131ma muhta\u00e7 ki\u015filer i\u00e7in bir kermes d\u00fczenledi. 45 \u00fclkeden kad\u0131nlar\u0131n kat\u0131ld\u0131\u011f\u0131 kermeste, her \u00fclke kendi geleneksel \u00fcr\u00fcnlerini ziyaret\u00e7ilere sundu. Her y\u0131l d\u00fczenlenen kermes, hem \u00fclke tan\u0131t\u0131m\u0131n\u0131, hem de kimsesizlere katk\u0131 yapmay\u0131\u2026","rel":"","context":"&quot;Haberler&quot; i\u00e7inde","block_context":{"text":"Haberler","link":"https:\/\/www.gocmeniz.biz\/?cat=5"},"img":{"alt_text":"","src":"https:\/\/i0.wp.com\/resimler.haberler.com\/haber\/491\/sofya-daki-yabanci-kadinlar-yardim-icin-kermeste_o.jpg?resize=350%2C200","width":350,"height":200},"classes":[]},{"id":1568,"url":"https:\/\/www.gocmeniz.biz\/?p=1568","url_meta":{"origin":2023,"position":2},"title":"Eski Bulgar Cumhurba\u015fkan\u0131: E\u011fitim yat\u0131r\u0131mlar\u0131ndan etkilendim","author":"Haberci","date":"20 Temmuz 2009","format":false,"excerpt":"Marmara \u00dcniversitesi`nde Avrupa Birli\u011fi ile ilgili bir seminere kat\u0131lan eski Bulgaristan Cumhurba\u015fkan\u0131 Jelu Jelev, T\u00fcrkiye`de e\u011fitime yap\u0131lan harcamadan \u00e7ok etkilendi\u011fini s\u00f6yledi.Seminerde etnik konular\u0131n ele al\u0131nd\u0131\u011f\u0131n\u0131 ifade eden eski Bulgaristan Cumhurba\u015fkan\u0131 Jelev, `E\u011fitime ayr\u0131lan paralar\u0131 \u00e7ok \u00f6nemli buluyorum. Bu yat\u0131r\u0131m\u0131n e\u011fitim seviyesini daha iyi yerlere getirece\u011fine inan\u0131yorum. T\u00fcrkiye e\u011fitime ve teknolojiye\u2026","rel":"","context":"&quot;Haberler&quot; i\u00e7inde","block_context":{"text":"Haberler","link":"https:\/\/www.gocmeniz.biz\/?cat=5"},"img":{"alt_text":"","src":"","width":0,"height":0},"classes":[]},{"id":2534,"url":"https:\/\/www.gocmeniz.biz\/?p=2534","url_meta":{"origin":2023,"position":3},"title":"Bulgaristan&#8217;da T\u00fcrkiye E\u011fitim Burs Programlar\u0131n\u0131n Tan\u0131t\u0131m\u0131 Yap\u0131ld\u0131","author":"Haberci","date":"31 Ocak 2019","format":false,"excerpt":"T\u00fcrkiye'nin yabanc\u0131lara sa\u011flad\u0131\u011f\u0131 2019 y\u0131l\u0131 burs programlar\u0131\u00a0Bulgaristan'\u0131n ba\u015fkenti\u00a0Sofya'n\u0131n yan\u0131 s\u0131ra T\u00fcrklerin yo\u011fun ya\u015fad\u0131\u011f\u0131\u00a0K\u0131rcaali\u00a0ve Mestanl\u0131 \u015fehirlerinde tan\u0131t\u0131ld\u0131. T\u00fcrkiye'nin Sofya B\u00fcy\u00fckel\u00e7ili\u011finin ev sahipli\u011finde Sofya'daki\u00a0Merkez\u00a0Orduevi Konferans Salonu'nda d\u00fczenlenen etkinlikte konu\u015fan Yurtd\u0131\u015f\u0131 T\u00fcrkler ve Akraba Topluluklar Ba\u015fkanl\u0131\u011f\u0131 (YTB) Ba\u015fkan\u0131\u00a0Abdullah Eren, \"Biz dost ve karde\u015f olan Bulgaristan'dan t\u00fcm vatanda\u015flar\u0131n T\u00fcrkiye'de burslu okuma imkanlar\u0131ndan haberdar olmas\u0131n\u0131\u2026","rel":"","context":"&quot;Haberler&quot; i\u00e7inde","block_context":{"text":"Haberler","link":"https:\/\/www.gocmeniz.biz\/?cat=5"},"img":{"alt_text":"","src":"https:\/\/i0.wp.com\/www.gocmeniz.biz\/wp-content\/640x360.jpg?fit=640%2C360&ssl=1&resize=350%2C200","width":350,"height":200,"srcset":"https:\/\/i0.wp.com\/www.gocmeniz.biz\/wp-content\/640x360.jpg?fit=640%2C360&ssl=1&resize=350%2C200 1x, https:\/\/i0.wp.com\/www.gocmeniz.biz\/wp-content\/640x360.jpg?fit=640%2C360&ssl=1&resize=525%2C300 1.5x"},"classes":[]},{"id":1257,"url":"https:\/\/www.gocmeniz.biz\/?p=1257","url_meta":{"origin":2023,"position":4},"title":"T\u00fcrk Y\u0131ld\u0131zlar\u0131 Bulgarlar`\u0131 b\u00fcy\u00fcledi","author":"Haberci","date":"26 May\u0131s 2009","format":false,"excerpt":"7. B\u0130AF 2009 Uluslararas\u0131 Havac\u0131l\u0131k Festivali \"ne T\u00fcrk pilotlar damgas\u0131n\u0131 vurdu. Festivale kat\u0131lan T\u00fcrk Hava Kuvvetleri akrobasi timi \" T\u00fcrk Y\u0131ld\u0131zlar\u0131\", muhte\u015fem g\u00f6sterileriyle Bulgar izleyicileri b\u00fcy\u00fcledi.Yakla\u015f\u0131k 20 dakika s\u00fcren g\u00f6steriden sonra izleyiciler, T\u00fcrk Hava Kuvvetleri tan\u0131t\u0131m stand\u0131na gelerek T\u00fcrk pilotlardan imza alabilmek i\u00e7in kuyruk olu\u015fturdu. Filibe kentine yak\u0131n Krumovo Havac\u0131l\u0131k\u2026","rel":"","context":"&quot;Haberler&quot; i\u00e7inde","block_context":{"text":"Haberler","link":"https:\/\/www.gocmeniz.biz\/?cat=5"},"img":{"alt_text":"","src":"","width":0,"height":0},"classes":[]},{"id":1417,"url":"https:\/\/www.gocmeniz.biz\/?p=1417","url_meta":{"origin":2023,"position":5},"title":"Bulgaristan&#8217;da T\u00fcrk ailesine sald\u0131r\u0131n\u0131n ard\u0131ndan","author":"Haberci","date":"24 Haziran 2009","format":false,"excerpt":"AAD\u0131\u015fi\u015fleri Bakanl\u0131\u011f\u0131 S\u00f6zc\u00fcs\u00fc Burak \u00d6z\u00fcgergin, Bulgaristan'da bir T\u00fcrk ailesine y\u00f6nelik sald\u0131r\u0131ya ili\u015fkin olarak, bu olay\u0131n Bulgaristan'\u0131n tamam\u0131na, T\u00fcrk-Bulgar ili\u015fkilerine ve oradaki T\u00fcrk vatanda\u015flar\u0131n\u0131n i\u00e7inde ya\u015famakta oldu\u011fu ko\u015fullara te\u015fmil edilmemesi gerekti\u011fini s\u00f6yledi.Ankara- D\u0131\u015fi\u015fleri Bakanl\u0131\u011f\u0131 S\u00f6zc\u00fcs\u00fc Burak \u00d6z\u00fcgergin, Bulgaristan'da bir T\u00fcrk ailesine y\u00f6nelik sald\u0131r\u0131ya ili\u015fkin olarak, bunun, T\u00fcrk-Bulgar ili\u015fkilerinin genel resmi i\u00e7inde\u2026","rel":"","context":"&quot;Haberler&quot; i\u00e7inde","block_context":{"text":"Haberler","link":"https:\/\/www.gocmeniz.biz\/?cat=5"},"img":{"alt_text":"","src":"","width":0,"height":0},"classes":[]}],"jetpack_sharing_enabled":true,"jetpack_likes_enabled":true,"_links":{"self":[{"href":"https:\/\/www.gocmeniz.biz\/index.php?rest_route=\/wp\/v2\/posts\/2023","targetHints":{"allow":["GET"]}}],"collection":[{"href":"https:\/\/www.gocmeniz.biz\/index.php?rest_route=\/wp\/v2\/posts"}],"about":[{"href":"https:\/\/www.gocmeniz.biz\/index.php?rest_route=\/wp\/v2\/types\/post"}],"author":[{"embeddable":true,"href":"https:\/\/www.gocmeniz.biz\/index.php?rest_route=\/wp\/v2\/users\/331"}],"replies":[{"embeddable":true,"href":"https:\/\/www.gocmeniz.biz\/index.php?rest_route=%2Fwp%2Fv2%2Fcomments&post=2023"}],"version-history":[{"count":1,"href":"https:\/\/www.gocmeniz.biz\/index.php?rest_route=\/wp\/v2\/posts\/2023\/revisions"}],"predecessor-version":[{"id":8660,"href":"https:\/\/www.gocmeniz.biz\/index.php?rest_route=\/wp\/v2\/posts\/2023\/revisions\/8660"}],"wp:attachment":[{"href":"https:\/\/www.gocmeniz.biz\/index.php?rest_route=%2Fwp%2Fv2%2Fmedia&parent=2023"}],"wp:term":[{"taxonomy":"category","embeddable":true,"href":"https:\/\/www.gocmeniz.biz\/index.php?rest_route=%2Fwp%2Fv2%2Fcategories&post=2023"},{"taxonomy":"post_tag","embeddable":true,"href":"https:\/\/www.gocmeniz.biz\/index.php?rest_route=%2Fwp%2Fv2%2Ftags&post=2023"}],"curies":[{"name":"wp","href":"https:\/\/api.w.org\/{rel}","templated":true}]}}