{"id":2025,"date":"2010-01-11T10:15:07","date_gmt":"2010-01-11T08:15:07","guid":{"rendered":"http:\/\/www.gocmeniz.biz\/?p=2025"},"modified":"2026-04-03T12:25:37","modified_gmt":"2026-04-03T09:25:37","slug":"turk-bulgar-dostlugu-her-iki-ulkenin-yararina","status":"publish","type":"post","link":"https:\/\/www.gocmeniz.biz\/?p=2025","title":{"rendered":"\u2018T\u00fcrk &#8211; Bulgar dostlu\u011fu her iki \u00fclkenin yarar\u0131na\u2019"},"content":{"rendered":"<p><b>Yurtd\u0131\u015f\u0131ndaki Bulgaristan vatanda\u015flar\u0131ndan Sorumlu Devlet Bakan\u0131 Bojidar Dimitrov\u2019un&nbsp; T\u00fcrkiye\u2019den g\u00f6\u00e7 eden Bulgarlar\u0131n T\u00fcrkiye\u2019de b\u0131rakmak zorunda kald\u0131klar\u0131 mal ve m\u00fclkleri i\u00e7in 20 milyar dolarl\u0131k tazminat istemesi k\u0131sa s\u00fcreli siyasi hareketlenmeye neden oldu. <\/b><\/p>\n<p>T\u00fcrkiye\u2019den istenecek tazminat\u0131n, T\u00fcrkiye\u2019nin Avrupa Birli\u011fi\u2019ne tam \u00fcyelik i\u00e7in \u00f6n ko\u015ful olarak \u00f6denmesi gerekti\u011fini savunan Dimitrov\u2019un a\u00e7\u0131klamalar\u0131na Ba\u015fbakan Boyko Borisov ve D\u0131\u015fi\u015fleri Bakanl\u0131\u011f\u0131 kat\u0131lmad\u0131.<br \/>\nBa\u015fbakan, Dimitrov\u2019un yanl\u0131\u015f a\u00e7\u0131klama yapt\u0131\u011f\u0131n\u0131 s\u00f6ylemesinin ard\u0131ndan Bakan Dimitrov da hatal\u0131 oldu\u011funu kabul etti. Bulgaristan D\u0131\u015fi\u015fleri Bakanl\u0131\u011f\u0131, Bulgar-T\u00fcrk ili\u015fkilerinde hen\u00fcz \u00e7\u00f6z\u00fclmemi\u015f meselelerin AB\u2019nin geni\u015fleme s\u00fcreciyle do\u011frudan ilgisi olmad\u0131\u011f\u0131n\u0131 kaydetti. T\u00fcrkiye D\u0131\u015fi\u015fleri Bakan\u0131 da ili\u015fkileri bozacak a\u00e7\u0131klamalardan ka\u00e7\u0131nmak gerekti\u011fini, iyi kom\u015fuluk ili\u015fkilerinin her iki \u00fclke yarar\u0131na oldu\u011funu s\u00f6yledi.<br \/>\nBulgaristan D\u0131\u015fi\u015fleri Bakanl\u0131\u011f\u0131, Bakan Dimitrov\u2019un s\u00f6z konusu tazminat\u0131n \u00f6denmemesi durumunda<!--more--> T\u00fcrkiye\u2019nin Avrupa Birli\u011fi \u00fcyeli\u011finin Bulgaristan taraf\u0131ndan engellenmesinin do\u011fru olmad\u0131\u011f\u0131n\u0131 a\u00e7\u0131klad\u0131. D\u0131\u015fi\u015fleri Bakan Yard\u0131mc\u0131s\u0131 Marin Raykov, Bulgaristan ile T\u00fcrkiye aras\u0131nda \u00e7\u00f6z\u00fclemeyecek hi\u00e7bir sorunun olmad\u0131\u011f\u0131n\u0131, m\u00fclk tazminat\u0131n\u0131n da bunlardan biri oldu\u011funu s\u00f6yledi. Son d\u00f6nemde T\u00fcrkiye ile ili\u015fkilerin en parlak oldu\u011fu y\u0131llar\u0131 ya\u015fad\u0131klar\u0131n\u0131 vurgulayan Raykov, Bulgar-T\u00fcrk ili\u015fkilerinde hen\u00fcz \u00e7\u00f6z\u00fclmemi\u015f meselelerin AB\u2019nin geni\u015fleme s\u00fcreciyle do\u011frudan ilgisi olmad\u0131\u011f\u0131n\u0131 kaydetti. Bulgaristan\u2019\u0131n T\u00fcrkiye\u2019nin \u00fcyelik s\u00fcrecini destekledi\u011fini hat\u0131rlatan Raykov, iki \u00fclke aras\u0131ndaki sorunlar\u0131n \u00e7\u00f6z\u00fclmeyecek kadar zor olmad\u0131\u011f\u0131n\u0131, Trakya\u2019dan \u00fclkeye gelen Bulgar m\u00fcltecilerin m\u00fclklerinin tazminat\u0131n\u0131n da bu kapsamda yer ald\u0131\u011f\u0131n\u0131 vurgulad\u0131.<\/p>\n<p><b>Ba\u015fbakan\u2019dan D\u0131m\u0131trov\u2019a uyari<\/b><\/p>\n<p>Ba\u015fbakan Boyko Borisov, Bakan Bojidar Dimitrov\u2019un a\u00e7\u0131klamalar\u0131n\u0131n iki \u00fclke aras\u0131nda sorun olu\u015fturdu\u011funu ve bu konuda kendisini uyard\u0131. Ba\u015fbakan Boyko Borisov, T\u00fcrkiye\u2019den tazminat talep edilmesi konusunda hi\u00e7bir resmi giri\u015fimin bulunmad\u0131\u011f\u0131n\u0131 belirterek, \u2018\u2019Ne h\u00fck\u00fcmetin, ne de Parlamento\u2019nun b\u00f6yle bir karar\u0131 yok. Bojidar Dimitrov ki\u015fisel yorumlar yap\u0131p bizi g\u00fc\u00e7 duruma d\u00fc\u015f\u00fcrd\u00fc.\u2019\u2019 dedi. Dimitrov\u2019un s\u00f6yledi\u011fi s\u00f6zlerle problem olu\u015fturdu\u011funu belirten Ba\u015fbakan \u2018Dimitrov\u2019u uyard\u0131m, bir daha da tekrarlanmas\u0131 durumunda yollar\u0131m\u0131z\u0131 ay\u0131raca\u011f\u0131z.\u2019 dedi\u011fini aktard\u0131. Boyko Borisov, Bakan Dimitrov\u2019un a\u00e7\u0131klamalar\u0131n\u0131n Avrupa Birli\u011fi &#8211; Bulgaristan ili\u015fkilerine de zarar verdi\u011fini bildirdi. Bakan Bojidar Dimitrov da, uyar\u0131n\u0131n ard\u0131ndan hatal\u0131 oldu\u011funu ve Ba\u015fbakan\u2019\u0131n hakl\u0131 oldu\u011funu vurgulad\u0131.<\/p>\n<p><b>\u2018\u0130y\u0131 kom\u015fuluk her \u0131k\u0131 \u00fclke \u0131\u00e7\u0131n de faydali\u2019<\/b><\/p>\n<p>T\u00fcrkiye D\u0131\u015fi\u015fleri Bakan\u0131 Ahmet Davuto\u011flu, Bulgaristan\u2019\u0131n T\u00fcrkiye\u2019den g\u00f6\u00e7 eden Bulgarlar\u0131n T\u00fcrkiye\u2019de b\u0131rakmak zorunda kald\u0131klar\u0131 mal ve m\u00fclkleri i\u00e7in tazminat talep edece\u011fi y\u00f6n\u00fcndeki haberler \u00fczerine, T\u00fcrk-Bulgar dostlu\u011funun devam etmesinin her iki \u00fclkenin de yarar\u0131na oldu\u011funu ve bu t\u00fcr a\u00e7\u0131klamalardan ka\u00e7\u0131nmakta b\u00fcy\u00fck fayda oldu\u011funu s\u00f6yledi.<br \/>\nA\u00e7\u0131klama konusunda tarihte ya\u015fananlar\u0131n tek tarafl\u0131 g\u00f6\u00e7 \u015feklinde cereyan etmedi\u011fini belirten Davuto\u011flu, \u2018Bulgaristan\u2019dan T\u00fcrkiye\u2019ye o d\u00f6nemde g\u00f6\u00e7 etmek zorunda kalan 2 milyona yak\u0131n T\u00fcrk olmu\u015ftur. Ancak, bu tart\u0131\u015fmalar\u0131n \u00e7ok rasyonel zeminde yap\u0131lmas\u0131 icap eder.\u2019 dedi. Davuto\u011flu, T\u00fcrkiye\u2019nin b\u00fct\u00fcn kom\u015fu \u00fclkelerle \u00e7ok yak\u0131n i\u015fbirli\u011fi ve tam bir entegrasyon ili\u015fkisi i\u00e7inde olmak istedi\u011fini s\u00f6zlerine ekledi. <i><b>Erkan Tunca, Sofya<\/b><\/i><\/p>\n<div class=\"zemanta-pixie\"><img data-recalc-dims=\"1\"  title=\"\" decoding=\"async\" class=\"zemanta-pixie-img\"  alt=\"pixy \u2018T\u00fcrk - Bulgar dostlu\u011fu her iki \u00fclkenin yarar\u0131na\u2019\"  src=\"https:\/\/i0.wp.com\/img.zemanta.com\/pixy.gif?w=640\" \/><\/div>\n","protected":false},"excerpt":{"rendered":"<p>Yurtd\u0131\u015f\u0131ndaki Bulgaristan vatanda\u015flar\u0131ndan Sorumlu Devlet Bakan\u0131 Bojidar Dimitrov\u2019un&nbsp; T\u00fcrkiye\u2019den g\u00f6\u00e7 eden Bulgarlar\u0131n T\u00fcrkiye\u2019de b\u0131rakmak zorunda kald\u0131klar\u0131 mal ve m\u00fclkleri i\u00e7in 20 milyar dolarl\u0131k tazminat istemesi k\u0131sa s\u00fcreli siyasi hareketlenmeye neden oldu. T\u00fcrkiye\u2019den istenecek tazminat\u0131n, T\u00fcrkiye\u2019nin Avrupa Birli\u011fi\u2019ne tam \u00fcyelik i\u00e7in \u00f6n ko\u015ful olarak \u00f6denmesi gerekti\u011fini savunan Dimitrov\u2019un a\u00e7\u0131klamalar\u0131na Ba\u015fbakan Boyko Borisov ve D\u0131\u015fi\u015fleri Bakanl\u0131\u011f\u0131 kat\u0131lmad\u0131. [&hellip;]<\/p>\n","protected":false},"author":331,"featured_media":0,"comment_status":"open","ping_status":"open","sticky":false,"template":"","format":"standard","meta":{"advanced_seo_description":"","jetpack_seo_html_title":"","jetpack_seo_noindex":false,"ngg_post_thumbnail":0,"jetpack_post_was_ever_published":false,"_jetpack_newsletter_access":"","_jetpack_dont_email_post_to_subs":false,"_jetpack_newsletter_tier_id":0,"_jetpack_memberships_contains_paywalled_content":false,"_jetpack_memberships_contains_paid_content":false,"footnotes":""},"categories":[5],"tags":[],"class_list":["post-2025","post","type-post","status-publish","format-standard","hentry","category-haberler"],"jetpack_featured_media_url":"","jetpack_shortlink":"https:\/\/wp.me\/paHHlZ-wF","jetpack-related-posts":[{"id":2017,"url":"https:\/\/www.gocmeniz.biz\/?p=2017","url_meta":{"origin":2025,"position":0},"title":"Bulgar Ba\u015fbakan&#8217;dan tazminat\u00e7\u0131 bakana f\u0131r\u00e7a","author":"Haberci","date":"07 Ocak 2010","format":false,"excerpt":"Bulgaristan'da, Devlet Bakan\u0131 Bojidar Dimitrov'un, \u201c1913 y\u0131l\u0131ndan sonra T\u00fcrkiye'den g\u00f6\u00e7 eden Bulgarlar\u0131n T\u00fcrkiye'de b\u0131rakmak zorunda kald\u0131klar\u0131 mal ve m\u00fclkleri i\u00e7in en az 10 milyar dolar tazminat istenece\u011fi\u201d y\u00f6n\u00fcndeki a\u00e7\u0131klamalar\u0131 h\u00fck\u00fcmet i\u00e7inde siyasi krize neden oldu. Ne h\u00fck\u00fcmetin ne de parlamentonun b\u00f6yle bir giri\u015fimi oldu\u011funu s\u00f6yleyen Ba\u015fbakan Boyko Borisov, Dimitrov\u2019u sert\u2026","rel":"","context":"&quot;Haberler&quot; i\u00e7inde","block_context":{"text":"Haberler","link":"https:\/\/www.gocmeniz.biz\/?cat=5"},"img":{"alt_text":"","src":"","width":0,"height":0},"classes":[]},{"id":2009,"url":"https:\/\/www.gocmeniz.biz\/?p=2009","url_meta":{"origin":2025,"position":1},"title":"Dostlu\u011fu zedeleyecek a\u00e7\u0131klamalardan ka\u00e7\u0131n\u0131n","author":"Haberci","date":"06 Ocak 2010","format":false,"excerpt":"ANKARA \u00a0\u00a0\u00a0 D\u0131\u015fi\u015fleri Bakan\u0131 Ahmet Davuto\u011flu, Bulgaristan Devlet Bakan\u0131 Bojidar Dimitrov\u2019un, bas\u0131na, \u201cT\u00fcrkiye\u2019den g\u00f6\u00e7 eden Bulgarlara 10 milyar dolar tazminat verilmemesi durumunda T\u00fcrkiye\u2019nin AB \u00fcyeli\u011fini engelleyece\u011fiz\u201d olarak yans\u0131yan a\u00e7\u0131klamas\u0131na tepki g\u00f6sterdi.Davuto\u011flu, d\u00fcn Brezilya D\u0131\u015fi\u015fleri Bakan\u0131 Celso Amorim ile ortak bas\u0131n toplant\u0131s\u0131 d\u00fczenledi. \u0130ki \u00fclke aras\u0131nda Stratejik \u0130\u015fbirli\u011fi Eylem Plan\u0131 \u00fczerinde\u2026","rel":"","context":"&quot;Haberler&quot; i\u00e7inde","block_context":{"text":"Haberler","link":"https:\/\/www.gocmeniz.biz\/?cat=5"},"img":{"alt_text":"","src":"","width":0,"height":0},"classes":[]},{"id":1622,"url":"https:\/\/www.gocmeniz.biz\/?p=1622","url_meta":{"origin":2025,"position":2},"title":"D\u0131\u015fi\u015fleri, Bulgaristan g\u00f6\u00e7menlerinin mallar\u0131 i\u00e7in d\u00fc\u011fmeye bast\u0131","author":"Haberci","date":"31 Temmuz 2009","format":false,"excerpt":"D\u0131\u015fi\u015fleri Bakanl\u0131\u011f\u0131, sava\u015f ve bask\u0131 d\u00f6nemlerinde Bulgaristan`dan T\u00fcrkiye`ye gelmek zorunda kalan T\u00fcrk k\u00f6kenli g\u00f6\u00e7menlerin \u00fclkelerinde b\u0131rakt\u0131klar\u0131 mallar\u0131 geri alabilmeleri i\u00e7in harekete ge\u00e7ti. Balkan sava\u015flar\u0131 s\u0131ras\u0131nda ve asimilasyon politikalar\u0131n\u0131n uyguland\u0131\u011f\u0131 1980`li y\u0131llarda yurtlar\u0131n\u0131 terk ederek T\u00fcrkiye`ye s\u0131\u011f\u0131nmak zorunda kalan binlerce Bulgar g\u00f6\u00e7meni T\u00fcrk`\u00fcn, Bulgaristan`da kalan mallar\u0131n\u0131 geri alma imk\u00e2n\u0131 do\u011fdu. D\u0131\u015fi\u015fleri\u2026","rel":"","context":"&quot;Haberler&quot; i\u00e7inde","block_context":{"text":"Haberler","link":"https:\/\/www.gocmeniz.biz\/?cat=5"},"img":{"alt_text":"","src":"","width":0,"height":0},"classes":[]},{"id":2019,"url":"https:\/\/www.gocmeniz.biz\/?p=2019","url_meta":{"origin":2025,"position":3},"title":"Bulgar Bakan T\u00fcrkiye&#8217;den \u00d6z\u00fcr Diledi","author":"Haberci","date":"08 Ocak 2010","format":false,"excerpt":"Bulgaristan Devlet Bakan\u0131 Bojidar Dimitrov, A\u00e7\u0131klamalar\u0131ndan Dolay\u0131 \u00d6z\u00fcr Diledi.T\u00fcrkiye\u2019den, 1913 y\u0131l\u0131ndan sonra g\u00f6\u00e7 eden Bulgarlar\u0131n b\u0131rakmak zorunda kald\u0131klar\u0131 mal ve m\u00fclkleri i\u00e7in 20 milyar dolara yak\u0131n tazminat istenece\u011fini ve bu konunun \u00e7\u00f6z\u00fcm\u00fcn\u00fcn T\u00fcrkiye\u2019nin Avrupa Birli\u011fi \u00fcyeli\u011fi i\u00e7in bir \u201c\u00f6n ko\u015ful\u201d oldu\u011funu ileri s\u00fcren Bulgaristan Devlet Bakan\u0131 Bojidar Dimitrov, a\u00e7\u0131klamalar\u0131ndan dolay\u0131\u2026","rel":"","context":"&quot;Haberler&quot; i\u00e7inde","block_context":{"text":"Haberler","link":"https:\/\/www.gocmeniz.biz\/?cat=5"},"img":{"alt_text":"","src":"","width":0,"height":0},"classes":[]},{"id":1417,"url":"https:\/\/www.gocmeniz.biz\/?p=1417","url_meta":{"origin":2025,"position":4},"title":"Bulgaristan&#8217;da T\u00fcrk ailesine sald\u0131r\u0131n\u0131n ard\u0131ndan","author":"Haberci","date":"24 Haziran 2009","format":false,"excerpt":"AAD\u0131\u015fi\u015fleri Bakanl\u0131\u011f\u0131 S\u00f6zc\u00fcs\u00fc Burak \u00d6z\u00fcgergin, Bulgaristan'da bir T\u00fcrk ailesine y\u00f6nelik sald\u0131r\u0131ya ili\u015fkin olarak, bu olay\u0131n Bulgaristan'\u0131n tamam\u0131na, T\u00fcrk-Bulgar ili\u015fkilerine ve oradaki T\u00fcrk vatanda\u015flar\u0131n\u0131n i\u00e7inde ya\u015famakta oldu\u011fu ko\u015fullara te\u015fmil edilmemesi gerekti\u011fini s\u00f6yledi.Ankara- D\u0131\u015fi\u015fleri Bakanl\u0131\u011f\u0131 S\u00f6zc\u00fcs\u00fc Burak \u00d6z\u00fcgergin, Bulgaristan'da bir T\u00fcrk ailesine y\u00f6nelik sald\u0131r\u0131ya ili\u015fkin olarak, bunun, T\u00fcrk-Bulgar ili\u015fkilerinin genel resmi i\u00e7inde\u2026","rel":"","context":"&quot;Haberler&quot; i\u00e7inde","block_context":{"text":"Haberler","link":"https:\/\/www.gocmeniz.biz\/?cat=5"},"img":{"alt_text":"","src":"","width":0,"height":0},"classes":[]},{"id":1775,"url":"https:\/\/www.gocmeniz.biz\/?p=1775","url_meta":{"origin":2025,"position":5},"title":"Makedonya&#8217;da gemi kazas\u0131, 20 \u00f6l\u00fc","author":"Haberci","date":"07 Eyl\u00fcl 2009","format":false,"excerpt":"Makedonya'da Ohri g\u00f6l\u00fcnde meydana gelen ve 20 ki\u015finin \u00f6ld\u00fc\u011f\u00fc gemi kazas\u0131nda turistleri ta\u015f\u0131yan \"\u0130linden\" adl\u0131 geminin, 1924 yap\u0131m\u0131 oldu\u011fu bildirildi.Bulgaristan D\u0131\u015fi\u015fleri Bakanl\u0131\u011f\u0131 s\u00f6zc\u00fcs\u00fc Dragovest Goranov, kesin \u00f6l\u00fc say\u0131s\u0131n\u0131n Makedon makamlar\u0131ndan halen beklendi\u011fini, dolayl\u0131 yoldan gelen bilgilere g\u00f6re \u00f6lenlerin say\u0131s\u0131n\u0131n en az 20 oldu\u011funu s\u00f6yledi.Yurtd\u0131\u015f\u0131ndaki Bulgarlardan sorumlu Devlet Bakan\u0131 Bojidar Dimitrov,\u2026","rel":"","context":"&quot;Haberler&quot; i\u00e7inde","block_context":{"text":"Haberler","link":"https:\/\/www.gocmeniz.biz\/?cat=5"},"img":{"alt_text":"","src":"","width":0,"height":0},"classes":[]}],"jetpack_sharing_enabled":true,"jetpack_likes_enabled":true,"_links":{"self":[{"href":"https:\/\/www.gocmeniz.biz\/index.php?rest_route=\/wp\/v2\/posts\/2025","targetHints":{"allow":["GET"]}}],"collection":[{"href":"https:\/\/www.gocmeniz.biz\/index.php?rest_route=\/wp\/v2\/posts"}],"about":[{"href":"https:\/\/www.gocmeniz.biz\/index.php?rest_route=\/wp\/v2\/types\/post"}],"author":[{"embeddable":true,"href":"https:\/\/www.gocmeniz.biz\/index.php?rest_route=\/wp\/v2\/users\/331"}],"replies":[{"embeddable":true,"href":"https:\/\/www.gocmeniz.biz\/index.php?rest_route=%2Fwp%2Fv2%2Fcomments&post=2025"}],"version-history":[{"count":1,"href":"https:\/\/www.gocmeniz.biz\/index.php?rest_route=\/wp\/v2\/posts\/2025\/revisions"}],"predecessor-version":[{"id":8947,"href":"https:\/\/www.gocmeniz.biz\/index.php?rest_route=\/wp\/v2\/posts\/2025\/revisions\/8947"}],"wp:attachment":[{"href":"https:\/\/www.gocmeniz.biz\/index.php?rest_route=%2Fwp%2Fv2%2Fmedia&parent=2025"}],"wp:term":[{"taxonomy":"category","embeddable":true,"href":"https:\/\/www.gocmeniz.biz\/index.php?rest_route=%2Fwp%2Fv2%2Fcategories&post=2025"},{"taxonomy":"post_tag","embeddable":true,"href":"https:\/\/www.gocmeniz.biz\/index.php?rest_route=%2Fwp%2Fv2%2Ftags&post=2025"}],"curies":[{"name":"wp","href":"https:\/\/api.w.org\/{rel}","templated":true}]}}