{"id":2027,"date":"2010-01-11T10:17:47","date_gmt":"2010-01-11T08:17:47","guid":{"rendered":"http:\/\/www.gocmeniz.biz\/?p=2027"},"modified":"2026-04-03T12:25:37","modified_gmt":"2026-04-03T09:25:37","slug":"trayco-traykov-bulgaristan-icin-2010-cok-hareketli-bir-yil-olacak","status":"publish","type":"post","link":"https:\/\/www.gocmeniz.biz\/?p=2027","title":{"rendered":"Tray\u00e7o Traykov: Bulgaristan i\u00e7in 2010 \u00e7ok hareketli bir y\u0131l olacak"},"content":{"rendered":"<p><img data-recalc-dims=\"1\"  title=\"\"  alt=\"trayco Tray\u00e7o Traykov: Bulgaristan i\u00e7in 2010 \u00e7ok hareketli bir y\u0131l olacak\" decoding=\"async\" style=\"float: left; margin-top: 10px; margin-bottom: 10px; margin-right: 10px;\" src=\"https:\/\/i0.wp.com\/medya.todayszaman.com\/bulgaristan-tr\/2010\/01\/11\/trayco.jpg?w=640\" \/><b>Ekonomi, Enerji ve Turizm Bakan\u0131 Tray\u00e7o Traykov, 2010\u2019un \u00e7ok hareketli bir y\u0131l olaca\u011f\u0131n\u0131, 2010 sonunda \u015fu ana kadar g\u00f6rd\u00fcklerimizinden farkl\u0131 \u015feyler g\u00f6r\u00fclece\u011fini savundu. 2010 y\u0131l\u0131n\u0131 ekonomik a\u00e7\u0131dan de\u011ferlendiren Bakan Tray\u00e7o Traykov, her zaman, \u00fclkeyi iyiye g\u00f6t\u00fcren ve do\u011fru olan ad\u0131mlar at\u0131labilece\u011fini belirterek, 2010 y\u0131l\u0131n\u0131n \u00e7ok hareketli ge\u00e7ece\u011fini ve y\u0131l sonunda \u015fu ana kadar g\u00f6rd\u00fcklerimizinden farkl\u0131 kaliteli \u00e7ok \u015feyler g\u00f6r\u00fclece\u011fini kaydetti.<\/b><\/p>\n<p>Enerjide yeni stratejiye sahip olunaca\u011f\u0131n\u0131 ve yeni anla\u015fmalar yap\u0131laca\u011f\u0131n\u0131 s\u00f6yleyen Traykov, d\u00fcnyada enerji alan\u0131nda teknolojik yeniliklere sahip olunaca\u011f\u0131n\u0131 vurgulayarak, \u20182010 \u00e7ok hareketli bir y\u0131l olacak. \u00d6nemli olan her alanda do\u011fru hareket etmemiz. Enerji, di\u011fer sekt\u00f6rleri do\u011frudan etkileyen en \u00f6nemli sekt\u00f6rd\u00fcr. Her b\u00fcy\u00fck projede geli\u015fmeler olacak bunlar\u0131 izleyece\u011fiz.\u2019 a\u00e7\u0131klamas\u0131nda bulundu.&nbsp; <\/p>\n<p>Sanayi sekt\u00f6r\u00fcn\u00fcn, elektrik fiyatlar\u0131ndaki art\u0131\u015f ve piyasa \u015fartlar\u0131n\u0131n de\u011fi\u015fikli\u011fine kar\u015f\u0131 son y\u0131llarda yerinde kararlar ald\u0131\u011f\u0131n\u0131 vurgulayan Trayko Traykov, sanayi alan\u0131nda firmalar\u0131n enerjiyi etkili kullanmada \u00e7\u0131karlar\u0131na olan ad\u0131mlar\u0131n belli oldu\u011funu ve bu ad\u0131mlar\u0131n hem \u00fclke ekonomisi hem de enerji i\u00e7in kazan\u00e7 anlam\u0131na geldi\u011fini ifade etti.<!--more--><br \/>\nBakan Tray\u00e7o Traykov k\u00fc\u00e7\u00fck \u00f6l\u00e7ekli ticaretler i\u00e7in \u015funlar\u0131 s\u00f6yledi: \u2018Burada \u00fc\u00e7 durum s\u00f6zkonusu. Birincisi devletin ne ald\u0131\u011f\u0131, ikincisi devletin nas\u0131l yard\u0131m etti\u011fi ve \u00fc\u00e7\u00fcnc\u00fcs\u00fc devletin ne verdi\u011fi. Devletin i\u015f d\u00fcnyas\u0131na verdikleri d\u00fc\u015f\u00fck vergi oranlar\u0131 ve azalt\u0131lan b\u00fcrokrasi. Bunlar te\u015fvik edici \u00f6zelliklerdir.\u2019<br \/>\nB\u00fcy\u00fck devlet kurumlar\u0131n\u0131n \u00f6zelle\u015ftirilmesine de de\u011finen Bakan Traykov, devletin aktiflerinin her zaman beklenen kar\u0131 sa\u011flad\u0131\u011f\u0131n\u0131 kaydetti. Genel olarak \u00f6zelle\u015ftirme yap\u0131labilecek yerlerde \u00f6zelle\u015ftirmenin en do\u011fru se\u00e7enek oldu\u011funu vurgulayan Bakan \u015funlar\u0131 aktard\u0131: \u2018Bulgartabak i\u00e7in g\u00f6r\u00fc\u015f\u00fcm\u00fcz belli. \u00d6zelle\u015ftirme s\u00fcrecine ba\u015flad\u0131k. \u00d6zelle\u015ftirilmesi do\u011fru olmayacak devlet kurumlar\u0131 da var, ancak \u00e7\u0131k\u0131\u015f yolu olarak \u00f6zelle\u015ftirmeden ba\u015fka yol kalm\u0131yor.<br \/>\nKalorifer \u015firketlerinin gelece\u011finin halkla olan ili\u015fkisine ba\u011fl\u0131 oldu\u011funu savunan Ekonomi Bakan\u0131, bu \u015firketlerin tamamen pazar ekonomisi \u015fartlar\u0131nda ayakta kalmalar\u0131n\u0131n m\u00fcmk\u00fcn olmad\u0131\u011f\u0131n\u0131, buna ra\u011fmen bu \u015firketlerin t\u00fcketiciler i\u00e7in cazip hale getirilmesi gerekti\u011fini, \u00e7\u00fcnk\u00fc birinin di\u011feri olmadan olamayaca\u011f\u0131n\u0131 vurgulad\u0131. Kalorifer \u015firketlerin hizmetlerinin \u015fu anda herkes i\u00e7in cazip olmad\u0131\u011f\u0131n\u0131 ifade eden Traykov, teknolojik anlamda iyile\u015fmeler g\u00f6zlendi\u011fini, bunun da \u015firket ile halk aras\u0131ndaki ili\u015fkilerin iyile\u015fece\u011fi anlam\u0131na geldi\u011fini savundu.<br \/>\nEkonomik krizi de de\u011ferlendiren Bakan, olumlu sonu\u00e7lar g\u00f6r\u00fclmeye ba\u015flad\u0131\u011f\u0131 zaman krizin sona erece\u011finin s\u00f6ylenebilece\u011fini kaydetti. Bu anlamda Bulgaristan\u2019\u0131n tek ba\u015f\u0131na b\u00fcy\u00fck ba\u015far\u0131lar sa\u011flayamayaca\u011f\u0131n\u0131 ifade etti.Erkan Tunca, Sofya<\/p>\n<div class=\"zemanta-pixie\"><img data-recalc-dims=\"1\"  title=\"\" decoding=\"async\" class=\"zemanta-pixie-img\"  alt=\"pixy Tray\u00e7o Traykov: Bulgaristan i\u00e7in 2010 \u00e7ok hareketli bir y\u0131l olacak\"  src=\"https:\/\/i0.wp.com\/img.zemanta.com\/pixy.gif?w=640\" \/><\/div>\n","protected":false},"excerpt":{"rendered":"<p>Ekonomi, Enerji ve Turizm Bakan\u0131 Tray\u00e7o Traykov, 2010\u2019un \u00e7ok hareketli bir y\u0131l olaca\u011f\u0131n\u0131, 2010 sonunda \u015fu ana kadar g\u00f6rd\u00fcklerimizinden farkl\u0131 \u015feyler g\u00f6r\u00fclece\u011fini savundu. 2010 y\u0131l\u0131n\u0131 ekonomik a\u00e7\u0131dan de\u011ferlendiren Bakan Tray\u00e7o Traykov, her zaman, \u00fclkeyi iyiye g\u00f6t\u00fcren ve do\u011fru olan ad\u0131mlar at\u0131labilece\u011fini belirterek, 2010 y\u0131l\u0131n\u0131n \u00e7ok hareketli ge\u00e7ece\u011fini ve y\u0131l sonunda \u015fu ana kadar g\u00f6rd\u00fcklerimizinden farkl\u0131 [&hellip;]<\/p>\n","protected":false},"author":331,"featured_media":0,"comment_status":"open","ping_status":"open","sticky":false,"template":"","format":"standard","meta":{"advanced_seo_description":"","jetpack_seo_html_title":"","jetpack_seo_noindex":false,"ngg_post_thumbnail":0,"jetpack_post_was_ever_published":false,"_jetpack_newsletter_access":"","_jetpack_dont_email_post_to_subs":false,"_jetpack_newsletter_tier_id":0,"_jetpack_memberships_contains_paywalled_content":false,"_jetpack_memberships_contains_paid_content":false,"footnotes":""},"categories":[5],"tags":[],"class_list":["post-2027","post","type-post","status-publish","format-standard","hentry","category-haberler"],"jetpack_featured_media_url":"","jetpack_shortlink":"https:\/\/wp.me\/paHHlZ-wH","jetpack-related-posts":[{"id":497,"url":"https:\/\/www.gocmeniz.biz\/?p=497","url_meta":{"origin":2027,"position":0},"title":"BULGAR KAH\u0130NE EVANGELIA PANDEVA&#8230; ( BABA VANGA )","author":"Haberci","date":"01 Eyl\u00fcl 2008","format":false,"excerpt":"Vanga (Evangelia) Dimitrova Pandeva 31 Ocak 1911'de Strumica, Macedonia'da do\u011fdu. Bulgaristan'da Petrich kentinde ya\u015fad\u0131. K\u00fc\u00e7\u00fck ya\u015fta annesiz kald\u0131 ve babas\u0131 da askere al\u0131n\u0131nca, yak\u0131nlar\u0131 taraf\u0131ndan b\u00fcy\u00fct\u00fcld\u00fc, \u00e7ocuk ya\u015flarda kaybolan e\u015fyalar\u0131n yerini bulmas\u0131yla \u00fcnlendi. Sava\u015ftan geri d\u00f6nen babas\u0131 yeniden evlendi Petrich yak\u0131nlar\u0131nda bir \u00e7iftlikte ya\u015famaya ba\u015flad\u0131lar. Bir ak\u015fam\u00fcst\u00fc Evangelia tarladayken birdenbire\u2026","rel":"","context":"&quot;Haberler&quot; i\u00e7inde","block_context":{"text":"Haberler","link":"https:\/\/www.gocmeniz.biz\/?cat=5"},"img":{"alt_text":"","src":"","width":0,"height":0},"classes":[]},{"id":2565,"url":"https:\/\/www.gocmeniz.biz\/?p=2565","url_meta":{"origin":2027,"position":1},"title":"Kahin Baba Vanga&#8217;dan t\u00fcyler \u00fcrperten kehanetler!","author":"Haberci","date":"05 \u015eubat 2019","format":false,"excerpt":"11 Eyl\u00fcl sald\u0131r\u0131s\u0131 ve Rusya'n\u0131n G\u00fcrcistan'\u0131 i\u015fgali gibi \u00f6nemli olaylar\u0131 \u00f6ng\u00f6rd\u00fc\u011f\u00fc s\u00f6ylenen g\u00f6rme engelli Bulgar kahin Baba Vanga (Vanga Nine), ard\u0131nda b\u0131rakt\u0131\u011f\u0131 felaket senaryolar\u0131yla aram\u0131zdan ayr\u0131lal\u0131 23 sene oldu. Ya\u015fad\u0131\u011f\u0131 d\u00f6nemde Bulgar y\u00f6netiminin \u00fcst d\u00fczey y\u00f6neticileri taraf\u0131ndan dan\u0131\u015f\u0131lan Baba Vanga yapt\u0131\u011f\u0131 kehanetlerle d\u00fcnya \u00e7ap\u0131nda \u00fcnlenmi\u015fti. Vanga'n\u0131n bundan sonraki y\u0131llar i\u00e7in\u2026","rel":"","context":"&quot;Haberler&quot; i\u00e7inde","block_context":{"text":"Haberler","link":"https:\/\/www.gocmeniz.biz\/?cat=5"},"img":{"alt_text":"","src":"https:\/\/i0.wp.com\/www.gocmeniz.biz\/wp-content\/f0c2f028e11m.jpg?fit=666%2C375&ssl=1&resize=350%2C200","width":350,"height":200,"srcset":"https:\/\/i0.wp.com\/www.gocmeniz.biz\/wp-content\/f0c2f028e11m.jpg?fit=666%2C375&ssl=1&resize=350%2C200 1x, https:\/\/i0.wp.com\/www.gocmeniz.biz\/wp-content\/f0c2f028e11m.jpg?fit=666%2C375&ssl=1&resize=525%2C300 1.5x"},"classes":[]},{"id":1141,"url":"https:\/\/www.gocmeniz.biz\/?p=1141","url_meta":{"origin":2027,"position":2},"title":"3 y\u0131l sonra D\u00fcnya&#8217;y\u0131 vuracak kabus!","author":"Haberci","date":"29 Nisan 2009","format":false,"excerpt":"Bilim adamlar\u0131 3 y\u0131l sonra Avrupa'y\u0131 vurmas\u0131 beklenen yeni tehlikeyi a\u00e7\u0131klad\u0131.Bilim adamlar\u0131 153 y\u0131l \u00f6nce hayat\u0131 fel\u00e7eden g\u00fcne\u015f f\u0131rt\u0131nas\u0131n\u0131n bir benzerinin Kuzey Amerika ve Avrupa'y\u0131 2012 Eyl\u00fcl'\u00fcnde vuraca\u011f\u0131n\u0131 tespit etti.1859 y\u0131l\u0131n\u0131n 1 Eyl\u00fcl'\u00fcnde g\u00fcne\u015ften gelen anormal manyetik enerji nedeniyle telgraf sistemleri tamamen \u00e7\u00f6km\u00fc\u015ft\u00fc. Ancak bu kez etki \u00e7ok daha vahim\u2026","rel":"","context":"&quot;Haberler&quot; i\u00e7inde","block_context":{"text":"Haberler","link":"https:\/\/www.gocmeniz.biz\/?cat=5"},"img":{"alt_text":"","src":"","width":0,"height":0},"classes":[]},{"id":1080,"url":"https:\/\/www.gocmeniz.biz\/?p=1080","url_meta":{"origin":2027,"position":3},"title":"\u0130lk Tik-Tak Sofya\u2019da a\u00e7\u0131ld\u0131 5 Tik-Tak yolda","author":"Haberci","date":"17 Nisan 2009","format":false,"excerpt":"Devlet Bakan\u0131 K\u00fcr\u015fad T\u00fczmen, yakla\u015f\u0131k 2 y\u0131l \u00f6nce hayata att\u0131\u011f\u0131 \"Ticaret Tak\u0131mlar\u0131\"n\u0131 nihayet ortaya ge\u00e7irdi. Bulgaristan\u2019\u0131n ba\u015fkenti Sofya\u2019da, d\u00fcnyadaki ilk T\u00fcrk Ticaret Merkezi\u2019ni a\u00e7an T\u00fczmen, bu merkezin, Tik-Tak olarak da an\u0131lacak \"ticaret tak\u0131mlar\u0131\"na ev sahipli\u011fi yapaca\u011f\u0131n\u0131 bildirdi. \u0130lk Ticaret Tak\u0131m\u0131 (Tik-Tak) Bulgaristan\u2019da olu\u015fturulurken, sonraki 5 Tik-Tak\u2019\u0131n ise Pekin, Cidde, Riyad,\u2026","rel":"","context":"&quot;Haberler&quot; i\u00e7inde","block_context":{"text":"Haberler","link":"https:\/\/www.gocmeniz.biz\/?cat=5"},"img":{"alt_text":"","src":"","width":0,"height":0},"classes":[]},{"id":685,"url":"https:\/\/www.gocmeniz.biz\/?p=685","url_meta":{"origin":2027,"position":4},"title":"G\u00dcL: &#8220;T\u00dcRK\u0130YE \u0130LE BULGAR\u0130STAN ARASINDAK\u0130 PROBLEMLER, \u00c7\u00d6Z\u00dcLEMEYECEK PROBLEMLER DE\u011e\u0130L&#8221;","author":"Haberci","date":"17 Aral\u0131k 2008","format":false,"excerpt":"Cumhurba\u015fkan\u0131 Abdullah G\u00fcl, T\u00fcrkiye ile Bulgaristan aras\u0131nda \u00e7\u00f6z\u00fclemeyecek sorunlar olmad\u0131\u011f\u0131n\u0131, Bulgaristan'daki T\u00fcrklerle ilgili konularda iki \u00fclke D\u0131\u015fi\u015fleri Bakanl\u0131\u011f\u0131 M\u00fcste\u015farlar\u0131 aras\u0131nda bir komite kurulmas\u0131na karar verdiklerini s\u00f6yledi. Cumhurba\u015fkan\u0131 Abdullah G\u00fcl ve Bulgaristan Cumhurba\u015fkan\u0131 Georgi Parvanov, \u00c7ankaya K\u00f6\u015fk\u00fc'nde ba\u015f ba\u015fa ve heyetler aras\u0131 g\u00f6r\u00fc\u015fmelerin ard\u0131ndan ortak bas\u0131n toplant\u0131s\u0131 d\u00fczenledi. Cumhurba\u015fkan\u0131 G\u00fcl, T\u00fcrkiye\u2026","rel":"","context":"&quot;Haberler&quot; i\u00e7inde","block_context":{"text":"Haberler","link":"https:\/\/www.gocmeniz.biz\/?cat=5"},"img":{"alt_text":"","src":"","width":0,"height":0},"classes":[]},{"id":2176,"url":"https:\/\/www.gocmeniz.biz\/?p=2176","url_meta":{"origin":2027,"position":5},"title":"Plovdiv teknik fuar\u0131nda 70 yeni \u00fcr\u00fcn tan\u0131t\u0131lacak","author":"Haberci","date":"28 Eyl\u00fcl 2010","format":false,"excerpt":"Plovdiv\u2019de 27 Eyl\u00fcl - 2 Ekim tarihleri aras\u0131nda d\u00fczenlenecek olan Uluslararas\u0131 Plovdiv Teknik Fuar\u0131\u2019nda ekoloji ve enerji tasarrufu \u00fcr\u00fcnlerine \u00f6ncelik verilecek. Fuarda yakla\u015f\u0131k 70 \u00fcr\u00fcn Bulgaristan\u2019da ilk defa tan\u0131t\u0131lacak. \u00a0Uluslararas\u0131 Plovdiv Teknik Fuar\u0131 bu y\u0131l yakla\u015f\u0131k 70 yeni\u00a0 \u00fcr\u00fcn\u00fc Bulgaristan\u2019da ilk defa tan\u0131tacak.\u00a0 27 Eyl\u00fcl- 2 Ekim tarihleri aras\u0131nda Plovdiv\u2019de\u2026","rel":"","context":"&quot;Haberler&quot; i\u00e7inde","block_context":{"text":"Haberler","link":"https:\/\/www.gocmeniz.biz\/?cat=5"},"img":{"alt_text":"","src":"","width":0,"height":0},"classes":[]}],"jetpack_sharing_enabled":true,"jetpack_likes_enabled":true,"_links":{"self":[{"href":"https:\/\/www.gocmeniz.biz\/index.php?rest_route=\/wp\/v2\/posts\/2027","targetHints":{"allow":["GET"]}}],"collection":[{"href":"https:\/\/www.gocmeniz.biz\/index.php?rest_route=\/wp\/v2\/posts"}],"about":[{"href":"https:\/\/www.gocmeniz.biz\/index.php?rest_route=\/wp\/v2\/types\/post"}],"author":[{"embeddable":true,"href":"https:\/\/www.gocmeniz.biz\/index.php?rest_route=\/wp\/v2\/users\/331"}],"replies":[{"embeddable":true,"href":"https:\/\/www.gocmeniz.biz\/index.php?rest_route=%2Fwp%2Fv2%2Fcomments&post=2027"}],"version-history":[{"count":1,"href":"https:\/\/www.gocmeniz.biz\/index.php?rest_route=\/wp\/v2\/posts\/2027\/revisions"}],"predecessor-version":[{"id":8946,"href":"https:\/\/www.gocmeniz.biz\/index.php?rest_route=\/wp\/v2\/posts\/2027\/revisions\/8946"}],"wp:attachment":[{"href":"https:\/\/www.gocmeniz.biz\/index.php?rest_route=%2Fwp%2Fv2%2Fmedia&parent=2027"}],"wp:term":[{"taxonomy":"category","embeddable":true,"href":"https:\/\/www.gocmeniz.biz\/index.php?rest_route=%2Fwp%2Fv2%2Fcategories&post=2027"},{"taxonomy":"post_tag","embeddable":true,"href":"https:\/\/www.gocmeniz.biz\/index.php?rest_route=%2Fwp%2Fv2%2Ftags&post=2027"}],"curies":[{"name":"wp","href":"https:\/\/api.w.org\/{rel}","templated":true}]}}