{"id":2031,"date":"2010-01-11T10:24:39","date_gmt":"2010-01-11T08:24:39","guid":{"rendered":"http:\/\/www.gocmeniz.biz\/?p=2031"},"modified":"2026-04-03T12:25:37","modified_gmt":"2026-04-03T09:25:37","slug":"bulgaristanda-380-bin-kisi-saglik-sigortasi-hakkini-kaybedecek","status":"publish","type":"post","link":"https:\/\/www.gocmeniz.biz\/?p=2031","title":{"rendered":"Bulgaristan&#8217;da 380 bin ki\u015fi sa\u011fl\u0131k sigortas\u0131 hakk\u0131n\u0131 kaybedecek"},"content":{"rendered":"<p><b>Sa\u011fl\u0131k Sigortas\u0131 Yasas\u0131\u2019nda 1 Ocak\u2019tan itibaren y\u00fcr\u00fcrl\u00fc\u011fe giren de\u011fi\u015fiklikler sonucu yakla\u015f\u0131k 380 bin ki\u015finin sa\u011fl\u0131k sigortas\u0131 hakk\u0131n\u0131 kaybetme tehlikesi bulundu\u011fu a\u00e7\u0131kland\u0131. Ulusal Gelirler Ajans\u0131 (NAP) \u2018Sigorta Metodolojisi\u2019 dairesi ba\u015fkan\u0131 Katya Ka\u015f\u0131mova, yeni yasan\u0131n 36 ay i\u00e7inde 3 aydan fazla sigorta borcunu \u00f6demeyenlerin sa\u011fl\u0131k haklar\u0131ndan mahrum olaca\u011f\u0131n\u0131 \u00f6ng\u00f6rd\u00fc\u011f\u00fcn\u00fc s\u00f6yledi. \u00d6nceki uygulamaya g\u00f6re, prim bor\u00e7lar\u0131n\u0131 12 aydan fazla \u00f6demeyenler sa\u011fl\u0131k haklar\u0131ndan yararlanam\u0131yordu.<\/b> <\/p>\n<p>10 Ocak\u2019a kadar sigorta \u00fccretlerini yat\u0131rmamalar\u0131 durumunda sa\u011fl\u0131k haklar\u0131n\u0131 kaybedecekler. NAP yetkilileri, buradaki tehlikenin sigorta \u00fccretlerini kendileri \u00f6deyenler i\u00e7in ge\u00e7erli oldu\u011funu, bu sigortalar\u0131n ayl\u0131k \u00fccretinin 16,80 levaya y\u00fckseldi\u011fini aktar\u0131yor.<br \/>\nNAP verilerine g\u00f6re 1 Aral\u0131k 2009 tarihi itibari ile 380 bin ki\u015finin son 36 ay i\u00e7inde 3 aydan fazla \u00f6denmeyen sigorta borcu bulunuyor. Ajans yetkilileri, aral\u0131k ay\u0131nda bu ki\u015filerden bir k\u0131sm\u0131n\u0131n bor\u00e7lar\u0131n\u0131 \u00f6demi\u015f olabilece\u011fini ve bu say\u0131-n\u0131n azalm\u0131\u015f olabilece\u011fini vurguluyor.  <\/p>\n<p>Sa\u011fl\u0131k haklar\u0131n\u0131 kaybedenler 1 Mart\u2019a kadar t\u00fcm bor\u00e7lar\u0131n\u0131 faizleri ile birlikte \u00f6demeleri durumunda bu haklara yeniden sahip olabilecek. Aksi halde bu ki\u015filer 500 leva ile 1000 leva aras\u0131nda cezaya \u00e7arpt\u0131r\u0131lacak. \u015eu ana kadar \u00f6demeler 12 ay i\u00e7in toplu halde yap\u0131ld\u0131\u011f\u0131 i\u00e7in ceza uygulanm\u0131yordu.<!--more--><br \/>\nSa\u011fl\u0131k sisteminde \u00f6denmeyen primler en b\u00fcy\u00fck sorunu te\u015fkil ediyor. Son birka\u00e7 ay i\u00e7inde sigorta primlerini \u00f6demeyenlerin say\u0131s\u0131 kriz ve i\u015fsizlik nedeniyle artt\u0131. \u015eu anda sa\u011fl\u0131k sigortas\u0131ndan yararlanmayan ki\u015fi say\u0131s\u0131n\u0131n yakla\u015f\u0131k 1 milyon oldu\u011fu tahmin ediliyor. Bu ki\u015filer her doktora gittiklerinde muayene \u00fccretini kendileri \u00f6demeleri gerekecek. Yoksullar\u0131n, \u00e7ocuklar\u0131n ve askeri g\u00f6revlilerin sa\u011fl\u0131k sigortalar\u0131 ise devlet taraf\u0131ndan \u00f6deniyor. \u0130\u015fverenin sigorta borcunu \u00f6demedi\u011fi \u00e7al\u0131\u015fan\u0131 ise sa\u011fl\u0131k haklar\u0131n\u0131 kaybetmeyecek. Borcu bulunanlar\u0131n 25 Ocak\u2019a kadar bor\u00e7lar\u0131n\u0131 \u00f6demeleri durumunda sa\u011fl\u0131k hakla-r\u0131n\u0131 kaybetmeyecekleri vurgulan\u0131yor.<\/p>\n<p><b>Sa\u011fl\u0131k sisteminde reform g\u00f6r\u00fc\u015fmelerine ba\u015flanacak<\/b><\/p>\n<p>Sa\u011fl\u0131k sisteminde yap\u0131lacak reform g\u00f6r\u00fc\u015fmelerine yak\u0131n zamanda ba\u015flanacak. Sa\u011fl\u0131k reformunda kabul edilmesi beklenen de\u011fi\u015fikliklerden baz\u0131lar\u0131 yoksullar ile i\u015fsizlerin sa\u011fl\u0131k primlerinden muaf tutulmalar\u0131 ve bunlar\u0131n sa\u011fl\u0131k giderlerinin devlet taraf\u0131ndan \u00f6denmesi. Bir di\u011fer de\u011fi\u015fikli\u011fin de sa\u011fl\u0131k hizmetlerinin bir k\u0131sm\u0131n\u0131n kar\u015f\u0131lanmas\u0131 yer al\u0131yor. Ancak bu \u00f6demeyi, halk\u0131n m\u0131 yoksa \u00f6zel fon taraf\u0131ndan m\u0131 yap\u0131laca\u011f\u0131 g\u00f6r\u00fc\u015fmeler sonunda belli olacak. Reform g\u00f6r\u00fc\u015fmelere en erken bir ay sonra ba\u015flanmas\u0131 bekleniyor. Hastanelerin yeniden yap\u0131land\u0131r\u0131lmas\u0131na da bu y\u0131l ba\u015flanacak. Hastalar\u0131 h\u0131zl\u0131 ve modern ara\u00e7larla en h\u0131zl\u0131 \u015fekilde hastaneye ula\u015ft\u0131rma kriterlerini yerine getirmeyen hastaneler \u00e7ok fonksiyonlu hastane stat\u00fcs\u00fcnden daha d\u00fc\u015f\u00fck stat\u00fcye d\u00fc\u015f\u00fcr\u00fclecek. Yap\u0131lacak de\u011fi\u015fiklikler ile acil servisin iyile\u015ftirilmesine \u00f6ncelik verilecek. Cihazlar\u0131n yenilenmesi ve acil serviste \u00e7al\u0131\u015fanlar\u0131n kalitesinin art\u0131r\u0131lmas\u0131 sa\u011flanacak. Buralarda \u00e7al\u0131\u015fanlar\u0131n maa\u015flar\u0131n\u0131n y\u00fczde 10 art\u0131r\u0131laca\u011f\u0131 vurguland\u0131. Ba\u015fbakan Boyko Borisov, sa\u011fl\u0131k sistemindeki reformlar\u0131n doktorlar veya h\u00fck\u00fcmet i\u00e7in hastalar i\u00e7in yap\u0131laca\u011f\u0131n\u0131 s\u00f6yledi. Her bir ayr\u0131nt\u0131y\u0131 yasaya katmak istediklerini belirten Ba\u015fbakan Borisov, 10 y\u0131l sonra Avrupa standartlar\u0131nda bir sa\u011fl\u0131k sistemi olmas\u0131n\u0131 \u00fcmit etti\u011fini s\u00f6zlerine ekledi.<br \/>\n<i><b>Sofya, Zaman<\/b><\/i><\/p>\n<div class=\"zemanta-pixie\"><img data-recalc-dims=\"1\"  title=\"\" decoding=\"async\" class=\"zemanta-pixie-img\"  alt=\"pixy Bulgaristan&#039;da 380 bin ki\u015fi sa\u011fl\u0131k sigortas\u0131 hakk\u0131n\u0131 kaybedecek\"  src=\"https:\/\/i0.wp.com\/img.zemanta.com\/pixy.gif?w=640\" \/><\/div>\n","protected":false},"excerpt":{"rendered":"<p>Sa\u011fl\u0131k Sigortas\u0131 Yasas\u0131\u2019nda 1 Ocak\u2019tan itibaren y\u00fcr\u00fcrl\u00fc\u011fe giren de\u011fi\u015fiklikler sonucu yakla\u015f\u0131k 380 bin ki\u015finin sa\u011fl\u0131k sigortas\u0131 hakk\u0131n\u0131 kaybetme tehlikesi bulundu\u011fu a\u00e7\u0131kland\u0131. Ulusal Gelirler Ajans\u0131 (NAP) \u2018Sigorta Metodolojisi\u2019 dairesi ba\u015fkan\u0131 Katya Ka\u015f\u0131mova, yeni yasan\u0131n 36 ay i\u00e7inde 3 aydan fazla sigorta borcunu \u00f6demeyenlerin sa\u011fl\u0131k haklar\u0131ndan mahrum olaca\u011f\u0131n\u0131 \u00f6ng\u00f6rd\u00fc\u011f\u00fcn\u00fc s\u00f6yledi. \u00d6nceki uygulamaya g\u00f6re, prim bor\u00e7lar\u0131n\u0131 12 aydan [&hellip;]<\/p>\n","protected":false},"author":331,"featured_media":0,"comment_status":"open","ping_status":"open","sticky":false,"template":"","format":"standard","meta":{"advanced_seo_description":"","jetpack_seo_html_title":"","jetpack_seo_noindex":false,"ngg_post_thumbnail":0,"jetpack_post_was_ever_published":false,"_jetpack_newsletter_access":"","_jetpack_dont_email_post_to_subs":false,"_jetpack_newsletter_tier_id":0,"_jetpack_memberships_contains_paywalled_content":false,"_jetpack_memberships_contains_paid_content":false,"footnotes":""},"categories":[5],"tags":[],"class_list":["post-2031","post","type-post","status-publish","format-standard","hentry","category-haberler"],"jetpack_featured_media_url":"","jetpack_shortlink":"https:\/\/wp.me\/paHHlZ-wL","jetpack-related-posts":[{"id":360,"url":"https:\/\/www.gocmeniz.biz\/?p=360","url_meta":{"origin":2031,"position":0},"title":"T\u00fcrkiye\u2019deki Bulgaristan g\u00f6\u00e7menlerine sa\u011fl\u0131k sigorta muaf\u0131","author":"Haberci","date":"30 Nisan 2008","format":false,"excerpt":"1999 ile 2007 yillar\u0131 aras\u0131nda yurtd\u0131\u015f\u0131nda bulunan Bulgaristan vatanda\u015flar\u0131 Bulgaristan\u2019daki Ulusal Sa\u011fl\u0131k Sigorta Kurumunun (NZOK) sa\u011fl\u0131k hizmetlerinden yararlanmad\u0131larsa sa\u011fl\u0131k sigorta \u00fccretinden muaf tutulacak. Ancak sa\u011fl\u0131k h\u0131zmetlerinden yararlanan veya indirimli ila\u00e7 alanlar muaf d\u0131\u015f\u0131 kalaca\u011f\u0131 bildirildi. Bulgaristan\u2019daki sa\u011fl\u0131k sigortas\u0131ndaki eksiklikleri gidermek isteyenler Ulusal Gelirler Ajans\u0131na (NAP) ba\u015fvuruda bulunmas\u0131 gerekti\u011fi a\u00e7\u0131kland\u0131. Ba\u015fvuruda\u2026","rel":"","context":"&quot;Haberler&quot; i\u00e7inde","block_context":{"text":"Haberler","link":"https:\/\/www.gocmeniz.biz\/?cat=5"},"img":{"alt_text":"","src":"","width":0,"height":0},"classes":[]},{"id":1213,"url":"https:\/\/www.gocmeniz.biz\/?p=1213","url_meta":{"origin":2031,"position":1},"title":"Bulgar Sigorta \u015eirketinden Yeni Hizmet: &#8220;Ka\u00e7\u0131r\u0131lma Sigortas\u0131&#8221;","author":"Haberci","date":"16 May\u0131s 2009","format":false,"excerpt":"Bulgaristan'da faaliyet g\u00f6steren Lev \u0130ns adl\u0131 sigorta \u015firketi, \u00fclkede ka\u00e7\u0131r\u0131lma vakalar\u0131n\u0131n artmas\u0131 nedeniyle m\u00fc\u015fterilere yeni hizmetler sunmaya ba\u015flad\u0131.\"Fidye kar\u015f\u0131l\u0131\u011f\u0131 ka\u00e7\u0131r\u0131lma koruma\" ad\u0131n\u0131 ta\u015f\u0131yan yeni sigorta \u00e7e\u015fidinden ki\u015filer ve firmalar yararlanabilecek. Lev \u0130ns yetkilileri yeni \u00fcr\u00fcnden Bulgar Donanma personelinin de yararalanabilece\u011fini de duyurdu. Yeni \u00fcr\u00fcn b\u00fcy\u00fck \u0130ngiliz sigorta \u015firketi LLoyd's taraf\u0131ndan\u2026","rel":"","context":"&quot;Haberler&quot; i\u00e7inde","block_context":{"text":"Haberler","link":"https:\/\/www.gocmeniz.biz\/?cat=5"},"img":{"alt_text":"","src":"","width":0,"height":0},"classes":[]},{"id":1218,"url":"https:\/\/www.gocmeniz.biz\/?p=1218","url_meta":{"origin":2031,"position":2},"title":"Domuz gribine kar\u015f\u0131 Kap\u0131kule&#8217;ye termal kamera","author":"Haberci","date":"18 May\u0131s 2009","format":false,"excerpt":"D\u00dcNYADA h\u0131zla yay\u0131yan domuz gribi nedeniyle Edirne'deki Kap\u0131kule S\u0131n\u0131r Kap\u0131s\u0131'nda \u00f6nlemler art\u0131r\u0131ld\u0131. \u00d6n\u00fcm\u00fczdeki g\u00fcnlerde Kap\u0131kule S\u0131n\u0131r Kap\u0131s\u0131'na Sa\u011fl\u0131k Bakanl\u0131\u011f\u0131 taraf\u0131ndan \u2019Termal Kamera\u2019 sistemi kurulaca\u011f\u0131 belirtildi.Domuz gribi \u00f6nlemleri kapsam\u0131nda Bulgaristan'a ge\u00e7i\u015fi sa\u011flayan Kap\u0131kule ve Hamzabeyli S\u0131n\u0131r Kap\u0131s\u0131 ile Yunanistan'a a\u00e7\u0131lan \u0130psala ve Pazarkule S\u0131n\u0131r Kap\u0131s\u0131'nda personelin maske ve eldivensiz \u00e7al\u0131\u015fmalar\u0131na izin\u2026","rel":"","context":"&quot;Haberler&quot; i\u00e7inde","block_context":{"text":"Haberler","link":"https:\/\/www.gocmeniz.biz\/?cat=5"},"img":{"alt_text":"","src":"","width":0,"height":0},"classes":[]},{"id":243,"url":"https:\/\/www.gocmeniz.biz\/?p=243","url_meta":{"origin":2031,"position":3},"title":"Bulgaristan g\u00f6\u00e7meni T\u00fcrkiye\u2019de emekli olabilir mi? Ya\u015fl\u0131l\u0131k ve Malull\u00fck Ayl\u0131\u011f\u0131 Ba\u011flanmas\u0131 \u0130\u00e7in Yap\u0131lacak Ba\u015fvurularda Talep Olunan Belgeler Nelerdir?","author":"Admin","date":"16 Aral\u0131k 2007","format":false,"excerpt":"-\u00c7al\u0131\u015fma s\u00fcrelerini g\u00f6steren hizmet belgesinin asl\u0131, Bulgaristan \u0130\u015f Karnesi, G\u00fcvence Karnesi veya \u00e7al\u0131\u015fma s\u00fcresini belgeleyen ba\u015fka bir belge, -Askerlik S\u00fcresi Belgesi, -Bulgar Uzman Doktorlar Komisyonu taraf\u0131ndan uzman karar\u0131 verilebilmesini teminen teferruatl\u0131 t\u0131bbi rapor, -Br\u00fct \u00e7al\u0131\u015fma \u00fccreti i\u00e7in veya son 15 y\u0131ll\u0131k \u00e7al\u0131\u015fma d\u00f6nemindeki gelirleri \u00fczerinden, ki\u015finin se\u00e7imine g\u00f6re 1 Ocak\u2026","rel":"","context":"&quot;Haberler&quot; i\u00e7inde","block_context":{"text":"Haberler","link":"https:\/\/www.gocmeniz.biz\/?cat=5"},"img":{"alt_text":"","src":"","width":0,"height":0},"classes":[]},{"id":2723,"url":"https:\/\/www.gocmeniz.biz\/?p=2723","url_meta":{"origin":2031,"position":4},"title":"Bulgaristan&#8217;da sa\u011fl\u0131k \u00e7al\u0131\u015fanlar\u0131ndan toplu istifa!","author":"Haberci","date":"19 Mart 2020","format":false,"excerpt":"Bulgaristan\u00b4\u0131n ba\u015fkenti Sofya\u00b4da koronavir\u00fcs (Covid-19) hastalar\u0131n\u0131n sevk edilmesi i\u00e7in belirlenen baz\u0131 hastanelerde sa\u011fl\u0131k g\u00f6revlileri toplu istifa etti. \u00dclkenin ba\u015fkenti Sofya\u00b4da `2. \u015eehir Hastanesi\u00b4nden 85 ki\u015filik sa\u011fl\u0131k g\u00f6revlisi, salg\u0131n hastanesine d\u00f6n\u00fc\u015ft\u00fcr\u00fclmek istenen hastanenin salg\u0131nla m\u00fccadele i\u00e7in haz\u0131r olmad\u0131\u011f\u0131 gerek\u00e7esiyle topluca istifalar\u0131n\u0131 sundu. Sa\u011fl\u0131k g\u00f6revlilerinin, hastanenin salg\u0131nla m\u00fccadele i\u00e7in haz\u0131r olmad\u0131\u011f\u0131n\u0131, solunum\u2026","rel":"","context":"&quot;Haberler&quot; i\u00e7inde","block_context":{"text":"Haberler","link":"https:\/\/www.gocmeniz.biz\/?cat=5"},"img":{"alt_text":"","src":"https:\/\/i0.wp.com\/www.gocmeniz.biz\/wp-content\/2617949_810x458.jpg?fit=810%2C458&ssl=1&resize=350%2C200","width":350,"height":200,"srcset":"https:\/\/i0.wp.com\/www.gocmeniz.biz\/wp-content\/2617949_810x458.jpg?fit=810%2C458&ssl=1&resize=350%2C200 1x, https:\/\/i0.wp.com\/www.gocmeniz.biz\/wp-content\/2617949_810x458.jpg?fit=810%2C458&ssl=1&resize=525%2C300 1.5x, https:\/\/i0.wp.com\/www.gocmeniz.biz\/wp-content\/2617949_810x458.jpg?fit=810%2C458&ssl=1&resize=700%2C400 2x"},"classes":[]},{"id":387,"url":"https:\/\/www.gocmeniz.biz\/?p=387","url_meta":{"origin":2031,"position":5},"title":"Ki\u015fisel bilgilerin k\u00f6t\u00fc niyetle kullan\u0131m\u0131 yayg\u0131nla\u015f\u0131yor (Bulgaristan)","author":"Haberci","date":"17 May\u0131s 2008","format":false,"excerpt":"Sa\u011fl\u0131k sigortas\u0131n\u0131 kontrol eden baz\u0131 ki\u015filerin, birden fazla i\u015fte \u00e7al\u0131\u015ft\u0131klar\u0131n\u0131 \u00f6\u011frenmeleri, kimlik bilgilerinin g\u00fcvenli kullan\u0131m\u0131n\u0131 bir kez daha g\u00fcndeme getirdi. Ki\u015fisel Bilgi Muhafaza Komisyonu Ba\u015fkan\u0131 Veneta \u015eopova, ki\u015fisel bilgilerin k\u00f6t\u00fc niyetli ki\u015filer taraf\u0131ndan kullan\u0131lmas\u0131n\u0131n yayg\u0131nla\u015ft\u0131\u011f\u0131n\u0131 s\u00f6yledi. Bulgaristan\u2019da ticaret piyasas\u0131nda ki\u015fisel bilgilerin gerekti\u011fi gibi korunmad\u0131\u011f\u0131n\u0131 ifade eden \u015eopova, hizmet kar\u015f\u0131l\u0131\u011f\u0131 depozito\u2026","rel":"","context":"Benzer yaz\u0131","block_context":{"text":"Benzer yaz\u0131","link":""},"img":{"alt_text":"","src":"","width":0,"height":0},"classes":[]}],"jetpack_sharing_enabled":true,"jetpack_likes_enabled":true,"_links":{"self":[{"href":"https:\/\/www.gocmeniz.biz\/index.php?rest_route=\/wp\/v2\/posts\/2031","targetHints":{"allow":["GET"]}}],"collection":[{"href":"https:\/\/www.gocmeniz.biz\/index.php?rest_route=\/wp\/v2\/posts"}],"about":[{"href":"https:\/\/www.gocmeniz.biz\/index.php?rest_route=\/wp\/v2\/types\/post"}],"author":[{"embeddable":true,"href":"https:\/\/www.gocmeniz.biz\/index.php?rest_route=\/wp\/v2\/users\/331"}],"replies":[{"embeddable":true,"href":"https:\/\/www.gocmeniz.biz\/index.php?rest_route=%2Fwp%2Fv2%2Fcomments&post=2031"}],"version-history":[{"count":1,"href":"https:\/\/www.gocmeniz.biz\/index.php?rest_route=\/wp\/v2\/posts\/2031\/revisions"}],"predecessor-version":[{"id":8944,"href":"https:\/\/www.gocmeniz.biz\/index.php?rest_route=\/wp\/v2\/posts\/2031\/revisions\/8944"}],"wp:attachment":[{"href":"https:\/\/www.gocmeniz.biz\/index.php?rest_route=%2Fwp%2Fv2%2Fmedia&parent=2031"}],"wp:term":[{"taxonomy":"category","embeddable":true,"href":"https:\/\/www.gocmeniz.biz\/index.php?rest_route=%2Fwp%2Fv2%2Fcategories&post=2031"},{"taxonomy":"post_tag","embeddable":true,"href":"https:\/\/www.gocmeniz.biz\/index.php?rest_route=%2Fwp%2Fv2%2Ftags&post=2031"}],"curies":[{"name":"wp","href":"https:\/\/api.w.org\/{rel}","templated":true}]}}