{"id":2035,"date":"2010-01-11T15:56:50","date_gmt":"2010-01-11T13:56:50","guid":{"rendered":"http:\/\/www.gocmeniz.biz\/?p=2035"},"modified":"2026-04-03T12:17:06","modified_gmt":"2026-04-03T09:17:06","slug":"bursaya-ikinci-konsolosluk","status":"publish","type":"post","link":"https:\/\/www.gocmeniz.biz\/?p=2035","title":{"rendered":"Bursa\u2019ya ikinci konsolosluk"},"content":{"rendered":"<p><i>BURSA, (DHA)<\/i><br \/><b>BURSA\u2019n\u0131n merkez Osmangazi \u0130l\u00e7e Belediye Meclisi Kamberler Park\u0131\u2019ndaki binalardan birini Bosna Hersek Konsoloslu\u011fu&#8217;na tahsis etti.<\/b><\/p>\n<p>Projeleri haz\u0131rlanan binadaki \u00e7al\u0131\u015fmalar k\u0131sa s\u00fcrede tamamlanarak konsolosluk olarak hizmet vermeye ba\u015flayacak. Bosna Hersek\u2019ten \u00f6nce Bulgaristan Bursa\u2019da konsolosluk hizmeti vermeye ba\u015flam\u0131\u015ft\u0131.<\/p>\n<p>Osmangazi Belediyesi\u2019nin AK Partili Ba\u015fkan\u0131 Mustafa D\u00fcndar, a\u00e7\u0131ld\u0131\u011f\u0131nda hem b\u00f6lgeye hem de kente b\u00fcy\u00fck de\u011fer kazand\u0131ran Kamberler Park\u0131\u2019nda hizmete girecek Bosna Hersek Konsolosluk binas\u0131n\u0131n b\u00f6lgenin de\u011ferini daha da art\u0131raca\u011f\u0131n\u0131 s\u00f6yledi.<\/p>\n<p>Mustafa D\u00fcndar, iki \u00fclke ili\u015fkilerine olumlu katk\u0131lar sa\u011flayacak olan Bosna Hersek Bursa Konsoloslu\u011fu\u2019nun, Bursa\u2019n\u0131n d\u0131\u015f ili\u015fkiler nezdinde de \u00f6nemini art\u0131raca\u011f\u0131n\u0131 ifade etti. Bosna Hersek Konsoloslu\u011fu, bu \u00fclkenin T\u00fcrkiye\u2019den vize istememesi nedeniyle ticari ve k\u00fclt\u00fcrel boyutta hizmet verecek. Bina k\u0131sa s\u00fcrede konsolosluk binas\u0131 olarak d\u00fczenlenerek hizmete girecek.<\/p>\n<p>Osmangazi Belediyesi, g\u00f6\u00e7men n\u00fcfusun yo\u011fun olarak ya\u015fad\u0131\u011f\u0131 kente daha \u00f6nce Bulgaristan Konsoloslu\u011fu\u2019nu kazand\u0131rm\u0131\u015f, yapm\u0131\u015f oldu\u011fu modern Konsolosluk binas\u0131 ge\u00e7en y\u0131l t\u00f6renle a\u00e7\u0131lm\u0131\u015ft\u0131.<\/p>\n<div class=\"zemanta-pixie\"><img data-recalc-dims=\"1\"  title=\"\" decoding=\"async\" class=\"zemanta-pixie-img\"  alt=\"pixy Bursa\u2019ya ikinci konsolosluk\"  src=\"https:\/\/i0.wp.com\/img.zemanta.com\/pixy.gif?w=640\" \/><\/div>\n","protected":false},"excerpt":{"rendered":"<p>BURSA, (DHA)BURSA\u2019n\u0131n merkez Osmangazi \u0130l\u00e7e Belediye Meclisi Kamberler Park\u0131\u2019ndaki binalardan birini Bosna Hersek Konsoloslu\u011fu&#8217;na tahsis etti. Projeleri haz\u0131rlanan binadaki \u00e7al\u0131\u015fmalar k\u0131sa s\u00fcrede tamamlanarak konsolosluk olarak hizmet vermeye ba\u015flayacak. Bosna Hersek\u2019ten \u00f6nce Bulgaristan Bursa\u2019da konsolosluk hizmeti vermeye ba\u015flam\u0131\u015ft\u0131. Osmangazi Belediyesi\u2019nin AK Partili Ba\u015fkan\u0131 Mustafa D\u00fcndar, a\u00e7\u0131ld\u0131\u011f\u0131nda hem b\u00f6lgeye hem de kente b\u00fcy\u00fck de\u011fer kazand\u0131ran Kamberler Park\u0131\u2019nda [&hellip;]<\/p>\n","protected":false},"author":331,"featured_media":0,"comment_status":"open","ping_status":"open","sticky":false,"template":"","format":"standard","meta":{"advanced_seo_description":"","jetpack_seo_html_title":"","jetpack_seo_noindex":false,"ngg_post_thumbnail":0,"jetpack_post_was_ever_published":false,"_jetpack_newsletter_access":"","_jetpack_dont_email_post_to_subs":false,"_jetpack_newsletter_tier_id":0,"_jetpack_memberships_contains_paywalled_content":false,"_jetpack_memberships_contains_paid_content":false,"footnotes":""},"categories":[5],"tags":[],"class_list":["post-2035","post","type-post","status-publish","format-standard","hentry","category-haberler"],"jetpack_featured_media_url":"","jetpack_shortlink":"https:\/\/wp.me\/paHHlZ-wP","jetpack-related-posts":[{"id":346,"url":"https:\/\/www.gocmeniz.biz\/?p=346","url_meta":{"origin":2035,"position":0},"title":"Bosna Hersek ve Bulgaristanl\u0131 \u00d6\u011frencilerden Kaymakam ve Belediye Ba\u015fkan\u0131na Ziyaret","author":"Haberci","date":"22 Nisan 2008","format":false,"excerpt":"23 Nisan Ulusal Egemenlik ve \u00c7ocuk Bayram\u0131 etkinlikleri nedeniyle Bosna Hersek ve Bulgaristan'dan 70 \u00f6\u011frencinin bulundu\u011fu halk danslar\u0131 toplulu\u011fu \u00c7anakkale'nin \u00c7an il\u00e7esine geldi.\u00c7an'da \u00f6\u011frenci evlerinde kalan Bosna Hersek ve Bulgaristanl\u0131 \u00f6\u011frenciler,sabah \u00f6\u011fretmenleriyle birlikte Kaymakam Ahmet \u00dcmit ile Belediye Ba\u015fkan\u0131 Ali Sar\u0131ba\u015f'\u0131 makam\u0131nda ziyaret etti. Ziyaretlerde Kaymakam \u00dcmit, \u00f6\u011frencilere 23 Nisan\u2026","rel":"","context":"&quot;Haberler&quot; i\u00e7inde","block_context":{"text":"Haberler","link":"https:\/\/www.gocmeniz.biz\/?cat=5"},"img":{"alt_text":"","src":"","width":0,"height":0},"classes":[]},{"id":1075,"url":"https:\/\/www.gocmeniz.biz\/?p=1075","url_meta":{"origin":2035,"position":1},"title":"BULGAR\u0130STAN&#8217;IN BURSA KONSOLOSLUK OF\u0130S\u0130, MAYIS&#8217;TA A\u00c7ILACAK","author":"Haberci","date":"16 Nisan 2009","format":false,"excerpt":"Bursal\u0131 Vatanda\u015flara Hizmet Verecek Olan I\u00fc\u00fcbulgaristan Konsolosluk Ofisi, May\u0131s Ay\u0131nda Hizmete Girecek. Bulgaristan Cumhuriyeti Ankara B\u00fcy\u00fckel\u00e7isi Branimir Mladenov May\u0131s ay\u0131nda a\u00e7\u0131l\u0131\u015f\u0131 ger\u00e7ekle\u015ftirilerek, Bursa halk\u0131n\u0131n hizmetine sunulacak olan konsolosluk ofisi ile ilgili olarak valili\u011fi ziyaret etti. Bursa'da sadece vize olarak de\u011fil ekonomik ve k\u00fclt\u00fcrel a\u00e7\u0131dan da hizmet edecek konsolosluk ofisinin hizmete\u2026","rel":"","context":"&quot;Haberler&quot; i\u00e7inde","block_context":{"text":"Haberler","link":"https:\/\/www.gocmeniz.biz\/?cat=5"},"img":{"alt_text":"","src":"","width":0,"height":0},"classes":[]},{"id":2113,"url":"https:\/\/www.gocmeniz.biz\/?p=2113","url_meta":{"origin":2035,"position":2},"title":"\u00dc\u00e7l\u00fc Balkan Zirvesi \u0130stanbul&#8217;da yap\u0131ld\u0131","author":"Haberci","date":"26 Nisan 2010","format":false,"excerpt":"A.A.Cumhurba\u015fkan\u0131 Abdullah G\u00fcl'\u00fcn ev sahipli\u011finde d\u00fczenlenen \"\u00dc\u00e7l\u00fc Balkan Zirvesi\"nde aile foto\u011fraf\u0131 \u00e7ektirdi.\u00c7\u0131ra\u011fan Saray\u0131 Bosphorus Salonu'nda yap\u0131lan ve yakla\u015f\u0131k 1 saat 15 dakika s\u00fcren zirvenin ard\u0131ndan liderler, aile foto\u011fraf\u0131 \u00e7ekimi i\u00e7in saray\u0131n teras\u0131na ge\u00e7ti.Aile foto\u011fraf\u0131nda Cumhurba\u015fkan\u0131 G\u00fcl, aralar\u0131nda yer ald\u0131\u011f\u0131 Bosna Hersek Cumhurba\u015fkanl\u0131\u011f\u0131 Konseyi Ba\u015fkan\u0131 Haris Sladzi\u00e7 ve S\u0131rbistan Cumhurba\u015fkan\u0131 Boris\u2026","rel":"","context":"&quot;Haberler&quot; i\u00e7inde","block_context":{"text":"Haberler","link":"https:\/\/www.gocmeniz.biz\/?cat=5"},"img":{"alt_text":"","src":"https:\/\/i0.wp.com\/imggaleri.hurriyet.com.tr\/LiveImages%5CFoto%20Haber%5C196%5C%C3%9C%C3%A7l%C3%BC%20Balkan%20Zirvesi%5CA24144933.jpg?resize=350%2C200","width":350,"height":200},"classes":[]},{"id":321,"url":"https:\/\/www.gocmeniz.biz\/?p=321","url_meta":{"origin":2035,"position":3},"title":"Bulgaristan Bursa&#8217;ya Konsolosluk A\u00e7\u0131yor","author":"Haberci","date":"05 Nisan 2008","format":false,"excerpt":"Bulgaristan Ankara B\u00fcy\u00fckel\u00e7isi Branimir Mladenov, onbinlerce Bulgaristan vatanda\u015f\u0131 T\u00fcrk'\u00fcn ya\u015fad\u0131\u011f\u0131 Bursa'ya konsolosluk a\u00e7acaklar\u0131n\u0131 s\u00f6yledi. Bursa Valisi \u015eahabettin Harput'u makam\u0131nda ziyaret eden Bulgar B\u00fcy\u00fckel\u00e7i, \"Uzun zamand\u0131r \u00fczernide \u00e7al\u0131\u015ft\u0131\u011f\u0131m\u0131z bir konuydu. Bursa'daki vatanda\u015flar\u0131m\u0131z i\u00e7in \u0130stanbul Ba\u015fkonsoloslu\u011fu'na ba\u011fl\u0131 bir konsolosluk a\u00e7aca\u011f\u0131z. Bina in\u015faat\u0131na k\u0131sa s\u00fcrede ba\u015flay\u0131p, k\u0131sa s\u00fcrede bitirmeyi hedefliyoruz.\" dedi. Valilik binas\u0131nda\u2026","rel":"","context":"&quot;Haberler&quot; i\u00e7inde","block_context":{"text":"Haberler","link":"https:\/\/www.gocmeniz.biz\/?cat=5"},"img":{"alt_text":"","src":"","width":0,"height":0},"classes":[]},{"id":8389,"url":"https:\/\/www.gocmeniz.biz\/?p=8389","url_meta":{"origin":2035,"position":4},"title":"Balkanlar&#8217;da M\u00fcsl\u00fcmanlar Ramazan Bayram\u0131 namaz\u0131n\u0131 k\u0131ld\u0131","author":"Admin","date":"20 Mart 2026","format":false,"excerpt":"Balkan \u00fclkeleri Kuzey Makedonya, Arnavutluk, Kosova, Bosna Hersek, S\u0131rbistan, H\u0131rvatistan, Bulgaristan ve Karada\u011f'da ya\u015fayan M\u00fcsl\u00fcmanlar, Ramazan Bayram\u0131 namaz\u0131n\u0131 k\u0131lmak i\u00e7in camilere ak\u0131n etti. Kuzey Makedonya'da Ramazan Bayram\u0131 dolay\u0131s\u0131yla merkezi t\u00f6ren, Kuzey Makedonya \u0130slam Birli\u011fi (Diyanet \u0130\u015fleri) himayelerinde ba\u015fkent \u00dcsk\u00fcp'teki Mustafa Pa\u015fa Camisi'nde d\u00fczenlendi. Program kapsam\u0131nda ilahiler okundu, dualar edildi. Ramazan\u2026","rel":"","context":"&quot;Haberler&quot; i\u00e7inde","block_context":{"text":"Haberler","link":"https:\/\/www.gocmeniz.biz\/?cat=5"},"img":{"alt_text":"","src":"https:\/\/i0.wp.com\/www.gocmeniz.biz\/wp-content\/balkanlar-da-muslumanlar-ramazan-bayrami-nama-19673761_amp.jpg?fit=1200%2C800&ssl=1&resize=350%2C200","width":350,"height":200,"srcset":"https:\/\/i0.wp.com\/www.gocmeniz.biz\/wp-content\/balkanlar-da-muslumanlar-ramazan-bayrami-nama-19673761_amp.jpg?fit=1200%2C800&ssl=1&resize=350%2C200 1x, https:\/\/i0.wp.com\/www.gocmeniz.biz\/wp-content\/balkanlar-da-muslumanlar-ramazan-bayrami-nama-19673761_amp.jpg?fit=1200%2C800&ssl=1&resize=525%2C300 1.5x, https:\/\/i0.wp.com\/www.gocmeniz.biz\/wp-content\/balkanlar-da-muslumanlar-ramazan-bayrami-nama-19673761_amp.jpg?fit=1200%2C800&ssl=1&resize=700%2C400 2x, https:\/\/i0.wp.com\/www.gocmeniz.biz\/wp-content\/balkanlar-da-muslumanlar-ramazan-bayrami-nama-19673761_amp.jpg?fit=1200%2C800&ssl=1&resize=1050%2C600 3x"},"classes":[]},{"id":216,"url":"https:\/\/www.gocmeniz.biz\/?p=216","url_meta":{"origin":2035,"position":5},"title":"Te\u015fekk\u00fcrler Milli Tak\u0131m","author":"Admin","date":"22 Kas\u0131m 2007","format":false,"excerpt":"GRUPTAK\u0130 SON MA\u00c7INDA AL\u0130 SAM\u0130 YEN'DE BOSNA HERSEK'\u0130 KONUK EDEN M\u0130LL\u0130 TAKIMIMIZ, N\u0130HAT'IN 43. DAK\u0130KADA ATTI\u011eI GOLLE 2008 AVRUPA \u015eAMP\u0130YONASI F\u0130NALLER\u0130NE G\u0130TMEYE HAK KAZANDI.. \u0130svi\u00e7re- Avusturya'n\u0131n ev sahipli\u011fi yapaca\u011f\u0131 \u015fampiyonaya grubumuzda Yunanistan ge\u00e7ti\u011fimiz haftalarda finallere kat\u0131lmay\u0131 garantlemi\u015fti.. Grup ikincili\u011fi i\u00e7in \u00e7eki\u015fti\u011fimiz Norve\u00e7 ise Malta'y\u0131 deplasmanda yenmesine kar\u015f\u0131n Ay-y\u0131ld\u0131zl\u0131 ekibimiz Bosna\u2026","rel":"","context":"&quot;Haberler&quot; i\u00e7inde","block_context":{"text":"Haberler","link":"https:\/\/www.gocmeniz.biz\/?cat=5"},"img":{"alt_text":"","src":"https:\/\/i0.wp.com\/resimler.haberler.com\/haber\/161\/tesekkurler-milli-takim_o.jpg?resize=350%2C200","width":350,"height":200},"classes":[]}],"jetpack_sharing_enabled":true,"jetpack_likes_enabled":true,"_links":{"self":[{"href":"https:\/\/www.gocmeniz.biz\/index.php?rest_route=\/wp\/v2\/posts\/2035","targetHints":{"allow":["GET"]}}],"collection":[{"href":"https:\/\/www.gocmeniz.biz\/index.php?rest_route=\/wp\/v2\/posts"}],"about":[{"href":"https:\/\/www.gocmeniz.biz\/index.php?rest_route=\/wp\/v2\/types\/post"}],"author":[{"embeddable":true,"href":"https:\/\/www.gocmeniz.biz\/index.php?rest_route=\/wp\/v2\/users\/331"}],"replies":[{"embeddable":true,"href":"https:\/\/www.gocmeniz.biz\/index.php?rest_route=%2Fwp%2Fv2%2Fcomments&post=2035"}],"version-history":[{"count":1,"href":"https:\/\/www.gocmeniz.biz\/index.php?rest_route=\/wp\/v2\/posts\/2035\/revisions"}],"predecessor-version":[{"id":8659,"href":"https:\/\/www.gocmeniz.biz\/index.php?rest_route=\/wp\/v2\/posts\/2035\/revisions\/8659"}],"wp:attachment":[{"href":"https:\/\/www.gocmeniz.biz\/index.php?rest_route=%2Fwp%2Fv2%2Fmedia&parent=2035"}],"wp:term":[{"taxonomy":"category","embeddable":true,"href":"https:\/\/www.gocmeniz.biz\/index.php?rest_route=%2Fwp%2Fv2%2Fcategories&post=2035"},{"taxonomy":"post_tag","embeddable":true,"href":"https:\/\/www.gocmeniz.biz\/index.php?rest_route=%2Fwp%2Fv2%2Ftags&post=2035"}],"curies":[{"name":"wp","href":"https:\/\/api.w.org\/{rel}","templated":true}]}}