{"id":2037,"date":"2010-01-12T08:37:21","date_gmt":"2010-01-12T06:37:21","guid":{"rendered":"http:\/\/www.gocmeniz.biz\/?p=2037"},"modified":"2026-04-03T12:11:56","modified_gmt":"2026-04-03T09:11:56","slug":"balkan-gunlugu-gazetesi","status":"publish","type":"post","link":"https:\/\/www.gocmeniz.biz\/?p=2037","title":{"rendered":"&#8220;Balkan G\u00fcnl\u00fc\u011f\u00fc&#8221; Gazetesi"},"content":{"rendered":"<p><b>&#8221; Balkan G\u00fcnl\u00fc\u011f\u00fc &#8221;&nbsp; gazetesi&nbsp; Balkan \u00fclkelerinde \u00fccretsiz da\u011f\u0131t\u0131lmaktad\u0131r.<\/b><br \/>&nbsp;<br \/>Gazeteyi temin edebilece\u011finiz Balkan \u00fclkelerindeki temsilciliklerin telefonlar\u0131 a\u015fa\u011f\u0131dad\u0131r.<br \/>Telefonla aray\u0131p \u00fccretsiz gazetenizi isteyebilirsiniz.<br \/>&nbsp;<br \/><b>Kosova<\/b><br \/>Prizren&#8217;de: \u015ear\u0131k Cibo: 377.44.217283<br \/>Shtimje&#8217;de: Behaddin Recebi : 377.44.205882<br \/>Pr\u015fitine&#8217;de: \u015eefket Balla : 386.49406428<br \/><b>Makedonya<\/b><br \/>Gostivar, \u00dcsk\u00fcp: Kadir Salih: 389.76484466<br \/><b>Bulgaristan<\/b><br \/>Sofya: Dr.Sunay Y\u0131lmaz : 887.966512<br \/><b>Bosna-Hersek<\/b><br \/>Sarajevo: Murat \u00d6zkaya: 387.622.56367<\/p>\n<div class=\"zemanta-pixie\"><img data-recalc-dims=\"1\"  title=\"\" decoding=\"async\" class=\"zemanta-pixie-img\"  alt=\"pixy &quot;Balkan G\u00fcnl\u00fc\u011f\u00fc&quot; Gazetesi\"  src=\"https:\/\/i0.wp.com\/img.zemanta.com\/pixy.gif?w=640\" \/><\/div>\n","protected":false},"excerpt":{"rendered":"<p>&#8221; Balkan G\u00fcnl\u00fc\u011f\u00fc &#8221;&nbsp; gazetesi&nbsp; Balkan \u00fclkelerinde \u00fccretsiz da\u011f\u0131t\u0131lmaktad\u0131r.&nbsp;Gazeteyi temin edebilece\u011finiz Balkan \u00fclkelerindeki temsilciliklerin telefonlar\u0131 a\u015fa\u011f\u0131dad\u0131r.Telefonla aray\u0131p \u00fccretsiz gazetenizi isteyebilirsiniz.&nbsp;KosovaPrizren&#8217;de: \u015ear\u0131k Cibo: 377.44.217283Shtimje&#8217;de: Behaddin Recebi : 377.44.205882Pr\u015fitine&#8217;de: \u015eefket Balla : 386.49406428MakedonyaGostivar, \u00dcsk\u00fcp: Kadir Salih: 389.76484466BulgaristanSofya: Dr.Sunay Y\u0131lmaz : 887.966512Bosna-HersekSarajevo: Murat \u00d6zkaya: 387.622.56367<\/p>\n","protected":false},"author":331,"featured_media":0,"comment_status":"open","ping_status":"open","sticky":false,"template":"","format":"standard","meta":{"advanced_seo_description":"","jetpack_seo_html_title":"","jetpack_seo_noindex":false,"ngg_post_thumbnail":0,"jetpack_post_was_ever_published":false,"_jetpack_newsletter_access":"","_jetpack_dont_email_post_to_subs":false,"_jetpack_newsletter_tier_id":0,"_jetpack_memberships_contains_paywalled_content":false,"_jetpack_memberships_contains_paid_content":false,"footnotes":""},"categories":[5],"tags":[],"class_list":["post-2037","post","type-post","status-publish","format-standard","hentry","category-haberler"],"jetpack_featured_media_url":"","jetpack_shortlink":"https:\/\/wp.me\/paHHlZ-wR","jetpack-related-posts":[{"id":2180,"url":"https:\/\/www.gocmeniz.biz\/?p=2180","url_meta":{"origin":2037,"position":0},"title":"Bulgar Ba\u015fbakan`dan T\u00fcrkiye kar\u015f\u0131t\u0131 tav\u0131r","author":"Haberci","date":"28 Eyl\u00fcl 2010","format":false,"excerpt":"Bulgaristan`\u0131n T\u00fcrk kar\u015f\u0131t\u0131 milliyet\u00e7i Ba\u015fbakan\u0131 Boyko Borisov, New York`ta per\u015fembe g\u00fcn\u00fc yap\u0131lan `Balkan Liderleri Zirvesi`nde Cumhurba\u015fkan\u0131 Abdullah G\u00fcl`e kar\u015f\u0131 tak\u0131nd\u0131\u011f\u0131 tav\u0131rla geceye damgas\u0131n\u0131 vurdu. Bulgar gazetesi Trud`un haberine g\u00f6re, onur konu\u011fu Abdullah G\u00fcl olan S\u0131rb\u0131stan hari\u00e7 t\u00fcm Balkan \u00fclkelerinin liderlerinin kat\u0131ld\u0131\u011f\u0131 gecede, G\u00fcl toplant\u0131ya geldi\u011finde herkes G\u00fcl`le selamla\u015fmak i\u00e7in aya\u011fa\u2026","rel":"","context":"&quot;Haberler&quot; i\u00e7inde","block_context":{"text":"Haberler","link":"https:\/\/www.gocmeniz.biz\/?cat=5"},"img":{"alt_text":"","src":"https:\/\/i0.wp.com\/i.sabah.com.tr\/sbh\/2010\/09\/27\/Haber\/722074712.jpg?resize=350%2C200","width":350,"height":200},"classes":[]},{"id":298,"url":"https:\/\/www.gocmeniz.biz\/?p=298","url_meta":{"origin":2037,"position":1},"title":"10 Bin tirajl\u0131 \u00fccretsiz gazete geliyor","author":"Admin","date":"27 \u015eubat 2008","format":false,"excerpt":"Faktor Medya Grubu, Burgas, Veliko T\u0131rnovo, Sofya b\u00f6lgelerinden sonra ayn\u0131 ad\u0131 ta\u015f\u0131yan \u00fccretsiz haftal\u0131k gazetelerini K\u0131rcaali B\u00f6lgesi i\u00e7in de yay\u0131mlamaya ba\u015fl\u0131yor. \u0130lk etapta 5 bin adet bas\u0131lacak Faktor Gazetesi, tamamen \u00fccretsiz da\u011f\u0131t\u0131lacak. \u00dc\u00e7\u00fcnc\u00fc say\u0131dan itibaren 10 bin tirajla bas\u0131lmas\u0131 \u00f6ng\u00f6r\u00fclen gazete, 22 sayfadan olu\u015facak ve ayn\u0131 zamanda T\u00fcrk\u00e7e sayfalara da\u2026","rel":"","context":"&quot;Haberler&quot; i\u00e7inde","block_context":{"text":"Haberler","link":"https:\/\/www.gocmeniz.biz\/?cat=5"},"img":{"alt_text":"","src":"https:\/\/i0.wp.com\/bp3.blogger.com\/_1Mf-Mz8vkrM\/R70mjGA4X0I\/AAAAAAAAA-g\/C15IvM1XXNQ\/s320\/factor-708488.jpg?resize=350%2C200","width":350,"height":200},"classes":[]},{"id":1960,"url":"https:\/\/www.gocmeniz.biz\/?p=1960","url_meta":{"origin":2037,"position":2},"title":"Balkan&#8217;dan Bulgaristan&#8217;a ele\u015ftiri","author":"Haberci","date":"30 Kas\u0131m 2009","format":false,"excerpt":"Balkan G\u00f6\u00e7menleri K\u00fclt\u00fcr ve Dayan\u0131\u015fma Derne\u011fi (Bal-G\u00f6\u00e7) Genel Ba\u015fkan\u0131 Prof. Dr. Emin Balkan, Bulgaristan'daki yeni h\u00fck\u00fcmetin T\u00fcrk az\u0131nl\u0131\u011fa y\u00f6nelik izledi\u011fi politikalar\u0131 ele\u015ftirdi.Bal-G\u00f6\u00e7 Genel Merkez\u2019inde yap\u0131lan bayramla\u015fma t\u00f6reninde konu\u015fan Balkan G\u00f6\u00e7menleri K\u00fclt\u00fcr ve Dayan\u0131\u015fma Derne\u011fi (Bal-G\u00f6\u00e7) Genel Ba\u015fkan\u0131 Prof. Dr. Emin Balkan, Kurban Bayram\u0131'n\u0131n insanlar\u0131n bir araya geldi\u011fi, birlik, beraberlik ve\u2026","rel":"","context":"&quot;Haberler&quot; i\u00e7inde","block_context":{"text":"Haberler","link":"https:\/\/www.gocmeniz.biz\/?cat=5"},"img":{"alt_text":"","src":"","width":0,"height":0},"classes":[]},{"id":1810,"url":"https:\/\/www.gocmeniz.biz\/?p=1810","url_meta":{"origin":2037,"position":3},"title":"Balkan Madencilik Kongresi \u0130zmir`de ba\u015fl\u0131yor","author":"Haberci","date":"29 Eyl\u00fcl 2009","format":false,"excerpt":"TMMOB Maden M\u00fchendisleri Odas\u0131 taraf\u0131ndan, d\u00fczenlenen `Balkanmine 2009-3. Balkan Madencilik Kongresi` \u0130zmir K\u00fclt\u00fcr Park Fuar alan\u0131nda 1 Ekim 2009 tarihinde ba\u015fl\u0131yor.(ANKA) - TMMOB Maden M\u00fchendisleri Odas\u0131 taraf\u0131ndan, T\u00fcrkiye`nin de i\u00e7inde yer ald\u0131\u011f\u0131 Balkan \u00fclkeleri aras\u0131nda olu\u015fturulan kongreler kapsam\u0131nda d\u00fczenlenen `Balkanmine 2009-3. Balkan Madencilik Kongresi` \u0130zmir K\u00fclt\u00fcr Park Fuar alan\u0131nda 1\u2026","rel":"","context":"&quot;Haberler&quot; i\u00e7inde","block_context":{"text":"Haberler","link":"https:\/\/www.gocmeniz.biz\/?cat=5"},"img":{"alt_text":"","src":"","width":0,"height":0},"classes":[]},{"id":422,"url":"https:\/\/www.gocmeniz.biz\/?p=422","url_meta":{"origin":2037,"position":4},"title":"B\u00dcY\u00dcK\u015eEH\u0130R BELED\u0130YES\u0130&#8217;NDEN &#8220;BALKAN BULU\u015eMASI&#8221;","author":"Haberci","date":"12 Haziran 2008","format":false,"excerpt":"Sakarya B\u00fcy\u00fck\u015fehir Belediyesi, Balkan milletleri ile T\u00fcrk halk\u0131n\u0131n tarihten gelen dostluk ve karde\u015flik ba\u011flar\u0131n\u0131 peki\u015ftirecek bir programa imza at\u0131yor. B\u00fcy\u00fck\u015fehir Belediyesi taraf\u0131ndan, 13-14 Haziran tarihleri aras\u0131nda 'Sakarya Uluslar aras\u0131 Balkan Bulu\u015fmas\u0131' ger\u00e7ekle\u015ftirilecek.Sakarya B\u00fcy\u00fck\u015fehir Belediyesi'nden yap\u0131lan a\u00e7\u0131klamada, 13-14 Haziran tarihleri aras\u0131nda AKM Tiyatro Salonu ve Kent Meydan\u0131'nda ger\u00e7ekle\u015ftirilecek olan programa, Bosna,\u2026","rel":"","context":"Benzer yaz\u0131","block_context":{"text":"Benzer yaz\u0131","link":""},"img":{"alt_text":"","src":"","width":0,"height":0},"classes":[]},{"id":1478,"url":"https:\/\/www.gocmeniz.biz\/?p=1478","url_meta":{"origin":2037,"position":5},"title":"Bulgaristan se\u00e7imleri \u00f6ncesi soyda\u015flara uyar\u0131: Ge\u00e7mi\u015fi unutmadan oy kullan\u0131n","author":"Haberci","date":"04 Temmuz 2009","format":false,"excerpt":"Bulgaristan vatanda\u015f\u0131 binlerce soyda\u015f da Bursa'da kurulan sand\u0131klarda oy kullanabilecek. Balkan G\u00f6\u00e7menleri K\u00fclt\u00fcr ve Dayan\u0131\u015fma Derne\u011fi (BAL-G\u00d6\u00c7) Genel Ba\u015fkan\u0131 Emin Balkan, T\u00fcrkiye ve Bulgaristan'daki T\u00fcrk soylu vatanda\u015flar\u0131n, ge\u00e7mi\u015fini unutmadan gelece\u011fine sahip \u00e7\u0131kmas\u0131 i\u00e7in sand\u0131klara ko\u015fmas\u0131n\u0131 beklediklerini belirtti.Se\u00e7imler \u00f6ncesi bir bas\u0131n toplant\u0131s\u0131 d\u00fczenleyen BAL-G\u00d6\u00c7 Genel Ba\u015fkan\u0131 Emin Balkan, Bulgaristan vatanda\u015fl\u0131klar\u0131n\u0131 devam\u2026","rel":"","context":"&quot;Haberler&quot; i\u00e7inde","block_context":{"text":"Haberler","link":"https:\/\/www.gocmeniz.biz\/?cat=5"},"img":{"alt_text":"","src":"http:\/\/www.stargundem.com\/thumbnail.php?file=muhacir_370861453.jpg&size=article_medium","width":350,"height":200},"classes":[]}],"jetpack_sharing_enabled":true,"jetpack_likes_enabled":true,"_links":{"self":[{"href":"https:\/\/www.gocmeniz.biz\/index.php?rest_route=\/wp\/v2\/posts\/2037","targetHints":{"allow":["GET"]}}],"collection":[{"href":"https:\/\/www.gocmeniz.biz\/index.php?rest_route=\/wp\/v2\/posts"}],"about":[{"href":"https:\/\/www.gocmeniz.biz\/index.php?rest_route=\/wp\/v2\/types\/post"}],"author":[{"embeddable":true,"href":"https:\/\/www.gocmeniz.biz\/index.php?rest_route=\/wp\/v2\/users\/331"}],"replies":[{"embeddable":true,"href":"https:\/\/www.gocmeniz.biz\/index.php?rest_route=%2Fwp%2Fv2%2Fcomments&post=2037"}],"version-history":[{"count":1,"href":"https:\/\/www.gocmeniz.biz\/index.php?rest_route=\/wp\/v2\/posts\/2037\/revisions"}],"predecessor-version":[{"id":8601,"href":"https:\/\/www.gocmeniz.biz\/index.php?rest_route=\/wp\/v2\/posts\/2037\/revisions\/8601"}],"wp:attachment":[{"href":"https:\/\/www.gocmeniz.biz\/index.php?rest_route=%2Fwp%2Fv2%2Fmedia&parent=2037"}],"wp:term":[{"taxonomy":"category","embeddable":true,"href":"https:\/\/www.gocmeniz.biz\/index.php?rest_route=%2Fwp%2Fv2%2Fcategories&post=2037"},{"taxonomy":"post_tag","embeddable":true,"href":"https:\/\/www.gocmeniz.biz\/index.php?rest_route=%2Fwp%2Fv2%2Ftags&post=2037"}],"curies":[{"name":"wp","href":"https:\/\/api.w.org\/{rel}","templated":true}]}}