{"id":2041,"date":"2010-01-14T07:55:56","date_gmt":"2010-01-14T05:55:56","guid":{"rendered":"http:\/\/www.gocmeniz.biz\/?p=2041"},"modified":"2026-04-03T12:25:37","modified_gmt":"2026-04-03T09:25:37","slug":"yagmur-ve-kar-geliyor","status":"publish","type":"post","link":"https:\/\/www.gocmeniz.biz\/?p=2041","title":{"rendered":"Ya\u011fmur ve kar geliyor"},"content":{"rendered":"<p><i><img data-recalc-dims=\"1\"  title=\"\"  alt=\"9613087 Ya\u011fmur ve kar geliyor\" decoding=\"async\" style=\"max-width: 800px; float: left; margin-top: 10px; margin-bottom: 10px; margin-right: 10px;\" src=\"https:\/\/i0.wp.com\/www.hurriyet.com.tr\/_np\/3087\/9613087.jpg?w=640\" \/>DHA&nbsp;&nbsp;&nbsp; <\/i><br \/><b>BALKANLAR \u00fczerinden gelen so\u011fuk ve ya\u011f\u0131\u015fl\u0131 havayla birlikte ba\u015flayan kar ya\u011f\u0131\u015f\u0131, Edirne\u2019nin Lalapa\u015fa \u0130l\u00e7esi&#8217;nde kar ya\u011f\u0131\u015f\u0131 etkili oldu. Kar kal\u0131nl\u0131\u011f\u0131n\u0131n 15 santimi buldu\u011fu Hamzabeyli S\u0131n\u0131r Kap\u0131s\u0131\u2019nda ula\u015f\u0131m olumsuz y\u00f6nde etkilendi.<\/b><\/p>\n<p><big><b><a target=\"_blank\" href=\"http:\/\/fotogaleri.hurriyet.com.tr\/galeridetay.aspx?cid=31201&amp;rid=2\">ED\u0130RNE BEYAZA B\u00dcR\u00dcND\u00dc &#8211; FOTO GALER\u0130 <\/a><\/b><\/big><\/p>\n<p>Edirne&#8217;de d\u00fcn ak\u015fam saatlerinde ba\u015flayan ya\u011fmur, havan\u0131n so\u011fumas\u0131yla yerini kar ya\u011f\u0131\u015f\u0131na b\u0131rakt\u0131. Kent merkezine 35 kilometre uzakl\u0131kta bulunan Bulgaristan s\u0131n\u0131r\u0131ndaki Lalapa\u015fa \u0130l\u00e7esi\u2019ne ba\u011fl\u0131 Hamzabeyli K\u00f6y\u00fc ve \u00e7evresine ise sabah saatlerinden yo\u011fun kar ya\u011f\u0131\u015f\u0131 ba\u015flad\u0131. S\u0131n\u0131r Kap\u0131s\u0131 yolunda karayollar\u0131 ekipleri kar k\u00fcreme ve tuzlama \u00e7al\u0131\u015fmalar\u0131na ba\u015flad\u0131.&nbsp; <\/p>\n<p>Kar ya\u011f\u0131\u015f\u0131 s\u0131n\u0131r k\u00f6y\u00fcnde oturanlar\u0131 da mutlu etti. Oturduklar\u0131 k\u00f6y kahvesinden d\u0131\u015far\u0131 \u00e7\u0131kanlar, lapa lapa ya\u011fan kar\u0131n i\u00e7ine girerek kar topu oynad\u0131 ve kar \u00fcst\u00fcnde g\u00fcre\u015f tuttu.<\/p>\n<p>Edirne Meteoroloji M\u00fcd\u00fcrl\u00fc\u011f\u00fc yetkilileri, hava s\u0131cakl\u0131\u011f\u0131n\u0131n en y\u00fcksek 6, en d\u00fc\u015f\u00fck 3 derece oldu\u011fu kent merkezine d\u00fcn geceden bug\u00fcn sabah saatlerine kadar 17.5 kilogram ya\u011f\u0131\u015f d\u00fc\u015ft\u00fc\u011f\u00fcn\u00fc, ya\u011fmurun \u00f6\u011fleden sonra karla kar\u0131\u015f\u0131k ya\u011fmura d\u00f6n\u00fc\u015fece\u011fini bildirdi.<\/p>\n<div class=\"zemanta-pixie\"><img data-recalc-dims=\"1\"  title=\"\" decoding=\"async\" class=\"zemanta-pixie-img\"  alt=\"pixy Ya\u011fmur ve kar geliyor\"  src=\"https:\/\/i0.wp.com\/img.zemanta.com\/pixy.gif?w=640\" \/><\/div>\n","protected":false},"excerpt":{"rendered":"<p>DHA&nbsp;&nbsp;&nbsp; BALKANLAR \u00fczerinden gelen so\u011fuk ve ya\u011f\u0131\u015fl\u0131 havayla birlikte ba\u015flayan kar ya\u011f\u0131\u015f\u0131, Edirne\u2019nin Lalapa\u015fa \u0130l\u00e7esi&#8217;nde kar ya\u011f\u0131\u015f\u0131 etkili oldu. Kar kal\u0131nl\u0131\u011f\u0131n\u0131n 15 santimi buldu\u011fu Hamzabeyli S\u0131n\u0131r Kap\u0131s\u0131\u2019nda ula\u015f\u0131m olumsuz y\u00f6nde etkilendi. ED\u0130RNE BEYAZA B\u00dcR\u00dcND\u00dc &#8211; FOTO GALER\u0130 Edirne&#8217;de d\u00fcn ak\u015fam saatlerinde ba\u015flayan ya\u011fmur, havan\u0131n so\u011fumas\u0131yla yerini kar ya\u011f\u0131\u015f\u0131na b\u0131rakt\u0131. Kent merkezine 35 kilometre uzakl\u0131kta bulunan [&hellip;]<\/p>\n","protected":false},"author":331,"featured_media":0,"comment_status":"open","ping_status":"open","sticky":false,"template":"","format":"standard","meta":{"advanced_seo_description":"","jetpack_seo_html_title":"","jetpack_seo_noindex":false,"ngg_post_thumbnail":0,"jetpack_post_was_ever_published":false,"_jetpack_newsletter_access":"","_jetpack_dont_email_post_to_subs":false,"_jetpack_newsletter_tier_id":0,"_jetpack_memberships_contains_paywalled_content":false,"_jetpack_memberships_contains_paid_content":false,"footnotes":""},"categories":[5],"tags":[],"class_list":["post-2041","post","type-post","status-publish","format-standard","hentry","category-haberler"],"jetpack_featured_media_url":"","jetpack_shortlink":"https:\/\/wp.me\/paHHlZ-wV","jetpack-related-posts":[{"id":718,"url":"https:\/\/www.gocmeniz.biz\/?p=718","url_meta":{"origin":2041,"position":0},"title":"\u0130stanbul\u2019a 1 g\u00fcnl\u00fck kar","author":"Haberci","date":"24 Aral\u0131k 2008","format":false,"excerpt":"Balkanlar \u00fczerinden gelecek yeni bir so\u011fuk ve ya\u011f\u0131\u015fl\u0131 havan\u0131n etkisi alt\u0131na giren \u0130stanbul\u2019da, bu sabah saatlerinden itibaren karla kar\u0131\u015f\u0131k ya\u011fmur ve kar ya\u011f\u0131\u015f\u0131 bekleniyor. \u0130lk karar ya\u011f\u0131\u015f\u0131n\u0131n etkisini gece saatlerinde yitirece\u011fi ancak so\u011fuk havan\u0131n ise hafta sonuna kadar etkili olaca\u011f\u0131 tahmin ediliyor.Edirne\u2019nin Bulgaristan s\u0131n\u0131r\u0131na yak\u0131n Lalapa\u015fa \u0130l\u00e7esi\u2019nde y\u00fcksek yerlerde d\u00fcn\u2026","rel":"","context":"&quot;Haberler&quot; i\u00e7inde","block_context":{"text":"Haberler","link":"https:\/\/www.gocmeniz.biz\/?cat=5"},"img":{"alt_text":"","src":"","width":0,"height":0},"classes":[]},{"id":2573,"url":"https:\/\/www.gocmeniz.biz\/?p=2573","url_meta":{"origin":2041,"position":1},"title":"K\u0131rklareli&#8217;de kar ya\u011f\u0131\u015f\u0131 ba\u015flad\u0131","author":"Haberci","date":"09 \u015eubat 2019","format":false,"excerpt":"Balkanlar \u00fczerinden gelen kar ya\u011f\u0131\u015f\u0131, K\u0131rklareli'nin Bulgaristan s\u0131n\u0131r\u0131 ve y\u00fcksek kesimlerinde etkili oluyor. \u00d6\u011fleden sonra ba\u015flayan kar ya\u011f\u0131\u015f\u0131, K\u0131rklareli'nin Kof\u00e7az ve Demirk\u00f6y il\u00e7eleri ile Bulgaristan'a a\u00e7\u0131lan Derek\u00f6y S\u0131n\u0131r Kap\u0131s\u0131 Karayolu \u00fczerinde etkisini g\u00f6steriyor. Kar kal\u0131nl\u0131\u011f\u0131 Demirk\u00f6y'de 5, Kof\u00e7az ve Derek\u00f6y S\u0131n\u0131r Kap\u0131s\u0131 karayolunda ise 3 santimetreye\u00a0y\u00fckseldi. Bulgaristan Karayolu \u00fczerinde \u00f6nlem\u2026","rel":"","context":"&quot;Haberler&quot; i\u00e7inde","block_context":{"text":"Haberler","link":"https:\/\/www.gocmeniz.biz\/?cat=5"},"img":{"alt_text":"","src":"https:\/\/i0.wp.com\/www.gocmeniz.biz\/wp-content\/kirklareli-39de-kar-yagisi-basladi.jpg?fit=620%2C350&ssl=1&resize=350%2C200","width":350,"height":200,"srcset":"https:\/\/i0.wp.com\/www.gocmeniz.biz\/wp-content\/kirklareli-39de-kar-yagisi-basladi.jpg?fit=620%2C350&ssl=1&resize=350%2C200 1x, https:\/\/i0.wp.com\/www.gocmeniz.biz\/wp-content\/kirklareli-39de-kar-yagisi-basladi.jpg?fit=620%2C350&ssl=1&resize=525%2C300 1.5x"},"classes":[]},{"id":857,"url":"https:\/\/www.gocmeniz.biz\/?p=857","url_meta":{"origin":2041,"position":2},"title":"Her yerde kar var","author":"Haberci","date":"23 \u015eubat 2009","format":false,"excerpt":"Edirne\u2019nin Lalapa\u015fa \u0130l\u00e7esi\u2019nde ve Bulgaristan\u2019\u0131n Lesova kentinde \u00f6nceki gece etkili olan yo\u011fun kar ya\u011f\u0131\u015f\u0131 ve tipi nedeniyle yakla\u015f\u0131k 36 saat s\u00fcreyle ara\u00e7lar\u0131n ge\u00e7i\u015fine kapat\u0131lan Hamzabeyli S\u0131n\u0131r Kap\u0131s\u0131, d\u00fcn sabah saatlerinde tekrar ula\u015f\u0131ma a\u00e7\u0131ld\u0131.K\u0131rklareli\u2019nin Demirk\u00f6y \u0130l\u00e7esi\u2019nde ise kar ya\u011f\u0131\u015f\u0131n\u0131n etkisini yitirmesinin ard\u0131ndan kapanan 14 k\u00f6y yolu yap\u0131lan \u00e7al\u0131\u015fmalar\u0131n ard\u0131ndan ula\u015f\u0131ma a\u00e7\u0131ld\u0131.","rel":"","context":"&quot;Haberler&quot; i\u00e7inde","block_context":{"text":"Haberler","link":"https:\/\/www.gocmeniz.biz\/?cat=5"},"img":{"alt_text":"","src":"https:\/\/i0.wp.com\/www.hurriyet.com.tr\/_np\/2148\/7412148.jpg?resize=350%2C200","width":350,"height":200},"classes":[]},{"id":853,"url":"https:\/\/www.gocmeniz.biz\/?p=853","url_meta":{"origin":2041,"position":3},"title":"KAR YA\u011eI\u015eI NEDEN\u0130YLE BULGAR\u0130STAN \u0130LE KARA ULA\u015eIMI DURDU","author":"Haberci","date":"23 \u015eubat 2009","format":false,"excerpt":"Bulgaristan'da kar ya\u011f\u0131\u015f\u0131 nedeniyle yollar\u0131n kapanmas\u0131 Hamzabeyli S\u0131n\u0131r Kap\u0131s\u0131 \u00fczerinden bu \u00fclkeye yap\u0131lan kara ula\u015f\u0131m\u0131n\u0131 tamamen durdurdu. Bulgaristan taraf\u0131na ara\u00e7lar\u0131n ge\u00e7i\u015fine izin verilmemesi nedeniyle s\u0131n\u0131r kap\u0131s\u0131 yolunda ak\u015famdan bu yana yakla\u015f\u0131k 5 kilometrelik TIR kuyru\u011fu olu\u015ftu.Balkanlar'da etkili olan kar ya\u011f\u0131\u015f\u0131 ve tipi Trakya B\u00f6lgesi'nin y\u00fcksek kesimlerinde de etkisini hissettiriyor. B\u00f6lgenin\u2026","rel":"","context":"&quot;Haberler&quot; i\u00e7inde","block_context":{"text":"Haberler","link":"https:\/\/www.gocmeniz.biz\/?cat=5"},"img":{"alt_text":"","src":"","width":0,"height":0},"classes":[]},{"id":643,"url":"https:\/\/www.gocmeniz.biz\/?p=643","url_meta":{"origin":2041,"position":4},"title":"Kar kap\u0131ya dayand\u0131","author":"Haberci","date":"22 Kas\u0131m 2008","format":false,"excerpt":"Trakya'da y\u00fcksek b\u00f6lgelere kar ya\u011farken, Avrupa'n\u0131n bir \u00e7ok \u00fclkesini kar vurdu. Almanya'dan ba\u015flayan kar ya\u011f\u0131s\u0131 kom\u015fumuz Bulgaristan'a ula\u015ft\u0131. Almanya'da kar 2 can al\u0131rken, u\u00e7ak seferleri iptal edildi.AVRUPA'YI KARAKI\u015e B\u00d6YLE VURDU (Fotogaleri)Bulgaristan'da kar ya\u011f\u0131\u015f\u0131, ba\u015fkent Sofya'daki hayat\u0131 olumsuz etkiledi. Gece ba\u015flayan \u015fiddetli r\u00fczgar ve kar ya\u011f\u0131\u015f\u0131 trafi\u011fi adeta fel\u00e7 etti. R\u00fczgar\u0131n\u2026","rel":"","context":"&quot;Haberler&quot; i\u00e7inde","block_context":{"text":"Haberler","link":"https:\/\/www.gocmeniz.biz\/?cat=5"},"img":{"alt_text":"","src":"","width":0,"height":0},"classes":[]},{"id":734,"url":"https:\/\/www.gocmeniz.biz\/?p=734","url_meta":{"origin":2041,"position":5},"title":"Trakya beyaza b\u00fcr\u00fcnd\u00fc","author":"Haberci","date":"26 Aral\u0131k 2008","format":false,"excerpt":"ED\u0130RNE, (DHA)ED\u0130RNE ve K\u0131rklareli\u2019nde d\u00fcn gece etkili olan kar ya\u011f\u0131\u015f\u0131, kentleri beyaza b\u00fcr\u00fcd\u00fc. Belediye ve karayollar\u0131 ekipleri sabaha kadar kar k\u00fcreme ve tuzlama \u00e7al\u0131\u015fmas\u0131 yapt\u0131.Balkanlar \u00fczerinden gelen so\u011fuk ve ya\u011f\u0131\u015fl\u0131 hava Trakya genelinde etkili oluyor. Hava s\u0131cakl\u0131\u011f\u0131n\u0131n s\u0131f\u0131r\u0131n alt\u0131nda 5 dereceye kadar d\u00fc\u015ft\u00fc\u011f\u00fc Edirne ve K\u0131rklareli\u2019nde mevsimin ilk kar\u0131 gece\u2026","rel":"","context":"&quot;Haberler&quot; i\u00e7inde","block_context":{"text":"Haberler","link":"https:\/\/www.gocmeniz.biz\/?cat=5"},"img":{"alt_text":"","src":"","width":0,"height":0},"classes":[]}],"jetpack_sharing_enabled":true,"jetpack_likes_enabled":true,"_links":{"self":[{"href":"https:\/\/www.gocmeniz.biz\/index.php?rest_route=\/wp\/v2\/posts\/2041","targetHints":{"allow":["GET"]}}],"collection":[{"href":"https:\/\/www.gocmeniz.biz\/index.php?rest_route=\/wp\/v2\/posts"}],"about":[{"href":"https:\/\/www.gocmeniz.biz\/index.php?rest_route=\/wp\/v2\/types\/post"}],"author":[{"embeddable":true,"href":"https:\/\/www.gocmeniz.biz\/index.php?rest_route=\/wp\/v2\/users\/331"}],"replies":[{"embeddable":true,"href":"https:\/\/www.gocmeniz.biz\/index.php?rest_route=%2Fwp%2Fv2%2Fcomments&post=2041"}],"version-history":[{"count":1,"href":"https:\/\/www.gocmeniz.biz\/index.php?rest_route=\/wp\/v2\/posts\/2041\/revisions"}],"predecessor-version":[{"id":8941,"href":"https:\/\/www.gocmeniz.biz\/index.php?rest_route=\/wp\/v2\/posts\/2041\/revisions\/8941"}],"wp:attachment":[{"href":"https:\/\/www.gocmeniz.biz\/index.php?rest_route=%2Fwp%2Fv2%2Fmedia&parent=2041"}],"wp:term":[{"taxonomy":"category","embeddable":true,"href":"https:\/\/www.gocmeniz.biz\/index.php?rest_route=%2Fwp%2Fv2%2Fcategories&post=2041"},{"taxonomy":"post_tag","embeddable":true,"href":"https:\/\/www.gocmeniz.biz\/index.php?rest_route=%2Fwp%2Fv2%2Ftags&post=2041"}],"curies":[{"name":"wp","href":"https:\/\/api.w.org\/{rel}","templated":true}]}}