{"id":2043,"date":"2010-01-18T07:54:09","date_gmt":"2010-01-18T05:54:09","guid":{"rendered":"http:\/\/www.gocmeniz.biz\/?p=2043"},"modified":"2026-04-03T12:17:06","modified_gmt":"2026-04-03T09:17:06","slug":"yunanistan-bulgaristan-arasinda-yeni-sinir-kapisi-acildi","status":"publish","type":"post","link":"https:\/\/www.gocmeniz.biz\/?p=2043","title":{"rendered":"Yunanistan-Bulgaristan aras\u0131nda yeni s\u0131n\u0131r kap\u0131s\u0131 a\u00e7\u0131ld\u0131"},"content":{"rendered":"<p><i>A.A. &nbsp;&nbsp;&nbsp; <\/i><br \/><b>Yunanistan ile Bulgaristan aras\u0131nda, Bat\u0131 Trakya&#8217;n\u0131n \u0130ske\u00e7e b\u00f6lgesinde &#8220;Ayos Kostantinos&#8221; adl\u0131 yeni s\u0131n\u0131r kap\u0131s\u0131 a\u00e7\u0131ld\u0131.<\/b><\/p>\n<p>\u0130ske\u00e7e&#8217;ye ba\u011fl\u0131 Il\u0131ca k\u00f6y\u00fc yak\u0131nlar\u0131ndaki s\u0131n\u0131r kap\u0131s\u0131, iki \u00fclkenin ba\u015fbakanlar\u0131n\u0131n kat\u0131ld\u0131\u011f\u0131 t\u00f6renle bug\u00fcn hizmete girdi.<\/p>\n<p>\u0130ske\u00e7e&#8217;yi, Zlatograd ile Filibe&#8217;ye ba\u011flayan yeni otoyol \u00fczerinde bulunan s\u0131n\u0131r kap\u0131s\u0131n\u0131n a\u00e7\u0131l\u0131\u015f\u0131nda konu\u015fan Yunanistan Ba\u015fbakan\u0131 Yorgo Papandreu, &#8220;yeni s\u0131n\u0131r kap\u0131s\u0131n\u0131n, in\u015fa edilen yeni Avrupa&#8217;da daha \u00f6nce halklar\u0131 ay\u0131ran duvarlar\u0131n y\u0131k\u0131ld\u0131\u011f\u0131n\u0131n, yeni i\u015fbirli\u011fi ve dostluk yollar\u0131n\u0131n a\u00e7\u0131ld\u0131\u011f\u0131n\u0131n kan\u0131t\u0131&#8221; oldu\u011funu s\u00f6yledi.<\/p>\n<p>Yeni s\u0131n\u0131r kap\u0131s\u0131n\u0131n, farkl\u0131 k\u00fclt\u00fcr ve dillerin bulundu\u011fu b\u00f6lgenin turizm ve ticari a\u00e7\u0131dan kalk\u0131nmas\u0131nda \u00f6nemli beklentiler yaratt\u0131\u011f\u0131n\u0131 belirten Papandreu, &#8220;Di\u011fer Balkan \u00fclkelerinin de AB \u00fcyelik hedeflerini birlikte destekleyelim&#8221; diye konu\u015ftu.<\/p>\n<p>Papandreu ayr\u0131ca, Ayos Kostantinos s\u0131n\u0131r kap\u0131s\u0131n\u0131n hizmete a\u00e7\u0131lmas\u0131yla Yunanistan ve Bulgaristan aras\u0131ndaki ge\u00e7i\u015flerin 3&#8217;e \u00e7\u0131kt\u0131\u011f\u0131n\u0131 ve G\u00fcm\u00fclcine&#8217;ye ba\u011fl\u0131 Makas b\u00f6lgesinde a\u00e7\u0131lmas\u0131 planlanan di\u011fer s\u0131n\u0131r kap\u0131s\u0131n\u0131n da gerekli \u00e7al\u0131\u015fmalar tamamlanarak birka\u00e7 ay i\u00e7erisinde hizmete girece\u011fini belirtti.<\/p>\n<p>Bulgaristan Ba\u015fbakan\u0131 Boyko Borisov da Bulgaristan ve Yunanistan aras\u0131ndaki dostluk ili\u015fkilerinin b\u00f6lgenin kalk\u0131nmas\u0131 konusunda iyi ve yararl\u0131 i\u015fler yap\u0131lmas\u0131na yard\u0131mc\u0131 oldu\u011funu belirterek, &#8220;Bu i\u015fbirli\u011fimiz ayn\u0131 zamanda kom\u015fu \u00fclkelerin de AB \u00fcyesi olmas\u0131na yard\u0131mc\u0131 olmaktad\u0131r. \u00c7\u00fcnk\u00fc Balkanlarda istikrar ve bar\u0131\u015f\u0131n sa\u011flanmas\u0131 sadece bu \u015fekilde m\u00fcmk\u00fcn olacakt\u0131r&#8221; dedi.<\/p>\n<div class=\"zemanta-pixie\"><img data-recalc-dims=\"1\"  title=\"\" decoding=\"async\" class=\"zemanta-pixie-img\"  alt=\"pixy Yunanistan-Bulgaristan aras\u0131nda yeni s\u0131n\u0131r kap\u0131s\u0131 a\u00e7\u0131ld\u0131\"  src=\"https:\/\/i0.wp.com\/img.zemanta.com\/pixy.gif?w=640\" \/><\/div>\n","protected":false},"excerpt":{"rendered":"<p>A.A. &nbsp;&nbsp;&nbsp; Yunanistan ile Bulgaristan aras\u0131nda, Bat\u0131 Trakya&#8217;n\u0131n \u0130ske\u00e7e b\u00f6lgesinde &#8220;Ayos Kostantinos&#8221; adl\u0131 yeni s\u0131n\u0131r kap\u0131s\u0131 a\u00e7\u0131ld\u0131. \u0130ske\u00e7e&#8217;ye ba\u011fl\u0131 Il\u0131ca k\u00f6y\u00fc yak\u0131nlar\u0131ndaki s\u0131n\u0131r kap\u0131s\u0131, iki \u00fclkenin ba\u015fbakanlar\u0131n\u0131n kat\u0131ld\u0131\u011f\u0131 t\u00f6renle bug\u00fcn hizmete girdi. \u0130ske\u00e7e&#8217;yi, Zlatograd ile Filibe&#8217;ye ba\u011flayan yeni otoyol \u00fczerinde bulunan s\u0131n\u0131r kap\u0131s\u0131n\u0131n a\u00e7\u0131l\u0131\u015f\u0131nda konu\u015fan Yunanistan Ba\u015fbakan\u0131 Yorgo Papandreu, &#8220;yeni s\u0131n\u0131r kap\u0131s\u0131n\u0131n, in\u015fa edilen yeni [&hellip;]<\/p>\n","protected":false},"author":331,"featured_media":0,"comment_status":"open","ping_status":"open","sticky":false,"template":"","format":"standard","meta":{"advanced_seo_description":"","jetpack_seo_html_title":"","jetpack_seo_noindex":false,"ngg_post_thumbnail":0,"jetpack_post_was_ever_published":false,"_jetpack_newsletter_access":"","_jetpack_dont_email_post_to_subs":false,"_jetpack_newsletter_tier_id":0,"_jetpack_memberships_contains_paywalled_content":false,"_jetpack_memberships_contains_paid_content":false,"footnotes":""},"categories":[5],"tags":[],"class_list":["post-2043","post","type-post","status-publish","format-standard","hentry","category-haberler"],"jetpack_featured_media_url":"","jetpack_shortlink":"https:\/\/wp.me\/paHHlZ-wX","jetpack-related-posts":[{"id":8404,"url":"https:\/\/www.gocmeniz.biz\/?p=8404","url_meta":{"origin":2043,"position":0},"title":"ASKON Antalya \u015eube Ba\u015fkan\u0131 Kacar, planlanan yeni g\u00fcmr\u00fck kap\u0131s\u0131n\u0131n ihracata katk\u0131s\u0131n\u0131 de\u011ferlendirdi","author":"Admin","date":"16 Mart 2026","format":false,"excerpt":"Anadolu Aslanlar\u0131 \u0130\u015f Adamlar\u0131 Derne\u011fi (ASKON) Antalya \u015eube Ba\u015fkan\u0131 Onur Kacar, T\u00fcrkiye ile Bulgaristan aras\u0131nda a\u00e7\u0131lmas\u0131 planlanan yeni g\u00fcmr\u00fck kap\u0131s\u0131n\u0131n ihracat s\u00fcre\u00e7lerini h\u0131zland\u0131raca\u011f\u0131n\u0131 bildirdi. Kacar, yapt\u0131\u011f\u0131 yaz\u0131l\u0131 a\u00e7\u0131klamada, T\u00fcrkiye ile Bulgaristan aras\u0131nda Kap\u0131kule S\u0131n\u0131r Kap\u0131s\u0131'n\u0131n kuzeyinde yeni g\u00fcmr\u00fck kap\u0131s\u0131n\u0131n a\u00e7\u0131laca\u011f\u0131n\u0131n duyurulmas\u0131n\u0131n i\u015f d\u00fcnyas\u0131 a\u00e7\u0131s\u0131ndan \u00f6nemli bir geli\u015fme oldu\u011funu belirtti. G\u00fcmr\u00fck\u2026","rel":"","context":"&quot;Haberler&quot; i\u00e7inde","block_context":{"text":"Haberler","link":"https:\/\/www.gocmeniz.biz\/?cat=5"},"img":{"alt_text":"","src":"https:\/\/i0.wp.com\/www.gocmeniz.biz\/wp-content\/askon-antalya-sube-baskani-kacar-planlanan-ye-19662248_amp.jpg?fit=1200%2C800&ssl=1&resize=350%2C200","width":350,"height":200,"srcset":"https:\/\/i0.wp.com\/www.gocmeniz.biz\/wp-content\/askon-antalya-sube-baskani-kacar-planlanan-ye-19662248_amp.jpg?fit=1200%2C800&ssl=1&resize=350%2C200 1x, https:\/\/i0.wp.com\/www.gocmeniz.biz\/wp-content\/askon-antalya-sube-baskani-kacar-planlanan-ye-19662248_amp.jpg?fit=1200%2C800&ssl=1&resize=525%2C300 1.5x, https:\/\/i0.wp.com\/www.gocmeniz.biz\/wp-content\/askon-antalya-sube-baskani-kacar-planlanan-ye-19662248_amp.jpg?fit=1200%2C800&ssl=1&resize=700%2C400 2x, https:\/\/i0.wp.com\/www.gocmeniz.biz\/wp-content\/askon-antalya-sube-baskani-kacar-planlanan-ye-19662248_amp.jpg?fit=1200%2C800&ssl=1&resize=1050%2C600 3x"},"classes":[]},{"id":2053,"url":"https:\/\/www.gocmeniz.biz\/?p=2053","url_meta":{"origin":2043,"position":1},"title":"Yunan \u00e7ift\u00e7ilerin ablukas\u0131 yeniden ba\u015flad\u0131","author":"Haberci","date":"25 Ocak 2010","format":false,"excerpt":"Yunanistan;\u0131n tar\u0131m sekt\u00f6r\u00fcndeki politikas\u0131n\u0131 protesto eden \u00e7ift\u00e7iler, Bulgaristan s\u0131n\u0131r\u0131ndaki kap\u0131larda ticari ta\u015f\u0131mac\u0131l\u0131\u011f\u0131 durduran eyleme, k\u0131sa bir aradan sonra yeniden ba\u015flad\u0131. \u0130ki \u00fclke aras\u0131nda ticari ge\u00e7i\u015flerin \u00f6ncelikli olarak yap\u0131ld\u0131\u011f\u0131 Promahon-Kulata s\u0131n\u0131r kap\u0131s\u0131n\u0131n yeniden abluka alt\u0131na al\u0131nd\u0131\u011f\u0131 bildirildi. Bulgaristan ile Yunanistan aras\u0131ndaki di\u011fer 3 s\u0131n\u0131r kap\u0131s\u0131nda otob\u00fcs ve \u00f6zel ara\u00e7lar\u0131n ge\u00e7i\u015flerine izin\u2026","rel":"","context":"&quot;Haberler&quot; i\u00e7inde","block_context":{"text":"Haberler","link":"https:\/\/www.gocmeniz.biz\/?cat=5"},"img":{"alt_text":"","src":"","width":0,"height":0},"classes":[]},{"id":2080,"url":"https:\/\/www.gocmeniz.biz\/?p=2080","url_meta":{"origin":2043,"position":2},"title":"Kap\u0131kule S\u0131n\u0131r Kap\u0131s\u0131 Ula\u015f\u0131ma A\u00e7\u0131ld\u0131","author":"Haberci","date":"19 \u015eubat 2010","format":false,"excerpt":"Meri\u00e7 Nehri'nin ta\u015fmas\u0131 sonucu ula\u015f\u0131ma kapat\u0131lan Kap\u0131kule S\u0131n\u0131r Kap\u0131s\u0131, sabah saatlerinden itibaren ula\u015f\u0131ma a\u00e7\u0131ld\u0131.Ta\u015fan Meri\u00e7 Nehri, uluslararas\u0131 karayollar\u0131nda da ula\u015f\u0131m\u0131 olumsuz etkiledi. Bulgaristan taraf\u0131nda ya\u015fanan ta\u015fk\u0131nlar nedeniyle Kap\u0131kule S\u0131n\u0131r Kap\u0131s\u0131 b\u00fcy\u00fck ve k\u00fc\u00e7\u00fck ara\u00e7 trafi\u011fine kapat\u0131lm\u0131\u015ft\u0131. Nehirdeki su seviyesinin d\u00fc\u015fmeye ba\u015flamas\u0131yla birlikte Bulgar taraf\u0131 ara\u00e7lar\u0131n ge\u00e7i\u015fine izin verdi. Son durumu\u2026","rel":"","context":"&quot;Haberler&quot; i\u00e7inde","block_context":{"text":"Haberler","link":"https:\/\/www.gocmeniz.biz\/?cat=5"},"img":{"alt_text":"","src":"","width":0,"height":0},"classes":[]},{"id":1666,"url":"https:\/\/www.gocmeniz.biz\/?p=1666","url_meta":{"origin":2043,"position":3},"title":"Kap\u0131kule`de 3 kilometrelik ara\u00e7 kuyru\u011fu","author":"Haberci","date":"07 A\u011fustos 2009","format":false,"excerpt":"Yo\u011funluktan dolay\u0131 Kap\u0131kule`de \u00e7ift s\u0131ra ara\u00e7 kuyru\u011fu meydana geldi.> \u0130brahim\u2008Arslan ED\u0130RNE \u0130HAT\u00fcrkiye`de tatil yapt\u0131ktan sonra \u00e7al\u0131\u015ft\u0131klar\u0131 \u00fclkelere do\u011fru d\u00f6n\u00fc\u015fe ge\u00e7en gurbet\u00e7iler, Kap\u0131kule S\u0131n\u0131r Kap\u0131s\u0131`nda yo\u011funlu\u011fa sebep oldu. Kap\u0131kule`de uzun kuyruklar olu\u015fmas\u0131 \u00fczerine gurbet\u00e7iler Hamzabeyli ve Pazarkule S\u0131n\u0131r Kap\u0131s\u0131`na y\u00f6nlendirildi. \u00c7ift s\u0131ra kuyruk sebebiyle yakla\u015f\u0131k 15 dakika ula\u015f\u0131ma kapanan Kap\u0131kule yolu,\u2026","rel":"","context":"&quot;Haberler&quot; i\u00e7inde","block_context":{"text":"Haberler","link":"https:\/\/www.gocmeniz.biz\/?cat=5"},"img":{"alt_text":"","src":"https:\/\/i0.wp.com\/www.turkiyegazetesi.com\/images\/news\/415554_2.gif?resize=350%2C200","width":350,"height":200},"classes":[]},{"id":168,"url":"https:\/\/www.gocmeniz.biz\/?p=168","url_meta":{"origin":2043,"position":4},"title":"TOBB, Kap\u0131kule&#8217;ye 131 Milyon YTL Harcayacak","author":"Haberci","date":"28 A\u011fustos 2007","format":false,"excerpt":"Yolcu ve ara\u00e7 trafi\u011fi bak\u0131m\u0131ndan d\u00fcnyan\u0131n i\u015flek ikinci, Avrupa\u2019n\u0131n en b\u00fcy\u00fck s\u0131n\u0131r kap\u0131s\u0131 Kap\u0131kule\u2019nin T\u00fcrkiye Odalar ve Borsalar Birli\u011fi\u2019nin (TOBB) i\u015ftiraki G\u00fcmr\u00fck Turizm \u0130\u015fletmeleri A.\u015e.\u2019ye devri d\u00fcn Kap\u0131kule\u2019de imzalanan anla\u015fma ile ger\u00e7ekle\u015fti. TOBB, 131 milyon YTL\u2019ye yenilenecek kap\u0131y\u0131 20 y\u0131l s\u00fcreyle i\u015fletecek. 400 B\u0130N ARA\u00c7 GE\u00c7\u0130YOR: Devir t\u00f6reninde konu\u015fan Devlet\u2026","rel":"","context":"&quot;Haberler&quot; i\u00e7inde","block_context":{"text":"Haberler","link":"https:\/\/www.gocmeniz.biz\/?cat=5"},"img":{"alt_text":"","src":"https:\/\/i0.wp.com\/resimler.haberler.com\/haber\/867\/tobb-kapikule-ye-131-milyon-ytl-harcayacak_o.jpg?resize=350%2C200","width":350,"height":200},"classes":[]},{"id":1367,"url":"https:\/\/www.gocmeniz.biz\/?p=1367","url_meta":{"origin":2043,"position":5},"title":"DEREK\u00d6Y SINIR KAPISI YEN\u0130LENECEK","author":"Haberci","date":"13 Haziran 2009","format":false,"excerpt":"K\u0131rklareli Ticaret ve Sanayi Odas\u0131 Y\u00f6netim Kurulu Ba\u015fkan\u0131 Ertu\u011frul Ziya \u00c7etinta\u015f, Derek\u00f6y S\u0131n\u0131r Kap\u0131s\u0131'n\u0131n modern hale getirilece\u011fini bildirdi.S\u0131n\u0131r kap\u0131s\u0131n\u0131n Haziran ay\u0131 sonunda G\u00fcmr\u00fck Turizm i\u015fletmeleri A.\u015e. taraf\u0131ndan yap\u0131m ve onar\u0131m i\u00e7in ihaleye \u00e7\u0131kar\u0131laca\u011f\u0131n\u0131 ifade eden \u00c7etinta\u015f, \u015funlar\u0131 kaydetti:''K\u0131sa zamanda T\u0131r trafi\u011fine a\u00e7\u0131lmas\u0131 planlanan Derek\u00f6y s\u0131n\u0131r kap\u0131m\u0131z yetersiz kald\u0131\u011f\u0131ndan, t\u0131r yolcu\u2026","rel":"","context":"&quot;Haberler&quot; i\u00e7inde","block_context":{"text":"Haberler","link":"https:\/\/www.gocmeniz.biz\/?cat=5"},"img":{"alt_text":"","src":"","width":0,"height":0},"classes":[]}],"jetpack_sharing_enabled":true,"jetpack_likes_enabled":true,"_links":{"self":[{"href":"https:\/\/www.gocmeniz.biz\/index.php?rest_route=\/wp\/v2\/posts\/2043","targetHints":{"allow":["GET"]}}],"collection":[{"href":"https:\/\/www.gocmeniz.biz\/index.php?rest_route=\/wp\/v2\/posts"}],"about":[{"href":"https:\/\/www.gocmeniz.biz\/index.php?rest_route=\/wp\/v2\/types\/post"}],"author":[{"embeddable":true,"href":"https:\/\/www.gocmeniz.biz\/index.php?rest_route=\/wp\/v2\/users\/331"}],"replies":[{"embeddable":true,"href":"https:\/\/www.gocmeniz.biz\/index.php?rest_route=%2Fwp%2Fv2%2Fcomments&post=2043"}],"version-history":[{"count":1,"href":"https:\/\/www.gocmeniz.biz\/index.php?rest_route=\/wp\/v2\/posts\/2043\/revisions"}],"predecessor-version":[{"id":8658,"href":"https:\/\/www.gocmeniz.biz\/index.php?rest_route=\/wp\/v2\/posts\/2043\/revisions\/8658"}],"wp:attachment":[{"href":"https:\/\/www.gocmeniz.biz\/index.php?rest_route=%2Fwp%2Fv2%2Fmedia&parent=2043"}],"wp:term":[{"taxonomy":"category","embeddable":true,"href":"https:\/\/www.gocmeniz.biz\/index.php?rest_route=%2Fwp%2Fv2%2Fcategories&post=2043"},{"taxonomy":"post_tag","embeddable":true,"href":"https:\/\/www.gocmeniz.biz\/index.php?rest_route=%2Fwp%2Fv2%2Ftags&post=2043"}],"curies":[{"name":"wp","href":"https:\/\/api.w.org\/{rel}","templated":true}]}}