{"id":2045,"date":"2010-01-19T11:22:19","date_gmt":"2010-01-19T09:22:19","guid":{"rendered":"http:\/\/www.gocmeniz.biz\/?p=2045"},"modified":"2026-04-03T12:17:06","modified_gmt":"2026-04-03T09:17:06","slug":"agca-dengesiz-bir-adam","status":"publish","type":"post","link":"https:\/\/www.gocmeniz.biz\/?p=2045","title":{"rendered":"&#8220;A\u011fca dengesiz bir adam&#8221;"},"content":{"rendered":"<p><i>A.A&nbsp;<\/i>&nbsp;&nbsp; <br \/><b>Bulgaristan D\u0131\u015fi\u015fleri Bakan Yard\u0131mc\u0131s\u0131 Marin Raykov, tahliye edilen Mehmet Ali A\u011fca\u201dn\u0131n \u201cdengesiz\u201d oldu\u011funu s\u00f6yledi.<\/b><\/p>\n<p>Raykov, Bulgaristan Ulusal Televizyonuna (BNT) yapt\u0131\u011f\u0131 a\u00e7\u0131klamada, A\u011fca&#8217;n\u0131n, Papa 2. Jean Paul&#8217;e suikast giri\u015fimine Bulgaristan&#8217;\u0131 da kar\u0131\u015ft\u0131rmaya \u00e7al\u0131\u015ft\u0131\u011f\u0131n\u0131, ancak bu iddialar\u0131n 1985-1986 y\u0131llar\u0131nda dava s\u0131ras\u0131nda yalanland\u0131\u011f\u0131n\u0131 belirtti. Raykov, Papa suikast\u0131na ad\u0131 kar\u0131\u015fan \u00fc\u00e7 Bulgar&#8217;\u0131n da su\u00e7suz bulundu\u011funu hat\u0131rlatt\u0131.<\/p>\n<p>Mehmet Ali A\u011fca&#8217;n\u0131n \u201cMesih\u201d oldu\u011funu iddia ederek sansasyon pe\u015finde oldu\u011funu ileri s\u00fcren Raykov, \u201cA\u011fca dengesiz bir adamd\u0131r. Ne s\u00f6yledi\u011finin, ne yapt\u0131\u011f\u0131n\u0131n fark\u0131nda de\u011fil\u201d diye konu\u015ftu.<\/p>\n<p>Bulgar medyas\u0131 da, Mehmet Ali A\u011fca&#8217;n\u0131n tahliyesine geni\u015f bir \u015fekilde yer verdi. Televizyon, radyo ve internet siteleri haberi man\u015fetlerine ta\u015f\u0131d\u0131.<\/p>\n<p>Bulgaristan Devlet Televizyonu da, Mehmet Ali A\u011fca&#8217;n\u0131n hayat\u0131 ve eylemleri hakk\u0131nda Fransa&#8217;da belgesel film \u00e7eken Bulgar gazeteci ve \u00fcniversite \u00f6\u011fretim \u00fcyesi Rumyana Ug\u0131r\u00e7inova ile r\u00f6portaj yapt\u0131.<\/p>\n<p>Ug\u0131r\u00e7inova r\u00f6portaj\u0131nda, Papa suikast\u0131nda Bulgaristan&#8217;\u0131n ilgisi oldu\u011fu y\u00f6n\u00fcnde ge\u00e7erli hi\u00e7bir delil bulunmad\u0131\u011f\u0131n\u0131 belirterek, \u201cZaten, Papa 2. Jean Paul da 2004 y\u0131l\u0131nda Bulgaristan&#8217;a yapt\u0131\u011f\u0131 ziyaret s\u0131ras\u0131nda bu iddialara inanmad\u0131\u011f\u0131n\u0131 s\u00f6ylemi\u015fti\u201d dedi.<\/p>\n<p>A\u011fca&#8217;n\u0131n daima kendi \u00e7\u0131karlar\u0131na g\u00f6re hareket etti\u011fini kaydeden Ug\u0131r\u00e7inova, onun gelece\u011finin de yine medyan\u0131n elinde oldu\u011funu s\u00f6yledi. Ug\u0131r\u00e7inova, \u201cA\u011fca;n\u0131n talep etti\u011fi paray\u0131 \u00f6deyen, maddi olarak onun gelece\u011fini de garanti alt\u0131na alacak\u201d iddias\u0131nda bulundu.<\/p>\n<div class=\"zemanta-pixie\"><img data-recalc-dims=\"1\"  title=\"\" decoding=\"async\" class=\"zemanta-pixie-img\"  alt=\"pixy &quot;A\u011fca dengesiz bir adam&quot;\"  src=\"https:\/\/i0.wp.com\/img.zemanta.com\/pixy.gif?w=640\" \/><\/div>\n","protected":false},"excerpt":{"rendered":"<p>A.A&nbsp;&nbsp;&nbsp; Bulgaristan D\u0131\u015fi\u015fleri Bakan Yard\u0131mc\u0131s\u0131 Marin Raykov, tahliye edilen Mehmet Ali A\u011fca\u201dn\u0131n \u201cdengesiz\u201d oldu\u011funu s\u00f6yledi. Raykov, Bulgaristan Ulusal Televizyonuna (BNT) yapt\u0131\u011f\u0131 a\u00e7\u0131klamada, A\u011fca&#8217;n\u0131n, Papa 2. Jean Paul&#8217;e suikast giri\u015fimine Bulgaristan&#8217;\u0131 da kar\u0131\u015ft\u0131rmaya \u00e7al\u0131\u015ft\u0131\u011f\u0131n\u0131, ancak bu iddialar\u0131n 1985-1986 y\u0131llar\u0131nda dava s\u0131ras\u0131nda yalanland\u0131\u011f\u0131n\u0131 belirtti. Raykov, Papa suikast\u0131na ad\u0131 kar\u0131\u015fan \u00fc\u00e7 Bulgar&#8217;\u0131n da su\u00e7suz bulundu\u011funu hat\u0131rlatt\u0131. Mehmet Ali [&hellip;]<\/p>\n","protected":false},"author":331,"featured_media":0,"comment_status":"open","ping_status":"open","sticky":false,"template":"","format":"standard","meta":{"advanced_seo_description":"","jetpack_seo_html_title":"","jetpack_seo_noindex":false,"ngg_post_thumbnail":0,"jetpack_post_was_ever_published":false,"_jetpack_newsletter_access":"","_jetpack_dont_email_post_to_subs":false,"_jetpack_newsletter_tier_id":0,"_jetpack_memberships_contains_paywalled_content":false,"_jetpack_memberships_contains_paid_content":false,"footnotes":""},"categories":[5],"tags":[],"class_list":["post-2045","post","type-post","status-publish","format-standard","hentry","category-haberler"],"jetpack_featured_media_url":"","jetpack_shortlink":"https:\/\/wp.me\/paHHlZ-wZ","jetpack-related-posts":[{"id":2013,"url":"https:\/\/www.gocmeniz.biz\/?p=2013","url_meta":{"origin":2045,"position":0},"title":"Bulgaristan: T\u00fcrkiye ile ciddi sorunumuz yok","author":"Haberci","date":"06 Ocak 2010","format":false,"excerpt":"A.A.Bulgaristan D\u0131\u015fi\u015fleri Bakan\u0131 Marin Raykov, Bulgaristan ile T\u00fcrkiye aras\u0131nda ciddi politik sorun bulunmad\u0131\u011f\u0131n\u0131 belirterek, \"Sadece \u00e7\u00f6z\u00fclememi\u015f baz\u0131 konular var. Bunlar da diyalog yoluyla halledilecek meselelerdir\" dedi.Raykov, 1913 y\u0131l\u0131ndan sonra T\u00fcrkiye'den Bulgaristan'a g\u00f6\u00e7 eden Bulgarlar\u0131n T\u00fcrkiye'de kalan mal varl\u0131\u011f\u0131na ili\u015fkin meselenin iki \u00fclke aras\u0131nda \u00e7\u00f6z\u00fcme kavu\u015fturulmam\u0131\u015f konulardan biri oldu\u011funu s\u00f6yledi. Bulgaristan-T\u00fcrkiye\u2026","rel":"","context":"&quot;Haberler&quot; i\u00e7inde","block_context":{"text":"Haberler","link":"https:\/\/www.gocmeniz.biz\/?cat=5"},"img":{"alt_text":"","src":"","width":0,"height":0},"classes":[]},{"id":2025,"url":"https:\/\/www.gocmeniz.biz\/?p=2025","url_meta":{"origin":2045,"position":1},"title":"\u2018T\u00fcrk &#8211; Bulgar dostlu\u011fu her iki \u00fclkenin yarar\u0131na\u2019","author":"Haberci","date":"11 Ocak 2010","format":false,"excerpt":"Yurtd\u0131\u015f\u0131ndaki Bulgaristan vatanda\u015flar\u0131ndan Sorumlu Devlet Bakan\u0131 Bojidar Dimitrov\u2019un\u00a0 T\u00fcrkiye\u2019den g\u00f6\u00e7 eden Bulgarlar\u0131n T\u00fcrkiye\u2019de b\u0131rakmak zorunda kald\u0131klar\u0131 mal ve m\u00fclkleri i\u00e7in 20 milyar dolarl\u0131k tazminat istemesi k\u0131sa s\u00fcreli siyasi hareketlenmeye neden oldu. T\u00fcrkiye\u2019den istenecek tazminat\u0131n, T\u00fcrkiye\u2019nin Avrupa Birli\u011fi\u2019ne tam \u00fcyelik i\u00e7in \u00f6n ko\u015ful olarak \u00f6denmesi gerekti\u011fini savunan Dimitrov\u2019un a\u00e7\u0131klamalar\u0131na Ba\u015fbakan Boyko\u2026","rel":"","context":"&quot;Haberler&quot; i\u00e7inde","block_context":{"text":"Haberler","link":"https:\/\/www.gocmeniz.biz\/?cat=5"},"img":{"alt_text":"","src":"","width":0,"height":0},"classes":[]},{"id":1568,"url":"https:\/\/www.gocmeniz.biz\/?p=1568","url_meta":{"origin":2045,"position":2},"title":"Eski Bulgar Cumhurba\u015fkan\u0131: E\u011fitim yat\u0131r\u0131mlar\u0131ndan etkilendim","author":"Haberci","date":"20 Temmuz 2009","format":false,"excerpt":"Marmara \u00dcniversitesi`nde Avrupa Birli\u011fi ile ilgili bir seminere kat\u0131lan eski Bulgaristan Cumhurba\u015fkan\u0131 Jelu Jelev, T\u00fcrkiye`de e\u011fitime yap\u0131lan harcamadan \u00e7ok etkilendi\u011fini s\u00f6yledi.Seminerde etnik konular\u0131n ele al\u0131nd\u0131\u011f\u0131n\u0131 ifade eden eski Bulgaristan Cumhurba\u015fkan\u0131 Jelev, `E\u011fitime ayr\u0131lan paralar\u0131 \u00e7ok \u00f6nemli buluyorum. Bu yat\u0131r\u0131m\u0131n e\u011fitim seviyesini daha iyi yerlere getirece\u011fine inan\u0131yorum. T\u00fcrkiye e\u011fitime ve teknolojiye\u2026","rel":"","context":"&quot;Haberler&quot; i\u00e7inde","block_context":{"text":"Haberler","link":"https:\/\/www.gocmeniz.biz\/?cat=5"},"img":{"alt_text":"","src":"","width":0,"height":0},"classes":[]},{"id":8521,"url":"https:\/\/www.gocmeniz.biz\/?p=8521","url_meta":{"origin":2045,"position":3},"title":"\u0130ran&#8217;dan NATO \u00fcyesi Bulgaristan&#8217;a nota","author":"Admin","date":"01 Nisan 2026","format":false,"excerpt":"\u0130ran D\u0131\u015fi\u015fleri Bakanl\u0131\u011f\u0131'n\u0131n NATO \u00fcyesi Bulgaristan'a ge\u00e7en ay diplomatik nota vererek ABD'ye ait askeri u\u00e7aklar\u0131n Bulgaristan havaalanlar\u0131n\u0131 kullanmamas\u0131 y\u00f6n\u00fcnde uyar\u0131da bulundu\u011fu ortaya \u00e7\u0131kt\u0131. \u0130ran D\u0131\u015fi\u015fleri Bakanl\u0131\u011f\u0131, NATO \u00fcyesi Bulgaristan'a ABD'ye ait askeri u\u00e7aklar\u0131n Bulgaristan havaalanlar\u0131n\u0131 kullanmamas\u0131 y\u00f6n\u00fcnde diplomatik nota verdi. Bulgaristan D\u0131\u015fi\u015fleri Bakan Yard\u0131mc\u0131s\u0131 Marin Raykov, Bulgaristan \u00fczerinden askeri operasyonlara\u2026","rel":"","context":"&quot;Haberler&quot; i\u00e7inde","block_context":{"text":"Haberler","link":"https:\/\/www.gocmeniz.biz\/?cat=5"},"img":{"alt_text":"","src":"https:\/\/i0.wp.com\/www.gocmeniz.biz\/wp-content\/irandan-bulgaristana-abd-uyarisi-19707250_8244_amp.jpg?fit=1200%2C800&ssl=1&resize=350%2C200","width":350,"height":200,"srcset":"https:\/\/i0.wp.com\/www.gocmeniz.biz\/wp-content\/irandan-bulgaristana-abd-uyarisi-19707250_8244_amp.jpg?fit=1200%2C800&ssl=1&resize=350%2C200 1x, https:\/\/i0.wp.com\/www.gocmeniz.biz\/wp-content\/irandan-bulgaristana-abd-uyarisi-19707250_8244_amp.jpg?fit=1200%2C800&ssl=1&resize=525%2C300 1.5x, https:\/\/i0.wp.com\/www.gocmeniz.biz\/wp-content\/irandan-bulgaristana-abd-uyarisi-19707250_8244_amp.jpg?fit=1200%2C800&ssl=1&resize=700%2C400 2x, https:\/\/i0.wp.com\/www.gocmeniz.biz\/wp-content\/irandan-bulgaristana-abd-uyarisi-19707250_8244_amp.jpg?fit=1200%2C800&ssl=1&resize=1050%2C600 3x"},"classes":[]},{"id":2162,"url":"https:\/\/www.gocmeniz.biz\/?p=2162","url_meta":{"origin":2045,"position":4},"title":"\u0130stanbul&#8217;da 136 kilo eroin ele ge\u00e7irildi","author":"Haberci","date":"08 Temmuz 2010","format":false,"excerpt":"Elvan EZBER\/\u0130STANBUL, (DHA)\u0130stanbul Esenler'de bir otoparka d\u00fczenlenen operasyonda bir otomobilin bagaj\u0131nda valizler i\u00e7inde 136 kilogram eroin ele ge\u00e7irildi. Soru\u015fturma kapsam\u0131nda aralar\u0131nda baba ve o\u011fulun da bulundu\u011fu 4 ki\u015fi g\u00f6zalt\u0131na al\u0131nd\u0131.Narkotik Su\u00e7larla M\u00fccadele \u015eube M\u00fcd\u00fcrl\u00fc\u011f\u00fc ekipleri, do\u011fu illerinden getirilen y\u00fckl\u00fc miktarda eroinin Avrupa'ya g\u00f6t\u00fcr\u00fclece\u011fi bilgisine ula\u015ft\u0131. Yap\u0131lan teknik ve fiziki takibin\u2026","rel":"","context":"&quot;Haberler&quot; i\u00e7inde","block_context":{"text":"Haberler","link":"https:\/\/www.gocmeniz.biz\/?cat=5"},"img":{"alt_text":"","src":"","width":0,"height":0},"classes":[]},{"id":2017,"url":"https:\/\/www.gocmeniz.biz\/?p=2017","url_meta":{"origin":2045,"position":5},"title":"Bulgar Ba\u015fbakan&#8217;dan tazminat\u00e7\u0131 bakana f\u0131r\u00e7a","author":"Haberci","date":"07 Ocak 2010","format":false,"excerpt":"Bulgaristan'da, Devlet Bakan\u0131 Bojidar Dimitrov'un, \u201c1913 y\u0131l\u0131ndan sonra T\u00fcrkiye'den g\u00f6\u00e7 eden Bulgarlar\u0131n T\u00fcrkiye'de b\u0131rakmak zorunda kald\u0131klar\u0131 mal ve m\u00fclkleri i\u00e7in en az 10 milyar dolar tazminat istenece\u011fi\u201d y\u00f6n\u00fcndeki a\u00e7\u0131klamalar\u0131 h\u00fck\u00fcmet i\u00e7inde siyasi krize neden oldu. Ne h\u00fck\u00fcmetin ne de parlamentonun b\u00f6yle bir giri\u015fimi oldu\u011funu s\u00f6yleyen Ba\u015fbakan Boyko Borisov, Dimitrov\u2019u sert\u2026","rel":"","context":"&quot;Haberler&quot; i\u00e7inde","block_context":{"text":"Haberler","link":"https:\/\/www.gocmeniz.biz\/?cat=5"},"img":{"alt_text":"","src":"","width":0,"height":0},"classes":[]}],"jetpack_sharing_enabled":true,"jetpack_likes_enabled":true,"_links":{"self":[{"href":"https:\/\/www.gocmeniz.biz\/index.php?rest_route=\/wp\/v2\/posts\/2045","targetHints":{"allow":["GET"]}}],"collection":[{"href":"https:\/\/www.gocmeniz.biz\/index.php?rest_route=\/wp\/v2\/posts"}],"about":[{"href":"https:\/\/www.gocmeniz.biz\/index.php?rest_route=\/wp\/v2\/types\/post"}],"author":[{"embeddable":true,"href":"https:\/\/www.gocmeniz.biz\/index.php?rest_route=\/wp\/v2\/users\/331"}],"replies":[{"embeddable":true,"href":"https:\/\/www.gocmeniz.biz\/index.php?rest_route=%2Fwp%2Fv2%2Fcomments&post=2045"}],"version-history":[{"count":1,"href":"https:\/\/www.gocmeniz.biz\/index.php?rest_route=\/wp\/v2\/posts\/2045\/revisions"}],"predecessor-version":[{"id":8657,"href":"https:\/\/www.gocmeniz.biz\/index.php?rest_route=\/wp\/v2\/posts\/2045\/revisions\/8657"}],"wp:attachment":[{"href":"https:\/\/www.gocmeniz.biz\/index.php?rest_route=%2Fwp%2Fv2%2Fmedia&parent=2045"}],"wp:term":[{"taxonomy":"category","embeddable":true,"href":"https:\/\/www.gocmeniz.biz\/index.php?rest_route=%2Fwp%2Fv2%2Fcategories&post=2045"},{"taxonomy":"post_tag","embeddable":true,"href":"https:\/\/www.gocmeniz.biz\/index.php?rest_route=%2Fwp%2Fv2%2Ftags&post=2045"}],"curies":[{"name":"wp","href":"https:\/\/api.w.org\/{rel}","templated":true}]}}