{"id":2047,"date":"2010-01-23T08:26:32","date_gmt":"2010-01-23T06:26:32","guid":{"rendered":"http:\/\/www.gocmeniz.biz\/?p=2047"},"modified":"2026-04-03T12:25:37","modified_gmt":"2026-04-03T09:25:37","slug":"bulgaristanda-25-yasindaki-kadin-oz-torun-sahibi-oldu","status":"publish","type":"post","link":"https:\/\/www.gocmeniz.biz\/?p=2047","title":{"rendered":"Bulgaristan&#8217;da 25 ya\u015f\u0131ndaki kad\u0131n \u00f6z torun sahibi oldu"},"content":{"rendered":"<p><i>A.A.&nbsp;&nbsp;&nbsp; <\/i><br \/><b>Bulgaristan&#8217;\u0131n Filibe kentinde, hen\u00fcz 12 ya\u015f\u0131ndaki bir k\u0131z, anne oldu. K\u0131z\u0131n annesinin de 25 ya\u015f\u0131nda oldu\u011fu bildirildi.<\/b><\/p>\n<p>Filibe&#8217;de yay\u0131mlanan yerel Maritza gazetesi, Roman as\u0131ll\u0131 Naska adl\u0131 k\u0131z\u0131n normal do\u011fum yapt\u0131\u011f\u0131n\u0131 ve 2 kilogram a\u011f\u0131rl\u0131\u011f\u0131nda sa\u011fl\u0131kl\u0131 bir k\u0131z bebe\u011fi d\u00fcnyaya getirdi\u011fini aktard\u0131.<\/p>\n<p>Naska&#8217;n\u0131n annesin de 25 ya\u015f\u0131nda oldu\u011fu ve Naska&#8217;y\u0131 13 ya\u015f\u0131nda d\u00fcnyaya getirdi\u011fi bildirildi.<\/p>\n<div class=\"zemanta-pixie\"><img data-recalc-dims=\"1\"  title=\"\" decoding=\"async\" class=\"zemanta-pixie-img\"  alt=\"pixy Bulgaristan&#039;da 25 ya\u015f\u0131ndaki kad\u0131n \u00f6z torun sahibi oldu\"  src=\"https:\/\/i0.wp.com\/img.zemanta.com\/pixy.gif?w=640\" \/><\/div>\n","protected":false},"excerpt":{"rendered":"<p>A.A.&nbsp;&nbsp;&nbsp; Bulgaristan&#8217;\u0131n Filibe kentinde, hen\u00fcz 12 ya\u015f\u0131ndaki bir k\u0131z, anne oldu. K\u0131z\u0131n annesinin de 25 ya\u015f\u0131nda oldu\u011fu bildirildi. Filibe&#8217;de yay\u0131mlanan yerel Maritza gazetesi, Roman as\u0131ll\u0131 Naska adl\u0131 k\u0131z\u0131n normal do\u011fum yapt\u0131\u011f\u0131n\u0131 ve 2 kilogram a\u011f\u0131rl\u0131\u011f\u0131nda sa\u011fl\u0131kl\u0131 bir k\u0131z bebe\u011fi d\u00fcnyaya getirdi\u011fini aktard\u0131. Naska&#8217;n\u0131n annesin de 25 ya\u015f\u0131nda oldu\u011fu ve Naska&#8217;y\u0131 13 ya\u015f\u0131nda d\u00fcnyaya getirdi\u011fi bildirildi.<\/p>\n","protected":false},"author":331,"featured_media":0,"comment_status":"open","ping_status":"open","sticky":false,"template":"","format":"standard","meta":{"advanced_seo_description":"","jetpack_seo_html_title":"","jetpack_seo_noindex":false,"ngg_post_thumbnail":0,"jetpack_post_was_ever_published":false,"_jetpack_newsletter_access":"","_jetpack_dont_email_post_to_subs":false,"_jetpack_newsletter_tier_id":0,"_jetpack_memberships_contains_paywalled_content":false,"_jetpack_memberships_contains_paid_content":false,"footnotes":""},"categories":[5],"tags":[],"class_list":["post-2047","post","type-post","status-publish","format-standard","hentry","category-haberler"],"jetpack_featured_media_url":"","jetpack_shortlink":"https:\/\/wp.me\/paHHlZ-x1","jetpack-related-posts":[{"id":1850,"url":"https:\/\/www.gocmeniz.biz\/?p=1850","url_meta":{"origin":2047,"position":0},"title":"11 ya\u015f\u0131nda anne oldu !!","author":"Haberci","date":"24 Ekim 2009","format":false,"excerpt":"Bulgaristan`\u0131n Sliven kentinde, 11 ya\u015f\u0131ndaki bir k\u0131z \u00e7ocu\u011fu d\u00fcn 2.5 kilogram a\u011f\u0131rl\u0131\u011f\u0131nda sa\u011fl\u0131kl\u0131 bir bebek d\u00fcnyaya getirdi. Sliven hastanesinden yap\u0131lan a\u00e7\u0131klamada, 11 ya\u015f\u0131ndaki k\u0131z\u0131n, bebe\u011finin 19 ya\u015f\u0131ndaki babas\u0131yla evlenebilmek i\u00e7in bug\u00fcn hastaneden taburcu olmak istedi\u011fi belirtildi. B\u00f6legede erken ya\u015fta do\u011fumlar\u0131n nadir olmad\u0131\u011f\u0131 ve bu durumun doktorlar\u0131 kayg\u0131land\u0131rd\u0131\u011f\u0131 kaydedildi. \u00dclkedeki Burgaz\u2026","rel":"","context":"&quot;Haberler&quot; i\u00e7inde","block_context":{"text":"Haberler","link":"https:\/\/www.gocmeniz.biz\/?cat=5"},"img":{"alt_text":"","src":"https:\/\/i0.wp.com\/www.malatyaguncel.com\/images\/news\/34890.jpg?resize=350%2C200","width":350,"height":200},"classes":[]},{"id":19,"url":"https:\/\/www.gocmeniz.biz\/?p=19","url_meta":{"origin":2047,"position":1},"title":"\u00d6l\u00fcm \u00e7ukuru Dilara&#8217;y\u0131 yuttu","author":"Admin","date":"02 Mart 2007","format":false,"excerpt":"\u015eirinevler'de b\u00fcy\u00fck bir ihmal 5 ya\u015f\u0131ndaki k\u0131z \u00e7ocu\u011funun hayat\u0131na mal oldu. \u00dczeri betonla kapat\u0131lmas\u0131 gerekirken mukavvayla yetinilen r\u00f6gar \u00e7ukuruna d\u00fc\u015fen Dilara Dumru, 3 kilometre s\u00fcr\u00fcklenip \u00f6ld\u00fc. K\u00fc\u00e7\u00fck k\u0131z\u0131n cesedi Atak\u00f6y'deki dereden \u00e7\u0131kt\u0131.","rel":"","context":"&quot;Haberler&quot; i\u00e7inde","block_context":{"text":"Haberler","link":"https:\/\/www.gocmeniz.biz\/?cat=5"},"img":{"alt_text":"","src":"","width":0,"height":0},"classes":[]},{"id":2029,"url":"https:\/\/www.gocmeniz.biz\/?p=2029","url_meta":{"origin":2047,"position":2},"title":"Bulgaristan&#8217;daki &#8220;Erken ya\u015fta annelik sorunu&#8221;na e\u011fitimle \u00e7\u00f6z\u00fcm aranacak","author":"Haberci","date":"11 Ocak 2010","format":false,"excerpt":"\u00dclkede re\u015fit olmayan 16 ya\u015f\u0131n alt\u0131ndaki gen\u00e7ler, tecr\u00fcbesizlik ve sorumsuzluk nedeniyle erken ya\u015fta do\u011fum yap\u0131yor. \u00dclke genelinde kimsesiz \u00e7ocuklar yurtlar\u0131nda \u015fuan itibar\u0131 ile 16 ya\u015f\u0131ndan k\u00fc\u00e7\u00fck k\u0131zlar\u0131n d\u00fcnyaya getirdi\u011fi yakla\u015f\u0131k 250 bebek kal\u0131yor. Yakla\u015f\u0131k bir y\u0131l \u00f6nce 12 ya\u015f\u0131ndaki bir k\u0131z\u0131n do\u011fum yapmas\u0131 herkesi \u015fa\u015f\u0131rtm\u0131\u015ft\u0131.\u00a0 Daha sonra \u00fczerinden birka\u00e7 ay\u2026","rel":"","context":"&quot;Haberler&quot; i\u00e7inde","block_context":{"text":"Haberler","link":"https:\/\/www.gocmeniz.biz\/?cat=5"},"img":{"alt_text":"","src":"","width":0,"height":0},"classes":[]},{"id":1755,"url":"https:\/\/www.gocmeniz.biz\/?p=1755","url_meta":{"origin":2047,"position":3},"title":"G\u0131rnata \u00dc\u00e7l\u00fcs\u00fc","author":"Haberci","date":"02 Eyl\u00fcl 2009","format":false,"excerpt":"Life Roof 04 Eyl\u00fcl 2009 21:30 Klarnet virt\u00fc\u00f6zleri\u00a0 GIRNATA \u00dc\u00c7L\u00dcS\u00dc \u00c7orlulu Sava\u015f ve Serdar Say\u0131n h\u0131z konusunda bir anla\u015fmaya varamad\u0131klar\u0131 i\u00e7in \u00c7atalcal\u0131 \u00d6zkan'\u0131 da aralar\u0131na eklediler... \u00dc\u00e7 klarnet\u00e7i ne gibi bir i\u015f yaparlar dersiniz? Bu \u00fc\u00e7 klarnet\u00e7i ger\u00e7ekten ak\u0131l kar\u0131 bir i\u015f yapm\u0131yorlar... Bir b\u00fcy\u00fc yap\u0131yorlar, herkesi kendilerine \u00e7ekip sonrada\u2026","rel":"","context":"&quot;Etkinlik&quot; i\u00e7inde","block_context":{"text":"Etkinlik","link":"https:\/\/www.gocmeniz.biz\/?cat=26"},"img":{"alt_text":"","src":"","width":0,"height":0},"classes":[]},{"id":176,"url":"https:\/\/www.gocmeniz.biz\/?p=176","url_meta":{"origin":2047,"position":4},"title":"T\u00fcrk Hekimlerinin Sorumluluk Duygusu Bulgaristanl\u0131lar\u0131 \u015ea\u015f\u0131rtt\u0131","author":"Admin","date":"05 Eyl\u00fcl 2007","format":false,"excerpt":"Nazilli'nin d\u00fc\u015fman i\u015fgalinden kurtulu\u015f y\u0131l d\u00f6n\u00fcm\u00fc kutlamalar\u0131na Bulgaristan'\u0131n halk oyunlar\u0131n\u0131 sergilemek i\u00e7in kat\u0131lan bir k\u0131z \u00f6\u011frenci fenala\u015farak hastaneye kald\u0131r\u0131ld\u0131. Hastanede doktor kontrol\u00fcnden ge\u00e7irilen \u00f6\u011frencinin apandisit ameliyat\u0131 olmas\u0131 gerekti\u011fi anla\u015f\u0131ld\u0131. Bunun \u00fczerine Nazilli Devlet Hastanesinde ameliyat olan \u00f6\u011frencinin durumunun iyi oldu\u011fu bildirildi. Ameliyat sonras\u0131 \u00e7ok \u015fa\u015f\u0131rd\u0131klar\u0131n\u0131 belirten Bulgaristan Halk Oyunlar\u0131 Ekibi\u2026","rel":"","context":"&quot;Haberler&quot; i\u00e7inde","block_context":{"text":"Haberler","link":"https:\/\/www.gocmeniz.biz\/?cat=5"},"img":{"alt_text":"","src":"https:\/\/i0.wp.com\/resimler.haberler.com\/haber\/022\/turk-hekimlerinin-sorumluluk-duygusu_o.jpg?resize=350%2C200","width":350,"height":200},"classes":[]},{"id":120,"url":"https:\/\/www.gocmeniz.biz\/?p=120","url_meta":{"origin":2047,"position":5},"title":"UYUSTURUCU KURYEL\u0130\u011e\u0130 YAPAN BULGARISTAN T\u00dcRK\u00dc \u0130STANBUL&#8217;DA YAKALANDI","author":"Admin","date":"09 Temmuz 2007","format":false,"excerpt":"Bulgaristan vatanda\u015f\u0131 \u00fcniversiteli bir k\u0131z ve 2 arkada\u015f\u0131, uyu\u015fturucu kuryeli\u011fi yapt\u0131klar\u0131 gerek\u00e7esiyle \u0130stanbul'da g\u00f6zalt\u0131na al\u0131nd\u0131. Atat\u00fcrk Havaliman\u0131'nda yakalanan zanl\u0131lar, \u0130talya'ya g\u00f6t\u00fcrmek istedikleri 36 kilogram eroinle ele ge\u00e7irildi. Edinilen bilgiye g\u00f6re, \u0130talya'ya gitmek \u00fczere geldikleri havaliman\u0131nda X-Ray cihaz\u0131ndan ge\u00e7en 3 ki\u015finin durumundan \u015f\u00fcphelenen polis, yolculardan bagajlar\u0131n\u0131 a\u00e7malar\u0131n\u0131 istedi. Yap\u0131lan aramalarda, bagajlar\u0131n\u2026","rel":"","context":"&quot;Haberler&quot; i\u00e7inde","block_context":{"text":"Haberler","link":"https:\/\/www.gocmeniz.biz\/?cat=5"},"img":{"alt_text":"","src":"","width":0,"height":0},"classes":[]}],"jetpack_sharing_enabled":true,"jetpack_likes_enabled":true,"_links":{"self":[{"href":"https:\/\/www.gocmeniz.biz\/index.php?rest_route=\/wp\/v2\/posts\/2047","targetHints":{"allow":["GET"]}}],"collection":[{"href":"https:\/\/www.gocmeniz.biz\/index.php?rest_route=\/wp\/v2\/posts"}],"about":[{"href":"https:\/\/www.gocmeniz.biz\/index.php?rest_route=\/wp\/v2\/types\/post"}],"author":[{"embeddable":true,"href":"https:\/\/www.gocmeniz.biz\/index.php?rest_route=\/wp\/v2\/users\/331"}],"replies":[{"embeddable":true,"href":"https:\/\/www.gocmeniz.biz\/index.php?rest_route=%2Fwp%2Fv2%2Fcomments&post=2047"}],"version-history":[{"count":1,"href":"https:\/\/www.gocmeniz.biz\/index.php?rest_route=\/wp\/v2\/posts\/2047\/revisions"}],"predecessor-version":[{"id":8940,"href":"https:\/\/www.gocmeniz.biz\/index.php?rest_route=\/wp\/v2\/posts\/2047\/revisions\/8940"}],"wp:attachment":[{"href":"https:\/\/www.gocmeniz.biz\/index.php?rest_route=%2Fwp%2Fv2%2Fmedia&parent=2047"}],"wp:term":[{"taxonomy":"category","embeddable":true,"href":"https:\/\/www.gocmeniz.biz\/index.php?rest_route=%2Fwp%2Fv2%2Fcategories&post=2047"},{"taxonomy":"post_tag","embeddable":true,"href":"https:\/\/www.gocmeniz.biz\/index.php?rest_route=%2Fwp%2Fv2%2Ftags&post=2047"}],"curies":[{"name":"wp","href":"https:\/\/api.w.org\/{rel}","templated":true}]}}