{"id":2053,"date":"2010-01-25T17:02:56","date_gmt":"2010-01-25T15:02:56","guid":{"rendered":"http:\/\/www.gocmeniz.biz\/?p=2053"},"modified":"2026-04-03T12:17:06","modified_gmt":"2026-04-03T09:17:06","slug":"yunan-ciftcilerin-ablukasi-yeniden-basladi","status":"publish","type":"post","link":"https:\/\/www.gocmeniz.biz\/?p=2053","title":{"rendered":"Yunan \u00e7ift\u00e7ilerin ablukas\u0131 yeniden ba\u015flad\u0131"},"content":{"rendered":"<p><b>Yunanistan;\u0131n tar\u0131m sekt\u00f6r\u00fcndeki politikas\u0131n\u0131 protesto eden \u00e7ift\u00e7iler, Bulgaristan s\u0131n\u0131r\u0131ndaki kap\u0131larda ticari ta\u015f\u0131mac\u0131l\u0131\u011f\u0131 durduran eyleme, k\u0131sa bir aradan sonra yeniden ba\u015flad\u0131.<\/b><\/p>\n<p>\u0130ki \u00fclke aras\u0131nda ticari ge\u00e7i\u015flerin \u00f6ncelikli olarak yap\u0131ld\u0131\u011f\u0131 Promahon-Kulata s\u0131n\u0131r kap\u0131s\u0131n\u0131n yeniden abluka alt\u0131na al\u0131nd\u0131\u011f\u0131 bildirildi.<\/p>\n<p>Bulgaristan ile Yunanistan aras\u0131ndaki di\u011fer 3 s\u0131n\u0131r kap\u0131s\u0131nda otob\u00fcs ve \u00f6zel ara\u00e7lar\u0131n ge\u00e7i\u015flerine izin verildi\u011fi ancak nakliye ara\u00e7lar\u0131na y\u00f6nelik, ticareti felce u\u011fratan engelin s\u00fcrd\u00fcr\u00fcld\u00fc\u011f\u00fc belirtildi. S\u0131n\u0131r\u0131n Bulgar taraf\u0131nda bekleyen TIR say\u0131s\u0131n\u0131n 250&#8217;ye ula\u015ft\u0131\u011f\u0131 \u00f6\u011frenildi.<\/p>\n<p>Bulgaristan Ba\u015fbakan\u0131 Boyko Borisov;un cuma ak\u015fam\u0131 helikopter ile Kulata s\u0131n\u0131r kap\u0131s\u0131na inerek protestocular\u0131n s\u0131n\u0131r\u0131n iki taraf\u0131nda bekleyen y\u00fczlerce TIR&#8217;da a\u00e7l\u0131k \u00e7eken \u015fof\u00f6rlere ac\u0131malar\u0131 ve ablukalar\u0131n\u0131 kald\u0131rmalar\u0131n\u0131 rica etmi\u015fti.<\/p>\n<p>Ba\u015fbakan Borisov, cuma ak\u015fam\u0131 Kulata&#8217;da bekleyen 200\u2013300 \u015fof\u00f6r\u00fcn durumunu hafifletmek i\u00e7in elinden geleni yapt\u0131\u011f\u0131n\u0131 ve ge\u00e7ici bir koridor a\u00e7t\u0131rmay\u0131 ba\u015fard\u0131\u011f\u0131n\u0131 ifade ederek, L\u00fcksemburg;daki Avrupa Mahkemesi;nde Yunanistan;a kar\u015f\u0131 dava a\u00e7t\u0131rma prosed\u00fcr\u00fcn\u00fc harekete ge\u00e7irdi\u011fini s\u00f6yledi.<!--more--><\/p>\n<p>Bulgaristan;\u0131n Selanik Ba\u015fkonsolosu L\u0131\u00e7ezar Petkov, Yunan \u00e7ift\u00e7ileri ile diyalo\u011fun zor oldu\u011funu an\u0131msatarak, ablukaya verilen aran\u0131n uzun s\u00fcrmeyece\u011fine i\u015faret etmi\u015fti.<\/p>\n<p>Bu arada Sofya&#8217;da \u00e7\u0131kan Sega gazetesi Bulgaristan;\u0131n L\u00fcksemburg;da AB mahkemesinde ba\u015flatt\u0131\u011f\u0131 tazminat davas\u0131n\u0131n sonu\u00e7 vermeyece\u011fini yazd\u0131. Gazete, bir haftad\u0131r s\u00fcren Yunan abluka eylemleri i\u00e7in g\u00fcnl\u00fck 3 milyon avro tazminat talebini inceleyen mahkeme yetkililerinin Bulgar taraf\u0131n\u0131n bunu direkt Yunanistan;dan talep etmesini \u00f6nerdi\u011fini yazd\u0131.<\/p>\n<div class=\"zemanta-pixie\"><img data-recalc-dims=\"1\"  title=\"\" decoding=\"async\" class=\"zemanta-pixie-img\"  alt=\"pixy Yunan \u00e7ift\u00e7ilerin ablukas\u0131 yeniden ba\u015flad\u0131\"  src=\"https:\/\/i0.wp.com\/img.zemanta.com\/pixy.gif?w=640\" \/><\/div>\n","protected":false},"excerpt":{"rendered":"<p>Yunanistan;\u0131n tar\u0131m sekt\u00f6r\u00fcndeki politikas\u0131n\u0131 protesto eden \u00e7ift\u00e7iler, Bulgaristan s\u0131n\u0131r\u0131ndaki kap\u0131larda ticari ta\u015f\u0131mac\u0131l\u0131\u011f\u0131 durduran eyleme, k\u0131sa bir aradan sonra yeniden ba\u015flad\u0131. \u0130ki \u00fclke aras\u0131nda ticari ge\u00e7i\u015flerin \u00f6ncelikli olarak yap\u0131ld\u0131\u011f\u0131 Promahon-Kulata s\u0131n\u0131r kap\u0131s\u0131n\u0131n yeniden abluka alt\u0131na al\u0131nd\u0131\u011f\u0131 bildirildi. Bulgaristan ile Yunanistan aras\u0131ndaki di\u011fer 3 s\u0131n\u0131r kap\u0131s\u0131nda otob\u00fcs ve \u00f6zel ara\u00e7lar\u0131n ge\u00e7i\u015flerine izin verildi\u011fi ancak nakliye ara\u00e7lar\u0131na y\u00f6nelik, [&hellip;]<\/p>\n","protected":false},"author":331,"featured_media":0,"comment_status":"open","ping_status":"open","sticky":false,"template":"","format":"standard","meta":{"advanced_seo_description":"","jetpack_seo_html_title":"","jetpack_seo_noindex":false,"ngg_post_thumbnail":0,"jetpack_post_was_ever_published":false,"_jetpack_newsletter_access":"","_jetpack_dont_email_post_to_subs":false,"_jetpack_newsletter_tier_id":0,"_jetpack_memberships_contains_paywalled_content":false,"_jetpack_memberships_contains_paid_content":false,"footnotes":""},"categories":[5],"tags":[],"class_list":["post-2053","post","type-post","status-publish","format-standard","hentry","category-haberler"],"jetpack_featured_media_url":"","jetpack_shortlink":"https:\/\/wp.me\/paHHlZ-x7","jetpack-related-posts":[{"id":784,"url":"https:\/\/www.gocmeniz.biz\/?p=784","url_meta":{"origin":2053,"position":0},"title":"Bulgaristan ile Yunanistan aras\u0131nda kriz","author":"Haberci","date":"25 Ocak 2009","format":false,"excerpt":"Yunan \u00e7ift\u00e7ilerin s\u00fcrd\u00fcrd\u00fc\u011f\u00fc grev nedeniyle Bulgaristan\u2013Yunanistan s\u0131n\u0131r\u0131ndaki t\u00fcm kap\u0131lar\u0131n ku\u015fat\u0131lmas\u0131 ve giri\u015f \u00e7\u0131k\u0131\u015flar\u0131n engellenmesi \u00fczerine Bulgaristan'\u0131n, Yunanistan'a protesto notas\u0131 verdi\u011fi bildirildi.Bulgaristan Ula\u015ft\u0131rma Bakanl\u0131\u011f\u0131 Bas\u0131n Merkezi'nin a\u00e7\u0131klamaya g\u00f6re, Yunanistan'\u0131n Sofya B\u00fcy\u00fckel\u00e7ili\u011fine verilen notada, Yunan taraf\u0131n\u0131n iki \u00fclke aras\u0131ndaki t\u00fcm kara ba\u011flant\u0131lar\u0131n\u0131 bloke etmesinin \u015fiddetle k\u0131nand\u0131\u011f\u0131 kaydedildi.Notada, \"Kara yolundan iki \u00fclke aras\u0131nda\u2026","rel":"","context":"&quot;Haberler&quot; i\u00e7inde","block_context":{"text":"Haberler","link":"https:\/\/www.gocmeniz.biz\/?cat=5"},"img":{"alt_text":"","src":"","width":0,"height":0},"classes":[]},{"id":2043,"url":"https:\/\/www.gocmeniz.biz\/?p=2043","url_meta":{"origin":2053,"position":1},"title":"Yunanistan-Bulgaristan aras\u0131nda yeni s\u0131n\u0131r kap\u0131s\u0131 a\u00e7\u0131ld\u0131","author":"Haberci","date":"18 Ocak 2010","format":false,"excerpt":"A.A. \u00a0\u00a0\u00a0 Yunanistan ile Bulgaristan aras\u0131nda, Bat\u0131 Trakya'n\u0131n \u0130ske\u00e7e b\u00f6lgesinde \"Ayos Kostantinos\" adl\u0131 yeni s\u0131n\u0131r kap\u0131s\u0131 a\u00e7\u0131ld\u0131.\u0130ske\u00e7e'ye ba\u011fl\u0131 Il\u0131ca k\u00f6y\u00fc yak\u0131nlar\u0131ndaki s\u0131n\u0131r kap\u0131s\u0131, iki \u00fclkenin ba\u015fbakanlar\u0131n\u0131n kat\u0131ld\u0131\u011f\u0131 t\u00f6renle bug\u00fcn hizmete girdi.\u0130ske\u00e7e'yi, Zlatograd ile Filibe'ye ba\u011flayan yeni otoyol \u00fczerinde bulunan s\u0131n\u0131r kap\u0131s\u0131n\u0131n a\u00e7\u0131l\u0131\u015f\u0131nda konu\u015fan Yunanistan Ba\u015fbakan\u0131 Yorgo Papandreu, \"yeni s\u0131n\u0131r kap\u0131s\u0131n\u0131n,\u2026","rel":"","context":"&quot;Haberler&quot; i\u00e7inde","block_context":{"text":"Haberler","link":"https:\/\/www.gocmeniz.biz\/?cat=5"},"img":{"alt_text":"","src":"","width":0,"height":0},"classes":[]},{"id":1628,"url":"https:\/\/www.gocmeniz.biz\/?p=1628","url_meta":{"origin":2053,"position":2},"title":"Gurbet\u00e7inin d\u00f6n\u00fc\u015f\u00fc \u00e7ileli ba\u015flad\u0131 Kap\u0131kule`de 3 kilometrelik kuyruk","author":"Haberci","date":"01 A\u011fustos 2009","format":false,"excerpt":"Tatillerini T\u00fcrkiye`de ge\u00e7iren gurbet\u00e7ilerin Avrupa`ya yeniden d\u00f6n\u00fc\u015fleri \u00e7ileli oluyor. Bulgaristan s\u0131n\u0131r kap\u0131s\u0131ndaki g\u00fcmr\u00fc\u011f\u00fcn gurbet\u00e7i ara\u00e7lar\u0131n\u0131 tek tek alarak s\u0131k\u0131 aramadan ge\u00e7irmesi, gurbet\u00e7ilerin d\u00f6n\u00fc\u015f\u00fcn\u00fc \u00e7ileye d\u00f6n\u00fc\u015ft\u00fcrd\u00fc.Bulgaristan`\u0131n bu uygulamas\u0131 sebebiyle binlerce gurbet\u00e7i arac\u0131, Kap\u0131kule G\u00fcmr\u00fck Sahas\u0131`n\u0131n T\u00fcrk taraf\u0131nda beklemek zorunda kal\u0131yor. Saatlerce ara\u00e7lar\u0131nda s\u0131ran\u0131n kendilerine gelmesini bekleyen gurbet\u00e7ilere, Bulgar yetkilileriyle g\u00f6r\u00fc\u015fmelerin yap\u0131ld\u0131\u011f\u0131na\u2026","rel":"","context":"&quot;Haberler&quot; i\u00e7inde","block_context":{"text":"Haberler","link":"https:\/\/www.gocmeniz.biz\/?cat=5"},"img":{"alt_text":"","src":"","width":0,"height":0},"classes":[]},{"id":2080,"url":"https:\/\/www.gocmeniz.biz\/?p=2080","url_meta":{"origin":2053,"position":3},"title":"Kap\u0131kule S\u0131n\u0131r Kap\u0131s\u0131 Ula\u015f\u0131ma A\u00e7\u0131ld\u0131","author":"Haberci","date":"19 \u015eubat 2010","format":false,"excerpt":"Meri\u00e7 Nehri'nin ta\u015fmas\u0131 sonucu ula\u015f\u0131ma kapat\u0131lan Kap\u0131kule S\u0131n\u0131r Kap\u0131s\u0131, sabah saatlerinden itibaren ula\u015f\u0131ma a\u00e7\u0131ld\u0131.Ta\u015fan Meri\u00e7 Nehri, uluslararas\u0131 karayollar\u0131nda da ula\u015f\u0131m\u0131 olumsuz etkiledi. Bulgaristan taraf\u0131nda ya\u015fanan ta\u015fk\u0131nlar nedeniyle Kap\u0131kule S\u0131n\u0131r Kap\u0131s\u0131 b\u00fcy\u00fck ve k\u00fc\u00e7\u00fck ara\u00e7 trafi\u011fine kapat\u0131lm\u0131\u015ft\u0131. Nehirdeki su seviyesinin d\u00fc\u015fmeye ba\u015flamas\u0131yla birlikte Bulgar taraf\u0131 ara\u00e7lar\u0131n ge\u00e7i\u015fine izin verdi. Son durumu\u2026","rel":"","context":"&quot;Haberler&quot; i\u00e7inde","block_context":{"text":"Haberler","link":"https:\/\/www.gocmeniz.biz\/?cat=5"},"img":{"alt_text":"","src":"","width":0,"height":0},"classes":[]},{"id":1086,"url":"https:\/\/www.gocmeniz.biz\/?p=1086","url_meta":{"origin":2053,"position":4},"title":"BULGAR\u0130STAN, T\u00dcRK \u0130HRACAT TIR&#8217;INA &#8216;VERG\u0130S\u0130Z AKARYAKIT&#8217; \u0130\u00c7\u0130N KAPIYI A\u00c7IYOR","author":"Haberci","date":"20 Nisan 2009","format":false,"excerpt":"T\u00fcrk TIR\u2019lar\u0131n\u0131n Kap\u0131kule\u2019den, en fazla 200 litre yak\u0131tla ge\u00e7mesine izin veren Bulgaristan, Devlet Bakan\u0131 K\u00fcr\u015fad T\u00fczmen\u2019in sorunu Sofya\u2019daki temaslarda dile getirmesi sonras\u0131 geri ad\u0131m atmaya ikna oldu.Kap\u0131kule\u2019de, T\u00fcrk taraf\u0131ndaki akaryak\u0131t istasyonunda ihracat TIR\u2019lar\u0131na 550 litreye kadar vergisiz (litresi yakla\u015f\u0131k 1 TL\u2019ye) yak\u0131t sat\u0131l\u0131yor. Ancak; Bulgaristan, AB ile ilgili d\u00fczenlemeleri gerek\u00e7e\u2026","rel":"","context":"&quot;Haberler&quot; i\u00e7inde","block_context":{"text":"Haberler","link":"https:\/\/www.gocmeniz.biz\/?cat=5"},"img":{"alt_text":"","src":"","width":0,"height":0},"classes":[]},{"id":2720,"url":"https:\/\/www.gocmeniz.biz\/?p=2720","url_meta":{"origin":2053,"position":5},"title":"Yunanistan ve Bulgaristan s\u0131n\u0131r kap\u0131lar\u0131 kapat\u0131l\u0131yor","author":"Haberci","date":"18 Mart 2020","format":false,"excerpt":"Yunanistan ve Bulgaristan'a a\u00e7\u0131lan s\u0131n\u0131r kap\u0131lar\u0131, koronavir\u00fcs (Kovid-19) \u00f6nlemleri kapsam\u0131nda yolcu giri\u015f ve \u00e7\u0131k\u0131\u015flar\u0131na kapat\u0131ld\u0131. Al\u0131nan bilgiye g\u00f6re,\u00a0Yunanistan'a a\u00e7\u0131lan Pazarkule, \u0130psala kara hudut ve Uzunk\u00f6pr\u00fc\u00a0demir\u00a0yolu hudut kap\u0131lar\u0131 ile Bulgaristan'a a\u00e7\u0131lan Derek\u00f6y, Hamzabeyli ve Kap\u0131kule kara hudut kap\u0131lar\u0131ndan yolcu giri\u015f \u00e7\u0131k\u0131\u015f\u0131 yap\u0131lmayacak. Yunanistan ana karas\u0131 ya da Yunan adalar\u0131ndan deniz vas\u0131talar\u0131yla\u00a0T\u00fcrkiye'ye\u2026","rel":"","context":"&quot;Haberler&quot; i\u00e7inde","block_context":{"text":"Haberler","link":"https:\/\/www.gocmeniz.biz\/?cat=5"},"img":{"alt_text":"","src":"https:\/\/i0.wp.com\/www.gocmeniz.biz\/wp-content\/5e7232eb214ed821a0f528db.jpg?fit=650%2C325&ssl=1&resize=350%2C200","width":350,"height":200,"srcset":"https:\/\/i0.wp.com\/www.gocmeniz.biz\/wp-content\/5e7232eb214ed821a0f528db.jpg?fit=650%2C325&ssl=1&resize=350%2C200 1x, https:\/\/i0.wp.com\/www.gocmeniz.biz\/wp-content\/5e7232eb214ed821a0f528db.jpg?fit=650%2C325&ssl=1&resize=525%2C300 1.5x"},"classes":[]}],"jetpack_sharing_enabled":true,"jetpack_likes_enabled":true,"_links":{"self":[{"href":"https:\/\/www.gocmeniz.biz\/index.php?rest_route=\/wp\/v2\/posts\/2053","targetHints":{"allow":["GET"]}}],"collection":[{"href":"https:\/\/www.gocmeniz.biz\/index.php?rest_route=\/wp\/v2\/posts"}],"about":[{"href":"https:\/\/www.gocmeniz.biz\/index.php?rest_route=\/wp\/v2\/types\/post"}],"author":[{"embeddable":true,"href":"https:\/\/www.gocmeniz.biz\/index.php?rest_route=\/wp\/v2\/users\/331"}],"replies":[{"embeddable":true,"href":"https:\/\/www.gocmeniz.biz\/index.php?rest_route=%2Fwp%2Fv2%2Fcomments&post=2053"}],"version-history":[{"count":1,"href":"https:\/\/www.gocmeniz.biz\/index.php?rest_route=\/wp\/v2\/posts\/2053\/revisions"}],"predecessor-version":[{"id":8655,"href":"https:\/\/www.gocmeniz.biz\/index.php?rest_route=\/wp\/v2\/posts\/2053\/revisions\/8655"}],"wp:attachment":[{"href":"https:\/\/www.gocmeniz.biz\/index.php?rest_route=%2Fwp%2Fv2%2Fmedia&parent=2053"}],"wp:term":[{"taxonomy":"category","embeddable":true,"href":"https:\/\/www.gocmeniz.biz\/index.php?rest_route=%2Fwp%2Fv2%2Fcategories&post=2053"},{"taxonomy":"post_tag","embeddable":true,"href":"https:\/\/www.gocmeniz.biz\/index.php?rest_route=%2Fwp%2Fv2%2Ftags&post=2053"}],"curies":[{"name":"wp","href":"https:\/\/api.w.org\/{rel}","templated":true}]}}