{"id":2055,"date":"2010-01-30T08:13:43","date_gmt":"2010-01-30T06:13:43","guid":{"rendered":"http:\/\/www.gocmeniz.biz\/?p=2055"},"modified":"2026-04-03T12:25:37","modified_gmt":"2026-04-03T09:25:37","slug":"borisov-da-patrikle-gorusecek","status":"publish","type":"post","link":"https:\/\/www.gocmeniz.biz\/?p=2055","title":{"rendered":"Borisov da Patrikle G\u00f6r\u00fc\u015fecek"},"content":{"rendered":"<p><b>Bulgaristan Ba\u015fbakan\u0131 Boyko Borisov, bug\u00fcnden ba\u015flayarak ger\u00e7ekle\u015ftirece\u011fi T\u00fcrkiye ziyareti s\u0131ras\u0131nda \u0130stanbul&#8217;da Fener Rum Patri\u011fi Bartolomeus ile de bir araya gelecek.<\/b><\/p>\n<p>Boyko Borisov, Ankara&#8217;da g\u00f6r\u00fc\u015fmelerinin ard\u0131ndan yar\u0131n ge\u00e7ece\u011fi \u0130stanbul&#8217;da St. Stefan Kilisesi&#8217;ni ziyaret edecek. Bulgar bas\u0131n\u0131na g\u00f6re, Borisov, \u0130stanbul&#8217;da ayr\u0131ca Fener Rum Patri\u011fi Bartolomeus ile de g\u00f6r\u00fc\u015fecek. (ANKA)<\/p>\n<div class=\"zemanta-pixie\"><img data-recalc-dims=\"1\"  title=\"\" decoding=\"async\" class=\"zemanta-pixie-img\"  alt=\"pixy Borisov da Patrikle G\u00f6r\u00fc\u015fecek\"  src=\"https:\/\/i0.wp.com\/img.zemanta.com\/pixy.gif?w=640\" \/><\/div>\n","protected":false},"excerpt":{"rendered":"<p>Bulgaristan Ba\u015fbakan\u0131 Boyko Borisov, bug\u00fcnden ba\u015flayarak ger\u00e7ekle\u015ftirece\u011fi T\u00fcrkiye ziyareti s\u0131ras\u0131nda \u0130stanbul&#8217;da Fener Rum Patri\u011fi Bartolomeus ile de bir araya gelecek. Boyko Borisov, Ankara&#8217;da g\u00f6r\u00fc\u015fmelerinin ard\u0131ndan yar\u0131n ge\u00e7ece\u011fi \u0130stanbul&#8217;da St. Stefan Kilisesi&#8217;ni ziyaret edecek. Bulgar bas\u0131n\u0131na g\u00f6re, Borisov, \u0130stanbul&#8217;da ayr\u0131ca Fener Rum Patri\u011fi Bartolomeus ile de g\u00f6r\u00fc\u015fecek. (ANKA)<\/p>\n","protected":false},"author":331,"featured_media":0,"comment_status":"open","ping_status":"open","sticky":false,"template":"","format":"standard","meta":{"advanced_seo_description":"","jetpack_seo_html_title":"","jetpack_seo_noindex":false,"ngg_post_thumbnail":0,"jetpack_post_was_ever_published":false,"_jetpack_newsletter_access":"","_jetpack_dont_email_post_to_subs":false,"_jetpack_newsletter_tier_id":0,"_jetpack_memberships_contains_paywalled_content":false,"_jetpack_memberships_contains_paid_content":false,"footnotes":""},"categories":[5],"tags":[],"class_list":["post-2055","post","type-post","status-publish","format-standard","hentry","category-haberler"],"jetpack_featured_media_url":"","jetpack_shortlink":"https:\/\/wp.me\/paHHlZ-x9","jetpack-related-posts":[{"id":2646,"url":"https:\/\/www.gocmeniz.biz\/?p=2646","url_meta":{"origin":2055,"position":0},"title":"Bulgaristan Ba\u015fbakan\u0131 Borisov&#8217;dan &#8216;Demir Kilise&#8217; te\u015fekk\u00fcr\u00fc.","author":"Haberci","date":"15 \u015eubat 2019","format":false,"excerpt":"Bulgaristan Ba\u015fbakan\u0131 Boyko Borisov, \u0130stanbul'da restore edilerek 7 Ocak 2018'de a\u00e7\u0131lan ve 'Demir Kilise' olarak bilinen Sveti Stefan Kilise'nin restorasyon \u00e7al\u0131\u015fmalar\u0131n\u0131 y\u00fcr\u00fcten mimar Fikriye Bulunmaz'\u0131, ba\u015fkent Sofya'da kabul ederek, te\u015fekk\u00fcr etti. Demir Kilise'nin restorasyonunda \u00e7al\u0131\u015fan t\u00fcm ekibe katk\u0131lar\u0131ndan dolay\u0131 te\u015fekk\u00fcr eden Borisov, \"Kilise g\u00fcn\u00fcm\u00fczde hizmete a\u00e7\u0131k, m\u00fccevher gibi parlayan bir\u2026","rel":"","context":"&quot;Haberler&quot; i\u00e7inde","block_context":{"text":"Haberler","link":"https:\/\/www.gocmeniz.biz\/?cat=5"},"img":{"alt_text":"","src":"https:\/\/i0.wp.com\/www.gocmeniz.biz\/wp-content\/640xauto.jpg?fit=640%2C477&ssl=1&resize=350%2C200","width":350,"height":200,"srcset":"https:\/\/i0.wp.com\/www.gocmeniz.biz\/wp-content\/640xauto.jpg?fit=640%2C477&ssl=1&resize=350%2C200 1x, https:\/\/i0.wp.com\/www.gocmeniz.biz\/wp-content\/640xauto.jpg?fit=640%2C477&ssl=1&resize=525%2C300 1.5x"},"classes":[]},{"id":1579,"url":"https:\/\/www.gocmeniz.biz\/?p=1579","url_meta":{"origin":2055,"position":1},"title":"Yunan Filarmoni Orkestras\u0131 Sar\u0131yer`de Konser Verecek","author":"Haberci","date":"23 Temmuz 2009","format":false,"excerpt":"Yunanistan`\u0131n Egion kenti filarmoni orkestras\u0131 Efterpi, 29 Temmuz \u00c7ar\u015famba g\u00fcn\u00fc Sar\u0131yer`de konser verecek.Sar\u0131yer Belediyesi`nden yap\u0131lan yaz\u0131l\u0131 a\u00e7\u0131klamaya g\u00f6re, belediye ile Sar\u0131yer Rum Cemaat Vak\u0131flar\u0131 taraf\u0131ndan d\u00fczenlenen konser, Sar\u0131yer`deki Dar\u00fcl\u015fafaka Tesisleri Anfi Tiyatrosu`nda yap\u0131lacak. Konsere, Fener Rum Patri\u011fi Bartholomeos ile Ermeni Patrik Vekili Aram Ate\u015f ba\u015fta olmak \u00fczere sanat ve siyaset\u2026","rel":"","context":"&quot;Haberler&quot; i\u00e7inde","block_context":{"text":"Haberler","link":"https:\/\/www.gocmeniz.biz\/?cat=5"},"img":{"alt_text":"","src":"","width":0,"height":0},"classes":[]},{"id":1599,"url":"https:\/\/www.gocmeniz.biz\/?p=1599","url_meta":{"origin":2055,"position":2},"title":"Bulgaristan&#8217;da Borisov d\u00f6nemi ba\u015flad\u0131","author":"Haberci","date":"28 Temmuz 2009","format":false,"excerpt":"Bulgaristan'da 7 Temmuzda yap\u0131lan parlamento se\u00e7imini kazanan GERB (arma) partisinin fahri ba\u015fkan\u0131, Sofya Belediye Ba\u015fkan\u0131 Boyko Borisov'un (50) kurdu\u011fu 16 bakandan olu\u015fan yeni Bulgaristan h\u00fck\u00fcmeti parlamentoda g\u00fcvenoyu ald\u0131. Borisov'un kurdu\u011fu az\u0131nl\u0131k h\u00fck\u00fcmeti i\u00e7in yap\u0131lan g\u00fcven oylamas\u0131na 240 milletvekili kat\u0131ld\u0131. H\u00fck\u00fcmet 77'ye kar\u015f\u0131 162 milletvekilinin deste\u011fiyle g\u00fcvenoyu al\u0131rken, bir milletvekili \u00e7ekimser\u2026","rel":"","context":"&quot;Haberler&quot; i\u00e7inde","block_context":{"text":"Haberler","link":"https:\/\/www.gocmeniz.biz\/?cat=5"},"img":{"alt_text":"","src":"","width":0,"height":0},"classes":[]},{"id":2072,"url":"https:\/\/www.gocmeniz.biz\/?p=2072","url_meta":{"origin":2055,"position":3},"title":"Trakya\u2019da ya\u015fam fel\u00e7 oldu","author":"Haberci","date":"16 \u015eubat 2010","format":false,"excerpt":"Edirne\u2019de \u00f6nceki gece ba\u015flayan ve d\u00fcn sabah saatlerinde \u015fiddetini artt\u0131ran sa\u011fanak nedeniyle O\u011fulpa\u015fa Deresi ta\u015ft\u0131.Dere sular\u0131n\u0131n yay\u0131ld\u0131\u011f\u0131 Edirne-K\u0131rklareli D-20 Karayolu ula\u015f\u0131ma kapand\u0131. Tunca Nehri'nin ta\u015fmas\u0131 sonucu ge\u00e7en hafta ula\u015f\u0131ma kapanan Sarayi\u00e7i mevkisindeki Kanuni, Fatih ve Yaln\u0131zg\u00f6z k\u00f6pr\u00fclerinden ara\u00e7 ge\u00e7i\u015fine izin verilmedi.Bulgaristan taraf\u0131nda, Kapitan Andreova S\u0131n\u0131r Kap\u0131s\u0131'na ula\u015f\u0131m\u0131n sa\u011fland\u0131\u011f\u0131 yol kapand\u0131,\u2026","rel":"","context":"&quot;Haberler&quot; i\u00e7inde","block_context":{"text":"Haberler","link":"https:\/\/www.gocmeniz.biz\/?cat=5"},"img":{"alt_text":"","src":"","width":0,"height":0},"classes":[]},{"id":2518,"url":"https:\/\/www.gocmeniz.biz\/?p=2518","url_meta":{"origin":2055,"position":4},"title":"Bulgaristan&#8217;da Cumhurba\u015fkan\u0131 ile Ba\u015fbakan Aras\u0131ndaki Gerilim","author":"Haberci","date":"28 Ocak 2019","format":false,"excerpt":"Bulgaristan\u00a0Cumhurba\u015fkan\u0131\u00a0Rumen Radev, Ba\u015fbakan Boyko Borisov h\u00fck\u00fcmetini ele\u015ftirerek, \"H\u00fck\u00fcmetle i\u015f birli\u011fi yapmayaca\u011f\u0131m. \u00dclkenin siyasi ortam ve y\u00f6netiminde k\u00f6kl\u00fc de\u011fi\u015fiklik \u015fart.\" dedi. Cumhurba\u015fkan\u0131 Radev, d\u00fczenledi\u011fi bas\u0131n toplant\u0131s\u0131nda, Borisov h\u00fck\u00fcmetini ele\u015ftirdi. \u0130ki y\u0131ll\u0131k g\u00f6revi boyunca \"yasall\u0131k, adalet ve ba\u011f\u0131ms\u0131zl\u0131k\" ilkelerinden vazge\u00e7medi\u011fini belirten Radev, \"H\u00fck\u00fcmetle art\u0131k i\u015f birli\u011fi yapmayaca\u011f\u0131m. \u00dclkenin siyasi ortam ve y\u00f6netiminde\u2026","rel":"","context":"&quot;Haberler&quot; i\u00e7inde","block_context":{"text":"Haberler","link":"https:\/\/www.gocmeniz.biz\/?cat=5"},"img":{"alt_text":"","src":"https:\/\/i0.wp.com\/www.gocmeniz.biz\/wp-content\/rumenradevboykob.jpeg?fit=991%2C656&ssl=1&resize=350%2C200","width":350,"height":200,"srcset":"https:\/\/i0.wp.com\/www.gocmeniz.biz\/wp-content\/rumenradevboykob.jpeg?fit=991%2C656&ssl=1&resize=350%2C200 1x, https:\/\/i0.wp.com\/www.gocmeniz.biz\/wp-content\/rumenradevboykob.jpeg?fit=991%2C656&ssl=1&resize=525%2C300 1.5x, https:\/\/i0.wp.com\/www.gocmeniz.biz\/wp-content\/rumenradevboykob.jpeg?fit=991%2C656&ssl=1&resize=700%2C400 2x"},"classes":[]},{"id":1498,"url":"https:\/\/www.gocmeniz.biz\/?p=1498","url_meta":{"origin":2055,"position":5},"title":"&#8220;Ba\u015fbakan olmaya haz\u0131r\u0131m&#8221;","author":"Haberci","date":"05 Temmuz 2009","format":false,"excerpt":"Bulgaristan'da 240 sandalyeli parlamentonun yeni \u00fcyelerinin belirlenmesi i\u00e7in yap\u0131lan genel se\u00e7imi resmi olmayan sonu\u00e7lara g\u00f6re a\u00e7\u0131k farkla \u00f6nde tamamlayan GERB (arma) partisinin lideri Sofya Belediye Ba\u015fkan\u0131 Boyko Borisov \"Ba\u015fbakan olmaya haz\u0131r\u0131m\" dedi. AA Sofya- GERB (arma) partisinin lideri Sofya Belediye Ba\u015fkan\u0131 Boyko Borisov, BTV adl\u0131 \u00f6zel televizyon kanal\u0131nda canl\u0131 yay\u0131na\u2026","rel":"","context":"&quot;Haberler&quot; i\u00e7inde","block_context":{"text":"Haberler","link":"https:\/\/www.gocmeniz.biz\/?cat=5"},"img":{"alt_text":"","src":"","width":0,"height":0},"classes":[]}],"jetpack_sharing_enabled":true,"jetpack_likes_enabled":true,"_links":{"self":[{"href":"https:\/\/www.gocmeniz.biz\/index.php?rest_route=\/wp\/v2\/posts\/2055","targetHints":{"allow":["GET"]}}],"collection":[{"href":"https:\/\/www.gocmeniz.biz\/index.php?rest_route=\/wp\/v2\/posts"}],"about":[{"href":"https:\/\/www.gocmeniz.biz\/index.php?rest_route=\/wp\/v2\/types\/post"}],"author":[{"embeddable":true,"href":"https:\/\/www.gocmeniz.biz\/index.php?rest_route=\/wp\/v2\/users\/331"}],"replies":[{"embeddable":true,"href":"https:\/\/www.gocmeniz.biz\/index.php?rest_route=%2Fwp%2Fv2%2Fcomments&post=2055"}],"version-history":[{"count":1,"href":"https:\/\/www.gocmeniz.biz\/index.php?rest_route=\/wp\/v2\/posts\/2055\/revisions"}],"predecessor-version":[{"id":8939,"href":"https:\/\/www.gocmeniz.biz\/index.php?rest_route=\/wp\/v2\/posts\/2055\/revisions\/8939"}],"wp:attachment":[{"href":"https:\/\/www.gocmeniz.biz\/index.php?rest_route=%2Fwp%2Fv2%2Fmedia&parent=2055"}],"wp:term":[{"taxonomy":"category","embeddable":true,"href":"https:\/\/www.gocmeniz.biz\/index.php?rest_route=%2Fwp%2Fv2%2Fcategories&post=2055"},{"taxonomy":"post_tag","embeddable":true,"href":"https:\/\/www.gocmeniz.biz\/index.php?rest_route=%2Fwp%2Fv2%2Ftags&post=2055"}],"curies":[{"name":"wp","href":"https:\/\/api.w.org\/{rel}","templated":true}]}}