{"id":2057,"date":"2010-01-30T11:24:14","date_gmt":"2010-01-30T09:24:14","guid":{"rendered":"http:\/\/www.gocmeniz.biz\/?p=2057"},"modified":"2026-04-03T12:25:37","modified_gmt":"2026-04-03T09:25:37","slug":"basbakan-erdogan-bulgaristan-basbakani-borisovu-resmi-torenle-karsiladi","status":"publish","type":"post","link":"https:\/\/www.gocmeniz.biz\/?p=2057","title":{"rendered":"Ba\u015fbakan Erdo\u011fan Bulgaristan Ba\u015fbakan\u0131 Borisov&#8217;u Resmi T\u00f6renle Kar\u015f\u0131lad\u0131"},"content":{"rendered":"<p><b>Ba\u015fbakan Recep Tayyip Erdo\u011fan, Bulgaristan Ba\u015fbakan\u0131 Boyko Borisov&#8217;u resmi t\u00f6renle kar\u015f\u0131lad\u0131.<\/b><\/p>\n<p>Ba\u015fbakanl\u0131k Merkez Binas\u0131&#8217;nda d\u00fczenlenen t\u00f6rende iki \u00fclke milli mar\u015flar\u0131n\u0131n \u00e7al\u0131nmas\u0131n\u0131n ard\u0131ndan, konuk Ba\u015fbakan Borisov t\u00f6ren k\u0131tas\u0131n\u0131 selamlad\u0131.<\/p>\n<p>Ba\u015fbakan Erdo\u011fan ve Bulgaristan Ba\u015fbakan\u0131 Borisov, bas\u0131n mensuplar\u0131na poz verdikten sonra ba\u015f ba\u015fa ve heyetleraras\u0131 g\u00f6r\u00fc\u015fmelere ge\u00e7ildi.(ANKA) <\/p>\n<div class=\"zemanta-pixie\"><img data-recalc-dims=\"1\"  title=\"\" decoding=\"async\" class=\"zemanta-pixie-img\"  alt=\"pixy Ba\u015fbakan Erdo\u011fan Bulgaristan Ba\u015fbakan\u0131 Borisov&#039;u Resmi T\u00f6renle Kar\u015f\u0131lad\u0131\"  src=\"https:\/\/i0.wp.com\/img.zemanta.com\/pixy.gif?w=640\" \/><\/div>\n","protected":false},"excerpt":{"rendered":"<p>Ba\u015fbakan Recep Tayyip Erdo\u011fan, Bulgaristan Ba\u015fbakan\u0131 Boyko Borisov&#8217;u resmi t\u00f6renle kar\u015f\u0131lad\u0131. Ba\u015fbakanl\u0131k Merkez Binas\u0131&#8217;nda d\u00fczenlenen t\u00f6rende iki \u00fclke milli mar\u015flar\u0131n\u0131n \u00e7al\u0131nmas\u0131n\u0131n ard\u0131ndan, konuk Ba\u015fbakan Borisov t\u00f6ren k\u0131tas\u0131n\u0131 selamlad\u0131. Ba\u015fbakan Erdo\u011fan ve Bulgaristan Ba\u015fbakan\u0131 Borisov, bas\u0131n mensuplar\u0131na poz verdikten sonra ba\u015f ba\u015fa ve heyetleraras\u0131 g\u00f6r\u00fc\u015fmelere ge\u00e7ildi.(ANKA)<\/p>\n","protected":false},"author":331,"featured_media":0,"comment_status":"open","ping_status":"open","sticky":false,"template":"","format":"standard","meta":{"advanced_seo_description":"","jetpack_seo_html_title":"","jetpack_seo_noindex":false,"ngg_post_thumbnail":0,"jetpack_post_was_ever_published":false,"_jetpack_newsletter_access":"","_jetpack_dont_email_post_to_subs":false,"_jetpack_newsletter_tier_id":0,"_jetpack_memberships_contains_paywalled_content":false,"_jetpack_memberships_contains_paid_content":false,"footnotes":""},"categories":[5],"tags":[],"class_list":["post-2057","post","type-post","status-publish","format-standard","hentry","category-haberler"],"jetpack_featured_media_url":"","jetpack_shortlink":"https:\/\/wp.me\/paHHlZ-xb","jetpack-related-posts":[{"id":2063,"url":"https:\/\/www.gocmeniz.biz\/?p=2063","url_meta":{"origin":2057,"position":0},"title":"Bulgaristan\u2019la ili\u015fkiler masaya yat\u0131r\u0131ld\u0131","author":"Haberci","date":"30 Ocak 2010","format":false,"excerpt":"Ba\u015fbakan Recep Tayyip Erdo\u011fan, d\u00fcn Bulgaristan Ba\u015fbakan\u0131 Boyko Borissov\u2019u a\u011f\u0131rlad\u0131. Borissov, Ba\u015fbakanl\u0131k Merkez Bina\u2019ya geli\u015finde resmi t\u00f6renle kar\u015f\u0131land\u0131. Burada yakla\u015f\u0131k 2 saat s\u00fcren g\u00f6r\u00fc\u015fmenin ard\u0131ndan iki \u00fclke aras\u0131nda enerji bakanlar\u0131 taraf\u0131ndan enerji i\u015f birli\u011fi anla\u015fmas\u0131 imzaland\u0131. Ortak bas\u0131n toplant\u0131s\u0131nda konu\u015fan Erdo\u011fan, Bulgaristan\u2019\u0131n AB\u2019de T\u00fcrkiye ile ilgili tak\u0131nd\u0131\u011f\u0131 tavr\u0131n memnuniyet verici\u2026","rel":"","context":"&quot;Haberler&quot; i\u00e7inde","block_context":{"text":"Haberler","link":"https:\/\/www.gocmeniz.biz\/?cat=5"},"img":{"alt_text":"","src":"","width":0,"height":0},"classes":[]},{"id":2065,"url":"https:\/\/www.gocmeniz.biz\/?p=2065","url_meta":{"origin":2057,"position":1},"title":"Bulgaristan&#8217;dan \u0130stanbul&#8217;a su gelecek","author":"Haberci","date":"30 Ocak 2010","format":false,"excerpt":"Ba\u015fbakan Recep Tayyip Erdo\u011fan, Bulgar meslekta\u015f\u0131 Borisov ile bas\u0131n toplant\u0131s\u0131 d\u00fczenledi.Ba\u015fbakan Recep Tayyip Erdo\u011fan, Bulgaristan Ba\u015fbakan\u0131 Boyko Borissov\u2019la yapt\u0131\u011f\u0131 g\u00f6r\u00fc\u015fmede Rezve Deresi\u2019nden \u0130stanbul\u2019a su getirilmesi konusunun ele al\u0131nd\u0131\u011f\u0131n\u0131 s\u00f6yledi. Erdo\u011fan ile Borissov, ba\u015fba\u015fa ve heyetler aras\u0131 g\u00f6r\u00fc\u015fmelerin ard\u0131ndan ortak bas\u0131n toplant\u0131s\u0131 d\u00fczenledi.Ortak komisyon kurulduT\u00fcrkiye ile Bulgaristan aras\u0131nda kurulan ortak komisyonun\u2026","rel":"","context":"&quot;Haberler&quot; i\u00e7inde","block_context":{"text":"Haberler","link":"https:\/\/www.gocmeniz.biz\/?cat=5"},"img":{"alt_text":"","src":"","width":0,"height":0},"classes":[]},{"id":2059,"url":"https:\/\/www.gocmeniz.biz\/?p=2059","url_meta":{"origin":2057,"position":2},"title":"Ba\u015fbakan Erdo\u011fan, Do\u011falgaza Zam Haberlerini Yalanlad\u0131","author":"Haberci","date":"30 Ocak 2010","format":false,"excerpt":"Ba\u015fbakan Recep Tayyip Erdo\u011fan, \u015fubat ay\u0131nda do\u011falgaza zam yap\u0131laca\u011f\u0131 haberlerini yalanlayarak, \"Bunlar h\u00fck\u00fcmetimize y\u00f6nelik provokatif haberlerdir.\" dedi. Ba\u015fbakan Erdo\u011fan, Bulgaristan Ba\u015fbakan\u0131 Boyko Borisov'la d\u00fczenledi\u011fi ortak bas\u0131n toplant\u0131s\u0131nda, bas\u0131n mensuplar\u0131n\u0131n g\u00fcndeme y\u00f6nelik sorular\u0131n\u0131 cevaplad\u0131. Erdo\u011fan, bir bas\u0131n mensubunun 'Bug\u00fcn Enerji ve Tabii Kaynaklar\u0131 Bakan\u0131 ile g\u00f6r\u00fc\u015ft\u00fcn\u00fcz. \u015eubat ay\u0131nda do\u011falgaza bir zam\u2026","rel":"","context":"&quot;Haberler&quot; i\u00e7inde","block_context":{"text":"Haberler","link":"https:\/\/www.gocmeniz.biz\/?cat=5"},"img":{"alt_text":"","src":"","width":0,"height":0},"classes":[]},{"id":313,"url":"https:\/\/www.gocmeniz.biz\/?p=313","url_meta":{"origin":2057,"position":3},"title":"Ba\u015fbakan Erdo\u011fan, Bulgaristan&#8217;da \u015ei\u015fecam&#8217;\u0131n \u00dcretim Tesislerini A\u00e7t\u0131","author":"Admin","date":"27 Mart 2008","format":false,"excerpt":"Ba\u015fbakan Recep Tayyip Erdo\u011fan, \u015ei\u015fecam Bulgaristan \u00dcretim Tesisleri'nin a\u00e7\u0131l\u0131\u015f\u0131n\u0131 yapt\u0131. Bulgaristan'\u0131n ba\u015fkenti Sofya'ya d\u00fcn ak\u015fam saatlerinde Erdo\u011fan, bug\u00fcn resmi temaslar\u0131na ba\u015flad\u0131. Bulgaristan Ba\u015fbakan\u0131 Sergey Stanishev ile g\u00f6r\u00fc\u015fmesinin ard\u0131ndan Erdo\u011fan, i\u015f konseyine kat\u0131ld\u0131. \u0130\u015f konseyinde i\u015fadamlar\u0131na hitabinin ard\u0131ndan Erdo\u011fan, Tirgovi\u015fte'ye giderek \u015ei\u015fecam Cam Bulgaristan \u00dcretim Tesisleri'nin a\u00e7\u0131l\u0131\u015f\u0131n\u0131 yapt\u0131. \u015ei\u015fecam Y\u00f6netim Kurulu\u2026","rel":"","context":"&quot;Haberler&quot; i\u00e7inde","block_context":{"text":"Haberler","link":"https:\/\/www.gocmeniz.biz\/?cat=5"},"img":{"alt_text":"","src":"","width":0,"height":0},"classes":[]},{"id":2061,"url":"https:\/\/www.gocmeniz.biz\/?p=2061","url_meta":{"origin":2057,"position":4},"title":"Ba\u015fbakan Recep Tayyip Erdo\u011fan: AB&#8217;de T\u00fcrkiye&#8217;nin \u00d6n\u00fcne Sudan Bahaneler Getiriliyor","author":"Haberci","date":"30 Ocak 2010","format":false,"excerpt":"Ba\u015fbakan Recep Tayyip Erdo\u011fan, AB \u00fcyeli\u011fi s\u00fcrecinde T\u00fcrkiye'ye uygulananlar\u0131n ba\u015fka hi\u00e7bir \u00fclkeye uygulanmad\u0131\u011f\u0131na i\u015faret ederek, \"\u00d6ne s\u00fcr\u00fclen gerek\u00e7elere bakt\u0131\u011f\u0131n\u0131z zaman asl\u0131nda sudan bahaneler.\" dedi. Erdo\u011fan, Bulgaristan Ba\u015fbakan\u0131 Boyko Borisov ile bas\u0131n toplant\u0131s\u0131 d\u00fczenledi. Toplant\u0131da Erdo\u011fan ve Borisov bas\u0131n mensuplar\u0131n\u0131n sorular\u0131n\u0131 cevaplad\u0131. 'T\u00fcrkiye'nin AB \u00fcyeli\u011fi y\u00f6n\u00fcndeki hevesi az\u0131l\u0131yor mu?' y\u00f6n\u00fcndeki soruya\u2026","rel":"","context":"&quot;Haberler&quot; i\u00e7inde","block_context":{"text":"Haberler","link":"https:\/\/www.gocmeniz.biz\/?cat=5"},"img":{"alt_text":"","src":"","width":0,"height":0},"classes":[]},{"id":2646,"url":"https:\/\/www.gocmeniz.biz\/?p=2646","url_meta":{"origin":2057,"position":5},"title":"Bulgaristan Ba\u015fbakan\u0131 Borisov&#8217;dan &#8216;Demir Kilise&#8217; te\u015fekk\u00fcr\u00fc.","author":"Haberci","date":"15 \u015eubat 2019","format":false,"excerpt":"Bulgaristan Ba\u015fbakan\u0131 Boyko Borisov, \u0130stanbul'da restore edilerek 7 Ocak 2018'de a\u00e7\u0131lan ve 'Demir Kilise' olarak bilinen Sveti Stefan Kilise'nin restorasyon \u00e7al\u0131\u015fmalar\u0131n\u0131 y\u00fcr\u00fcten mimar Fikriye Bulunmaz'\u0131, ba\u015fkent Sofya'da kabul ederek, te\u015fekk\u00fcr etti. Demir Kilise'nin restorasyonunda \u00e7al\u0131\u015fan t\u00fcm ekibe katk\u0131lar\u0131ndan dolay\u0131 te\u015fekk\u00fcr eden Borisov, \"Kilise g\u00fcn\u00fcm\u00fczde hizmete a\u00e7\u0131k, m\u00fccevher gibi parlayan bir\u2026","rel":"","context":"&quot;Haberler&quot; i\u00e7inde","block_context":{"text":"Haberler","link":"https:\/\/www.gocmeniz.biz\/?cat=5"},"img":{"alt_text":"","src":"https:\/\/i0.wp.com\/www.gocmeniz.biz\/wp-content\/640xauto.jpg?fit=640%2C477&ssl=1&resize=350%2C200","width":350,"height":200,"srcset":"https:\/\/i0.wp.com\/www.gocmeniz.biz\/wp-content\/640xauto.jpg?fit=640%2C477&ssl=1&resize=350%2C200 1x, https:\/\/i0.wp.com\/www.gocmeniz.biz\/wp-content\/640xauto.jpg?fit=640%2C477&ssl=1&resize=525%2C300 1.5x"},"classes":[]}],"jetpack_sharing_enabled":true,"jetpack_likes_enabled":true,"_links":{"self":[{"href":"https:\/\/www.gocmeniz.biz\/index.php?rest_route=\/wp\/v2\/posts\/2057","targetHints":{"allow":["GET"]}}],"collection":[{"href":"https:\/\/www.gocmeniz.biz\/index.php?rest_route=\/wp\/v2\/posts"}],"about":[{"href":"https:\/\/www.gocmeniz.biz\/index.php?rest_route=\/wp\/v2\/types\/post"}],"author":[{"embeddable":true,"href":"https:\/\/www.gocmeniz.biz\/index.php?rest_route=\/wp\/v2\/users\/331"}],"replies":[{"embeddable":true,"href":"https:\/\/www.gocmeniz.biz\/index.php?rest_route=%2Fwp%2Fv2%2Fcomments&post=2057"}],"version-history":[{"count":1,"href":"https:\/\/www.gocmeniz.biz\/index.php?rest_route=\/wp\/v2\/posts\/2057\/revisions"}],"predecessor-version":[{"id":8938,"href":"https:\/\/www.gocmeniz.biz\/index.php?rest_route=\/wp\/v2\/posts\/2057\/revisions\/8938"}],"wp:attachment":[{"href":"https:\/\/www.gocmeniz.biz\/index.php?rest_route=%2Fwp%2Fv2%2Fmedia&parent=2057"}],"wp:term":[{"taxonomy":"category","embeddable":true,"href":"https:\/\/www.gocmeniz.biz\/index.php?rest_route=%2Fwp%2Fv2%2Fcategories&post=2057"},{"taxonomy":"post_tag","embeddable":true,"href":"https:\/\/www.gocmeniz.biz\/index.php?rest_route=%2Fwp%2Fv2%2Ftags&post=2057"}],"curies":[{"name":"wp","href":"https:\/\/api.w.org\/{rel}","templated":true}]}}