{"id":2059,"date":"2010-01-30T11:25:43","date_gmt":"2010-01-30T09:25:43","guid":{"rendered":"http:\/\/www.gocmeniz.biz\/?p=2059"},"modified":"2026-04-03T12:25:37","modified_gmt":"2026-04-03T09:25:37","slug":"basbakan-erdogan-dogalgaza-zam-haberlerini-yalanladi","status":"publish","type":"post","link":"https:\/\/www.gocmeniz.biz\/?p=2059","title":{"rendered":"Ba\u015fbakan Erdo\u011fan, Do\u011falgaza Zam Haberlerini Yalanlad\u0131"},"content":{"rendered":"<p><b>Ba\u015fbakan Recep Tayyip Erdo\u011fan, \u015fubat ay\u0131nda do\u011falgaza zam yap\u0131laca\u011f\u0131 haberlerini yalanlayarak, &#8220;Bunlar h\u00fck\u00fcmetimize y\u00f6nelik provokatif haberlerdir.&#8221; dedi.<\/b><\/p>\n<p>Ba\u015fbakan Erdo\u011fan, Bulgaristan Ba\u015fbakan\u0131 Boyko Borisov&#8217;la d\u00fczenledi\u011fi ortak bas\u0131n toplant\u0131s\u0131nda, bas\u0131n mensuplar\u0131n\u0131n g\u00fcndeme y\u00f6nelik sorular\u0131n\u0131 cevaplad\u0131. <\/p>\n<p>Erdo\u011fan, bir bas\u0131n mensubunun &#8216;Bug\u00fcn Enerji ve Tabii Kaynaklar\u0131 Bakan\u0131 ile g\u00f6r\u00fc\u015ft\u00fcn\u00fcz. \u015eubat ay\u0131nda do\u011falgaza bir zam \u00f6ng\u00f6r\u00fcl\u00fcyor mu?&#8217; y\u00f6n\u00fcndeki sorusuna, \u015fu anda bir zam \u00f6ng\u00fcr\u00fclmedi\u011fini ve do\u011falgaza zam yap\u0131laca\u011f\u0131 zaman kendisinin a\u00e7\u0131klayaca\u011f\u0131n\u0131 ifade etti. Erdo\u011fan, do\u011falgazla ilgili bir zam g\u00fcndeme gelecekse bunun sebebinin uluslararas\u0131 d\u00fcnyada do\u011falgaz fiyatlar\u0131 artmas\u0131ndan kaynaklanaca\u011f\u0131n\u0131 belirterek, \u015funlar\u0131 s\u00f6yledi: &#8220;Bunun tamam\u0131n\u0131 s\u00fcbvanse etmek b\u00fct\u00e7emize \u00e7ok ciddi olumsuz etkileri olacakt\u0131r.<!--more--> Buna biz bir yere kadar katlan\u0131yoruz. Nitekim 1 May\u0131s&#8217;tan \u015fu ana kadar da hep katland\u0131k, yine katlan\u0131yoruz. \u015eu anda da yine katlanmaya devam edece\u011fiz. Gazetelerde yer alan zam haberlerinin hi\u00e7birisi do\u011fru de\u011fildir. E\u011fer Ba\u015fbakan bu konuyla ilgili bir a\u00e7\u0131klama yaparsa, yapt\u0131\u011f\u0131 g\u00fcn bu do\u011frudur. Di\u011fer haberlerin hepsi yaland\u0131r. Kim bu haberi uyduruyorsa, kim veriyorsa hepsi yaland\u0131r. \u015eu ana kadar da yazanlar bunu yalan haber olarak yapm\u0131\u015flard\u0131r. H\u00fck\u00fcmetimize y\u00f6nelik bunlar provokatif haberlerdir. Bunu \u00f6zellikle burada hat\u0131rlatmak istiyorum. \u015eu anda g\u00fcndemizde b\u00f6yle bir \u015fey yok. E\u011fer zam yap\u0131lacaksa yapaca\u011f\u0131m\u0131z zaman bunu art\u0131k bakan\u0131m da a\u00e7\u0131klamayacak, ben a\u00e7\u0131klayaca\u011f\u0131m. Bunu a\u00e7\u0131k\u00e7a s\u00f6yleyeyim.&#8221;<\/p>\n<p>Erdo\u011fan ile Borisov, bas\u0131n toplant\u0131s\u0131n\u0131n ba\u015f\u0131nda iki \u00fclke aras\u0131nda Enerji Alan\u0131nda Kapsaml\u0131 \u0130\u015fbirli\u011fine \u0130li\u015fkin Mutabakat Zapt\u0131 imzalad\u0131. (C\u0130HAN)<\/p>\n<div class=\"zemanta-pixie\"><img data-recalc-dims=\"1\"  title=\"\" decoding=\"async\" class=\"zemanta-pixie-img\"  alt=\"pixy Ba\u015fbakan Erdo\u011fan, Do\u011falgaza Zam Haberlerini Yalanlad\u0131\"  src=\"https:\/\/i0.wp.com\/img.zemanta.com\/pixy.gif?w=640\" \/><\/div>\n","protected":false},"excerpt":{"rendered":"<p>Ba\u015fbakan Recep Tayyip Erdo\u011fan, \u015fubat ay\u0131nda do\u011falgaza zam yap\u0131laca\u011f\u0131 haberlerini yalanlayarak, &#8220;Bunlar h\u00fck\u00fcmetimize y\u00f6nelik provokatif haberlerdir.&#8221; dedi. Ba\u015fbakan Erdo\u011fan, Bulgaristan Ba\u015fbakan\u0131 Boyko Borisov&#8217;la d\u00fczenledi\u011fi ortak bas\u0131n toplant\u0131s\u0131nda, bas\u0131n mensuplar\u0131n\u0131n g\u00fcndeme y\u00f6nelik sorular\u0131n\u0131 cevaplad\u0131. Erdo\u011fan, bir bas\u0131n mensubunun &#8216;Bug\u00fcn Enerji ve Tabii Kaynaklar\u0131 Bakan\u0131 ile g\u00f6r\u00fc\u015ft\u00fcn\u00fcz. \u015eubat ay\u0131nda do\u011falgaza bir zam \u00f6ng\u00f6r\u00fcl\u00fcyor mu?&#8217; y\u00f6n\u00fcndeki sorusuna, \u015fu [&hellip;]<\/p>\n","protected":false},"author":331,"featured_media":0,"comment_status":"open","ping_status":"open","sticky":false,"template":"","format":"standard","meta":{"advanced_seo_description":"","jetpack_seo_html_title":"","jetpack_seo_noindex":false,"ngg_post_thumbnail":0,"jetpack_post_was_ever_published":false,"_jetpack_newsletter_access":"","_jetpack_dont_email_post_to_subs":false,"_jetpack_newsletter_tier_id":0,"_jetpack_memberships_contains_paywalled_content":false,"_jetpack_memberships_contains_paid_content":false,"footnotes":""},"categories":[5],"tags":[],"class_list":["post-2059","post","type-post","status-publish","format-standard","hentry","category-haberler"],"jetpack_featured_media_url":"","jetpack_shortlink":"https:\/\/wp.me\/paHHlZ-xd","jetpack-related-posts":[{"id":2061,"url":"https:\/\/www.gocmeniz.biz\/?p=2061","url_meta":{"origin":2059,"position":0},"title":"Ba\u015fbakan Recep Tayyip Erdo\u011fan: AB&#8217;de T\u00fcrkiye&#8217;nin \u00d6n\u00fcne Sudan Bahaneler Getiriliyor","author":"Haberci","date":"30 Ocak 2010","format":false,"excerpt":"Ba\u015fbakan Recep Tayyip Erdo\u011fan, AB \u00fcyeli\u011fi s\u00fcrecinde T\u00fcrkiye'ye uygulananlar\u0131n ba\u015fka hi\u00e7bir \u00fclkeye uygulanmad\u0131\u011f\u0131na i\u015faret ederek, \"\u00d6ne s\u00fcr\u00fclen gerek\u00e7elere bakt\u0131\u011f\u0131n\u0131z zaman asl\u0131nda sudan bahaneler.\" dedi. Erdo\u011fan, Bulgaristan Ba\u015fbakan\u0131 Boyko Borisov ile bas\u0131n toplant\u0131s\u0131 d\u00fczenledi. Toplant\u0131da Erdo\u011fan ve Borisov bas\u0131n mensuplar\u0131n\u0131n sorular\u0131n\u0131 cevaplad\u0131. 'T\u00fcrkiye'nin AB \u00fcyeli\u011fi y\u00f6n\u00fcndeki hevesi az\u0131l\u0131yor mu?' y\u00f6n\u00fcndeki soruya\u2026","rel":"","context":"&quot;Haberler&quot; i\u00e7inde","block_context":{"text":"Haberler","link":"https:\/\/www.gocmeniz.biz\/?cat=5"},"img":{"alt_text":"","src":"","width":0,"height":0},"classes":[]},{"id":1312,"url":"https:\/\/www.gocmeniz.biz\/?p=1312","url_meta":{"origin":2059,"position":1},"title":"Bulgaristan&#8217;da emeklilere zam","author":"Haberci","date":"05 Haziran 2009","format":false,"excerpt":"Bulgaristan'da 7 Haziranda yap\u0131lacak Avrupa Parlamentosu (AP) se\u00e7imi arifesinde, \u00fcst d\u00fczey devlet memurlar\u0131n\u0131n maa\u015flar\u0131na 1 Temmuzda yap\u0131lmas\u0131 \u00f6ng\u00f6r\u00fclen zamm\u0131n iptal edilece\u011fi ve yerine y\u00fczde 15 oran\u0131nda maa\u015f indirimi yap\u0131laca\u011f\u0131 bildirildi. \u00a0H\u00fck\u00fcmet taraf\u0131ndan ekonomik kriz gerek\u00e7e g\u00f6sterilerek al\u0131nan karar\u0131, Maliye Bakan\u0131 Plamen Ore\u015farski a\u00e7\u0131klad\u0131. Ore\u015farski kriz dolay\u0131s\u0131yla b\u00fct\u00e7e harcamalar\u0131na ciddi k\u0131s\u0131tlamalar\u2026","rel":"","context":"&quot;Haberler&quot; i\u00e7inde","block_context":{"text":"Haberler","link":"https:\/\/www.gocmeniz.biz\/?cat=5"},"img":{"alt_text":"","src":"https:\/\/i0.wp.com\/www.morleyindependent.com\/images\/pensioner.jpg?resize=350%2C200","width":350,"height":200},"classes":[]},{"id":2065,"url":"https:\/\/www.gocmeniz.biz\/?p=2065","url_meta":{"origin":2059,"position":2},"title":"Bulgaristan&#8217;dan \u0130stanbul&#8217;a su gelecek","author":"Haberci","date":"30 Ocak 2010","format":false,"excerpt":"Ba\u015fbakan Recep Tayyip Erdo\u011fan, Bulgar meslekta\u015f\u0131 Borisov ile bas\u0131n toplant\u0131s\u0131 d\u00fczenledi.Ba\u015fbakan Recep Tayyip Erdo\u011fan, Bulgaristan Ba\u015fbakan\u0131 Boyko Borissov\u2019la yapt\u0131\u011f\u0131 g\u00f6r\u00fc\u015fmede Rezve Deresi\u2019nden \u0130stanbul\u2019a su getirilmesi konusunun ele al\u0131nd\u0131\u011f\u0131n\u0131 s\u00f6yledi. Erdo\u011fan ile Borissov, ba\u015fba\u015fa ve heyetler aras\u0131 g\u00f6r\u00fc\u015fmelerin ard\u0131ndan ortak bas\u0131n toplant\u0131s\u0131 d\u00fczenledi.Ortak komisyon kurulduT\u00fcrkiye ile Bulgaristan aras\u0131nda kurulan ortak komisyonun\u2026","rel":"","context":"&quot;Haberler&quot; i\u00e7inde","block_context":{"text":"Haberler","link":"https:\/\/www.gocmeniz.biz\/?cat=5"},"img":{"alt_text":"","src":"","width":0,"height":0},"classes":[]},{"id":313,"url":"https:\/\/www.gocmeniz.biz\/?p=313","url_meta":{"origin":2059,"position":3},"title":"Ba\u015fbakan Erdo\u011fan, Bulgaristan&#8217;da \u015ei\u015fecam&#8217;\u0131n \u00dcretim Tesislerini A\u00e7t\u0131","author":"Admin","date":"27 Mart 2008","format":false,"excerpt":"Ba\u015fbakan Recep Tayyip Erdo\u011fan, \u015ei\u015fecam Bulgaristan \u00dcretim Tesisleri'nin a\u00e7\u0131l\u0131\u015f\u0131n\u0131 yapt\u0131. Bulgaristan'\u0131n ba\u015fkenti Sofya'ya d\u00fcn ak\u015fam saatlerinde Erdo\u011fan, bug\u00fcn resmi temaslar\u0131na ba\u015flad\u0131. Bulgaristan Ba\u015fbakan\u0131 Sergey Stanishev ile g\u00f6r\u00fc\u015fmesinin ard\u0131ndan Erdo\u011fan, i\u015f konseyine kat\u0131ld\u0131. \u0130\u015f konseyinde i\u015fadamlar\u0131na hitabinin ard\u0131ndan Erdo\u011fan, Tirgovi\u015fte'ye giderek \u015ei\u015fecam Cam Bulgaristan \u00dcretim Tesisleri'nin a\u00e7\u0131l\u0131\u015f\u0131n\u0131 yapt\u0131. \u015ei\u015fecam Y\u00f6netim Kurulu\u2026","rel":"","context":"&quot;Haberler&quot; i\u00e7inde","block_context":{"text":"Haberler","link":"https:\/\/www.gocmeniz.biz\/?cat=5"},"img":{"alt_text":"","src":"","width":0,"height":0},"classes":[]},{"id":1314,"url":"https:\/\/www.gocmeniz.biz\/?p=1314","url_meta":{"origin":2059,"position":4},"title":"Avrupa\u2019n\u0131n huzuru Balkanlar\u2019a ba\u011fl\u0131","author":"Haberci","date":"06 Haziran 2009","format":false,"excerpt":"> Engin Kocab\u0131y\u0131k K\u0130\u015e\u0130NEV \u0130HABa\u015fbakan Erdo\u011fan, G\u00fcneydo\u011fu Avrupa \u00dclkeleri \u0130\u015fbirli\u011fi Zirvesi\u2019nin ard\u0131ndan Moldova Cumhurba\u015fkan\u0131 Vladimir Voronin ve Bulgaristan Cumhurba\u015fkan\u0131 Georgi Porvanov\u2019la birlikte ortak bas\u0131n toplant\u0131s\u0131 d\u00fczenledi.Ba\u015fbakan Recep Tayyip Erdo\u011fan, Balkanlar\u2019daki istikrar\u0131n Avrupa\u2019n\u0131n huzuru ve g\u00fcvenli\u011fi i\u00e7in \u015fart oldu\u011funu s\u00f6yledi. Moldova\u2019n\u0131n ba\u015fkenti Ki\u015finev\u2019de d\u00fczenlenen G\u00fcneydo\u011fu Avrupa \u00dclkeleri \u0130\u015fbirli\u011fi S\u00fcreci (GDA\u00dc) Devlet\u2026","rel":"","context":"&quot;Haberler&quot; i\u00e7inde","block_context":{"text":"Haberler","link":"https:\/\/www.gocmeniz.biz\/?cat=5"},"img":{"alt_text":"","src":"https:\/\/i0.wp.com\/www.turkiyegazetesi.com.tr\/images\/news\/410157_2.gif?resize=350%2C200","width":350,"height":200},"classes":[]},{"id":2057,"url":"https:\/\/www.gocmeniz.biz\/?p=2057","url_meta":{"origin":2059,"position":5},"title":"Ba\u015fbakan Erdo\u011fan Bulgaristan Ba\u015fbakan\u0131 Borisov&#8217;u Resmi T\u00f6renle Kar\u015f\u0131lad\u0131","author":"Haberci","date":"30 Ocak 2010","format":false,"excerpt":"Ba\u015fbakan Recep Tayyip Erdo\u011fan, Bulgaristan Ba\u015fbakan\u0131 Boyko Borisov'u resmi t\u00f6renle kar\u015f\u0131lad\u0131.Ba\u015fbakanl\u0131k Merkez Binas\u0131'nda d\u00fczenlenen t\u00f6rende iki \u00fclke milli mar\u015flar\u0131n\u0131n \u00e7al\u0131nmas\u0131n\u0131n ard\u0131ndan, konuk Ba\u015fbakan Borisov t\u00f6ren k\u0131tas\u0131n\u0131 selamlad\u0131.Ba\u015fbakan Erdo\u011fan ve Bulgaristan Ba\u015fbakan\u0131 Borisov, bas\u0131n mensuplar\u0131na poz verdikten sonra ba\u015f ba\u015fa ve heyetleraras\u0131 g\u00f6r\u00fc\u015fmelere ge\u00e7ildi.(ANKA)","rel":"","context":"&quot;Haberler&quot; i\u00e7inde","block_context":{"text":"Haberler","link":"https:\/\/www.gocmeniz.biz\/?cat=5"},"img":{"alt_text":"","src":"","width":0,"height":0},"classes":[]}],"jetpack_sharing_enabled":true,"jetpack_likes_enabled":true,"_links":{"self":[{"href":"https:\/\/www.gocmeniz.biz\/index.php?rest_route=\/wp\/v2\/posts\/2059","targetHints":{"allow":["GET"]}}],"collection":[{"href":"https:\/\/www.gocmeniz.biz\/index.php?rest_route=\/wp\/v2\/posts"}],"about":[{"href":"https:\/\/www.gocmeniz.biz\/index.php?rest_route=\/wp\/v2\/types\/post"}],"author":[{"embeddable":true,"href":"https:\/\/www.gocmeniz.biz\/index.php?rest_route=\/wp\/v2\/users\/331"}],"replies":[{"embeddable":true,"href":"https:\/\/www.gocmeniz.biz\/index.php?rest_route=%2Fwp%2Fv2%2Fcomments&post=2059"}],"version-history":[{"count":1,"href":"https:\/\/www.gocmeniz.biz\/index.php?rest_route=\/wp\/v2\/posts\/2059\/revisions"}],"predecessor-version":[{"id":8937,"href":"https:\/\/www.gocmeniz.biz\/index.php?rest_route=\/wp\/v2\/posts\/2059\/revisions\/8937"}],"wp:attachment":[{"href":"https:\/\/www.gocmeniz.biz\/index.php?rest_route=%2Fwp%2Fv2%2Fmedia&parent=2059"}],"wp:term":[{"taxonomy":"category","embeddable":true,"href":"https:\/\/www.gocmeniz.biz\/index.php?rest_route=%2Fwp%2Fv2%2Fcategories&post=2059"},{"taxonomy":"post_tag","embeddable":true,"href":"https:\/\/www.gocmeniz.biz\/index.php?rest_route=%2Fwp%2Fv2%2Ftags&post=2059"}],"curies":[{"name":"wp","href":"https:\/\/api.w.org\/{rel}","templated":true}]}}