{"id":2061,"date":"2010-01-30T11:27:53","date_gmt":"2010-01-30T09:27:53","guid":{"rendered":"http:\/\/www.gocmeniz.biz\/?p=2061"},"modified":"2026-04-03T12:25:37","modified_gmt":"2026-04-03T09:25:37","slug":"basbakan-recep-tayyip-erdogan-abde-turkiyenin-onune-sudan-bahaneler-getiriliyor","status":"publish","type":"post","link":"https:\/\/www.gocmeniz.biz\/?p=2061","title":{"rendered":"Ba\u015fbakan Recep Tayyip Erdo\u011fan: AB&#8217;de T\u00fcrkiye&#8217;nin \u00d6n\u00fcne Sudan Bahaneler Getiriliyor"},"content":{"rendered":"<p><b>Ba\u015fbakan Recep Tayyip Erdo\u011fan, AB \u00fcyeli\u011fi s\u00fcrecinde T\u00fcrkiye&#8217;ye uygulananlar\u0131n ba\u015fka hi\u00e7bir \u00fclkeye uygulanmad\u0131\u011f\u0131na i\u015faret ederek, &#8220;\u00d6ne s\u00fcr\u00fclen gerek\u00e7elere bakt\u0131\u011f\u0131n\u0131z zaman asl\u0131nda sudan bahaneler.&#8221; dedi.<\/b><\/p>\n<p>Erdo\u011fan, Bulgaristan Ba\u015fbakan\u0131 Boyko Borisov ile bas\u0131n toplant\u0131s\u0131 d\u00fczenledi. Toplant\u0131da Erdo\u011fan ve Borisov bas\u0131n mensuplar\u0131n\u0131n sorular\u0131n\u0131 cevaplad\u0131.<\/p>\n<p>&#8216;T\u00fcrkiye&#8217;nin AB \u00fcyeli\u011fi y\u00f6n\u00fcndeki hevesi az\u0131l\u0131yor mu?&#8217; y\u00f6n\u00fcndeki soruya Erdo\u011fan, hi\u00e7bir \u00fclkeye T\u00fcrkiye&#8217;ye uygulanan b\u00f6yle bir s\u00fcrecin uygulanmad\u0131\u011f\u0131na i\u015faret ederek, &#8220;Fiili olarak m\u00fcracat\u0131m\u0131z 1954, resmi olarak 1963. Ortalama 50 y\u0131ll\u0131k bir s\u00fcre\u00e7. 50 y\u0131ld\u0131r T\u00fcrkiye yapm\u0131\u015f oldu\u011fu m\u00fcracaat\u0131n neticesini bekliyor. \u00d6ne s\u00fcr\u00fclen gerek\u00e7elere bakt\u0131\u011f\u0131n\u0131z zaman asl\u0131nda sudan bahaneler. T\u00fcrkiye, AB \u00fclkelerinin b\u00fcy\u00fck \u00e7o\u011funlu\u011fundan kurumlar\u0131, altyap\u0131s\u0131 \u00fcst yap\u0131s\u0131 itibariyle \u00e7ok daha \u00f6nde bir \u00fclke. Gerek\u00e7eleri anlamakta zorlan\u0131yoruz. Fas\u0131llar da zaten geni\u015flemeden sonra art\u0131r\u0131ld\u0131. 15 \u00fclke iken, \u015fu anda 27 \u00fclke AB \u00fcyesi duruma geldi. Bulgaristan&#8217;\u0131n desteklerini yan\u0131m\u0131zda g\u00f6rd\u00fck, bundan sonra aynen bu deste\u011fi g\u00f6rece\u011fimize inan\u0131yoruz.<!--more--> Bu m\u00fcktesebat\u0131n \u015fartlar\u0131na uyulmayarak, yeni \u015fartlar getirilmek suretiyle T\u00fcrkiye&#8217;nin \u00f6n\u00fcn\u00fcn kesilmesi gayretleri manidard\u0131r. Ancak biz sab\u0131rl\u0131y\u0131z, dersimizi iyi \u00e7al\u0131\u015f\u0131yoruz. S\u00fcreci koval\u0131yoruz. Ta ki T\u00fcrkiye&#8217;ye &#8216;seni kabul etmiyoruz, almayaca\u011f\u0131z&#8217; dedikleri ana kadar. Bu karar\u0131 verdikleri anda biz ba\u015f\u0131m\u0131z\u0131n \u00e7aresine bakar\u0131z. T\u00fcrkiye kendi kendine yetecek bir \u00fclkedir. AB ile alakal\u0131 olarak oraya asl\u0131nda g\u00fc\u00e7 katabilecek bir \u00fclkedir. Bu ger\u00e7e\u011fi bildikleri halde bunu geciktirme arzular\u0131n\u0131 anlamakta zorlan\u0131yoruz. Medeniyetler \u0130ttifak\u0131&#8217;n\u0131n e\u015fba\u015fkanl\u0131\u011f\u0131n\u0131 y\u00fcr\u00fcten bir T\u00fcrkiye, AB&#8217;yi bu i\u015fin adresi haline getirebilecek bir \u00fclkedir. Biz yolumuza ayn\u0131 kararl\u0131l\u0131kla devam ediyoruz. Herhangi bir s\u0131k\u0131nt\u0131 yok. Yolculuk bu \u015fekilde devam edecektir. Kararl\u0131y\u0131z, sab\u0131rl\u0131y\u0131z.&#8221;<\/p>\n<p>Bir Bulgar gazetecinin &#8216;T\u00fcrkiye ne zaman Trakya Bulgarlar\u0131n\u0131n malvarl\u0131\u011f\u0131yla ilgili tazminat\u0131 \u00f6demeyi d\u00fc\u015f\u00fcn\u00fcyor?&#8217; y\u00f6n\u00fcndeki sorusuna Erdo\u011fan, &#8220;Bu konuyla ilgili g\u00f6r\u00fc\u015ft\u00fck. Bir yarg\u0131 s\u00fcreci i\u00e7erisinde olan bir konu malum. Ayn\u0131 durum hastaneyle ilgili de \u00f6yle. Arkada\u015flar\u0131m\u0131zla bu konuyu de\u011ferlendirmek suretiyle \u015fu anda kirada olan bu hastanenin kiraya verilmesi ve bunun kimler taraf\u0131ndan yap\u0131ld\u0131\u011f\u0131 hususu yine yarg\u0131da s\u00fcren bir s\u00fcre\u00e7. Arkada\u015flar\u0131m\u0131zla takip edip neticesini de yine de\u011ferli dostuma bildirece\u011fim. Takip\u00e7isi olaca\u011f\u0131m bir konu. Trakya&#8217;daki olay, yine bir yarg\u0131 s\u00fcreci. Yarg\u0131n\u0131n verece\u011fi netice, karar ne olacakt\u0131r, onu \u015fu anda bilemiyorum. Bu karar neyse bu karara da y\u00fcr\u00fctme olarak bizler uyaca\u011f\u0131z, uyar\u0131z. Bundan kimsenin endi\u015fesi olmas\u0131n.&#8221; cevab\u0131n\u0131 verdi.<\/p>\n<p>&#8216;AB&#8217;nin g\u00f6zlem raporunda Trakya g\u00f6\u00e7menleriyle ilgili hususlar, g\u00f6\u00e7menlere tazminat \u00f6denecek midir? 10-20 milyar Dolar T\u00fcrkiye Cumhuriyeti tazminat \u00f6deyebilir mi?&#8217; \u015feklindeki sorusuna Erdo\u011fan, &#8220;Bununla ilgili kurulmu\u015f olan komisyonlar \u00e7al\u0131\u015fmalar\u0131n\u0131 tamamlayacak. Ondan sonra yarg\u0131ya g\u00f6t\u00fcr\u00fclmesi gereken boyutu varsa de\u011ferlendirmeleri yap\u0131ld\u0131ktan sonra nihai netice neyse, takaslama olur, bir di\u011fer t\u00fcrl\u00fc olur, ondan sonra bunun ad\u0131m\u0131 at\u0131lacakt\u0131r.&#8221; diye cevap verdi.<\/p>\n<p>Bulgar Ba\u015fbakan\u0131 Borisov, &#8216;Bulgaristan&#8217;da T\u00fcrk\u00e7e yay\u0131n\u0131n kald\u0131r\u0131lmas\u0131 ve tazminat talebi konular\u0131 kapand\u0131 m\u0131?&#8217; y\u00f6n\u00fcndeki soruya, &#8220;Milliyet\u00e7i ak\u0131mlar ve bunlar\u0131n tepkilerine bakacak olursak, bir merhalede Bulgar politikas\u0131ndaki insanlar, ortamda gerginlik yaratt\u0131. Bu gerginlik topluma yans\u0131d\u0131. Bu \u015firketler vas\u0131tas\u0131yla bask\u0131lar yap\u0131lmaya ba\u015fland\u0131. B\u00fct\u00fcn bunlar da stratejik projelere bakma yerine, iki \u00fclkenin \u00e7\u0131karlar\u0131yla ilgilenme yerine gerilimle u\u011fra\u015fma konusunu g\u00fcndeme getirdi. Bu nedenle herhangi bir parti veya partiler, Bulgaristan ile T\u00fcrkiye aras\u0131nda arac\u0131 olmas\u0131na gerek yok. T\u00fcrk\u00e7e haberlerle ilgili referandum konusu da bu kapsamda g\u00fcndeme geldi. Ve \u00f6zellikle ileriye y\u00f6nelik i\u015fbirli\u011fi, dostane ili\u015fkiler ad\u0131na bu fikri reddettik. Ancak ben ger\u00e7ekten de samimiyetle \u0131srar ediyorum T\u00fcrkiyeli meslekta\u015flar\u0131m\u0131z da baz\u0131 insanlar\u0131n davran\u0131\u015flar\u0131na bir g\u00f6z atmalar\u0131 laz\u0131m. Bulgaristan&#8217;daki T\u00fcrkiye&#8217;nin temsilcisi gibi davranmamalar\u0131n\u0131 istirham ediyorum. Anayasa Mahkemesi baz\u0131 konularla ilgileniyor. Ben Erdo\u011fan beyefendiye \u00e7ok te\u015fekk\u00fcr ediyorum. M\u00fc\u015fterek kariyerimiz var. Futbolculuk, belediye ba\u015fkanl\u0131\u011f\u0131 yapt\u0131k. Aram\u0131zda bir g\u00fcven var. Ger\u00e7ek sebepleri kendisine aktard\u0131m. Stratejik anla\u015fmalar g\u00fcndeme geldi. Sadece Bulgaristan-T\u00fcriye ili\u015fkileri de\u011fil. Baz\u0131 \u00e7evrelerin yaratt\u0131\u011f\u0131 etnik gerginli\u011fi \u00f6nlememiz laz\u0131m. T\u00fcrkiye ile Bulgaristan istihdam yaratmal\u0131, evlerini su basmayacak diye g\u00fcvence vermelidir. Dostluk, kom\u015fuluk budur.&#8221; dedi. (C\u0130HAN) <\/p>\n<div class=\"zemanta-pixie\"><img data-recalc-dims=\"1\"  title=\"\" decoding=\"async\" class=\"zemanta-pixie-img\"  alt=\"pixy Ba\u015fbakan Recep Tayyip Erdo\u011fan: AB&#039;de T\u00fcrkiye&#039;nin \u00d6n\u00fcne Sudan Bahaneler Getiriliyor\"  src=\"https:\/\/i0.wp.com\/img.zemanta.com\/pixy.gif?w=640\" \/><\/div>\n","protected":false},"excerpt":{"rendered":"<p>Ba\u015fbakan Recep Tayyip Erdo\u011fan, AB \u00fcyeli\u011fi s\u00fcrecinde T\u00fcrkiye&#8217;ye uygulananlar\u0131n ba\u015fka hi\u00e7bir \u00fclkeye uygulanmad\u0131\u011f\u0131na i\u015faret ederek, &#8220;\u00d6ne s\u00fcr\u00fclen gerek\u00e7elere bakt\u0131\u011f\u0131n\u0131z zaman asl\u0131nda sudan bahaneler.&#8221; dedi. Erdo\u011fan, Bulgaristan Ba\u015fbakan\u0131 Boyko Borisov ile bas\u0131n toplant\u0131s\u0131 d\u00fczenledi. Toplant\u0131da Erdo\u011fan ve Borisov bas\u0131n mensuplar\u0131n\u0131n sorular\u0131n\u0131 cevaplad\u0131. &#8216;T\u00fcrkiye&#8217;nin AB \u00fcyeli\u011fi y\u00f6n\u00fcndeki hevesi az\u0131l\u0131yor mu?&#8217; y\u00f6n\u00fcndeki soruya Erdo\u011fan, hi\u00e7bir \u00fclkeye T\u00fcrkiye&#8217;ye uygulanan [&hellip;]<\/p>\n","protected":false},"author":331,"featured_media":0,"comment_status":"open","ping_status":"open","sticky":false,"template":"","format":"standard","meta":{"advanced_seo_description":"","jetpack_seo_html_title":"","jetpack_seo_noindex":false,"ngg_post_thumbnail":0,"jetpack_post_was_ever_published":false,"_jetpack_newsletter_access":"","_jetpack_dont_email_post_to_subs":false,"_jetpack_newsletter_tier_id":0,"_jetpack_memberships_contains_paywalled_content":false,"_jetpack_memberships_contains_paid_content":false,"footnotes":""},"categories":[5],"tags":[],"class_list":["post-2061","post","type-post","status-publish","format-standard","hentry","category-haberler"],"jetpack_featured_media_url":"","jetpack_shortlink":"https:\/\/wp.me\/paHHlZ-xf","jetpack-related-posts":[{"id":2059,"url":"https:\/\/www.gocmeniz.biz\/?p=2059","url_meta":{"origin":2061,"position":0},"title":"Ba\u015fbakan Erdo\u011fan, Do\u011falgaza Zam Haberlerini Yalanlad\u0131","author":"Haberci","date":"30 Ocak 2010","format":false,"excerpt":"Ba\u015fbakan Recep Tayyip Erdo\u011fan, \u015fubat ay\u0131nda do\u011falgaza zam yap\u0131laca\u011f\u0131 haberlerini yalanlayarak, \"Bunlar h\u00fck\u00fcmetimize y\u00f6nelik provokatif haberlerdir.\" dedi. Ba\u015fbakan Erdo\u011fan, Bulgaristan Ba\u015fbakan\u0131 Boyko Borisov'la d\u00fczenledi\u011fi ortak bas\u0131n toplant\u0131s\u0131nda, bas\u0131n mensuplar\u0131n\u0131n g\u00fcndeme y\u00f6nelik sorular\u0131n\u0131 cevaplad\u0131. Erdo\u011fan, bir bas\u0131n mensubunun 'Bug\u00fcn Enerji ve Tabii Kaynaklar\u0131 Bakan\u0131 ile g\u00f6r\u00fc\u015ft\u00fcn\u00fcz. \u015eubat ay\u0131nda do\u011falgaza bir zam\u2026","rel":"","context":"&quot;Haberler&quot; i\u00e7inde","block_context":{"text":"Haberler","link":"https:\/\/www.gocmeniz.biz\/?cat=5"},"img":{"alt_text":"","src":"","width":0,"height":0},"classes":[]},{"id":2065,"url":"https:\/\/www.gocmeniz.biz\/?p=2065","url_meta":{"origin":2061,"position":1},"title":"Bulgaristan&#8217;dan \u0130stanbul&#8217;a su gelecek","author":"Haberci","date":"30 Ocak 2010","format":false,"excerpt":"Ba\u015fbakan Recep Tayyip Erdo\u011fan, Bulgar meslekta\u015f\u0131 Borisov ile bas\u0131n toplant\u0131s\u0131 d\u00fczenledi.Ba\u015fbakan Recep Tayyip Erdo\u011fan, Bulgaristan Ba\u015fbakan\u0131 Boyko Borissov\u2019la yapt\u0131\u011f\u0131 g\u00f6r\u00fc\u015fmede Rezve Deresi\u2019nden \u0130stanbul\u2019a su getirilmesi konusunun ele al\u0131nd\u0131\u011f\u0131n\u0131 s\u00f6yledi. Erdo\u011fan ile Borissov, ba\u015fba\u015fa ve heyetler aras\u0131 g\u00f6r\u00fc\u015fmelerin ard\u0131ndan ortak bas\u0131n toplant\u0131s\u0131 d\u00fczenledi.Ortak komisyon kurulduT\u00fcrkiye ile Bulgaristan aras\u0131nda kurulan ortak komisyonun\u2026","rel":"","context":"&quot;Haberler&quot; i\u00e7inde","block_context":{"text":"Haberler","link":"https:\/\/www.gocmeniz.biz\/?cat=5"},"img":{"alt_text":"","src":"","width":0,"height":0},"classes":[]},{"id":1314,"url":"https:\/\/www.gocmeniz.biz\/?p=1314","url_meta":{"origin":2061,"position":2},"title":"Avrupa\u2019n\u0131n huzuru Balkanlar\u2019a ba\u011fl\u0131","author":"Haberci","date":"06 Haziran 2009","format":false,"excerpt":"> Engin Kocab\u0131y\u0131k K\u0130\u015e\u0130NEV \u0130HABa\u015fbakan Erdo\u011fan, G\u00fcneydo\u011fu Avrupa \u00dclkeleri \u0130\u015fbirli\u011fi Zirvesi\u2019nin ard\u0131ndan Moldova Cumhurba\u015fkan\u0131 Vladimir Voronin ve Bulgaristan Cumhurba\u015fkan\u0131 Georgi Porvanov\u2019la birlikte ortak bas\u0131n toplant\u0131s\u0131 d\u00fczenledi.Ba\u015fbakan Recep Tayyip Erdo\u011fan, Balkanlar\u2019daki istikrar\u0131n Avrupa\u2019n\u0131n huzuru ve g\u00fcvenli\u011fi i\u00e7in \u015fart oldu\u011funu s\u00f6yledi. Moldova\u2019n\u0131n ba\u015fkenti Ki\u015finev\u2019de d\u00fczenlenen G\u00fcneydo\u011fu Avrupa \u00dclkeleri \u0130\u015fbirli\u011fi S\u00fcreci (GDA\u00dc) Devlet\u2026","rel":"","context":"&quot;Haberler&quot; i\u00e7inde","block_context":{"text":"Haberler","link":"https:\/\/www.gocmeniz.biz\/?cat=5"},"img":{"alt_text":"","src":"https:\/\/i0.wp.com\/www.turkiyegazetesi.com.tr\/images\/news\/410157_2.gif?resize=350%2C200","width":350,"height":200},"classes":[]},{"id":2063,"url":"https:\/\/www.gocmeniz.biz\/?p=2063","url_meta":{"origin":2061,"position":3},"title":"Bulgaristan\u2019la ili\u015fkiler masaya yat\u0131r\u0131ld\u0131","author":"Haberci","date":"30 Ocak 2010","format":false,"excerpt":"Ba\u015fbakan Recep Tayyip Erdo\u011fan, d\u00fcn Bulgaristan Ba\u015fbakan\u0131 Boyko Borissov\u2019u a\u011f\u0131rlad\u0131. Borissov, Ba\u015fbakanl\u0131k Merkez Bina\u2019ya geli\u015finde resmi t\u00f6renle kar\u015f\u0131land\u0131. Burada yakla\u015f\u0131k 2 saat s\u00fcren g\u00f6r\u00fc\u015fmenin ard\u0131ndan iki \u00fclke aras\u0131nda enerji bakanlar\u0131 taraf\u0131ndan enerji i\u015f birli\u011fi anla\u015fmas\u0131 imzaland\u0131. Ortak bas\u0131n toplant\u0131s\u0131nda konu\u015fan Erdo\u011fan, Bulgaristan\u2019\u0131n AB\u2019de T\u00fcrkiye ile ilgili tak\u0131nd\u0131\u011f\u0131 tavr\u0131n memnuniyet verici\u2026","rel":"","context":"&quot;Haberler&quot; i\u00e7inde","block_context":{"text":"Haberler","link":"https:\/\/www.gocmeniz.biz\/?cat=5"},"img":{"alt_text":"","src":"","width":0,"height":0},"classes":[]},{"id":2017,"url":"https:\/\/www.gocmeniz.biz\/?p=2017","url_meta":{"origin":2061,"position":4},"title":"Bulgar Ba\u015fbakan&#8217;dan tazminat\u00e7\u0131 bakana f\u0131r\u00e7a","author":"Haberci","date":"07 Ocak 2010","format":false,"excerpt":"Bulgaristan'da, Devlet Bakan\u0131 Bojidar Dimitrov'un, \u201c1913 y\u0131l\u0131ndan sonra T\u00fcrkiye'den g\u00f6\u00e7 eden Bulgarlar\u0131n T\u00fcrkiye'de b\u0131rakmak zorunda kald\u0131klar\u0131 mal ve m\u00fclkleri i\u00e7in en az 10 milyar dolar tazminat istenece\u011fi\u201d y\u00f6n\u00fcndeki a\u00e7\u0131klamalar\u0131 h\u00fck\u00fcmet i\u00e7inde siyasi krize neden oldu. Ne h\u00fck\u00fcmetin ne de parlamentonun b\u00f6yle bir giri\u015fimi oldu\u011funu s\u00f6yleyen Ba\u015fbakan Boyko Borisov, Dimitrov\u2019u sert\u2026","rel":"","context":"&quot;Haberler&quot; i\u00e7inde","block_context":{"text":"Haberler","link":"https:\/\/www.gocmeniz.biz\/?cat=5"},"img":{"alt_text":"","src":"","width":0,"height":0},"classes":[]},{"id":2057,"url":"https:\/\/www.gocmeniz.biz\/?p=2057","url_meta":{"origin":2061,"position":5},"title":"Ba\u015fbakan Erdo\u011fan Bulgaristan Ba\u015fbakan\u0131 Borisov&#8217;u Resmi T\u00f6renle Kar\u015f\u0131lad\u0131","author":"Haberci","date":"30 Ocak 2010","format":false,"excerpt":"Ba\u015fbakan Recep Tayyip Erdo\u011fan, Bulgaristan Ba\u015fbakan\u0131 Boyko Borisov'u resmi t\u00f6renle kar\u015f\u0131lad\u0131.Ba\u015fbakanl\u0131k Merkez Binas\u0131'nda d\u00fczenlenen t\u00f6rende iki \u00fclke milli mar\u015flar\u0131n\u0131n \u00e7al\u0131nmas\u0131n\u0131n ard\u0131ndan, konuk Ba\u015fbakan Borisov t\u00f6ren k\u0131tas\u0131n\u0131 selamlad\u0131.Ba\u015fbakan Erdo\u011fan ve Bulgaristan Ba\u015fbakan\u0131 Borisov, bas\u0131n mensuplar\u0131na poz verdikten sonra ba\u015f ba\u015fa ve heyetleraras\u0131 g\u00f6r\u00fc\u015fmelere ge\u00e7ildi.(ANKA)","rel":"","context":"&quot;Haberler&quot; i\u00e7inde","block_context":{"text":"Haberler","link":"https:\/\/www.gocmeniz.biz\/?cat=5"},"img":{"alt_text":"","src":"","width":0,"height":0},"classes":[]}],"jetpack_sharing_enabled":true,"jetpack_likes_enabled":true,"_links":{"self":[{"href":"https:\/\/www.gocmeniz.biz\/index.php?rest_route=\/wp\/v2\/posts\/2061","targetHints":{"allow":["GET"]}}],"collection":[{"href":"https:\/\/www.gocmeniz.biz\/index.php?rest_route=\/wp\/v2\/posts"}],"about":[{"href":"https:\/\/www.gocmeniz.biz\/index.php?rest_route=\/wp\/v2\/types\/post"}],"author":[{"embeddable":true,"href":"https:\/\/www.gocmeniz.biz\/index.php?rest_route=\/wp\/v2\/users\/331"}],"replies":[{"embeddable":true,"href":"https:\/\/www.gocmeniz.biz\/index.php?rest_route=%2Fwp%2Fv2%2Fcomments&post=2061"}],"version-history":[{"count":1,"href":"https:\/\/www.gocmeniz.biz\/index.php?rest_route=\/wp\/v2\/posts\/2061\/revisions"}],"predecessor-version":[{"id":8936,"href":"https:\/\/www.gocmeniz.biz\/index.php?rest_route=\/wp\/v2\/posts\/2061\/revisions\/8936"}],"wp:attachment":[{"href":"https:\/\/www.gocmeniz.biz\/index.php?rest_route=%2Fwp%2Fv2%2Fmedia&parent=2061"}],"wp:term":[{"taxonomy":"category","embeddable":true,"href":"https:\/\/www.gocmeniz.biz\/index.php?rest_route=%2Fwp%2Fv2%2Fcategories&post=2061"},{"taxonomy":"post_tag","embeddable":true,"href":"https:\/\/www.gocmeniz.biz\/index.php?rest_route=%2Fwp%2Fv2%2Ftags&post=2061"}],"curies":[{"name":"wp","href":"https:\/\/api.w.org\/{rel}","templated":true}]}}