{"id":2063,"date":"2010-01-30T11:31:09","date_gmt":"2010-01-30T09:31:09","guid":{"rendered":"http:\/\/www.gocmeniz.biz\/?p=2063"},"modified":"2026-04-03T12:25:37","modified_gmt":"2026-04-03T09:25:37","slug":"bulgaristanla-iliskiler-masaya-yatirildi","status":"publish","type":"post","link":"https:\/\/www.gocmeniz.biz\/?p=2063","title":{"rendered":"Bulgaristan\u2019la ili\u015fkiler masaya yat\u0131r\u0131ld\u0131"},"content":{"rendered":"<p><b><img data-recalc-dims=\"1\"  title=\"\"  alt=\"432047_2 Bulgaristan\u2019la ili\u015fkiler masaya yat\u0131r\u0131ld\u0131\" decoding=\"async\" style=\"max-width: 800px; float: left; margin-top: 10px; margin-bottom: 10px; margin-right: 10px;\" src=\"https:\/\/i0.wp.com\/www.turkiyegazetesi.com.tr\/images\/news\/432047_2.gif?w=640\" \/>Ba\u015fbakan Recep Tayyip Erdo\u011fan, d\u00fcn Bulgaristan Ba\u015fbakan\u0131 Boyko Borissov\u2019u a\u011f\u0131rlad\u0131. Borissov, Ba\u015fbakanl\u0131k Merkez Bina\u2019ya geli\u015finde resmi t\u00f6renle kar\u015f\u0131land\u0131. <\/b><\/p>\n<p>Burada yakla\u015f\u0131k 2 saat s\u00fcren g\u00f6r\u00fc\u015fmenin ard\u0131ndan iki \u00fclke aras\u0131nda enerji bakanlar\u0131 taraf\u0131ndan enerji i\u015f birli\u011fi anla\u015fmas\u0131 imzaland\u0131. Ortak bas\u0131n toplant\u0131s\u0131nda konu\u015fan Erdo\u011fan, Bulgaristan\u2019\u0131n AB\u2019de T\u00fcrkiye ile ilgili tak\u0131nd\u0131\u011f\u0131 tavr\u0131n memnuniyet verici oldu\u011funu s\u00f6yledi. Erdo\u011fan, Borissov\u2019dan Nabucco s\u00fcrecinin h\u0131zland\u0131r\u0131lmas\u0131 i\u00e7in AB\u2019li yetkilileri \u201cs\u0131k\u0131\u015ft\u0131rmay\u0131\u201d rica etti \u011fini belirtti. Trakya Bulgarlar\u0131n\u0131n mal varl\u0131\u011f\u0131na ili\u015fkin tazminat\u0131n ne zaman \u00f6denece\u011fi sorusuna Ba\u015fbakan, \u201cBununla ilgili kurulmu\u015f olan ortak komisyon var. Bu komisyon \u00e7al\u0131\u015fmalar\u0131n\u0131 tamamlad\u0131ktan sonra gerekli ad\u0131mlar at\u0131lacakt\u0131r\u201d dedi. Erdo\u011fan, AB konusunda da, \u201cT\u00fcrkiye; kurumlar\u0131, kurulu\u015flar\u0131, alt yap\u0131s\u0131 itibariyle AB \u00fcyesi \u00fclkelerin b\u00fcy\u00fck \u00e7o\u011funlu\u011fundan \u00e7ok daha ileride. T\u00fcrkiye\u2019nin \u00f6n\u00fcn\u00fcn kesilme gayretleri manidard\u0131r. Ancak sonuna kadar bu s\u00fcreci kovalayaca\u011f\u0131z\u201d \u015feklinde konu\u015ftu. <\/p>\n<div class=\"zemanta-pixie\"><img data-recalc-dims=\"1\"  title=\"\" decoding=\"async\" class=\"zemanta-pixie-img\"  alt=\"pixy Bulgaristan\u2019la ili\u015fkiler masaya yat\u0131r\u0131ld\u0131\"  src=\"https:\/\/i0.wp.com\/img.zemanta.com\/pixy.gif?w=640\" \/><\/div>\n","protected":false},"excerpt":{"rendered":"<p>Ba\u015fbakan Recep Tayyip Erdo\u011fan, d\u00fcn Bulgaristan Ba\u015fbakan\u0131 Boyko Borissov\u2019u a\u011f\u0131rlad\u0131. Borissov, Ba\u015fbakanl\u0131k Merkez Bina\u2019ya geli\u015finde resmi t\u00f6renle kar\u015f\u0131land\u0131. Burada yakla\u015f\u0131k 2 saat s\u00fcren g\u00f6r\u00fc\u015fmenin ard\u0131ndan iki \u00fclke aras\u0131nda enerji bakanlar\u0131 taraf\u0131ndan enerji i\u015f birli\u011fi anla\u015fmas\u0131 imzaland\u0131. Ortak bas\u0131n toplant\u0131s\u0131nda konu\u015fan Erdo\u011fan, Bulgaristan\u2019\u0131n AB\u2019de T\u00fcrkiye ile ilgili tak\u0131nd\u0131\u011f\u0131 tavr\u0131n memnuniyet verici oldu\u011funu s\u00f6yledi. Erdo\u011fan, Borissov\u2019dan Nabucco [&hellip;]<\/p>\n","protected":false},"author":331,"featured_media":0,"comment_status":"open","ping_status":"open","sticky":false,"template":"","format":"standard","meta":{"advanced_seo_description":"","jetpack_seo_html_title":"","jetpack_seo_noindex":false,"ngg_post_thumbnail":0,"jetpack_post_was_ever_published":false,"_jetpack_newsletter_access":"","_jetpack_dont_email_post_to_subs":false,"_jetpack_newsletter_tier_id":0,"_jetpack_memberships_contains_paywalled_content":false,"_jetpack_memberships_contains_paid_content":false,"footnotes":""},"categories":[5],"tags":[],"class_list":["post-2063","post","type-post","status-publish","format-standard","hentry","category-haberler"],"jetpack_featured_media_url":"","jetpack_shortlink":"https:\/\/wp.me\/paHHlZ-xh","jetpack-related-posts":[{"id":2065,"url":"https:\/\/www.gocmeniz.biz\/?p=2065","url_meta":{"origin":2063,"position":0},"title":"Bulgaristan&#8217;dan \u0130stanbul&#8217;a su gelecek","author":"Haberci","date":"30 Ocak 2010","format":false,"excerpt":"Ba\u015fbakan Recep Tayyip Erdo\u011fan, Bulgar meslekta\u015f\u0131 Borisov ile bas\u0131n toplant\u0131s\u0131 d\u00fczenledi.Ba\u015fbakan Recep Tayyip Erdo\u011fan, Bulgaristan Ba\u015fbakan\u0131 Boyko Borissov\u2019la yapt\u0131\u011f\u0131 g\u00f6r\u00fc\u015fmede Rezve Deresi\u2019nden \u0130stanbul\u2019a su getirilmesi konusunun ele al\u0131nd\u0131\u011f\u0131n\u0131 s\u00f6yledi. Erdo\u011fan ile Borissov, ba\u015fba\u015fa ve heyetler aras\u0131 g\u00f6r\u00fc\u015fmelerin ard\u0131ndan ortak bas\u0131n toplant\u0131s\u0131 d\u00fczenledi.Ortak komisyon kurulduT\u00fcrkiye ile Bulgaristan aras\u0131nda kurulan ortak komisyonun\u2026","rel":"","context":"&quot;Haberler&quot; i\u00e7inde","block_context":{"text":"Haberler","link":"https:\/\/www.gocmeniz.biz\/?cat=5"},"img":{"alt_text":"","src":"","width":0,"height":0},"classes":[]},{"id":2059,"url":"https:\/\/www.gocmeniz.biz\/?p=2059","url_meta":{"origin":2063,"position":1},"title":"Ba\u015fbakan Erdo\u011fan, Do\u011falgaza Zam Haberlerini Yalanlad\u0131","author":"Haberci","date":"30 Ocak 2010","format":false,"excerpt":"Ba\u015fbakan Recep Tayyip Erdo\u011fan, \u015fubat ay\u0131nda do\u011falgaza zam yap\u0131laca\u011f\u0131 haberlerini yalanlayarak, \"Bunlar h\u00fck\u00fcmetimize y\u00f6nelik provokatif haberlerdir.\" dedi. Ba\u015fbakan Erdo\u011fan, Bulgaristan Ba\u015fbakan\u0131 Boyko Borisov'la d\u00fczenledi\u011fi ortak bas\u0131n toplant\u0131s\u0131nda, bas\u0131n mensuplar\u0131n\u0131n g\u00fcndeme y\u00f6nelik sorular\u0131n\u0131 cevaplad\u0131. Erdo\u011fan, bir bas\u0131n mensubunun 'Bug\u00fcn Enerji ve Tabii Kaynaklar\u0131 Bakan\u0131 ile g\u00f6r\u00fc\u015ft\u00fcn\u00fcz. \u015eubat ay\u0131nda do\u011falgaza bir zam\u2026","rel":"","context":"&quot;Haberler&quot; i\u00e7inde","block_context":{"text":"Haberler","link":"https:\/\/www.gocmeniz.biz\/?cat=5"},"img":{"alt_text":"","src":"","width":0,"height":0},"classes":[]},{"id":1314,"url":"https:\/\/www.gocmeniz.biz\/?p=1314","url_meta":{"origin":2063,"position":2},"title":"Avrupa\u2019n\u0131n huzuru Balkanlar\u2019a ba\u011fl\u0131","author":"Haberci","date":"06 Haziran 2009","format":false,"excerpt":"> Engin Kocab\u0131y\u0131k K\u0130\u015e\u0130NEV \u0130HABa\u015fbakan Erdo\u011fan, G\u00fcneydo\u011fu Avrupa \u00dclkeleri \u0130\u015fbirli\u011fi Zirvesi\u2019nin ard\u0131ndan Moldova Cumhurba\u015fkan\u0131 Vladimir Voronin ve Bulgaristan Cumhurba\u015fkan\u0131 Georgi Porvanov\u2019la birlikte ortak bas\u0131n toplant\u0131s\u0131 d\u00fczenledi.Ba\u015fbakan Recep Tayyip Erdo\u011fan, Balkanlar\u2019daki istikrar\u0131n Avrupa\u2019n\u0131n huzuru ve g\u00fcvenli\u011fi i\u00e7in \u015fart oldu\u011funu s\u00f6yledi. Moldova\u2019n\u0131n ba\u015fkenti Ki\u015finev\u2019de d\u00fczenlenen G\u00fcneydo\u011fu Avrupa \u00dclkeleri \u0130\u015fbirli\u011fi S\u00fcreci (GDA\u00dc) Devlet\u2026","rel":"","context":"&quot;Haberler&quot; i\u00e7inde","block_context":{"text":"Haberler","link":"https:\/\/www.gocmeniz.biz\/?cat=5"},"img":{"alt_text":"","src":"https:\/\/i0.wp.com\/www.turkiyegazetesi.com.tr\/images\/news\/410157_2.gif?resize=350%2C200","width":350,"height":200},"classes":[]},{"id":928,"url":"https:\/\/www.gocmeniz.biz\/?p=928","url_meta":{"origin":2063,"position":3},"title":"TRT&#8217;den T\u00fcrk d\u00fcnyas\u0131na yeni kanal","author":"Haberci","date":"20 Mart 2009","format":false,"excerpt":"T\u00fcrkiye Radyo Televizyon Kurumu (TRT), yar\u0131n Balkanlar, Kafkasya ve Orta Asya co\u011frafyas\u0131nda izleyicilerle bulu\u015facak yeni bir kanal\u0131n galas\u0131n\u0131 yapacak.TRT'den yap\u0131lan yaz\u0131l\u0131 a\u00e7\u0131klamaya g\u00f6re, yeni y\u0131l\u0131, yeni bir d\u00f6nemi simgeleyen Nevruz g\u00fcn\u00fc, T\u00fcrk\u00e7e, Kazak\u00e7a, K\u0131rg\u0131zca, Azerbaycan T\u00fcrk\u00e7esi, \u00d6zbek\u00e7e ve T\u00fcrkmence dillerinin konu\u015fuldu\u011fu co\u011frafyada yer alan izleyicilerle bulu\u015facak kanal\u0131n galas\u0131na Cumhurba\u015fkan\u0131 Abdullah\u2026","rel":"","context":"&quot;Haberler&quot; i\u00e7inde","block_context":{"text":"Haberler","link":"https:\/\/www.gocmeniz.biz\/?cat=5"},"img":{"alt_text":"","src":"","width":0,"height":0},"classes":[]},{"id":2061,"url":"https:\/\/www.gocmeniz.biz\/?p=2061","url_meta":{"origin":2063,"position":4},"title":"Ba\u015fbakan Recep Tayyip Erdo\u011fan: AB&#8217;de T\u00fcrkiye&#8217;nin \u00d6n\u00fcne Sudan Bahaneler Getiriliyor","author":"Haberci","date":"30 Ocak 2010","format":false,"excerpt":"Ba\u015fbakan Recep Tayyip Erdo\u011fan, AB \u00fcyeli\u011fi s\u00fcrecinde T\u00fcrkiye'ye uygulananlar\u0131n ba\u015fka hi\u00e7bir \u00fclkeye uygulanmad\u0131\u011f\u0131na i\u015faret ederek, \"\u00d6ne s\u00fcr\u00fclen gerek\u00e7elere bakt\u0131\u011f\u0131n\u0131z zaman asl\u0131nda sudan bahaneler.\" dedi. Erdo\u011fan, Bulgaristan Ba\u015fbakan\u0131 Boyko Borisov ile bas\u0131n toplant\u0131s\u0131 d\u00fczenledi. Toplant\u0131da Erdo\u011fan ve Borisov bas\u0131n mensuplar\u0131n\u0131n sorular\u0131n\u0131 cevaplad\u0131. 'T\u00fcrkiye'nin AB \u00fcyeli\u011fi y\u00f6n\u00fcndeki hevesi az\u0131l\u0131yor mu?' y\u00f6n\u00fcndeki soruya\u2026","rel":"","context":"&quot;Haberler&quot; i\u00e7inde","block_context":{"text":"Haberler","link":"https:\/\/www.gocmeniz.biz\/?cat=5"},"img":{"alt_text":"","src":"","width":0,"height":0},"classes":[]},{"id":1981,"url":"https:\/\/www.gocmeniz.biz\/?p=1981","url_meta":{"origin":2063,"position":5},"title":"\u2018T\u00fcrk\u00e7e haberlerde tuza\u011fa d\u00fc\u015f\u00fcr\u00fcld\u00fcm\u2019","author":"Haberci","date":"21 Aral\u0131k 2009","format":false,"excerpt":"Irk\u00e7\u0131 partinin ATAKA\u2019n\u0131n referandum \u00f6nerisine destek veren Ba\u015fbakan geri ad\u0131m att\u0131Merkez sa\u011fc\u0131 Ba\u015fbakan Borisov, \u201cReferandum az\u0131nl\u0131k haklar\u0131na ayk\u0131r\u0131 olur\u201d dedi.Bulgaristan\u2019da \u0131rk\u00e7\u0131 parti ATAKA\u2019n\u0131n \u201cDevlet televizyonundaki T\u00fcrk\u00e7e haberlerin kald\u0131r\u0131lmas\u0131 i\u00e7in referandum yap\u0131ls\u0131n\u201d \u00f6nerisine destek veren Ba\u015fbakan Borisov geri ad\u0131m att\u0131. Borisov \u201cKarar\u0131m yanl\u0131\u015ft\u0131. Tuza\u011fa d\u00fc\u015ft\u00fcm\u201d dedi.BULGAR\u0130STAN\u2019DA \u0131rk\u00e7\u0131 ve a\u015f\u0131r\u0131 milliyet\u00e7i ATAKA\u2026","rel":"","context":"&quot;Haberler&quot; i\u00e7inde","block_context":{"text":"Haberler","link":"https:\/\/www.gocmeniz.biz\/?cat=5"},"img":{"alt_text":"","src":"","width":0,"height":0},"classes":[]}],"jetpack_sharing_enabled":true,"jetpack_likes_enabled":true,"_links":{"self":[{"href":"https:\/\/www.gocmeniz.biz\/index.php?rest_route=\/wp\/v2\/posts\/2063","targetHints":{"allow":["GET"]}}],"collection":[{"href":"https:\/\/www.gocmeniz.biz\/index.php?rest_route=\/wp\/v2\/posts"}],"about":[{"href":"https:\/\/www.gocmeniz.biz\/index.php?rest_route=\/wp\/v2\/types\/post"}],"author":[{"embeddable":true,"href":"https:\/\/www.gocmeniz.biz\/index.php?rest_route=\/wp\/v2\/users\/331"}],"replies":[{"embeddable":true,"href":"https:\/\/www.gocmeniz.biz\/index.php?rest_route=%2Fwp%2Fv2%2Fcomments&post=2063"}],"version-history":[{"count":1,"href":"https:\/\/www.gocmeniz.biz\/index.php?rest_route=\/wp\/v2\/posts\/2063\/revisions"}],"predecessor-version":[{"id":8935,"href":"https:\/\/www.gocmeniz.biz\/index.php?rest_route=\/wp\/v2\/posts\/2063\/revisions\/8935"}],"wp:attachment":[{"href":"https:\/\/www.gocmeniz.biz\/index.php?rest_route=%2Fwp%2Fv2%2Fmedia&parent=2063"}],"wp:term":[{"taxonomy":"category","embeddable":true,"href":"https:\/\/www.gocmeniz.biz\/index.php?rest_route=%2Fwp%2Fv2%2Fcategories&post=2063"},{"taxonomy":"post_tag","embeddable":true,"href":"https:\/\/www.gocmeniz.biz\/index.php?rest_route=%2Fwp%2Fv2%2Ftags&post=2063"}],"curies":[{"name":"wp","href":"https:\/\/api.w.org\/{rel}","templated":true}]}}