{"id":2065,"date":"2010-01-30T11:34:44","date_gmt":"2010-01-30T09:34:44","guid":{"rendered":"http:\/\/www.gocmeniz.biz\/?p=2065"},"modified":"2026-04-03T12:25:37","modified_gmt":"2026-04-03T09:25:37","slug":"bulgaristandan-istanbula-su-gelecek","status":"publish","type":"post","link":"https:\/\/www.gocmeniz.biz\/?p=2065","title":{"rendered":"Bulgaristan&#8217;dan \u0130stanbul&#8217;a su gelecek"},"content":{"rendered":"<p><b><img data-recalc-dims=\"1\"  title=\"\"  alt=\"1264810289 Bulgaristan&#039;dan \u0130stanbul&#039;a su gelecek\" decoding=\"async\" style=\"max-width: 800px; float: left; margin-top: 10px; margin-bottom: 10px; margin-right: 10px;\" src=\"https:\/\/i0.wp.com\/www.yenicaggazetesi.com.tr\/yg\/resimler\/1264810289.jpg?w=640\" \/>Ba\u015fbakan Recep Tayyip Erdo\u011fan, Bulgar meslekta\u015f\u0131 Borisov ile bas\u0131n toplant\u0131s\u0131 d\u00fczenledi.<br \/>Ba\u015fbakan Recep Tayyip Erdo\u011fan, Bulgaristan Ba\u015fbakan\u0131 Boyko Borissov\u2019la yapt\u0131\u011f\u0131 g\u00f6r\u00fc\u015fmede Rezve Deresi\u2019nden \u0130stanbul\u2019a su getirilmesi konusunun ele al\u0131nd\u0131\u011f\u0131n\u0131 s\u00f6yledi. Erdo\u011fan ile Borissov, ba\u015fba\u015fa ve heyetler aras\u0131 g\u00f6r\u00fc\u015fmelerin ard\u0131ndan ortak bas\u0131n toplant\u0131s\u0131 d\u00fczenledi.<\/b><\/p>\n<p><b>Ortak komisyon kuruldu<\/b><br \/>T\u00fcrkiye ile Bulgaristan aras\u0131nda kurulan ortak komisyonun iki \u00fclkeyi stratejik i\u015fbirli\u011fine ta\u015f\u0131yaca\u011f\u0131n\u0131 belirten Erdo\u011fan, \u015f\u00f6yle konu\u015ftu: \u201cBunlar\u0131n i\u00e7erisine Rezve Deresi\u2019nden \u0130stanbul\u2019a su al\u0131nmas\u0131 konusu \u00e7ok ciddi bir \u00f6ncelik arz ediyor. Bu konuyu kendileriyle g\u00f6r\u00fc\u015fme imkan\u0131m\u0131z, f\u0131rsat\u0131m\u0131z oldu. Bu konuda yap\u0131lacak \u00e7al\u0131\u015fmalarla inan\u0131yorum ki gerek Enerji Bakanl\u0131\u011f\u0131m\u0131z, gerek Devlet Su \u0130\u015flerimiz burada altyap\u0131 \u00e7al\u0131\u015fmalar\u0131n\u0131 yapmak suretiyle \u00f6nemli ad\u0131mlar ataca\u011f\u0131z.\u201d<\/p>\n<p><b>Trakya g\u00f6\u00e7menlerine tazminat<\/b><br \/>Gazetecilerin sorular\u0131n\u0131 da yan\u0131tlayan Erdo\u011fan, \u201cT\u00fcrkiye, Trakya Bulgarlar\u0131n\u0131n mal varl\u0131\u011f\u0131yla ilgili tazminat\u0131 ne zaman \u00f6demeyi d\u00fc\u015f\u00fcn\u00fcyor?\u201d sorusunu da \u015f\u00f6yle yan\u0131tlad\u0131: \u201cBunu de\u011ferli dostumla da payla\u015ft\u0131k, g\u00f6r\u00fc\u015ft\u00fck. Yarg\u0131 s\u00fcreci i\u00e7erisinde olan bir konu. Ayn\u0131 durum hastaneyle ilgili de \u00f6yle. Yarg\u0131n\u0131n verece\u011fi netice ne olacakt\u0131r, karar ne olacakt\u0131r? Onu \u015fu anda bilemiyorum ama bu karar neyse bu karara da y\u00fcr\u00fctme organ\u0131 olarak bizler buna uyaca\u011f\u0131z, uyar\u0131z. Bundan da kimsenin endi\u015fesi olmas\u0131n.\u201d<\/p>\n<p><b>Referandumu reddettik<\/b><br \/>Tazminat talebiyle ilgili olark Borisov da, \u201cBizler, b\u00fct\u00fcn ma\u011fdur ailelerinin sorunlar\u0131n\u0131n \u00e7\u00f6z\u00fcm\u00fcn\u00fcn yan\u0131nday\u0131z. Komisyonlar \u00e7al\u0131\u015f\u0131yor ve bunlar\u0131n sonu\u00e7lar\u0131n\u0131 bekliyoruz\u201d dedi. Borisov, Bulgaristan\u2019da T\u00fcrk\u00e7e haberlerin k\u0131s\u0131tlanmas\u0131n\u0131n referanduma g\u00f6t\u00fcr\u00fclmesi konusunda ise \u201cBiz, \u00f6zellikle ileriye y\u00f6nelik i\u015fbirli\u011fi, dostane ili\u015fkiler a\u00e7\u0131s\u0131ndan bu fikri reddettik\u201d ifadelerini kulland\u0131.<\/p>\n<div class=\"zemanta-pixie\"><img data-recalc-dims=\"1\"  title=\"\" decoding=\"async\" class=\"zemanta-pixie-img\"  alt=\"pixy Bulgaristan&#039;dan \u0130stanbul&#039;a su gelecek\"  src=\"https:\/\/i0.wp.com\/img.zemanta.com\/pixy.gif?w=640\" \/><\/div>\n","protected":false},"excerpt":{"rendered":"<p>Ba\u015fbakan Recep Tayyip Erdo\u011fan, Bulgar meslekta\u015f\u0131 Borisov ile bas\u0131n toplant\u0131s\u0131 d\u00fczenledi.Ba\u015fbakan Recep Tayyip Erdo\u011fan, Bulgaristan Ba\u015fbakan\u0131 Boyko Borissov\u2019la yapt\u0131\u011f\u0131 g\u00f6r\u00fc\u015fmede Rezve Deresi\u2019nden \u0130stanbul\u2019a su getirilmesi konusunun ele al\u0131nd\u0131\u011f\u0131n\u0131 s\u00f6yledi. Erdo\u011fan ile Borissov, ba\u015fba\u015fa ve heyetler aras\u0131 g\u00f6r\u00fc\u015fmelerin ard\u0131ndan ortak bas\u0131n toplant\u0131s\u0131 d\u00fczenledi. Ortak komisyon kurulduT\u00fcrkiye ile Bulgaristan aras\u0131nda kurulan ortak komisyonun iki \u00fclkeyi stratejik i\u015fbirli\u011fine [&hellip;]<\/p>\n","protected":false},"author":331,"featured_media":0,"comment_status":"open","ping_status":"open","sticky":false,"template":"","format":"standard","meta":{"advanced_seo_description":"","jetpack_seo_html_title":"","jetpack_seo_noindex":false,"ngg_post_thumbnail":0,"jetpack_post_was_ever_published":false,"_jetpack_newsletter_access":"","_jetpack_dont_email_post_to_subs":false,"_jetpack_newsletter_tier_id":0,"_jetpack_memberships_contains_paywalled_content":false,"_jetpack_memberships_contains_paid_content":false,"footnotes":""},"categories":[5],"tags":[],"class_list":["post-2065","post","type-post","status-publish","format-standard","hentry","category-haberler"],"jetpack_featured_media_url":"","jetpack_shortlink":"https:\/\/wp.me\/paHHlZ-xj","jetpack-related-posts":[{"id":354,"url":"https:\/\/www.gocmeniz.biz\/?p=354","url_meta":{"origin":2065,"position":0},"title":"Rezve suyu Karadeniz&#8217;den borularla \u0130stanbul&#8217;a gelecek","author":"Haberci","date":"28 Nisan 2008","format":false,"excerpt":"\u0130stanbul'a Rezve Deresi'nden (Rezovo) su getirme projesi tamamland\u0131. Daha \u00f6nce Rezve'den gelecek suyun Longoz ormanlar\u0131 i\u00e7inden ge\u00e7irilecek isale hatt\u0131 ile \u0130stanbul'a getirilmesi planlan\u0131rken bu proje \u00e7evreciler taraf\u0131ndan tepki ile kar\u015f\u0131lanm\u0131\u015ft\u0131. Baz\u0131 sivil toplum \u00f6rg\u00fctleri Rezve'den su getirme \u00e7al\u0131\u015fmalar\u0131ndan ormanlar\u0131n tahrip edilece\u011fi ve bu ormanlar\u0131n yok edilece\u011fini s\u00f6ylemi\u015fti. \u0130stanbul B\u00fcy\u00fck\u015fehir Belediyesi\u2026","rel":"","context":"&quot;Haberler&quot; i\u00e7inde","block_context":{"text":"Haberler","link":"https:\/\/www.gocmeniz.biz\/?cat=5"},"img":{"alt_text":"","src":"","width":0,"height":0},"classes":[]},{"id":2059,"url":"https:\/\/www.gocmeniz.biz\/?p=2059","url_meta":{"origin":2065,"position":1},"title":"Ba\u015fbakan Erdo\u011fan, Do\u011falgaza Zam Haberlerini Yalanlad\u0131","author":"Haberci","date":"30 Ocak 2010","format":false,"excerpt":"Ba\u015fbakan Recep Tayyip Erdo\u011fan, \u015fubat ay\u0131nda do\u011falgaza zam yap\u0131laca\u011f\u0131 haberlerini yalanlayarak, \"Bunlar h\u00fck\u00fcmetimize y\u00f6nelik provokatif haberlerdir.\" dedi. Ba\u015fbakan Erdo\u011fan, Bulgaristan Ba\u015fbakan\u0131 Boyko Borisov'la d\u00fczenledi\u011fi ortak bas\u0131n toplant\u0131s\u0131nda, bas\u0131n mensuplar\u0131n\u0131n g\u00fcndeme y\u00f6nelik sorular\u0131n\u0131 cevaplad\u0131. Erdo\u011fan, bir bas\u0131n mensubunun 'Bug\u00fcn Enerji ve Tabii Kaynaklar\u0131 Bakan\u0131 ile g\u00f6r\u00fc\u015ft\u00fcn\u00fcz. \u015eubat ay\u0131nda do\u011falgaza bir zam\u2026","rel":"","context":"&quot;Haberler&quot; i\u00e7inde","block_context":{"text":"Haberler","link":"https:\/\/www.gocmeniz.biz\/?cat=5"},"img":{"alt_text":"","src":"","width":0,"height":0},"classes":[]},{"id":2061,"url":"https:\/\/www.gocmeniz.biz\/?p=2061","url_meta":{"origin":2065,"position":2},"title":"Ba\u015fbakan Recep Tayyip Erdo\u011fan: AB&#8217;de T\u00fcrkiye&#8217;nin \u00d6n\u00fcne Sudan Bahaneler Getiriliyor","author":"Haberci","date":"30 Ocak 2010","format":false,"excerpt":"Ba\u015fbakan Recep Tayyip Erdo\u011fan, AB \u00fcyeli\u011fi s\u00fcrecinde T\u00fcrkiye'ye uygulananlar\u0131n ba\u015fka hi\u00e7bir \u00fclkeye uygulanmad\u0131\u011f\u0131na i\u015faret ederek, \"\u00d6ne s\u00fcr\u00fclen gerek\u00e7elere bakt\u0131\u011f\u0131n\u0131z zaman asl\u0131nda sudan bahaneler.\" dedi. Erdo\u011fan, Bulgaristan Ba\u015fbakan\u0131 Boyko Borisov ile bas\u0131n toplant\u0131s\u0131 d\u00fczenledi. Toplant\u0131da Erdo\u011fan ve Borisov bas\u0131n mensuplar\u0131n\u0131n sorular\u0131n\u0131 cevaplad\u0131. 'T\u00fcrkiye'nin AB \u00fcyeli\u011fi y\u00f6n\u00fcndeki hevesi az\u0131l\u0131yor mu?' y\u00f6n\u00fcndeki soruya\u2026","rel":"","context":"&quot;Haberler&quot; i\u00e7inde","block_context":{"text":"Haberler","link":"https:\/\/www.gocmeniz.biz\/?cat=5"},"img":{"alt_text":"","src":"","width":0,"height":0},"classes":[]},{"id":2063,"url":"https:\/\/www.gocmeniz.biz\/?p=2063","url_meta":{"origin":2065,"position":3},"title":"Bulgaristan\u2019la ili\u015fkiler masaya yat\u0131r\u0131ld\u0131","author":"Haberci","date":"30 Ocak 2010","format":false,"excerpt":"Ba\u015fbakan Recep Tayyip Erdo\u011fan, d\u00fcn Bulgaristan Ba\u015fbakan\u0131 Boyko Borissov\u2019u a\u011f\u0131rlad\u0131. Borissov, Ba\u015fbakanl\u0131k Merkez Bina\u2019ya geli\u015finde resmi t\u00f6renle kar\u015f\u0131land\u0131. Burada yakla\u015f\u0131k 2 saat s\u00fcren g\u00f6r\u00fc\u015fmenin ard\u0131ndan iki \u00fclke aras\u0131nda enerji bakanlar\u0131 taraf\u0131ndan enerji i\u015f birli\u011fi anla\u015fmas\u0131 imzaland\u0131. Ortak bas\u0131n toplant\u0131s\u0131nda konu\u015fan Erdo\u011fan, Bulgaristan\u2019\u0131n AB\u2019de T\u00fcrkiye ile ilgili tak\u0131nd\u0131\u011f\u0131 tavr\u0131n memnuniyet verici\u2026","rel":"","context":"&quot;Haberler&quot; i\u00e7inde","block_context":{"text":"Haberler","link":"https:\/\/www.gocmeniz.biz\/?cat=5"},"img":{"alt_text":"","src":"","width":0,"height":0},"classes":[]},{"id":1314,"url":"https:\/\/www.gocmeniz.biz\/?p=1314","url_meta":{"origin":2065,"position":4},"title":"Avrupa\u2019n\u0131n huzuru Balkanlar\u2019a ba\u011fl\u0131","author":"Haberci","date":"06 Haziran 2009","format":false,"excerpt":"> Engin Kocab\u0131y\u0131k K\u0130\u015e\u0130NEV \u0130HABa\u015fbakan Erdo\u011fan, G\u00fcneydo\u011fu Avrupa \u00dclkeleri \u0130\u015fbirli\u011fi Zirvesi\u2019nin ard\u0131ndan Moldova Cumhurba\u015fkan\u0131 Vladimir Voronin ve Bulgaristan Cumhurba\u015fkan\u0131 Georgi Porvanov\u2019la birlikte ortak bas\u0131n toplant\u0131s\u0131 d\u00fczenledi.Ba\u015fbakan Recep Tayyip Erdo\u011fan, Balkanlar\u2019daki istikrar\u0131n Avrupa\u2019n\u0131n huzuru ve g\u00fcvenli\u011fi i\u00e7in \u015fart oldu\u011funu s\u00f6yledi. Moldova\u2019n\u0131n ba\u015fkenti Ki\u015finev\u2019de d\u00fczenlenen G\u00fcneydo\u011fu Avrupa \u00dclkeleri \u0130\u015fbirli\u011fi S\u00fcreci (GDA\u00dc) Devlet\u2026","rel":"","context":"&quot;Haberler&quot; i\u00e7inde","block_context":{"text":"Haberler","link":"https:\/\/www.gocmeniz.biz\/?cat=5"},"img":{"alt_text":"","src":"https:\/\/i0.wp.com\/www.turkiyegazetesi.com.tr\/images\/news\/410157_2.gif?resize=350%2C200","width":350,"height":200},"classes":[]},{"id":313,"url":"https:\/\/www.gocmeniz.biz\/?p=313","url_meta":{"origin":2065,"position":5},"title":"Ba\u015fbakan Erdo\u011fan, Bulgaristan&#8217;da \u015ei\u015fecam&#8217;\u0131n \u00dcretim Tesislerini A\u00e7t\u0131","author":"Admin","date":"27 Mart 2008","format":false,"excerpt":"Ba\u015fbakan Recep Tayyip Erdo\u011fan, \u015ei\u015fecam Bulgaristan \u00dcretim Tesisleri'nin a\u00e7\u0131l\u0131\u015f\u0131n\u0131 yapt\u0131. Bulgaristan'\u0131n ba\u015fkenti Sofya'ya d\u00fcn ak\u015fam saatlerinde Erdo\u011fan, bug\u00fcn resmi temaslar\u0131na ba\u015flad\u0131. Bulgaristan Ba\u015fbakan\u0131 Sergey Stanishev ile g\u00f6r\u00fc\u015fmesinin ard\u0131ndan Erdo\u011fan, i\u015f konseyine kat\u0131ld\u0131. \u0130\u015f konseyinde i\u015fadamlar\u0131na hitabinin ard\u0131ndan Erdo\u011fan, Tirgovi\u015fte'ye giderek \u015ei\u015fecam Cam Bulgaristan \u00dcretim Tesisleri'nin a\u00e7\u0131l\u0131\u015f\u0131n\u0131 yapt\u0131. \u015ei\u015fecam Y\u00f6netim Kurulu\u2026","rel":"","context":"&quot;Haberler&quot; i\u00e7inde","block_context":{"text":"Haberler","link":"https:\/\/www.gocmeniz.biz\/?cat=5"},"img":{"alt_text":"","src":"","width":0,"height":0},"classes":[]}],"jetpack_sharing_enabled":true,"jetpack_likes_enabled":true,"_links":{"self":[{"href":"https:\/\/www.gocmeniz.biz\/index.php?rest_route=\/wp\/v2\/posts\/2065","targetHints":{"allow":["GET"]}}],"collection":[{"href":"https:\/\/www.gocmeniz.biz\/index.php?rest_route=\/wp\/v2\/posts"}],"about":[{"href":"https:\/\/www.gocmeniz.biz\/index.php?rest_route=\/wp\/v2\/types\/post"}],"author":[{"embeddable":true,"href":"https:\/\/www.gocmeniz.biz\/index.php?rest_route=\/wp\/v2\/users\/331"}],"replies":[{"embeddable":true,"href":"https:\/\/www.gocmeniz.biz\/index.php?rest_route=%2Fwp%2Fv2%2Fcomments&post=2065"}],"version-history":[{"count":1,"href":"https:\/\/www.gocmeniz.biz\/index.php?rest_route=\/wp\/v2\/posts\/2065\/revisions"}],"predecessor-version":[{"id":8934,"href":"https:\/\/www.gocmeniz.biz\/index.php?rest_route=\/wp\/v2\/posts\/2065\/revisions\/8934"}],"wp:attachment":[{"href":"https:\/\/www.gocmeniz.biz\/index.php?rest_route=%2Fwp%2Fv2%2Fmedia&parent=2065"}],"wp:term":[{"taxonomy":"category","embeddable":true,"href":"https:\/\/www.gocmeniz.biz\/index.php?rest_route=%2Fwp%2Fv2%2Fcategories&post=2065"},{"taxonomy":"post_tag","embeddable":true,"href":"https:\/\/www.gocmeniz.biz\/index.php?rest_route=%2Fwp%2Fv2%2Ftags&post=2065"}],"curies":[{"name":"wp","href":"https:\/\/api.w.org\/{rel}","templated":true}]}}