{"id":2067,"date":"2010-02-04T11:09:34","date_gmt":"2010-02-04T09:09:34","guid":{"rendered":"http:\/\/www.gocmeniz.biz\/?p=2067"},"modified":"2026-04-03T12:25:37","modified_gmt":"2026-04-03T09:25:37","slug":"bulgaristanda-turkiye-karsiti-kampanya","status":"publish","type":"post","link":"https:\/\/www.gocmeniz.biz\/?p=2067","title":{"rendered":"Bulgaristan&#8217;da T\u00fcrkiye kar\u015f\u0131t\u0131 kampanya"},"content":{"rendered":"<p><b>Bulgaristan&#8217;da milliyet\u00e7i politikas\u0131yla tan\u0131nan VMRO adl\u0131 parti, T\u00fcrkiye;nin Avrupa Birli\u011fi (AB) \u00fcyeli\u011fi konusunda referandum yap\u0131lmas\u0131 i\u00e7in imza kampanyas\u0131 ba\u015flataca\u011f\u0131n\u0131 a\u00e7\u0131klad\u0131.<\/b><\/p>\n<p>VMRO Genel Ba\u015fkan Yard\u0131mc\u0131s\u0131 Kostadin Kostadinov, nisan ba\u015f\u0131nda ba\u015flayacak ve \u00fc\u00e7 ay s\u00fcrecek kampanya kapsam\u0131nda, partinin parlamentodan referandum talebinde bulunabilmek i\u00e7in 200 bin imza toplamay\u0131 planlad\u0131\u011f\u0131n\u0131 bildirdi.<\/p>\n<p>Bulgaristan vatanda\u015flar\u0131n\u0131n y\u00fczde 90&#8217;\u0131n\u0131n T\u00fcrkiye&#8217;nin Avrupa Birli\u011fi \u00fcyeli\u011fine kar\u015f\u0131 oldu\u011funu iddia eden Kostadinov, &#8220;T\u00fcrkiye&#8217;nin AB&#8217;ye \u00fcye olmas\u0131 Bulgaristan&#8217;\u0131n milli \u00e7\u0131karlar\u0131na ayk\u0131r\u0131d\u0131r&#8221; dedi.<\/p>\n<p>70 milyon n\u00fcfusu olan T\u00fcrkiye&#8217;nin NATO&#8217;da b\u00fcy\u00fck bir orduya ve d\u00fcnyada en g\u00fc\u00e7l\u00fc ekonomilerinden birine sahip oldu\u011funu belirten Kostadinov, &#8220;T\u00fcrkiye&#8217;nin t\u00fcm kom\u015fular\u0131 olas\u0131 AB \u00fcyeli\u011finden rahats\u0131zl\u0131k duyuyorsa bizim de endi\u015feli olmam\u0131z normaldir&#8221; diye konu\u015ftu.<br \/>VMRO, \u00fclkede 7 Temmuz 2009 tarihinde yap\u0131lan son genel se\u00e7imde y\u00fczde 4&#8217;l\u00fck baraj\u0131 a\u015famayarak parlamento d\u0131\u015f\u0131nda kalm\u0131\u015ft\u0131.<\/p>\n<div class=\"zemanta-pixie\"><img data-recalc-dims=\"1\"  title=\"\" decoding=\"async\" class=\"zemanta-pixie-img\"  alt=\"pixy Bulgaristan&#039;da T\u00fcrkiye kar\u015f\u0131t\u0131 kampanya\"  src=\"https:\/\/i0.wp.com\/img.zemanta.com\/pixy.gif?w=640\" \/><\/div>\n","protected":false},"excerpt":{"rendered":"<p>Bulgaristan&#8217;da milliyet\u00e7i politikas\u0131yla tan\u0131nan VMRO adl\u0131 parti, T\u00fcrkiye;nin Avrupa Birli\u011fi (AB) \u00fcyeli\u011fi konusunda referandum yap\u0131lmas\u0131 i\u00e7in imza kampanyas\u0131 ba\u015flataca\u011f\u0131n\u0131 a\u00e7\u0131klad\u0131. VMRO Genel Ba\u015fkan Yard\u0131mc\u0131s\u0131 Kostadin Kostadinov, nisan ba\u015f\u0131nda ba\u015flayacak ve \u00fc\u00e7 ay s\u00fcrecek kampanya kapsam\u0131nda, partinin parlamentodan referandum talebinde bulunabilmek i\u00e7in 200 bin imza toplamay\u0131 planlad\u0131\u011f\u0131n\u0131 bildirdi. Bulgaristan vatanda\u015flar\u0131n\u0131n y\u00fczde 90&#8217;\u0131n\u0131n T\u00fcrkiye&#8217;nin Avrupa Birli\u011fi \u00fcyeli\u011fine [&hellip;]<\/p>\n","protected":false},"author":331,"featured_media":0,"comment_status":"open","ping_status":"open","sticky":false,"template":"","format":"standard","meta":{"advanced_seo_description":"","jetpack_seo_html_title":"","jetpack_seo_noindex":false,"ngg_post_thumbnail":0,"jetpack_post_was_ever_published":false,"_jetpack_newsletter_access":"","_jetpack_dont_email_post_to_subs":false,"_jetpack_newsletter_tier_id":0,"_jetpack_memberships_contains_paywalled_content":false,"_jetpack_memberships_contains_paid_content":false,"footnotes":""},"categories":[5],"tags":[],"class_list":["post-2067","post","type-post","status-publish","format-standard","hentry","category-haberler"],"jetpack_featured_media_url":"","jetpack_shortlink":"https:\/\/wp.me\/paHHlZ-xl","jetpack-related-posts":[{"id":2166,"url":"https:\/\/www.gocmeniz.biz\/?p=2166","url_meta":{"origin":2067,"position":0},"title":"Bulgaristan&#8217;da T\u00fcrkiye kar\u015f\u0131t\u0131 imza kampanyas\u0131","author":"Haberci","date":"15 Temmuz 2010","format":false,"excerpt":"Bulgaristan'da a\u015f\u0131r\u0131 milliyet\u00e7i ve \u0131rk\u00e7\u0131 g\u00f6r\u00fc\u015fleriyle tan\u0131nan VMRO partisi, T\u00fcrkiye'nin Avrupa Birli\u011fi \u00fcyle\u011fi konusunda referandum yap\u0131lmas\u0131 i\u00e7in 320 bin imza toplad\u0131. \u00a0 Son genel se\u00e7imlerde y\u00fczde 4'l\u00fck baraj\u0131 a\u015famayarak parlamentoda d\u0131\u015f\u0131nda kalan ve T\u00fcrkiye ile T\u00fcrk d\u00fc\u015fmanl\u0131\u011f\u0131 \u00fczerine politika izleyerek taraftar toplamaya \u00e7al\u0131\u015fan VMRO'nun lideri Krasimir Karaka\u00e7anov, d\u00fczenledi\u011fi bas\u0131n toplant\u0131s\u0131nda,\u2026","rel":"","context":"&quot;Haberler&quot; i\u00e7inde","block_context":{"text":"Haberler","link":"https:\/\/www.gocmeniz.biz\/?cat=5"},"img":{"alt_text":"","src":"","width":0,"height":0},"classes":[]},{"id":353,"url":"https:\/\/www.gocmeniz.biz\/?p=353","url_meta":{"origin":2067,"position":1},"title":"Gr\u0131n\u00e7arova: Bulgaristan&#8217;\u0131n T\u00fcrkiye gibi g\u00fc\u00e7l\u00fc AB \u00fcyesi bir \u00fclkeye ihtiyac\u0131 var","author":"Haberci","date":"28 Nisan 2008","format":false,"excerpt":"Avrupa \u0130\u015flerinden Sorumlu Devlet Bakan\u0131 Gergana Gr\u0131n\u00e7arova, Sofya'n\u0131n T\u00fcrkiye gibi g\u00fc\u00e7l\u00fc bir Avrupa Birli\u011fi (AB) \u00fcyesi \u00fclkeye ihtiyac\u0131 oldu\u011funu s\u00f6yledi. Bakan Gr\u0131n\u00e7arova, \"T\u00fcrkiye'nin Avrupa Birli\u011fi'ne Dahil Edilme(me)si Senaryolar\u0131: Perspektif ve Neticeler\" konulu konferansta yapt\u0131\u011f\u0131 konu\u015fmada, Bulgaristan'\u0131n T\u00fcrkiye gibi g\u00fc\u00e7l\u00fc bir AB \u00fcyesi \u00fclkeye b\u00fcy\u00fck ihtiyac\u0131 oldu\u011funu savundu. T\u00fcrkiye'nin tam \u00fcyeli\u011finin\u2026","rel":"","context":"&quot;Haberler&quot; i\u00e7inde","block_context":{"text":"Haberler","link":"https:\/\/www.gocmeniz.biz\/?cat=5"},"img":{"alt_text":"","src":"","width":0,"height":0},"classes":[]},{"id":1261,"url":"https:\/\/www.gocmeniz.biz\/?p=1261","url_meta":{"origin":2067,"position":2},"title":"Bulgaristan&#8217;da AP Se\u00e7imleri","author":"Haberci","date":"26 May\u0131s 2009","format":false,"excerpt":"Hak ve \u00d6zg\u00fcrl\u00fckler Partisi vekili ve Bulgar Parlamento Ba\u015fkan Yard\u0131mc\u0131s\u0131 \u00dcnal L\u00fctf\u00fc: \"17 sandalyeden 4'\u00fcn\u00fc kazanmay\u0131 hedefliyoruz.\"Bulgaristan'da Avrupa Parlamentosu adaylar\u0131n\u0131n se\u00e7im \u00e7al\u0131\u015fmalar\u0131 devam ediyor.\u00a0Hak ve \u00d6zg\u00fcrl\u00fckler Partisi milletvekili ve Bulgaristan Parlamentosu Ba\u015fkan Yard\u0131mc\u0131s\u0131 \u00dcnal L\u00fctf\u00fc partinin Avrupa Parlamentosu se\u00e7imlerinde 17 sandalyeden 4'\u00fcn\u00fc kazanmay\u0131 hedefledi\u011fini s\u00f6yledi.\u00a0Avrupa Parlamentosu Bulgaristan Grup Ba\u015fkan\u0131 da\u2026","rel":"","context":"&quot;Haberler&quot; i\u00e7inde","block_context":{"text":"Haberler","link":"https:\/\/www.gocmeniz.biz\/?cat=5"},"img":{"alt_text":"","src":"https:\/\/i0.wp.com\/www.habervakti.com\/img\/KCHdV9If.jpg?resize=350%2C200","width":350,"height":200},"classes":[]},{"id":756,"url":"https:\/\/www.gocmeniz.biz\/?p=756","url_meta":{"origin":2067,"position":3},"title":"Bulgaristan&#8217;da do\u011falgaz krizi b\u00fcy\u00fcyor","author":"Haberci","date":"08 Ocak 2009","format":false,"excerpt":"A.A. Ukrayna ile Rusya aras\u0131ndaki anla\u015fmazl\u0131k y\u00fcz\u00fcnden Rus do\u011fal gaz\u0131n\u0131n kesilmesinden en fazla zarar g\u00f6ren \u00fclkeler aras\u0131nda ilk s\u0131ralarda yer alan Bulgaristan'da kriz giderek b\u00fcy\u00fcyor. Ba\u015fbakan Sergey Stani\u015fev'in, Avrupa Birli\u011fi (AB) d\u00f6nem ba\u015fkanl\u0131\u011f\u0131n\u0131 yapan \u00c7ek Cumhuriyeti;nin Ba\u015fbakan\u0131 Mirek Topolanek'i arayarak Bulgaristan'\u0131n u\u011frad\u0131\u011f\u0131 zararlar\u0131n en az\u0131ndan bir b\u00f6l\u00fcm\u00fcn\u00fcn kar\u015f\u0131lanmas\u0131 i\u00e7in AB'den\u2026","rel":"","context":"&quot;Haberler&quot; i\u00e7inde","block_context":{"text":"Haberler","link":"https:\/\/www.gocmeniz.biz\/?cat=5"},"img":{"alt_text":"","src":"","width":0,"height":0},"classes":[]},{"id":1295,"url":"https:\/\/www.gocmeniz.biz\/?p=1295","url_meta":{"origin":2067,"position":4},"title":"AB a\u00e7\u0131k konu\u015ftu: Trakya bize kals\u0131n!","author":"Haberci","date":"30 May\u0131s 2009","format":false,"excerpt":"Edirne'ye gelen Bulgaristan Cumhurba\u015fkan\u0131 Yard\u0131mc\u0131s\u0131, Avrupa Birli\u011fi ad\u0131na net konu\u015ftu, \"hayalimiz, s\u0131n\u0131rlar\u0131 olmayan Trakya\" dedi. Trakya \u00dcniversitesi Edirne Yabanc\u0131 Diller Y\u00fcksekokulu'na \"Bulgar Bulu\u015fma Noktas\u0131\" a\u00e7\u0131l\u0131\u015f\u0131 i\u00e7in gelen Bulgaristan Cumhurba\u015fkan\u0131 Yard\u0131mc\u0131s\u0131 Angel Marin, AB ad\u0131na a\u00e7\u0131k konu\u015ftu. Marin \"Trakya'n\u0131n s\u0131n\u0131rlar\u0131 Avrupa Birli\u011fi s\u0131n\u0131rlar\u0131 i\u00e7erisinde kalmal\u0131\" dedi. \"Trakya, Avrupa Birli\u011fi i\u00e7inde kals\u0131n\"\u2026","rel":"","context":"&quot;Haberler&quot; i\u00e7inde","block_context":{"text":"Haberler","link":"https:\/\/www.gocmeniz.biz\/?cat=5"},"img":{"alt_text":"","src":"","width":0,"height":0},"classes":[]},{"id":754,"url":"https:\/\/www.gocmeniz.biz\/?p=754","url_meta":{"origin":2067,"position":5},"title":"Bulgaristan D\u0131\u015fi\u015fleri Bakan\u0131 Kalfin:T\u00fcrkiye bir Avrupa \u00fclkesidir","author":"Haberci","date":"02 Ocak 2009","format":false,"excerpt":"Bulgaristan D\u0131\u015fi\u015fleri Bakan\u0131 Ivalio Kalfin,\u2019\u2019Bizim i\u00e7in T\u00fcrkiye bir Avrupa \u00fclkesi\u2019\u2019 dedi.Avusturya\u2019da yay\u0131mlanan Kurier gazetesine bir m\u00fclakat veren Kalfin,T\u00fcrkiye\u2019nin M\u00fcsl\u00fcman olmas\u0131 AB \u00fcyeli\u011fi i\u00e7in bir engel olu\u015fturmad\u0131\u011f\u0131n\u0131 da s\u00f6yledi.Gazetenin haberi \u015f\u00f6yle:\"Bat\u0131 Balkan \u00fclkelerinin AB'ye yak\u0131nla\u015fma s\u00fcreci devam ediyor. T\u00fcrkiye'nin kat\u0131l\u0131m\u0131 ise T\u00fcrkiye \u015fu s\u0131ralar m\u00fczakerelerde H\u0131rvatistan'dan daha \u00e7abuk ilerleme kaydediyor olsa\u2026","rel":"","context":"&quot;Haberler&quot; i\u00e7inde","block_context":{"text":"Haberler","link":"https:\/\/www.gocmeniz.biz\/?cat=5"},"img":{"alt_text":"","src":"","width":0,"height":0},"classes":[]}],"jetpack_sharing_enabled":true,"jetpack_likes_enabled":true,"_links":{"self":[{"href":"https:\/\/www.gocmeniz.biz\/index.php?rest_route=\/wp\/v2\/posts\/2067","targetHints":{"allow":["GET"]}}],"collection":[{"href":"https:\/\/www.gocmeniz.biz\/index.php?rest_route=\/wp\/v2\/posts"}],"about":[{"href":"https:\/\/www.gocmeniz.biz\/index.php?rest_route=\/wp\/v2\/types\/post"}],"author":[{"embeddable":true,"href":"https:\/\/www.gocmeniz.biz\/index.php?rest_route=\/wp\/v2\/users\/331"}],"replies":[{"embeddable":true,"href":"https:\/\/www.gocmeniz.biz\/index.php?rest_route=%2Fwp%2Fv2%2Fcomments&post=2067"}],"version-history":[{"count":1,"href":"https:\/\/www.gocmeniz.biz\/index.php?rest_route=\/wp\/v2\/posts\/2067\/revisions"}],"predecessor-version":[{"id":8933,"href":"https:\/\/www.gocmeniz.biz\/index.php?rest_route=\/wp\/v2\/posts\/2067\/revisions\/8933"}],"wp:attachment":[{"href":"https:\/\/www.gocmeniz.biz\/index.php?rest_route=%2Fwp%2Fv2%2Fmedia&parent=2067"}],"wp:term":[{"taxonomy":"category","embeddable":true,"href":"https:\/\/www.gocmeniz.biz\/index.php?rest_route=%2Fwp%2Fv2%2Fcategories&post=2067"},{"taxonomy":"post_tag","embeddable":true,"href":"https:\/\/www.gocmeniz.biz\/index.php?rest_route=%2Fwp%2Fv2%2Ftags&post=2067"}],"curies":[{"name":"wp","href":"https:\/\/api.w.org\/{rel}","templated":true}]}}