{"id":2070,"date":"2010-02-16T08:53:07","date_gmt":"2010-02-16T06:53:07","guid":{"rendered":"http:\/\/www.gocmeniz.biz\/?p=2070"},"modified":"2026-04-03T12:25:37","modified_gmt":"2026-04-03T09:25:37","slug":"kapikuleden-gecis-yok","status":"publish","type":"post","link":"https:\/\/www.gocmeniz.biz\/?p=2070","title":{"rendered":"Kap\u0131kule&#8217;den ge\u00e7i\u015f yok"},"content":{"rendered":"<p><i>DHA<\/i>&nbsp; <br \/><b>Meri\u00e7 Nehri&#8217;nin ta\u015fmas\u0131yla kapanan Kap\u0131kule G\u00fcmr\u00fck Kap\u0131s\u0131 &#8216;ndan saat: 22.30 itibariyle TIR&#8217;lar\u0131n ge\u00e7i\u015fine izin veriliyor.<\/b><\/p>\n<p>\u00d6te yandan Bulgaristan baraj kapaklar\u0131n\u0131n a\u00e7mas\u0131n\u0131n ard\u0131ndan Meri\u00e7 Nehri&#8217;nin Kiri\u015fhane b\u00f6l\u00fcm\u00fcnde suyun debisinin son 6 saatte 100 metrek\u00fcp artt\u0131\u011f\u0131 bildirildi <\/p>\n<div class=\"zemanta-pixie\"><img data-recalc-dims=\"1\"  title=\"\" decoding=\"async\" class=\"zemanta-pixie-img\"  alt=\"pixy Kap\u0131kule&#039;den ge\u00e7i\u015f yok\"  src=\"https:\/\/i0.wp.com\/img.zemanta.com\/pixy.gif?w=640\" \/><\/div>\n","protected":false},"excerpt":{"rendered":"<p>DHA&nbsp; Meri\u00e7 Nehri&#8217;nin ta\u015fmas\u0131yla kapanan Kap\u0131kule G\u00fcmr\u00fck Kap\u0131s\u0131 &#8216;ndan saat: 22.30 itibariyle TIR&#8217;lar\u0131n ge\u00e7i\u015fine izin veriliyor. \u00d6te yandan Bulgaristan baraj kapaklar\u0131n\u0131n a\u00e7mas\u0131n\u0131n ard\u0131ndan Meri\u00e7 Nehri&#8217;nin Kiri\u015fhane b\u00f6l\u00fcm\u00fcnde suyun debisinin son 6 saatte 100 metrek\u00fcp artt\u0131\u011f\u0131 bildirildi<\/p>\n","protected":false},"author":331,"featured_media":0,"comment_status":"open","ping_status":"open","sticky":false,"template":"","format":"standard","meta":{"advanced_seo_description":"","jetpack_seo_html_title":"","jetpack_seo_noindex":false,"ngg_post_thumbnail":0,"jetpack_post_was_ever_published":false,"_jetpack_newsletter_access":"","_jetpack_dont_email_post_to_subs":false,"_jetpack_newsletter_tier_id":0,"_jetpack_memberships_contains_paywalled_content":false,"_jetpack_memberships_contains_paid_content":false,"footnotes":""},"categories":[5],"tags":[],"class_list":["post-2070","post","type-post","status-publish","format-standard","hentry","category-haberler"],"jetpack_featured_media_url":"","jetpack_shortlink":"https:\/\/wp.me\/paHHlZ-xo","jetpack-related-posts":[{"id":2080,"url":"https:\/\/www.gocmeniz.biz\/?p=2080","url_meta":{"origin":2070,"position":0},"title":"Kap\u0131kule S\u0131n\u0131r Kap\u0131s\u0131 Ula\u015f\u0131ma A\u00e7\u0131ld\u0131","author":"Haberci","date":"19 \u015eubat 2010","format":false,"excerpt":"Meri\u00e7 Nehri'nin ta\u015fmas\u0131 sonucu ula\u015f\u0131ma kapat\u0131lan Kap\u0131kule S\u0131n\u0131r Kap\u0131s\u0131, sabah saatlerinden itibaren ula\u015f\u0131ma a\u00e7\u0131ld\u0131.Ta\u015fan Meri\u00e7 Nehri, uluslararas\u0131 karayollar\u0131nda da ula\u015f\u0131m\u0131 olumsuz etkiledi. Bulgaristan taraf\u0131nda ya\u015fanan ta\u015fk\u0131nlar nedeniyle Kap\u0131kule S\u0131n\u0131r Kap\u0131s\u0131 b\u00fcy\u00fck ve k\u00fc\u00e7\u00fck ara\u00e7 trafi\u011fine kapat\u0131lm\u0131\u015ft\u0131. Nehirdeki su seviyesinin d\u00fc\u015fmeye ba\u015flamas\u0131yla birlikte Bulgar taraf\u0131 ara\u00e7lar\u0131n ge\u00e7i\u015fine izin verdi. Son durumu\u2026","rel":"","context":"&quot;Haberler&quot; i\u00e7inde","block_context":{"text":"Haberler","link":"https:\/\/www.gocmeniz.biz\/?cat=5"},"img":{"alt_text":"","src":"","width":0,"height":0},"classes":[]},{"id":815,"url":"https:\/\/www.gocmeniz.biz\/?p=815","url_meta":{"origin":2070,"position":1},"title":"TRAKYA&#8217;DAK\u0130 SON YA\u011eI\u015eLAR BARAJLARI ETK\u0130LEMED\u0130","author":"Haberci","date":"05 \u015eubat 2009","format":false,"excerpt":"ED\u0130RNE - Trakya'daki 8 barajda su miktar\u0131, ge\u00e7en y\u0131la g\u00f6re 148 milyon metrek\u00fcp azald\u0131.\u00a0\u00a0\u00a0\u00a0 Devlet Su \u0130\u015fleri (DS\u0130) 11. B\u00f6lge M\u00fcd\u00fcrl\u00fc\u011f\u00fc yetkilileri, Edirne, K\u0131rklareli ve Tekirda\u011f'daki 8 baraj\u0131n doluluk oran\u0131n\u0131n y\u00fczde 27,22 oldu\u011funu bildirdi.\u00a0\u00a0\u00a0\u00a0 Toplam 584,60 milyon metrek\u00fcp depolama hacmine sahip 8 barajda ge\u00e7en y\u0131l\u0131n \u015fubat ay\u0131n\u0131n ilk haftas\u0131nda 307,39\u2026","rel":"","context":"&quot;Haberler&quot; i\u00e7inde","block_context":{"text":"Haberler","link":"https:\/\/www.gocmeniz.biz\/?cat=5"},"img":{"alt_text":"","src":"","width":0,"height":0},"classes":[]},{"id":9653,"url":"https:\/\/www.gocmeniz.biz\/?p=9653","url_meta":{"origin":2070,"position":2},"title":"Edirne&#8217;de su seviyesi y\u00fckselen Tunca ve Meri\u00e7&#8217;te &#8216;sar\u0131 alarm&#8217; uyar\u0131s\u0131 devam ediyor","author":"Admin","date":"05 Nisan 2026","format":false,"excerpt":"Bulgaristan'da etkili olan ya\u011f\u0131\u015flar\u0131n ard\u0131ndan Edirne'de su seviyelerinde art\u0131\u015f ya\u015fanan Tunca ve Meri\u00e7 nehirlerinde 'sar\u0131 alarm' uyar\u0131s\u0131 devam ediyor. Ta\u015fk\u0131n riski nedeniyle cuma g\u00fcn\u00fc kapat\u0131lan K\u0131rkp\u0131nar Ya\u011fl\u0131 G\u00fcre\u015fleri'nin yap\u0131ld\u0131\u011f\u0131 Sarayi\u00e7i'ne, giri\u015f yasa\u011f\u0131 da s\u00fcr\u00fcyor. + Edirne'de Tunca ve Meri\u00e7 nehirlerinde 'sar\u0131 alarm' uyar\u0131s\u0131 devam ediyor.+ Meri\u00e7 Nehri'nin debisi 849 metrek\u00fcp\/saniye,\u2026","rel":"","context":"&quot;Haberler&quot; i\u00e7inde","block_context":{"text":"Haberler","link":"https:\/\/www.gocmeniz.biz\/?cat=5"},"img":{"alt_text":"","src":"https:\/\/i0.wp.com\/www.gocmeniz.biz\/wp-content\/edirne-de-su-seviyesi-yukselen-tunca-ve-meric-19718301_amp.jpg?fit=1200%2C631&ssl=1&resize=350%2C200","width":350,"height":200,"srcset":"https:\/\/i0.wp.com\/www.gocmeniz.biz\/wp-content\/edirne-de-su-seviyesi-yukselen-tunca-ve-meric-19718301_amp.jpg?fit=1200%2C631&ssl=1&resize=350%2C200 1x, https:\/\/i0.wp.com\/www.gocmeniz.biz\/wp-content\/edirne-de-su-seviyesi-yukselen-tunca-ve-meric-19718301_amp.jpg?fit=1200%2C631&ssl=1&resize=525%2C300 1.5x, https:\/\/i0.wp.com\/www.gocmeniz.biz\/wp-content\/edirne-de-su-seviyesi-yukselen-tunca-ve-meric-19718301_amp.jpg?fit=1200%2C631&ssl=1&resize=700%2C400 2x, https:\/\/i0.wp.com\/www.gocmeniz.biz\/wp-content\/edirne-de-su-seviyesi-yukselen-tunca-ve-meric-19718301_amp.jpg?fit=1200%2C631&ssl=1&resize=1050%2C600 3x"},"classes":[]},{"id":336,"url":"https:\/\/www.gocmeniz.biz\/?p=336","url_meta":{"origin":2070,"position":3},"title":"Edirne&#8217;de Nehirlerde Arsenik Alarm\u0131","author":"Haberci","date":"18 Nisan 2008","format":false,"excerpt":"Bulgaristan'\u0131n Poibren kasabas\u0131n\u0131n i\u00e7me suyuna arsenik kar\u0131\u015ft\u0131\u011f\u0131, T\u00fcrkiye ve Yunanistan'\u0131n da bu durumdan etkilenebilece\u011fi y\u00f6n\u00fcndeki s\u00f6ylemler yetkilileri harekete ge\u00e7irdi. Edirne \u00c7evre M\u00fcd\u00fcrl\u00fc\u011f\u00fc uzmanlar\u0131 Meri\u00e7, Tunca ve Arda nehirlerinden su \u00f6rnekleri alarak tahlile g\u00f6nderdi. Edirne Valisi Nusret Miro\u011flu ise \"Olay\u0131n do\u011frulu\u011funu ara\u015ft\u0131r\u0131yoruz\" dedi. Meri\u00e7 Nehri'ne Arsenik kar\u0131\u015ft\u0131\u011f\u0131 iddialar\u0131 T\u00fcrk makamlar\u0131 harekete\u2026","rel":"","context":"&quot;Haberler&quot; i\u00e7inde","block_context":{"text":"Haberler","link":"https:\/\/www.gocmeniz.biz\/?cat=5"},"img":{"alt_text":"","src":"https:\/\/i0.wp.com\/resimler.haberler.com\/haber\/756\/edirne-de-nehirlerde-arsenik-alarmi_o.jpg?resize=350%2C200","width":350,"height":200},"classes":[]},{"id":2078,"url":"https:\/\/www.gocmeniz.biz\/?p=2078","url_meta":{"origin":2070,"position":4},"title":"Edirne&#8217;de Sular \u00c7ekilmeye Ba\u015flad\u0131","author":"Haberci","date":"19 \u015eubat 2010","format":false,"excerpt":"Bulgaristan\u2019\u0131n baraj kapaklar\u0131n\u0131 a\u00e7mas\u0131 ve a\u015f\u0131r\u0131 ya\u011f\u0131\u015flar nedeniyle Edirneliler ta\u015fk\u0131nla bo\u011fu\u015fmaya devam ediyor ama sular da yava\u015f yava\u015f \u00e7ekilmeye ba\u015flad\u0131.Yaya ve ta\u015f\u0131t trafi\u011fine kapanan k\u00f6pr\u00fcler, su seviyesinin azalmas\u0131yla tekrar trafi\u011fe a\u00e7\u0131ld\u0131.\u00d6nceki g\u00fcn Meri\u00e7 Nehri\u2019nin ta\u015fmas\u0131n\u0131n ard\u0131ndan nehrin di\u011fer yakas\u0131ndaki Karaa\u011fa\u00e7 Mahallesi\u2019yle ula\u015f\u0131m d\u00fcn ak\u015fama kadar kesildi. Ta\u015fk\u0131n nedeniyle baz\u0131 evler\u2026","rel":"","context":"&quot;Haberler&quot; i\u00e7inde","block_context":{"text":"Haberler","link":"https:\/\/www.gocmeniz.biz\/?cat=5"},"img":{"alt_text":"","src":"","width":0,"height":0},"classes":[]},{"id":212,"url":"https:\/\/www.gocmeniz.biz\/?p=212","url_meta":{"origin":2070,"position":5},"title":"Ta\u015fk\u0131n B\u00f6lgesinden Ka\u00e7\u0131\u015f Ba\u015flad\u0131","author":"Admin","date":"20 Kas\u0131m 2007","format":false,"excerpt":"Bulgaristan'\u0131n baraj kapaklar\u0131n\u0131 a\u00e7mas\u0131yla ta\u015fk\u0131n tehlikesi ya\u015fanan Meri\u00e7 Nehri kenar\u0131ndaki vatanda\u015flar, b\u00fcy\u00fckba\u015f hayvanlar\u0131n\u0131 trakt\u00f6rlerle ba\u015fka b\u00f6lgelere tahliye ediyor. Tunca Nehri'nin ta\u015fmas\u0131 nedeniyle Karaa\u011fa\u00e7 semtine giden yol tamamen kapan\u0131rken, ula\u015f\u0131m\u0131n Bosnak\u00f6y civar\u0131nda bulunan askeri k\u00f6pr\u00fcden sa\u011fland\u0131\u011f\u0131 g\u00f6r\u00fcld\u00fc. Yoldan ge\u00e7meye \u00e7al\u0131\u015fan baz\u0131 otomobiller sular alt\u0131nda kal\u0131rken, sadece askeri ve b\u00fcy\u00fck ara\u00e7lar\u0131n ge\u00e7i\u015f\u2026","rel":"","context":"&quot;Haberler&quot; i\u00e7inde","block_context":{"text":"Haberler","link":"https:\/\/www.gocmeniz.biz\/?cat=5"},"img":{"alt_text":"","src":"","width":0,"height":0},"classes":[]}],"jetpack_sharing_enabled":true,"jetpack_likes_enabled":true,"_links":{"self":[{"href":"https:\/\/www.gocmeniz.biz\/index.php?rest_route=\/wp\/v2\/posts\/2070","targetHints":{"allow":["GET"]}}],"collection":[{"href":"https:\/\/www.gocmeniz.biz\/index.php?rest_route=\/wp\/v2\/posts"}],"about":[{"href":"https:\/\/www.gocmeniz.biz\/index.php?rest_route=\/wp\/v2\/types\/post"}],"author":[{"embeddable":true,"href":"https:\/\/www.gocmeniz.biz\/index.php?rest_route=\/wp\/v2\/users\/331"}],"replies":[{"embeddable":true,"href":"https:\/\/www.gocmeniz.biz\/index.php?rest_route=%2Fwp%2Fv2%2Fcomments&post=2070"}],"version-history":[{"count":1,"href":"https:\/\/www.gocmeniz.biz\/index.php?rest_route=\/wp\/v2\/posts\/2070\/revisions"}],"predecessor-version":[{"id":8932,"href":"https:\/\/www.gocmeniz.biz\/index.php?rest_route=\/wp\/v2\/posts\/2070\/revisions\/8932"}],"wp:attachment":[{"href":"https:\/\/www.gocmeniz.biz\/index.php?rest_route=%2Fwp%2Fv2%2Fmedia&parent=2070"}],"wp:term":[{"taxonomy":"category","embeddable":true,"href":"https:\/\/www.gocmeniz.biz\/index.php?rest_route=%2Fwp%2Fv2%2Fcategories&post=2070"},{"taxonomy":"post_tag","embeddable":true,"href":"https:\/\/www.gocmeniz.biz\/index.php?rest_route=%2Fwp%2Fv2%2Ftags&post=2070"}],"curies":[{"name":"wp","href":"https:\/\/api.w.org\/{rel}","templated":true}]}}