{"id":2072,"date":"2010-02-16T16:03:02","date_gmt":"2010-02-16T14:03:02","guid":{"rendered":"http:\/\/www.gocmeniz.biz\/?p=2072"},"modified":"2026-04-03T12:25:37","modified_gmt":"2026-04-03T09:25:37","slug":"trakyada-yasam-felc-oldu","status":"publish","type":"post","link":"https:\/\/www.gocmeniz.biz\/?p=2072","title":{"rendered":"Trakya\u2019da ya\u015fam fel\u00e7 oldu"},"content":{"rendered":"<p><b><img data-recalc-dims=\"1\"  title=\"\"  alt=\"29345 Trakya\u2019da ya\u015fam fel\u00e7 oldu\" decoding=\"async\" style=\"max-width: 800px; float: left; margin-top: 10px; margin-bottom: 10px; margin-right: 10px;\" src=\"https:\/\/i0.wp.com\/www.ankarahaber.com\/images\/news\/29345.jpg?w=640\" \/>Edirne\u2019de \u00f6nceki gece ba\u015flayan ve d\u00fcn sabah saatlerinde \u015fiddetini artt\u0131ran sa\u011fanak nedeniyle O\u011fulpa\u015fa Deresi ta\u015ft\u0131.<\/b><\/p>\n<p>Dere sular\u0131n\u0131n yay\u0131ld\u0131\u011f\u0131 Edirne-K\u0131rklareli D-20 Karayolu ula\u015f\u0131ma kapand\u0131. Tunca Nehri&#8217;nin ta\u015fmas\u0131 sonucu ge\u00e7en hafta ula\u015f\u0131ma kapanan Sarayi\u00e7i mevkisindeki Kanuni, Fatih ve Yaln\u0131zg\u00f6z k\u00f6pr\u00fclerinden ara\u00e7 ge\u00e7i\u015fine izin verilmedi.<\/p>\n<p>Bulgaristan taraf\u0131nda, Kapitan Andreova S\u0131n\u0131r Kap\u0131s\u0131&#8217;na ula\u015f\u0131m\u0131n sa\u011fland\u0131\u011f\u0131 yol kapand\u0131, Kap\u0131kule S\u0131n\u0131r Kap\u0131s\u0131&#8217;nda ara\u00e7 giri\u015f \u00e7\u0131k\u0131\u015f\u0131 yap\u0131lamad\u0131. K\u0131rklareli Pehlivank\u00f6y&#8217;de de Ergene Nehri&#8217;nin ta\u015ft\u0131, 30 bin dekar ekili tar\u0131m alan\u0131 sular alt\u0131nda kald\u0131.<\/p>\n<p>\u0130stanbul&#8217;da da d\u00fcn \u00f6\u011fleden sonra etkili olan ve yakla\u015f\u0131k 10 dakika s\u00fcren ya\u011f\u0131\u015f sonras\u0131 Hali\u00e7 k\u0131y\u0131s\u0131ndaki Fener \u0130skelesi&#8217;nin bir b\u00f6l\u00fcm\u00fc ile y\u00fcr\u00fcy\u00fc\u015f parkurlar\u0131 sular alt\u0131nda kald\u0131. Kentin baz\u0131 kesimlerinde de k\u0131sa s\u00fcreli, dolu ya\u011f\u0131\u015f\u0131 g\u00f6r\u00fcld\u00fc.<\/p>\n<div class=\"zemanta-pixie\"><img data-recalc-dims=\"1\"  title=\"\" decoding=\"async\" class=\"zemanta-pixie-img\"  alt=\"pixy Trakya\u2019da ya\u015fam fel\u00e7 oldu\"  src=\"https:\/\/i0.wp.com\/img.zemanta.com\/pixy.gif?w=640\" \/><\/div>\n","protected":false},"excerpt":{"rendered":"<p>Edirne\u2019de \u00f6nceki gece ba\u015flayan ve d\u00fcn sabah saatlerinde \u015fiddetini artt\u0131ran sa\u011fanak nedeniyle O\u011fulpa\u015fa Deresi ta\u015ft\u0131. Dere sular\u0131n\u0131n yay\u0131ld\u0131\u011f\u0131 Edirne-K\u0131rklareli D-20 Karayolu ula\u015f\u0131ma kapand\u0131. Tunca Nehri&#8217;nin ta\u015fmas\u0131 sonucu ge\u00e7en hafta ula\u015f\u0131ma kapanan Sarayi\u00e7i mevkisindeki Kanuni, Fatih ve Yaln\u0131zg\u00f6z k\u00f6pr\u00fclerinden ara\u00e7 ge\u00e7i\u015fine izin verilmedi. Bulgaristan taraf\u0131nda, Kapitan Andreova S\u0131n\u0131r Kap\u0131s\u0131&#8217;na ula\u015f\u0131m\u0131n sa\u011fland\u0131\u011f\u0131 yol kapand\u0131, Kap\u0131kule S\u0131n\u0131r Kap\u0131s\u0131&#8217;nda [&hellip;]<\/p>\n","protected":false},"author":331,"featured_media":0,"comment_status":"open","ping_status":"open","sticky":false,"template":"","format":"standard","meta":{"advanced_seo_description":"","jetpack_seo_html_title":"","jetpack_seo_noindex":false,"ngg_post_thumbnail":0,"jetpack_post_was_ever_published":false,"_jetpack_newsletter_access":"","_jetpack_dont_email_post_to_subs":false,"_jetpack_newsletter_tier_id":0,"_jetpack_memberships_contains_paywalled_content":false,"_jetpack_memberships_contains_paid_content":false,"footnotes":""},"categories":[5],"tags":[],"class_list":["post-2072","post","type-post","status-publish","format-standard","hentry","category-haberler"],"jetpack_featured_media_url":"","jetpack_shortlink":"https:\/\/wp.me\/paHHlZ-xq","jetpack-related-posts":[{"id":2078,"url":"https:\/\/www.gocmeniz.biz\/?p=2078","url_meta":{"origin":2072,"position":0},"title":"Edirne&#8217;de Sular \u00c7ekilmeye Ba\u015flad\u0131","author":"Haberci","date":"19 \u015eubat 2010","format":false,"excerpt":"Bulgaristan\u2019\u0131n baraj kapaklar\u0131n\u0131 a\u00e7mas\u0131 ve a\u015f\u0131r\u0131 ya\u011f\u0131\u015flar nedeniyle Edirneliler ta\u015fk\u0131nla bo\u011fu\u015fmaya devam ediyor ama sular da yava\u015f yava\u015f \u00e7ekilmeye ba\u015flad\u0131.Yaya ve ta\u015f\u0131t trafi\u011fine kapanan k\u00f6pr\u00fcler, su seviyesinin azalmas\u0131yla tekrar trafi\u011fe a\u00e7\u0131ld\u0131.\u00d6nceki g\u00fcn Meri\u00e7 Nehri\u2019nin ta\u015fmas\u0131n\u0131n ard\u0131ndan nehrin di\u011fer yakas\u0131ndaki Karaa\u011fa\u00e7 Mahallesi\u2019yle ula\u015f\u0131m d\u00fcn ak\u015fama kadar kesildi. Ta\u015fk\u0131n nedeniyle baz\u0131 evler\u2026","rel":"","context":"&quot;Haberler&quot; i\u00e7inde","block_context":{"text":"Haberler","link":"https:\/\/www.gocmeniz.biz\/?cat=5"},"img":{"alt_text":"","src":"","width":0,"height":0},"classes":[]},{"id":2080,"url":"https:\/\/www.gocmeniz.biz\/?p=2080","url_meta":{"origin":2072,"position":1},"title":"Kap\u0131kule S\u0131n\u0131r Kap\u0131s\u0131 Ula\u015f\u0131ma A\u00e7\u0131ld\u0131","author":"Haberci","date":"19 \u015eubat 2010","format":false,"excerpt":"Meri\u00e7 Nehri'nin ta\u015fmas\u0131 sonucu ula\u015f\u0131ma kapat\u0131lan Kap\u0131kule S\u0131n\u0131r Kap\u0131s\u0131, sabah saatlerinden itibaren ula\u015f\u0131ma a\u00e7\u0131ld\u0131.Ta\u015fan Meri\u00e7 Nehri, uluslararas\u0131 karayollar\u0131nda da ula\u015f\u0131m\u0131 olumsuz etkiledi. Bulgaristan taraf\u0131nda ya\u015fanan ta\u015fk\u0131nlar nedeniyle Kap\u0131kule S\u0131n\u0131r Kap\u0131s\u0131 b\u00fcy\u00fck ve k\u00fc\u00e7\u00fck ara\u00e7 trafi\u011fine kapat\u0131lm\u0131\u015ft\u0131. Nehirdeki su seviyesinin d\u00fc\u015fmeye ba\u015flamas\u0131yla birlikte Bulgar taraf\u0131 ara\u00e7lar\u0131n ge\u00e7i\u015fine izin verdi. Son durumu\u2026","rel":"","context":"&quot;Haberler&quot; i\u00e7inde","block_context":{"text":"Haberler","link":"https:\/\/www.gocmeniz.biz\/?cat=5"},"img":{"alt_text":"","src":"","width":0,"height":0},"classes":[]},{"id":213,"url":"https:\/\/www.gocmeniz.biz\/?p=213","url_meta":{"origin":2072,"position":2},"title":"Karaa\u011fa\u00e7&#8217;\u0131n Karayolu Ba\u011flant\u0131s\u0131 Tamamen Kesildi; B\u00fct\u00fcn Ekipler Alarmda","author":"Admin","date":"20 Kas\u0131m 2007","format":false,"excerpt":"Meri\u00e7 ve Tunca nehirlerinin seviyesinin y\u00fckselmesi ve ta\u015fmas\u0131 sonucu Karaa\u011fa\u00e7'\u0131n Edirne ile karayolu ba\u011flant\u0131s\u0131 kesildi. G\u00fcnd\u00fcz saat 15:00 s\u0131ralar\u0131nda yap\u0131lan \u00f6l\u00e7\u00fcmlere g\u00f6re 600 metrek\u00fcp olan su seviyesi gece 23:00'te bin 100 metrek\u00fcp oldu. Bulgaristan'\u0131n a\u015f\u0131r\u0131 ya\u011f\u0131\u015flar nedeniyle baraj kapaklar\u0131n\u0131 a\u015fmas\u0131 Meri\u00e7 ve Tunca nehirlerinin debisinin y\u00fckselmesine neden oluyor. S\u00f6zkonusu nehirlerin\u2026","rel":"","context":"&quot;Haberler&quot; i\u00e7inde","block_context":{"text":"Haberler","link":"https:\/\/www.gocmeniz.biz\/?cat=5"},"img":{"alt_text":"","src":"","width":0,"height":0},"classes":[]},{"id":1997,"url":"https:\/\/www.gocmeniz.biz\/?p=1997","url_meta":{"origin":2072,"position":3},"title":"K\u0131rkp\u0131nar meydan\u0131 sular alt\u0131nda","author":"Haberci","date":"22 Aral\u0131k 2009","format":false,"excerpt":"F\u0131rat KESK\u0130NKILI\u00c7\/ED\u0130RNE, (DHA)BULGAR\u0130STAN ve Edirne'de a\u015f\u0131r\u0131 ya\u011f\u0131\u015flar nedeniyle ta\u015fan Tunca Nehri\u2019nin debisinin d\u00fc\u015fmesine ra\u011fmen, Suakaca\u011f\u0131 K\u00f6y\u00fc\u2019nden yeni ula\u015fan su Sarayi\u00e7i alan\u0131nda bulunan Balkan \u015eehitli\u011fi ile K\u0131rkp\u0131nar Er Meydan\u0131'n\u0131 tamamen sular alt\u0131nda b\u0131rakt\u0131. Polis ekipleri ise ta\u015fk\u0131n\u0131n oldu\u011fu b\u00f6lgelerde 24 saat n\u00f6bet tutarak vatanda\u015flar\u0131n buralara giri\u015f ve \u00e7\u0131k\u0131\u015f\u0131na izin vermiyor.Bulgaristan ve\u2026","rel":"","context":"&quot;Haberler&quot; i\u00e7inde","block_context":{"text":"Haberler","link":"https:\/\/www.gocmeniz.biz\/?cat=5"},"img":{"alt_text":"","src":"","width":0,"height":0},"classes":[]},{"id":734,"url":"https:\/\/www.gocmeniz.biz\/?p=734","url_meta":{"origin":2072,"position":4},"title":"Trakya beyaza b\u00fcr\u00fcnd\u00fc","author":"Haberci","date":"26 Aral\u0131k 2008","format":false,"excerpt":"ED\u0130RNE, (DHA)ED\u0130RNE ve K\u0131rklareli\u2019nde d\u00fcn gece etkili olan kar ya\u011f\u0131\u015f\u0131, kentleri beyaza b\u00fcr\u00fcd\u00fc. Belediye ve karayollar\u0131 ekipleri sabaha kadar kar k\u00fcreme ve tuzlama \u00e7al\u0131\u015fmas\u0131 yapt\u0131.Balkanlar \u00fczerinden gelen so\u011fuk ve ya\u011f\u0131\u015fl\u0131 hava Trakya genelinde etkili oluyor. Hava s\u0131cakl\u0131\u011f\u0131n\u0131n s\u0131f\u0131r\u0131n alt\u0131nda 5 dereceye kadar d\u00fc\u015ft\u00fc\u011f\u00fc Edirne ve K\u0131rklareli\u2019nde mevsimin ilk kar\u0131 gece\u2026","rel":"","context":"&quot;Haberler&quot; i\u00e7inde","block_context":{"text":"Haberler","link":"https:\/\/www.gocmeniz.biz\/?cat=5"},"img":{"alt_text":"","src":"","width":0,"height":0},"classes":[]},{"id":815,"url":"https:\/\/www.gocmeniz.biz\/?p=815","url_meta":{"origin":2072,"position":5},"title":"TRAKYA&#8217;DAK\u0130 SON YA\u011eI\u015eLAR BARAJLARI ETK\u0130LEMED\u0130","author":"Haberci","date":"05 \u015eubat 2009","format":false,"excerpt":"ED\u0130RNE - Trakya'daki 8 barajda su miktar\u0131, ge\u00e7en y\u0131la g\u00f6re 148 milyon metrek\u00fcp azald\u0131.\u00a0\u00a0\u00a0\u00a0 Devlet Su \u0130\u015fleri (DS\u0130) 11. B\u00f6lge M\u00fcd\u00fcrl\u00fc\u011f\u00fc yetkilileri, Edirne, K\u0131rklareli ve Tekirda\u011f'daki 8 baraj\u0131n doluluk oran\u0131n\u0131n y\u00fczde 27,22 oldu\u011funu bildirdi.\u00a0\u00a0\u00a0\u00a0 Toplam 584,60 milyon metrek\u00fcp depolama hacmine sahip 8 barajda ge\u00e7en y\u0131l\u0131n \u015fubat ay\u0131n\u0131n ilk haftas\u0131nda 307,39\u2026","rel":"","context":"&quot;Haberler&quot; i\u00e7inde","block_context":{"text":"Haberler","link":"https:\/\/www.gocmeniz.biz\/?cat=5"},"img":{"alt_text":"","src":"","width":0,"height":0},"classes":[]}],"jetpack_sharing_enabled":true,"jetpack_likes_enabled":true,"_links":{"self":[{"href":"https:\/\/www.gocmeniz.biz\/index.php?rest_route=\/wp\/v2\/posts\/2072","targetHints":{"allow":["GET"]}}],"collection":[{"href":"https:\/\/www.gocmeniz.biz\/index.php?rest_route=\/wp\/v2\/posts"}],"about":[{"href":"https:\/\/www.gocmeniz.biz\/index.php?rest_route=\/wp\/v2\/types\/post"}],"author":[{"embeddable":true,"href":"https:\/\/www.gocmeniz.biz\/index.php?rest_route=\/wp\/v2\/users\/331"}],"replies":[{"embeddable":true,"href":"https:\/\/www.gocmeniz.biz\/index.php?rest_route=%2Fwp%2Fv2%2Fcomments&post=2072"}],"version-history":[{"count":1,"href":"https:\/\/www.gocmeniz.biz\/index.php?rest_route=\/wp\/v2\/posts\/2072\/revisions"}],"predecessor-version":[{"id":8931,"href":"https:\/\/www.gocmeniz.biz\/index.php?rest_route=\/wp\/v2\/posts\/2072\/revisions\/8931"}],"wp:attachment":[{"href":"https:\/\/www.gocmeniz.biz\/index.php?rest_route=%2Fwp%2Fv2%2Fmedia&parent=2072"}],"wp:term":[{"taxonomy":"category","embeddable":true,"href":"https:\/\/www.gocmeniz.biz\/index.php?rest_route=%2Fwp%2Fv2%2Fcategories&post=2072"},{"taxonomy":"post_tag","embeddable":true,"href":"https:\/\/www.gocmeniz.biz\/index.php?rest_route=%2Fwp%2Fv2%2Ftags&post=2072"}],"curies":[{"name":"wp","href":"https:\/\/api.w.org\/{rel}","templated":true}]}}