{"id":2074,"date":"2010-02-16T16:07:03","date_gmt":"2010-02-16T14:07:03","guid":{"rendered":"http:\/\/www.gocmeniz.biz\/?p=2074"},"modified":"2026-04-03T12:17:06","modified_gmt":"2026-04-03T09:17:06","slug":"bulgaristan-sular-idaresi-genel-muduru-licev-komsularimiza-sel-tehlikesi-konusunda-daima-zamaninda-bilgi-veriyoruz","status":"publish","type":"post","link":"https:\/\/www.gocmeniz.biz\/?p=2074","title":{"rendered":"Bulgaristan Sular \u0130daresi Genel M\u00fcd\u00fcr\u00fc Li\u00e7ev: &#8220;Kom\u015fular\u0131m\u0131za Sel Tehlikesi Konusunda Daima Zaman\u0131nda Bilgi Veriyoruz&#8221;"},"content":{"rendered":"<p>Bulgaristan \u00c7evre ve Sular Bakanl\u0131\u011f\u0131na ba\u011fl\u0131 Sular \u0130daresi Genel M\u00fcd\u00fcr\u00fc Asen Li\u00e7ev, sa\u011fanak ya\u011f\u0131\u015f ve sel beklendi\u011finde, kom\u015fu T\u00fcrkiye ve Yunanistan&#8217;a daima \u00f6nceden bilgi verdiklerini s\u00f6yledi.<\/p>\n<p>Li\u00e7ev, AA muhabirine yapt\u0131\u011f\u0131 a\u00e7\u0131klamada, Tunca, Meri\u00e7 ve Arda nehirlerinin ta\u015fmas\u0131 y\u00fcz\u00fcnden meydana gelen seller konusunda kom\u015fu T\u00fcrkiye ve Yunanistan&#8217;a gerekli bilgilerin verildi\u011fini ifade etti.<\/p>\n<p>Bulgaristan, T\u00fcrkiye ve Yunanistan aras\u0131nda y\u0131llar \u00f6nce imzalanan S\u0131n\u0131r \u00d6tesi Su Ak\u0131mlar\u0131 ve G\u00f6llerin Koruma Anla\u015fmas\u0131 uyar\u0131nca, beklenen ya\u011f\u0131\u015flar, nehir ve barajlar\u0131n durumu konusunda 10 \u015eubattan bu yana d\u00fczenli bilgi verildi\u011fini s\u00f6yleyen Li\u00e7ev, &#8220;Kom\u015fular\u0131m\u0131za sel tehlikesi konsunda daima zaman\u0131nda bilgi veriyoruz&#8221; dedi.<\/p>\n<p>&#8220;T\u00fcrkiye&#8217;nin bu anla\u015fmay\u0131 onaylam\u0131\u015f olmamas\u0131na ra\u011fmen, Bulgaristan&#8217;\u0131n D\u0131\u015fi\u015fleri Bakanl\u0131\u011f\u0131 yoluyla T\u00fcrk yetkililerine gerekli bilgiyi ula\u015ft\u0131rd\u0131\u011f\u0131n\u0131&#8221; ifade eden Li\u00e7ev \u015f\u00f6yle konu\u015ftu:<\/p>\n<p>&#8220;Bakanl\u0131\u011f\u0131m\u0131za ba\u011fl\u0131 bir kriz \u00e7al\u0131\u015fma birimi olu\u015fturuldu. T\u00fcrkiye&#8217;nin 9 \u015eubatta bizden bilgi talep etmesi \u00fczerine<!--more--> 10 \u015eubatta biz Arda, Tunca ve Meri\u00e7 nehirlerinin su seviyesi, Arda, Tunca ve \u0130vaylovgrad barajlar\u0131n\u0131n durumu, b\u00f6lgedeki kar ve ya\u011fmur ya\u011f\u0131\u015flar\u0131 ve meteorolojik tahminleri i\u00e7eren ayr\u0131nt\u0131l\u0131 bilgileri verdik. Ayr\u0131ca T\u00fcrk kom\u015fular\u0131m\u0131z\u0131, 13, 14 ve 15 \u015eubatta metrekareye 40-50 litreye varacak sa\u011fanak ya\u011f\u0131\u015flar beklendi\u011fi ve selin ka\u00e7\u0131n\u0131lmaz oldu\u011fu konusunda uyard\u0131k. Ayn\u0131 bilgileri Yunanistan&#8217;a da g\u00f6nderdik.&#8221;<\/p>\n<p>Arda, Tunca ve Meri\u00e7 nehirlerin y\u00fckselen su seviyesi konusunda d\u00fcn \u00f6\u011fle saatlerinde T\u00fcrkiye&#8217;ye iki kez ayr\u0131nt\u0131l\u0131 bilgi g\u00f6nderildi\u011fini belirten Li\u00e7ev, &#8220;son verilere g\u00f6re Arda&#8217;n\u0131n \u0130vaylovgrad baraj\u0131ndan sonraki debisinin normalde saniyede 300 metrek\u00fcp olmas\u0131 gerekirken 700 metrek\u00fcpe, Meri\u00e7&#8217;in debisinin Svilengrad b\u00f6lgesinde saniyede 600 metrek\u00fcp olmas\u0131 gerekirken 616 metrek\u00fcpe, Tunca&#8217;n\u0131n debisinin de Elhovo b\u00f6lgesinde saniyede 100 metrek\u00fcp olmas\u0131 gereken 151 metrek\u00fcpe \u00e7\u0131kt\u0131\u011f\u0131n\u0131&#8221; anlatt\u0131.<\/p>\n<p>Bulgar taraf\u0131n\u0131n \u00f6zellikle \u0130vaylovgrad baraj\u0131n\u0131n sular\u0131n\u0131 engellemeye \u00e7al\u0131\u015ft\u0131\u011f\u0131n\u0131 ve bu \u00e7abalar sayesinde bu y\u0131l g\u00f6r\u00fclen yo\u011fun ya\u011f\u0131\u015flara ra\u011fmen 2006 y\u0131l\u0131ndaki sel facias\u0131n\u0131n tekrarlanmad\u0131\u011f\u0131n\u0131 belirten Li\u00e7ev, &#8220;Sel bast\u0131\u011f\u0131nda T\u00fcrkiye ve Yunanistan ile ayn\u0131 \u00fcz\u00fcnt\u00fcn\u00fcn i\u00e7inde oluyoruz. T\u00fcrk kamuoyunun bunu bilmesini istiyoruz. Maalesef do\u011faya kar\u015f\u0131 m\u00fccadele g\u00fcc\u00fcm\u00fcz yetersiz kal\u0131yor&#8221; ifadesini kulland\u0131. <\/p>\n<div class=\"zemanta-pixie\"><img data-recalc-dims=\"1\"  title=\"\" decoding=\"async\" class=\"zemanta-pixie-img\"  alt=\"pixy Bulgaristan Sular \u0130daresi Genel M\u00fcd\u00fcr\u00fc Li\u00e7ev: &quot;Kom\u015fular\u0131m\u0131za Sel Tehlikesi Konusunda Daima Zaman\u0131nda Bilgi Veriyoruz&quot;\"  src=\"https:\/\/i0.wp.com\/img.zemanta.com\/pixy.gif?w=640\" \/><\/div>\n","protected":false},"excerpt":{"rendered":"<p>Bulgaristan \u00c7evre ve Sular Bakanl\u0131\u011f\u0131na ba\u011fl\u0131 Sular \u0130daresi Genel M\u00fcd\u00fcr\u00fc Asen Li\u00e7ev, sa\u011fanak ya\u011f\u0131\u015f ve sel beklendi\u011finde, kom\u015fu T\u00fcrkiye ve Yunanistan&#8217;a daima \u00f6nceden bilgi verdiklerini s\u00f6yledi. Li\u00e7ev, AA muhabirine yapt\u0131\u011f\u0131 a\u00e7\u0131klamada, Tunca, Meri\u00e7 ve Arda nehirlerinin ta\u015fmas\u0131 y\u00fcz\u00fcnden meydana gelen seller konusunda kom\u015fu T\u00fcrkiye ve Yunanistan&#8217;a gerekli bilgilerin verildi\u011fini ifade etti. Bulgaristan, T\u00fcrkiye ve Yunanistan [&hellip;]<\/p>\n","protected":false},"author":331,"featured_media":0,"comment_status":"open","ping_status":"open","sticky":false,"template":"","format":"standard","meta":{"advanced_seo_description":"","jetpack_seo_html_title":"","jetpack_seo_noindex":false,"ngg_post_thumbnail":0,"jetpack_post_was_ever_published":false,"_jetpack_newsletter_access":"","_jetpack_dont_email_post_to_subs":false,"_jetpack_newsletter_tier_id":0,"_jetpack_memberships_contains_paywalled_content":false,"_jetpack_memberships_contains_paid_content":false,"footnotes":""},"categories":[5],"tags":[],"class_list":["post-2074","post","type-post","status-publish","format-standard","hentry","category-haberler"],"jetpack_featured_media_url":"","jetpack_shortlink":"https:\/\/wp.me\/paHHlZ-xs","jetpack-related-posts":[{"id":653,"url":"https:\/\/www.gocmeniz.biz\/?p=653","url_meta":{"origin":2074,"position":0},"title":"T\u00fcrkiye ile Bulgaristan&#8217;dan g\u00fcvenlik i\u015fbirli\u011fi","author":"Haberci","date":"27 Kas\u0131m 2008","format":false,"excerpt":"A.A.Bulgaristan ile T\u00fcrkiye'nin sahil g\u00fcvenlik alan\u0131nda i\u015fbirli\u011fi yapaca\u011f\u0131 a\u00e7\u0131kland\u0131.Bulgaristan'\u0131n Burgaz kentinde bir araya gelen Bulgaristan S\u0131n\u0131r Polis Genel M\u00fcd\u00fcr\u00fc Komiser Krasimir Petrov ile T\u00fcrkiye Sahil G\u00fcvenlik Komutan\u0131 T\u00fcmamiral Atilla Kezek'in, iki \u00fclke aras\u0131nda daha \u00f6nce imzalanm\u0131\u015f bulunan Sahil G\u00fcvenlik \u0130\u015fbirli\u011fi Anla\u015fmas\u0131'n\u0131 temel alan yeni bir i\u015fbirli\u011fi protokol\u00fc imzalad\u0131klar\u0131 bildirildi.Protokolde, uyu\u015fturucu,\u2026","rel":"","context":"&quot;Haberler&quot; i\u00e7inde","block_context":{"text":"Haberler","link":"https:\/\/www.gocmeniz.biz\/?cat=5"},"img":{"alt_text":"","src":"","width":0,"height":0},"classes":[]},{"id":611,"url":"https:\/\/www.gocmeniz.biz\/?p=611","url_meta":{"origin":2074,"position":1},"title":"SU TA\u015eKINLARINA KAR\u015eI SINIR \u00d6TES\u0130 \u0130\u015eB\u0130RL\u0130\u011e\u0130 KARARI ALINDI","author":"Haberci","date":"11 Kas\u0131m 2008","format":false,"excerpt":"Su ta\u015fk\u0131nlar\u0131n\u0131n \u00f6nlenmesi amac\u0131yla \u00fc\u00e7 \u00fclke i\u015fbirli\u011fi i\u00e7inde hareket etme karar\u0131 ald\u0131. Bu kapsamda Edirne Valisi Mustafa B\u00fcy\u00fck, Yunanistan'\u0131n Evros B\u00f6lgesi Valisi Nikolas Zambounidis ve Bulgaristan'\u0131n Haskova Valisi Rayna Yovcheva Yunanistan'\u0131n Orestia Kenti'nde bir araya geldi.Su ta\u015fk\u0131nlar\u0131n\u0131n \u00f6nlenmesi konusunun ele al\u0131nd\u0131\u011f\u0131 toplant\u0131da Vali Mustafa B\u00fcy\u00fck'e DS\u0130 B\u00f6lge M\u00fcd\u00fcr\u00fc ve M\u00fcd\u00fcr\u2026","rel":"","context":"&quot;Haberler&quot; i\u00e7inde","block_context":{"text":"Haberler","link":"https:\/\/www.gocmeniz.biz\/?cat=5"},"img":{"alt_text":"","src":"","width":0,"height":0},"classes":[]},{"id":2250,"url":"https:\/\/www.gocmeniz.biz\/?p=2250","url_meta":{"origin":2074,"position":2},"title":"Bulgaristan&#8217;da sel 10 can ald\u0131","author":"Haberci","date":"20 Haziran 2014","format":false,"excerpt":"Bulgaristan'\u0131n Varna \u015fehrinde etkili olan sa\u011fanak nedeniyle meydana gelen sel sular\u0131na kap\u0131larak hayat\u0131n\u0131 kaybedenlerin say\u0131s\u0131 10'a y\u00fckseldi.Varna Belediye Ba\u015fkan\u0131 \u0130van Portnih, yapt\u0131\u011f\u0131 a\u00e7\u0131klamada, \u00f6l\u00fcmlerin ya\u015fand\u0131\u011f\u0131 Asparuhovo semtinin al\u00e7ak kesimlerinde etkili olan selin y\u00fczlerce otomobili s\u00fcr\u00fckledi\u011fini, y\u00fczlerce konutun da sular alt\u0131nda kald\u0131\u011f\u0131n\u0131 duyurdu.Ba\u015fbakan Yard\u0131mc\u0131s\u0131 ve \u0130\u00e7i\u015fleri Bakan\u0131 Tsvetlin Yov\u00e7ev, Varna'ya giderek,\u2026","rel":"","context":"&quot;Haberler&quot; i\u00e7inde","block_context":{"text":"Haberler","link":"https:\/\/www.gocmeniz.biz\/?cat=5"},"img":{"alt_text":"","src":"","width":0,"height":0},"classes":[]},{"id":1492,"url":"https:\/\/www.gocmeniz.biz\/?p=1492","url_meta":{"origin":2074,"position":3},"title":"Bulgaristan`da yeni uygulamalara dikkat!","author":"Haberci","date":"05 Temmuz 2009","format":false,"excerpt":"Ara\u00e7lar\u0131yla T\u00fcrkiye`ye tatile gidenlerin \u00f6zellikle Bulgaristan`da ya\u015fad\u0131klar\u0131 sorunlar\u0131n \u00e7\u00f6z\u00fcm\u00fcne y\u00f6nelik \u00e7al\u0131\u015fmalar\u0131na devam eden Hollanda`da T\u00fcrkler \u0130\u00e7in Dan\u0131\u015fma Kurulu (IOT),son g\u00fcnlerde kamu oyuna yans\u0131yan sorunlar konusunda \u00f6nceki g\u00fcn Sofya`da Bulgar yetkililerle g\u00f6r\u00fc\u015ft\u00fc. UTRECHT - Konuyla ilgili IOT`nin \u00f6zel temsilcisi HT\u0130B Ba\u015fkan\u0131 Mustafa Ayranc\u0131, Bulgaristan`\u0131n ba\u015fkenti Sofya`da,\u00a0 Bulgaristan S\u0131n\u0131r G\u00fcvenli\u011fi M\u00fcd\u00fcr\u00fc Petrov\u2026","rel":"","context":"&quot;Haberler&quot; i\u00e7inde","block_context":{"text":"Haberler","link":"https:\/\/www.gocmeniz.biz\/?cat=5"},"img":{"alt_text":"","src":"","width":0,"height":0},"classes":[]},{"id":193,"url":"https:\/\/www.gocmeniz.biz\/?p=193","url_meta":{"origin":2074,"position":4},"title":"Kumarhaneler Kral\u0131 Sudi \u00d6zkan&#8217;dan Svilengrad&#8217;a Kumarhane","author":"Admin","date":"14 Ekim 2007","format":false,"excerpt":"T\u00fcrkiye'de kumarhanelerin yasaklanmas\u0131ndan sonra kom\u015fu Bulgaristan'a y\u00f6nelen ve burada 2 kumarhanesi bulunan kumarhane ve emlak kral\u0131 Sudi \u00d6zkan, bu kez T\u00fcrkiye, Yunanistan ve Bulgaristan s\u0131n\u0131r\u0131ndaki Sivelengarad'\u0131 se\u00e7ti. \u00dc\u00e7 \u00fclkenin kumar tutkunlar\u0131 i\u00e7in son casinosunu \"Princess\" ad\u0131yla a\u00e7an \u00d6zkan, \u015fehre 5 y\u0131ld\u0131zl\u0131 bir otel de yapacak. Bulgaristan'daki 2 kumarhanesinden sonra Sudi\u2026","rel":"","context":"&quot;Haberler&quot; i\u00e7inde","block_context":{"text":"Haberler","link":"https:\/\/www.gocmeniz.biz\/?cat=5"},"img":{"alt_text":"","src":"https:\/\/i0.wp.com\/www9.gazetevatan.com\/newpics\/news\/131020072247176855159.jpg?resize=350%2C200","width":350,"height":200},"classes":[]},{"id":1088,"url":"https:\/\/www.gocmeniz.biz\/?p=1088","url_meta":{"origin":2074,"position":5},"title":"T\u00fcrk patatesine Bulgaristan\u2019dan \u2019si\u011fil\u2019 engeli","author":"Haberci","date":"20 Nisan 2009","format":false,"excerpt":"BULGAR\u0130STAN\u2019\u0131n, \"patates si\u011fili\" hastal\u0131\u011f\u0131 nedeniyle T\u00fcrkiye\u2019den patates ithalat\u0131na s\u0131n\u0131r getirebilece\u011fi y\u00f6n\u00fcnde uyar\u0131da bulundu\u011fu \u00f6\u011frenildi. T\u00fcrkiye ise patates si\u011fili hastal\u0131\u011f\u0131 nedeniyle al\u0131nan \u00f6nlemler konusunda Bulgaristan\u2019a bilgi verirken, konuyu g\u00f6r\u00fc\u015fmek \u00fczere bir heyeti T\u00fcrkiye\u2019ye davet etti. Bulgaristan\u2019\u0131n \"T\u00fcrk patatesinde hastal\u0131k belirlendi\u011fi, bu nedenle ithalat\u0131n\u0131 durdurabilece\u011fi\" y\u00f6n\u00fcndeki uyar\u0131s\u0131 \u00fczerine, konu Devlet Bakan\u0131 K\u00fcr\u015fad\u2026","rel":"","context":"&quot;Haberler&quot; i\u00e7inde","block_context":{"text":"Haberler","link":"https:\/\/www.gocmeniz.biz\/?cat=5"},"img":{"alt_text":"","src":"","width":0,"height":0},"classes":[]}],"jetpack_sharing_enabled":true,"jetpack_likes_enabled":true,"_links":{"self":[{"href":"https:\/\/www.gocmeniz.biz\/index.php?rest_route=\/wp\/v2\/posts\/2074","targetHints":{"allow":["GET"]}}],"collection":[{"href":"https:\/\/www.gocmeniz.biz\/index.php?rest_route=\/wp\/v2\/posts"}],"about":[{"href":"https:\/\/www.gocmeniz.biz\/index.php?rest_route=\/wp\/v2\/types\/post"}],"author":[{"embeddable":true,"href":"https:\/\/www.gocmeniz.biz\/index.php?rest_route=\/wp\/v2\/users\/331"}],"replies":[{"embeddable":true,"href":"https:\/\/www.gocmeniz.biz\/index.php?rest_route=%2Fwp%2Fv2%2Fcomments&post=2074"}],"version-history":[{"count":1,"href":"https:\/\/www.gocmeniz.biz\/index.php?rest_route=\/wp\/v2\/posts\/2074\/revisions"}],"predecessor-version":[{"id":8653,"href":"https:\/\/www.gocmeniz.biz\/index.php?rest_route=\/wp\/v2\/posts\/2074\/revisions\/8653"}],"wp:attachment":[{"href":"https:\/\/www.gocmeniz.biz\/index.php?rest_route=%2Fwp%2Fv2%2Fmedia&parent=2074"}],"wp:term":[{"taxonomy":"category","embeddable":true,"href":"https:\/\/www.gocmeniz.biz\/index.php?rest_route=%2Fwp%2Fv2%2Fcategories&post=2074"},{"taxonomy":"post_tag","embeddable":true,"href":"https:\/\/www.gocmeniz.biz\/index.php?rest_route=%2Fwp%2Fv2%2Ftags&post=2074"}],"curies":[{"name":"wp","href":"https:\/\/api.w.org\/{rel}","templated":true}]}}