{"id":2078,"date":"2010-02-19T08:37:12","date_gmt":"2010-02-19T06:37:12","guid":{"rendered":"http:\/\/www.gocmeniz.biz\/?p=2078"},"modified":"2026-04-03T12:25:37","modified_gmt":"2026-04-03T09:25:37","slug":"edirnede-sular-cekilmeye-basladi","status":"publish","type":"post","link":"https:\/\/www.gocmeniz.biz\/?p=2078","title":{"rendered":"Edirne&#8217;de Sular \u00c7ekilmeye Ba\u015flad\u0131"},"content":{"rendered":"<p><b><img data-recalc-dims=\"1\"  title=\"\"  alt=\"edirne-de-sular-cekilmeye-basladi_8805_o Edirne&#039;de Sular \u00c7ekilmeye Ba\u015flad\u0131\" decoding=\"async\" style=\"max-width: 800px; float: left; margin-top: 10px; margin-bottom: 10px; margin-right: 10px;\" src=\"https:\/\/i0.wp.com\/img.haberler.com\/haber\/531\/edirne-de-sular-cekilmeye-basladi_8805_o.jpg?w=640\" \/>Bulgaristan\u2019\u0131n baraj kapaklar\u0131n\u0131 a\u00e7mas\u0131 ve a\u015f\u0131r\u0131 ya\u011f\u0131\u015flar nedeniyle Edirneliler ta\u015fk\u0131nla bo\u011fu\u015fmaya devam ediyor ama sular da yava\u015f yava\u015f \u00e7ekilmeye ba\u015flad\u0131.<\/b><\/p>\n<p>Yaya ve ta\u015f\u0131t trafi\u011fine kapanan k\u00f6pr\u00fcler, su seviyesinin azalmas\u0131yla tekrar trafi\u011fe a\u00e7\u0131ld\u0131.<\/p>\n<p>\u00d6nceki g\u00fcn Meri\u00e7 Nehri\u2019nin ta\u015fmas\u0131n\u0131n ard\u0131ndan nehrin di\u011fer yakas\u0131ndaki Karaa\u011fa\u00e7 Mahallesi\u2019yle ula\u015f\u0131m d\u00fcn ak\u015fama kadar kesildi. Ta\u015fk\u0131n nedeniyle baz\u0131 evler ile nehir kenar\u0131ndaki tesisler sular alt\u0131nda kald\u0131. Askeri \u00e7ad\u0131r kurulurken, ula\u015f\u0131m\u0131n kesildi\u011fi saatlerde mahalle sakinleri, 54\u2019\u00fcnc\u00fc Mekanize Piyade Tugay Komutanl\u0131\u011f\u0131\u2019na ba\u011fl\u0131 z\u0131rhl\u0131 personel ta\u015f\u0131y\u0131c\u0131larla i\u015f ve evlerine ta\u015f\u0131nd\u0131. Sular alt\u0131nda kalan Lozan Caddesi\u2019nde ara\u00e7 ge\u00e7i\u015fine izin verilmedi\u011fi i\u00e7in Yunanistan\u2019a ge\u00e7i\u015fi sa\u011flayan Pazarkule S\u0131n\u0131r Kap\u0131s\u0131 halen ula\u015f\u0131ma kapal\u0131. Kap\u0131kule S\u0131n\u0131r Kap\u0131s\u0131 yolu ise uluslararas\u0131 ge\u00e7i\u015fe a\u00e7\u0131ld\u0131. Olas\u0131 bir arama kurtarma \u00e7al\u0131\u015fmas\u0131 i\u00e7in Genelkurmay Ba\u015fkanl\u0131\u011f\u0131 Edirne\u2019ye Sikorsky helikopter g\u00f6nderdi. Karaa\u011fa\u00e7 b\u00f6lgesinde incelemelerde bulunan Edirne Valisi Mustafa B\u00fcy\u00fck, \u201c\u0130lk tespitlerimize g\u00f6re 15 d\u00f6n\u00fcm ekili alan su alt\u0131nda kald\u0131. Ev ve i\u015f yerlerindeki hasar\u0131 sular \u00e7ekilince tespit edece\u011fiz\u201d dedi.<\/p>\n<div class=\"zemanta-pixie\"><img data-recalc-dims=\"1\"  title=\"\" decoding=\"async\" class=\"zemanta-pixie-img\"  alt=\"pixy Edirne&#039;de Sular \u00c7ekilmeye Ba\u015flad\u0131\"  src=\"https:\/\/i0.wp.com\/img.zemanta.com\/pixy.gif?w=640\" \/><\/div>\n","protected":false},"excerpt":{"rendered":"<p>Bulgaristan\u2019\u0131n baraj kapaklar\u0131n\u0131 a\u00e7mas\u0131 ve a\u015f\u0131r\u0131 ya\u011f\u0131\u015flar nedeniyle Edirneliler ta\u015fk\u0131nla bo\u011fu\u015fmaya devam ediyor ama sular da yava\u015f yava\u015f \u00e7ekilmeye ba\u015flad\u0131. Yaya ve ta\u015f\u0131t trafi\u011fine kapanan k\u00f6pr\u00fcler, su seviyesinin azalmas\u0131yla tekrar trafi\u011fe a\u00e7\u0131ld\u0131. \u00d6nceki g\u00fcn Meri\u00e7 Nehri\u2019nin ta\u015fmas\u0131n\u0131n ard\u0131ndan nehrin di\u011fer yakas\u0131ndaki Karaa\u011fa\u00e7 Mahallesi\u2019yle ula\u015f\u0131m d\u00fcn ak\u015fama kadar kesildi. Ta\u015fk\u0131n nedeniyle baz\u0131 evler ile nehir kenar\u0131ndaki [&hellip;]<\/p>\n","protected":false},"author":331,"featured_media":0,"comment_status":"open","ping_status":"open","sticky":false,"template":"","format":"standard","meta":{"advanced_seo_description":"","jetpack_seo_html_title":"","jetpack_seo_noindex":false,"ngg_post_thumbnail":0,"jetpack_post_was_ever_published":false,"_jetpack_newsletter_access":"","_jetpack_dont_email_post_to_subs":false,"_jetpack_newsletter_tier_id":0,"_jetpack_memberships_contains_paywalled_content":false,"_jetpack_memberships_contains_paid_content":false,"footnotes":""},"categories":[5],"tags":[],"class_list":["post-2078","post","type-post","status-publish","format-standard","hentry","category-haberler"],"jetpack_featured_media_url":"","jetpack_shortlink":"https:\/\/wp.me\/paHHlZ-xw","jetpack-related-posts":[{"id":215,"url":"https:\/\/www.gocmeniz.biz\/?p=215","url_meta":{"origin":2078,"position":0},"title":"Karaa\u011fa\u00e7&#8217;ta Seralar Sular Alt\u0131nda Kald\u0131","author":"Admin","date":"22 Kas\u0131m 2007","format":false,"excerpt":"Bulgaristan'\u0131n baraj kapaklar\u0131n\u0131 a\u00e7mas\u0131 ile birlikte Edirne, sular alt\u0131nda kald\u0131. Sulardan en \u00e7ok etkilenen Karaa\u011fa\u00e7 Mahallesi'nde ekili dikili alan\u0131 su bast\u0131. Edirne'de nehirlerden ta\u015fan sular yava\u015f \u00e7ekilmeye ba\u015flad\u0131. Sular\u0131n bast\u0131\u011f\u0131 Karaa\u011fa\u00e7 Mahallesi'nde evlerin yan\u0131 s\u0131ra ekili ve dikili alanlar da zarar g\u00f6rd\u00fc. Bu\u011fday ekili tarlalar\u0131 su basarken patl\u0131can ve biber\u2026","rel":"","context":"&quot;Haberler&quot; i\u00e7inde","block_context":{"text":"Haberler","link":"https:\/\/www.gocmeniz.biz\/?cat=5"},"img":{"alt_text":"","src":"https:\/\/i0.wp.com\/resimler.haberler.com\/haber\/325\/karaagac-ta-seralar-sular-altinda-kaldi_o.jpg?resize=350%2C200","width":350,"height":200},"classes":[]},{"id":2072,"url":"https:\/\/www.gocmeniz.biz\/?p=2072","url_meta":{"origin":2078,"position":1},"title":"Trakya\u2019da ya\u015fam fel\u00e7 oldu","author":"Haberci","date":"16 \u015eubat 2010","format":false,"excerpt":"Edirne\u2019de \u00f6nceki gece ba\u015flayan ve d\u00fcn sabah saatlerinde \u015fiddetini artt\u0131ran sa\u011fanak nedeniyle O\u011fulpa\u015fa Deresi ta\u015ft\u0131.Dere sular\u0131n\u0131n yay\u0131ld\u0131\u011f\u0131 Edirne-K\u0131rklareli D-20 Karayolu ula\u015f\u0131ma kapand\u0131. Tunca Nehri'nin ta\u015fmas\u0131 sonucu ge\u00e7en hafta ula\u015f\u0131ma kapanan Sarayi\u00e7i mevkisindeki Kanuni, Fatih ve Yaln\u0131zg\u00f6z k\u00f6pr\u00fclerinden ara\u00e7 ge\u00e7i\u015fine izin verilmedi.Bulgaristan taraf\u0131nda, Kapitan Andreova S\u0131n\u0131r Kap\u0131s\u0131'na ula\u015f\u0131m\u0131n sa\u011fland\u0131\u011f\u0131 yol kapand\u0131,\u2026","rel":"","context":"&quot;Haberler&quot; i\u00e7inde","block_context":{"text":"Haberler","link":"https:\/\/www.gocmeniz.biz\/?cat=5"},"img":{"alt_text":"","src":"","width":0,"height":0},"classes":[]},{"id":1997,"url":"https:\/\/www.gocmeniz.biz\/?p=1997","url_meta":{"origin":2078,"position":2},"title":"K\u0131rkp\u0131nar meydan\u0131 sular alt\u0131nda","author":"Haberci","date":"22 Aral\u0131k 2009","format":false,"excerpt":"F\u0131rat KESK\u0130NKILI\u00c7\/ED\u0130RNE, (DHA)BULGAR\u0130STAN ve Edirne'de a\u015f\u0131r\u0131 ya\u011f\u0131\u015flar nedeniyle ta\u015fan Tunca Nehri\u2019nin debisinin d\u00fc\u015fmesine ra\u011fmen, Suakaca\u011f\u0131 K\u00f6y\u00fc\u2019nden yeni ula\u015fan su Sarayi\u00e7i alan\u0131nda bulunan Balkan \u015eehitli\u011fi ile K\u0131rkp\u0131nar Er Meydan\u0131'n\u0131 tamamen sular alt\u0131nda b\u0131rakt\u0131. Polis ekipleri ise ta\u015fk\u0131n\u0131n oldu\u011fu b\u00f6lgelerde 24 saat n\u00f6bet tutarak vatanda\u015flar\u0131n buralara giri\u015f ve \u00e7\u0131k\u0131\u015f\u0131na izin vermiyor.Bulgaristan ve\u2026","rel":"","context":"&quot;Haberler&quot; i\u00e7inde","block_context":{"text":"Haberler","link":"https:\/\/www.gocmeniz.biz\/?cat=5"},"img":{"alt_text":"","src":"","width":0,"height":0},"classes":[]},{"id":152,"url":"https:\/\/www.gocmeniz.biz\/?p=152","url_meta":{"origin":2078,"position":3},"title":"Bulgaristan&#8217;da T\u00fcrklerin Ya\u015fad\u0131\u011f\u0131 Deliorman \u015eehri Sular Alt\u0131nda Kald\u0131","author":"Haberci","date":"10 A\u011fustos 2007","format":false,"excerpt":"Bulgaristan'da \u00e7o\u011funlu\u011funu T\u00fcrklerin olu\u015fturdu\u011fu 3 bin ki\u015filik Razgrad iline ba\u011fl\u0131 Tsar Kaloyan \u015fehri, ya\u011fmurlar ve \u00e7atlayan baraj nedeniyle sular alt\u0131nda kald\u0131. \u00dc\u00e7 g\u00fcnd\u00fcr s\u00fcren sel ve ya\u011fmurlarda 7 ki\u015fi \u00f6ld\u00fc, 30 ev tamamen harap hale geldi. Sellerin ard\u0131ndan \u00fclke alarma ge\u00e7erken, t\u00fcm devlet yetkilileri tek tek \u015fehre gelerek durumu inceledi.\u2026","rel":"","context":"&quot;Haberler&quot; i\u00e7inde","block_context":{"text":"Haberler","link":"https:\/\/www.gocmeniz.biz\/?cat=5"},"img":{"alt_text":"","src":"","width":0,"height":0},"classes":[]},{"id":136,"url":"https:\/\/www.gocmeniz.biz\/?p=136","url_meta":{"origin":2078,"position":4},"title":"Meri\u00e7 ve Tunca Nehirleri Kurumaya Ba\u015flad\u0131","author":"Admin","date":"27 Temmuz 2007","format":false,"excerpt":"Edirne'de hava s\u0131cakl\u0131\u011f\u0131n\u0131n mevsim normalleri \u00fczerinde seyretmesi Meri\u00e7 ve Tunca nehirlerinde su seviyesini y\u00fczde 80 oran\u0131nda azalmas\u0131na neden oldu. Bulgaristan'\u0131n baraj kapaklar\u0131n\u0131 a\u00e7mas\u0131 sonucu su debisi y\u00fckselen ve ta\u015fk\u0131nlara sebep olan Meri\u00e7 ve Tunca nehirlerinde su seviyesi her ge\u00e7en g\u00fcn azalmaya devam ediyor. Nehirde irili ufakl\u0131 \u00e7ok say\u0131da adac\u0131k olu\u015ftu.\u2026","rel":"","context":"&quot;Haberler&quot; i\u00e7inde","block_context":{"text":"Haberler","link":"https:\/\/www.gocmeniz.biz\/?cat=5"},"img":{"alt_text":"","src":"","width":0,"height":0},"classes":[]},{"id":853,"url":"https:\/\/www.gocmeniz.biz\/?p=853","url_meta":{"origin":2078,"position":5},"title":"KAR YA\u011eI\u015eI NEDEN\u0130YLE BULGAR\u0130STAN \u0130LE KARA ULA\u015eIMI DURDU","author":"Haberci","date":"23 \u015eubat 2009","format":false,"excerpt":"Bulgaristan'da kar ya\u011f\u0131\u015f\u0131 nedeniyle yollar\u0131n kapanmas\u0131 Hamzabeyli S\u0131n\u0131r Kap\u0131s\u0131 \u00fczerinden bu \u00fclkeye yap\u0131lan kara ula\u015f\u0131m\u0131n\u0131 tamamen durdurdu. Bulgaristan taraf\u0131na ara\u00e7lar\u0131n ge\u00e7i\u015fine izin verilmemesi nedeniyle s\u0131n\u0131r kap\u0131s\u0131 yolunda ak\u015famdan bu yana yakla\u015f\u0131k 5 kilometrelik TIR kuyru\u011fu olu\u015ftu.Balkanlar'da etkili olan kar ya\u011f\u0131\u015f\u0131 ve tipi Trakya B\u00f6lgesi'nin y\u00fcksek kesimlerinde de etkisini hissettiriyor. B\u00f6lgenin\u2026","rel":"","context":"&quot;Haberler&quot; i\u00e7inde","block_context":{"text":"Haberler","link":"https:\/\/www.gocmeniz.biz\/?cat=5"},"img":{"alt_text":"","src":"","width":0,"height":0},"classes":[]}],"jetpack_sharing_enabled":true,"jetpack_likes_enabled":true,"_links":{"self":[{"href":"https:\/\/www.gocmeniz.biz\/index.php?rest_route=\/wp\/v2\/posts\/2078","targetHints":{"allow":["GET"]}}],"collection":[{"href":"https:\/\/www.gocmeniz.biz\/index.php?rest_route=\/wp\/v2\/posts"}],"about":[{"href":"https:\/\/www.gocmeniz.biz\/index.php?rest_route=\/wp\/v2\/types\/post"}],"author":[{"embeddable":true,"href":"https:\/\/www.gocmeniz.biz\/index.php?rest_route=\/wp\/v2\/users\/331"}],"replies":[{"embeddable":true,"href":"https:\/\/www.gocmeniz.biz\/index.php?rest_route=%2Fwp%2Fv2%2Fcomments&post=2078"}],"version-history":[{"count":1,"href":"https:\/\/www.gocmeniz.biz\/index.php?rest_route=\/wp\/v2\/posts\/2078\/revisions"}],"predecessor-version":[{"id":8930,"href":"https:\/\/www.gocmeniz.biz\/index.php?rest_route=\/wp\/v2\/posts\/2078\/revisions\/8930"}],"wp:attachment":[{"href":"https:\/\/www.gocmeniz.biz\/index.php?rest_route=%2Fwp%2Fv2%2Fmedia&parent=2078"}],"wp:term":[{"taxonomy":"category","embeddable":true,"href":"https:\/\/www.gocmeniz.biz\/index.php?rest_route=%2Fwp%2Fv2%2Fcategories&post=2078"},{"taxonomy":"post_tag","embeddable":true,"href":"https:\/\/www.gocmeniz.biz\/index.php?rest_route=%2Fwp%2Fv2%2Ftags&post=2078"}],"curies":[{"name":"wp","href":"https:\/\/api.w.org\/{rel}","templated":true}]}}