{"id":2080,"date":"2010-02-19T08:38:48","date_gmt":"2010-02-19T06:38:48","guid":{"rendered":"http:\/\/www.gocmeniz.biz\/?p=2080"},"modified":"2026-04-03T12:25:37","modified_gmt":"2026-04-03T09:25:37","slug":"kapikule-sinir-kapisi-ulasima-acildi","status":"publish","type":"post","link":"https:\/\/www.gocmeniz.biz\/?p=2080","title":{"rendered":"Kap\u0131kule S\u0131n\u0131r Kap\u0131s\u0131 Ula\u015f\u0131ma A\u00e7\u0131ld\u0131"},"content":{"rendered":"<p><b>Meri\u00e7 Nehri&#8217;nin ta\u015fmas\u0131 sonucu ula\u015f\u0131ma kapat\u0131lan Kap\u0131kule S\u0131n\u0131r Kap\u0131s\u0131, sabah saatlerinden itibaren ula\u015f\u0131ma a\u00e7\u0131ld\u0131.<\/b><\/p>\n<p>Ta\u015fan Meri\u00e7 Nehri, uluslararas\u0131 karayollar\u0131nda da ula\u015f\u0131m\u0131 olumsuz etkiledi. Bulgaristan taraf\u0131nda ya\u015fanan ta\u015fk\u0131nlar nedeniyle Kap\u0131kule S\u0131n\u0131r Kap\u0131s\u0131 b\u00fcy\u00fck ve k\u00fc\u00e7\u00fck ara\u00e7 trafi\u011fine kapat\u0131lm\u0131\u015ft\u0131. Nehirdeki su seviyesinin d\u00fc\u015fmeye ba\u015flamas\u0131yla birlikte Bulgar taraf\u0131 ara\u00e7lar\u0131n ge\u00e7i\u015fine izin verdi. <\/p>\n<p>Son durumu de\u011ferlendiren Edirne Valisi Mustafa B\u00fcy\u00fck, Kap\u0131kule S\u0131n\u0131r Kap\u0131s\u0131&#8217;n\u0131n sabah saatlerinden itibaren ula\u015f\u0131ma a\u00e7\u0131ld\u0131\u011f\u0131n\u0131 s\u00f6yledi.<\/p>\n<p>B\u00fcy\u00fck, Kap\u0131kule ile birlikte il s\u0131n\u0131rlar\u0131 i\u00e7erisinde ta\u015fk\u0131n suyu nedeniyle kapanan t\u00fcm yollar\u0131n a\u00e7\u0131ld\u0131\u011f\u0131n\u0131 kaydetti. Meri\u00e7 Nehri&#8217;nin Yunanistan taraf\u0131ndan setlerin patlad\u0131\u011f\u0131n\u0131 kaydeden Edirne Valisi, nehir debisinin biraz Yunanistan taraf\u0131na kayd\u0131\u011f\u0131n\u0131 s\u00f6yledi.<\/p>\n<p>Bulgaristan taraf\u0131nda ciddi bir ya\u011f\u0131\u015f\u0131n olmamas\u0131 halinde buradaki durumun normale d\u00f6nece\u011fini anlatan B\u00fcy\u00fck, bununla ilgili herhangi bir bilginin olmad\u0131\u011f\u0131n\u0131 ifade etti.<br \/><i>(C\u0130HAN)<\/i><\/p>\n<div class=\"zemanta-pixie\"><img data-recalc-dims=\"1\"  title=\"\" decoding=\"async\" class=\"zemanta-pixie-img\"  alt=\"pixy Kap\u0131kule S\u0131n\u0131r Kap\u0131s\u0131 Ula\u015f\u0131ma A\u00e7\u0131ld\u0131\"  src=\"https:\/\/i0.wp.com\/img.zemanta.com\/pixy.gif?w=640\" \/><\/div>\n","protected":false},"excerpt":{"rendered":"<p>Meri\u00e7 Nehri&#8217;nin ta\u015fmas\u0131 sonucu ula\u015f\u0131ma kapat\u0131lan Kap\u0131kule S\u0131n\u0131r Kap\u0131s\u0131, sabah saatlerinden itibaren ula\u015f\u0131ma a\u00e7\u0131ld\u0131. Ta\u015fan Meri\u00e7 Nehri, uluslararas\u0131 karayollar\u0131nda da ula\u015f\u0131m\u0131 olumsuz etkiledi. Bulgaristan taraf\u0131nda ya\u015fanan ta\u015fk\u0131nlar nedeniyle Kap\u0131kule S\u0131n\u0131r Kap\u0131s\u0131 b\u00fcy\u00fck ve k\u00fc\u00e7\u00fck ara\u00e7 trafi\u011fine kapat\u0131lm\u0131\u015ft\u0131. Nehirdeki su seviyesinin d\u00fc\u015fmeye ba\u015flamas\u0131yla birlikte Bulgar taraf\u0131 ara\u00e7lar\u0131n ge\u00e7i\u015fine izin verdi. Son durumu de\u011ferlendiren Edirne Valisi Mustafa [&hellip;]<\/p>\n","protected":false},"author":331,"featured_media":0,"comment_status":"open","ping_status":"open","sticky":false,"template":"","format":"standard","meta":{"advanced_seo_description":"","jetpack_seo_html_title":"","jetpack_seo_noindex":false,"ngg_post_thumbnail":0,"jetpack_post_was_ever_published":false,"_jetpack_newsletter_access":"","_jetpack_dont_email_post_to_subs":false,"_jetpack_newsletter_tier_id":0,"_jetpack_memberships_contains_paywalled_content":false,"_jetpack_memberships_contains_paid_content":false,"footnotes":""},"categories":[5],"tags":[],"class_list":["post-2080","post","type-post","status-publish","format-standard","hentry","category-haberler"],"jetpack_featured_media_url":"","jetpack_shortlink":"https:\/\/wp.me\/paHHlZ-xy","jetpack-related-posts":[{"id":2078,"url":"https:\/\/www.gocmeniz.biz\/?p=2078","url_meta":{"origin":2080,"position":0},"title":"Edirne&#8217;de Sular \u00c7ekilmeye Ba\u015flad\u0131","author":"Haberci","date":"19 \u015eubat 2010","format":false,"excerpt":"Bulgaristan\u2019\u0131n baraj kapaklar\u0131n\u0131 a\u00e7mas\u0131 ve a\u015f\u0131r\u0131 ya\u011f\u0131\u015flar nedeniyle Edirneliler ta\u015fk\u0131nla bo\u011fu\u015fmaya devam ediyor ama sular da yava\u015f yava\u015f \u00e7ekilmeye ba\u015flad\u0131.Yaya ve ta\u015f\u0131t trafi\u011fine kapanan k\u00f6pr\u00fcler, su seviyesinin azalmas\u0131yla tekrar trafi\u011fe a\u00e7\u0131ld\u0131.\u00d6nceki g\u00fcn Meri\u00e7 Nehri\u2019nin ta\u015fmas\u0131n\u0131n ard\u0131ndan nehrin di\u011fer yakas\u0131ndaki Karaa\u011fa\u00e7 Mahallesi\u2019yle ula\u015f\u0131m d\u00fcn ak\u015fama kadar kesildi. Ta\u015fk\u0131n nedeniyle baz\u0131 evler\u2026","rel":"","context":"&quot;Haberler&quot; i\u00e7inde","block_context":{"text":"Haberler","link":"https:\/\/www.gocmeniz.biz\/?cat=5"},"img":{"alt_text":"","src":"","width":0,"height":0},"classes":[]},{"id":2072,"url":"https:\/\/www.gocmeniz.biz\/?p=2072","url_meta":{"origin":2080,"position":1},"title":"Trakya\u2019da ya\u015fam fel\u00e7 oldu","author":"Haberci","date":"16 \u015eubat 2010","format":false,"excerpt":"Edirne\u2019de \u00f6nceki gece ba\u015flayan ve d\u00fcn sabah saatlerinde \u015fiddetini artt\u0131ran sa\u011fanak nedeniyle O\u011fulpa\u015fa Deresi ta\u015ft\u0131.Dere sular\u0131n\u0131n yay\u0131ld\u0131\u011f\u0131 Edirne-K\u0131rklareli D-20 Karayolu ula\u015f\u0131ma kapand\u0131. Tunca Nehri'nin ta\u015fmas\u0131 sonucu ge\u00e7en hafta ula\u015f\u0131ma kapanan Sarayi\u00e7i mevkisindeki Kanuni, Fatih ve Yaln\u0131zg\u00f6z k\u00f6pr\u00fclerinden ara\u00e7 ge\u00e7i\u015fine izin verilmedi.Bulgaristan taraf\u0131nda, Kapitan Andreova S\u0131n\u0131r Kap\u0131s\u0131'na ula\u015f\u0131m\u0131n sa\u011fland\u0131\u011f\u0131 yol kapand\u0131,\u2026","rel":"","context":"&quot;Haberler&quot; i\u00e7inde","block_context":{"text":"Haberler","link":"https:\/\/www.gocmeniz.biz\/?cat=5"},"img":{"alt_text":"","src":"","width":0,"height":0},"classes":[]},{"id":1666,"url":"https:\/\/www.gocmeniz.biz\/?p=1666","url_meta":{"origin":2080,"position":2},"title":"Kap\u0131kule`de 3 kilometrelik ara\u00e7 kuyru\u011fu","author":"Haberci","date":"07 A\u011fustos 2009","format":false,"excerpt":"Yo\u011funluktan dolay\u0131 Kap\u0131kule`de \u00e7ift s\u0131ra ara\u00e7 kuyru\u011fu meydana geldi.> \u0130brahim\u2008Arslan ED\u0130RNE \u0130HAT\u00fcrkiye`de tatil yapt\u0131ktan sonra \u00e7al\u0131\u015ft\u0131klar\u0131 \u00fclkelere do\u011fru d\u00f6n\u00fc\u015fe ge\u00e7en gurbet\u00e7iler, Kap\u0131kule S\u0131n\u0131r Kap\u0131s\u0131`nda yo\u011funlu\u011fa sebep oldu. Kap\u0131kule`de uzun kuyruklar olu\u015fmas\u0131 \u00fczerine gurbet\u00e7iler Hamzabeyli ve Pazarkule S\u0131n\u0131r Kap\u0131s\u0131`na y\u00f6nlendirildi. \u00c7ift s\u0131ra kuyruk sebebiyle yakla\u015f\u0131k 15 dakika ula\u015f\u0131ma kapanan Kap\u0131kule yolu,\u2026","rel":"","context":"&quot;Haberler&quot; i\u00e7inde","block_context":{"text":"Haberler","link":"https:\/\/www.gocmeniz.biz\/?cat=5"},"img":{"alt_text":"","src":"https:\/\/i0.wp.com\/www.turkiyegazetesi.com\/images\/news\/415554_2.gif?resize=350%2C200","width":350,"height":200},"classes":[]},{"id":300,"url":"https:\/\/www.gocmeniz.biz\/?p=300","url_meta":{"origin":2080,"position":3},"title":"Bulgaristan plakali TIR, Kap\u0131kule yak\u0131nlar\u0131nda yand\u0131","author":"Admin","date":"27 \u015eubat 2008","format":false,"excerpt":"\u0130stanbul'dan y\u00fckledi\u011fi demir-\u00e7eli\u011fi Bulgaristan'a g\u00f6t\u00fcren bir TIR, Kap\u0131kule S\u0131n\u0131r Kap\u0131s\u0131 yak\u0131nlar\u0131nda alev alev yand\u0131. Yang\u0131n Edirne Belediyesi \u0130tfaiye ekipleri taraf\u0131ndan s\u00f6nd\u00fcr\u00fcl\u00fcrken, TEM Otoyolu yang\u0131n nedeniyle bir saat boyunca trafi\u011fe kapat\u0131ld\u0131. TEM Otoyolu'nun Edirne-Kap\u0131kule g\u00fczergah\u0131nda, elektrik aksam\u0131nda ar\u0131za meydana gelen TIR'da yang\u0131n \u00e7\u0131kt\u0131. Yang\u0131n sonucu TIR'\u0131n \u015fof\u00f6r mahalli tamam\u0131yla yand\u0131. \u0130stanbul'dan\u2026","rel":"","context":"&quot;Haberler&quot; i\u00e7inde","block_context":{"text":"Haberler","link":"https:\/\/www.gocmeniz.biz\/?cat=5"},"img":{"alt_text":"","src":"https:\/\/i0.wp.com\/bp0.blogger.com\/_1Mf-Mz8vkrM\/R77H4GA4X_I\/AAAAAAAABAM\/JLaXQ2PDv9k\/s400\/tir.jpg?resize=350%2C200","width":350,"height":200},"classes":[]},{"id":170,"url":"https:\/\/www.gocmeniz.biz\/?p=170","url_meta":{"origin":2080,"position":4},"title":"Kap\u0131kule&#8217;de R\u00fc\u015fveti \u00d6nlemek i\u00e7in Ak\u0131ll\u0131 Kart Sistemi Uygulanacak","author":"Admin","date":"30 A\u011fustos 2007","format":false,"excerpt":"R\u00fc\u015fvet ve ka\u00e7ak\u00e7\u0131l\u0131k operasyonlar\u0131yla g\u00fcndeme gelen d\u00fcnyan\u0131n ikinci, T\u00fcrkiye'nin ise en b\u00fcy\u00fck ve en \u00f6nemli kara s\u0131n\u0131r kap\u0131s\u0131 olan Kap\u0131kule S\u0131n\u0131r Kap\u0131s\u0131'nda, Bulgaristan'\u0131n Lesova S\u0131n\u0131r Kap\u0131s\u0131'nda uygulamaya koydu\u011fu ve ba\u015far\u0131 elde etti\u011fi Ak\u0131ll\u0131 Kart sistemi \u00f6rnek al\u0131nacak. Ayr\u0131ca Kap\u0131kule g\u00fcmr\u00fck sahas\u0131 ve \u00e7evresi 24 saat gizli kameralarla g\u00f6zetlenecek. Edirne Valisi\u2026","rel":"","context":"&quot;Haberler&quot; i\u00e7inde","block_context":{"text":"Haberler","link":"https:\/\/www.gocmeniz.biz\/?cat=5"},"img":{"alt_text":"","src":"https:\/\/i0.wp.com\/resimler.haberler.com\/haber\/632\/kapikule-de-rusveti-onlemek-icin-akilli-kart_o.jpg?resize=350%2C200","width":350,"height":200},"classes":[]},{"id":8393,"url":"https:\/\/www.gocmeniz.biz\/?p=8393","url_meta":{"origin":2080,"position":5},"title":"Edirne Valisi Sezer, s\u0131n\u0131r karakolundaki Mehmet\u00e7ikle bayramla\u015ft\u0131","author":"Admin","date":"19 Mart 2026","format":false,"excerpt":"Edirne Valisi Yunus Sezer, Bulgaristan s\u0131n\u0131r\u0131ndaki karakolda g\u00f6rev yapan askerlerle bayramla\u015ft\u0131. Vali Sezer, 9'uncu Hudut Tugay Komutanl\u0131\u011f\u0131na ba\u011fl\u0131 Yenikad\u0131n \u015eehit Onba\u015f\u0131 \u00d6zer Camc\u0131 Karakolu'nu ziyaret etti. Karakol komutan\u0131 ve askerlerle bayramla\u015fan Sezer, karakolun \u015feref defterini imzalad\u0131. Mehmet\u00e7i\u011fin bayram\u0131n\u0131 kutlayan Vali Sezer, \"Allah aya\u011f\u0131n\u0131za ta\u015f de\u011fdirmesin. Rabbim sizi b\u00fct\u00fcn kaza ve\u2026","rel":"","context":"&quot;Haberler&quot; i\u00e7inde","block_context":{"text":"Haberler","link":"https:\/\/www.gocmeniz.biz\/?cat=5"},"img":{"alt_text":"","src":"https:\/\/i0.wp.com\/www.gocmeniz.biz\/wp-content\/edirne-valisi-sezer-sinir-karakolundaki-19672360_amp.jpg?fit=1200%2C800&ssl=1&resize=350%2C200","width":350,"height":200,"srcset":"https:\/\/i0.wp.com\/www.gocmeniz.biz\/wp-content\/edirne-valisi-sezer-sinir-karakolundaki-19672360_amp.jpg?fit=1200%2C800&ssl=1&resize=350%2C200 1x, https:\/\/i0.wp.com\/www.gocmeniz.biz\/wp-content\/edirne-valisi-sezer-sinir-karakolundaki-19672360_amp.jpg?fit=1200%2C800&ssl=1&resize=525%2C300 1.5x, https:\/\/i0.wp.com\/www.gocmeniz.biz\/wp-content\/edirne-valisi-sezer-sinir-karakolundaki-19672360_amp.jpg?fit=1200%2C800&ssl=1&resize=700%2C400 2x, https:\/\/i0.wp.com\/www.gocmeniz.biz\/wp-content\/edirne-valisi-sezer-sinir-karakolundaki-19672360_amp.jpg?fit=1200%2C800&ssl=1&resize=1050%2C600 3x"},"classes":[]}],"jetpack_sharing_enabled":true,"jetpack_likes_enabled":true,"_links":{"self":[{"href":"https:\/\/www.gocmeniz.biz\/index.php?rest_route=\/wp\/v2\/posts\/2080","targetHints":{"allow":["GET"]}}],"collection":[{"href":"https:\/\/www.gocmeniz.biz\/index.php?rest_route=\/wp\/v2\/posts"}],"about":[{"href":"https:\/\/www.gocmeniz.biz\/index.php?rest_route=\/wp\/v2\/types\/post"}],"author":[{"embeddable":true,"href":"https:\/\/www.gocmeniz.biz\/index.php?rest_route=\/wp\/v2\/users\/331"}],"replies":[{"embeddable":true,"href":"https:\/\/www.gocmeniz.biz\/index.php?rest_route=%2Fwp%2Fv2%2Fcomments&post=2080"}],"version-history":[{"count":1,"href":"https:\/\/www.gocmeniz.biz\/index.php?rest_route=\/wp\/v2\/posts\/2080\/revisions"}],"predecessor-version":[{"id":8929,"href":"https:\/\/www.gocmeniz.biz\/index.php?rest_route=\/wp\/v2\/posts\/2080\/revisions\/8929"}],"wp:attachment":[{"href":"https:\/\/www.gocmeniz.biz\/index.php?rest_route=%2Fwp%2Fv2%2Fmedia&parent=2080"}],"wp:term":[{"taxonomy":"category","embeddable":true,"href":"https:\/\/www.gocmeniz.biz\/index.php?rest_route=%2Fwp%2Fv2%2Fcategories&post=2080"},{"taxonomy":"post_tag","embeddable":true,"href":"https:\/\/www.gocmeniz.biz\/index.php?rest_route=%2Fwp%2Fv2%2Ftags&post=2080"}],"curies":[{"name":"wp","href":"https:\/\/api.w.org\/{rel}","templated":true}]}}