{"id":2082,"date":"2010-02-19T08:40:43","date_gmt":"2010-02-19T06:40:43","guid":{"rendered":"http:\/\/www.gocmeniz.biz\/?p=2082"},"modified":"2026-04-03T12:25:37","modified_gmt":"2026-04-03T09:25:37","slug":"bulgar-bisikletci-cevre-kirliligine-dikkat-cekmek-icin-akdenizi-dolasiyor","status":"publish","type":"post","link":"https:\/\/www.gocmeniz.biz\/?p=2082","title":{"rendered":"Bulgar Bisiklet\u00e7i \u00c7evre Kirlili\u011fine Dikkat \u00c7ekmek i\u00e7in Akdeniz&#8217;i Dola\u015f\u0131yor"},"content":{"rendered":"<p><img data-recalc-dims=\"1\"  title=\"\"  alt=\"bulgar-bisikletci-cevre-kirliligine-dikkat-ce-1917646_o Bulgar Bisiklet\u00e7i \u00c7evre Kirlili\u011fine Dikkat \u00c7ekmek i\u00e7in Akdeniz&#039;i Dola\u015f\u0131yor\" decoding=\"async\" style=\"max-width: 800px; float: left; margin-top: 10px; margin-bottom: 10px; margin-right: 10px;\" src=\"https:\/\/i0.wp.com\/img.haberler.com\/haber\/646\/bulgar-bisikletci-cevre-kirliligine-dikkat-ce-1917646_o.jpg?w=640\" \/><b>Bulgar bisiklet\u00e7i Vyoeheslav Stoyavov (36), \u00e7evre kirlili\u011fine dikkat \u00e7ekmek i\u00e7in \u00e7\u0131kt\u0131\u011f\u0131 Akdeniz sahil \u015feridi turunda, ikinci dura\u011f\u0131 Mu\u011fla&#8217;ya vard\u0131. Ge\u00e7ti\u011fi yerlerdeki insanlara bilgiler veren \u00e7evre g\u00f6n\u00fcll\u00fcs\u00fc sporcu, bu ama\u00e7la Mu\u011fla Belediyesi&#8217;ni de ziyaret etti. <\/b><\/p>\n<p>Bulgaristan&#8217;\u0131n ba\u015f\u015fehri Sofya&#8217;dan yola \u00e7\u0131kan Stoyavov, Belediye Ba\u015fkan\u0131 Osman G\u00fcr\u00fcn&#8217;le makam\u0131nda g\u00f6r\u00fc\u015ferek, \u00e7evre temizli\u011fine dikkat \u00e7ekmek ve bisiklet sevgisini a\u015f\u0131lamak istedi\u011fini s\u00f6yledi. Bisikletiyle 1 \u015eubat 2010&#8217;da ilk dura\u011f\u0131 \u0130stanbul&#8217;dan hareket etti\u011fini belirten Stoyavov, b\u00fct\u00fcn Akdeniz \u00fclkelerine u\u011frayaca\u011f\u0131n\u0131 aktard\u0131. Stoyavov, &#8220;Bisiklet, insan sa\u011fl\u0131\u011f\u0131 ve do\u011fal ya\u015fam\u0131n korunmas\u0131na b\u00fcy\u00fck katk\u0131 sa\u011flamaktad\u0131r. En ucuz ta\u015f\u0131ma arac\u0131d\u0131r. Ben de bu ger\u00e7e\u011fin herkes taraf\u0131ndan bilinmesini istedim. Sofya&#8217;dan hareket ederek 20 g\u00fcnde \u0130stanbul&#8217;a geldim. Bisiklet dernekleri y\u00f6neticileriyle g\u00f6r\u00fc\u015ft\u00fck, eksikleri ve yap\u0131lmas\u0131 gerekenleri konu\u015ftuk. \u0130nan\u0131yorum ki gelecekteki ula\u015f\u0131m arac\u0131 bisiklet olacakt\u0131r. Yolculu\u011fum yakla\u015f\u0131k 10 ay s\u00fcrecek ve 24 bin kilometre pedal \u00e7evirece\u011fim.&#8221; dedi.<\/p>\n<p>Ba\u015fkan G\u00fcr\u00fcn de ziyaretten duydu\u011fu memnuniyeti dile getirerek, bisikletin insanlara sa\u011fl\u0131k a\u00e7\u0131s\u0131ndan b\u00fcy\u00fck fayda sa\u011flad\u0131\u011f\u0131n\u0131 vurgulad\u0131. G\u00fcr\u00fcn, &#8220;Mu\u011fla, co\u011frafi yap\u0131s\u0131 dolay\u0131s\u0131yla bisiklet binmeye son derece m\u00fcsaittir. Halk\u0131n ilgisini bisiklete \u00e7ekersek, hem do\u011fan\u0131n korunmas\u0131na katk\u0131 sa\u011flar\u0131z hem de vatanda\u015flar\u0131m\u0131z\u0131n sa\u011fl\u0131kl\u0131 kalmas\u0131na destek vermi\u015f oluruz. \u00d6zellikle esnaflar\u0131n i\u015fyerine bisikletle gitmesini \u00f6zendirece\u011fiz.&#8221; \u015feklinde konu\u015ftu. G\u00fcr\u00fcn, daha sonra Vyoeheslav Stoyavov&#8217;a, belediyenin bir flamas\u0131n\u0131 hediye etti. <i>(C\u0130HAN)<\/i><\/p>\n<div class=\"zemanta-pixie\"><img data-recalc-dims=\"1\"  title=\"\" decoding=\"async\" class=\"zemanta-pixie-img\"  alt=\"pixy Bulgar Bisiklet\u00e7i \u00c7evre Kirlili\u011fine Dikkat \u00c7ekmek i\u00e7in Akdeniz&#039;i Dola\u015f\u0131yor\"  src=\"https:\/\/i0.wp.com\/img.zemanta.com\/pixy.gif?w=640\" \/><\/div>\n","protected":false},"excerpt":{"rendered":"<p>Bulgar bisiklet\u00e7i Vyoeheslav Stoyavov (36), \u00e7evre kirlili\u011fine dikkat \u00e7ekmek i\u00e7in \u00e7\u0131kt\u0131\u011f\u0131 Akdeniz sahil \u015feridi turunda, ikinci dura\u011f\u0131 Mu\u011fla&#8217;ya vard\u0131. Ge\u00e7ti\u011fi yerlerdeki insanlara bilgiler veren \u00e7evre g\u00f6n\u00fcll\u00fcs\u00fc sporcu, bu ama\u00e7la Mu\u011fla Belediyesi&#8217;ni de ziyaret etti. Bulgaristan&#8217;\u0131n ba\u015f\u015fehri Sofya&#8217;dan yola \u00e7\u0131kan Stoyavov, Belediye Ba\u015fkan\u0131 Osman G\u00fcr\u00fcn&#8217;le makam\u0131nda g\u00f6r\u00fc\u015ferek, \u00e7evre temizli\u011fine dikkat \u00e7ekmek ve bisiklet sevgisini a\u015f\u0131lamak istedi\u011fini [&hellip;]<\/p>\n","protected":false},"author":331,"featured_media":0,"comment_status":"open","ping_status":"open","sticky":false,"template":"","format":"standard","meta":{"advanced_seo_description":"","jetpack_seo_html_title":"","jetpack_seo_noindex":false,"ngg_post_thumbnail":0,"jetpack_post_was_ever_published":false,"_jetpack_newsletter_access":"","_jetpack_dont_email_post_to_subs":false,"_jetpack_newsletter_tier_id":0,"_jetpack_memberships_contains_paywalled_content":false,"_jetpack_memberships_contains_paid_content":false,"footnotes":""},"categories":[5],"tags":[],"class_list":["post-2082","post","type-post","status-publish","format-standard","hentry","category-haberler"],"jetpack_featured_media_url":"","jetpack_shortlink":"https:\/\/wp.me\/paHHlZ-xA","jetpack-related-posts":[{"id":224,"url":"https:\/\/www.gocmeniz.biz\/?p=224","url_meta":{"origin":2082,"position":0},"title":"&#8220;chip &#038; PIN&#8221; UYGULAMASI SAHTEKARLARI BULGAR\u0130STAN\u2019A Y\u00d6NELTT\u0130","author":"Admin","date":"30 Kas\u0131m 2007","format":false,"excerpt":"T\u00fcrkiye Bankalararas\u0131 Kart Merkezi Genel M\u00fcd\u00fcr\u00fc Serta\u00e7 \u00d6zinal, \u015fifre uygulamas\u0131na ge\u00e7ilmemi\u015f olsayd\u0131 sahtekarl\u0131k oran\u0131n\u0131n 100 milyon dolar\u0131 a\u015faca\u011f\u0131n\u0131 s\u00f6yledi. \u00d6zinal, T\u00fcrkiye'deki sahtekarlar\u0131n Romanya, Bulgaristan gibi \u00e7evre \u00fclkelere kayd\u0131\u011f\u0131na da dikkat \u00e7ekti. Kredi kart\u0131 kullan\u0131c\u0131lar\u0131n\u0131n hayat\u0131na \u00fcnl\u00fc \u015fovmen Okan Bay\u00fclgen'li reklamlarla giren ve bug\u00fcn art\u0131k t\u00fcm al\u0131\u015fveri\u015flerde kullan\u0131m\u0131 zorunlu olan chip&PIN,\u2026","rel":"","context":"&quot;Haberler&quot; i\u00e7inde","block_context":{"text":"Haberler","link":"https:\/\/www.gocmeniz.biz\/?cat=5"},"img":{"alt_text":"","src":"","width":0,"height":0},"classes":[]},{"id":121,"url":"https:\/\/www.gocmeniz.biz\/?p=121","url_meta":{"origin":2082,"position":1},"title":"Bu yaz elbiseler u\u00e7u\u015facak!","author":"Admin","date":"10 Temmuz 2007","format":false,"excerpt":"\u0130ncecik kuma\u015flardan, \u00fczerimizde adeta dans eden u\u00e7u\u015fan elbiselerle romantik oldu\u011fu kadar iddial\u0131 bir yaza kanat \u00e7\u0131rp\u0131yoruz. Kendinizi i\u00e7inde \u00f6zg\u00fcr ve \u015f\u0131k hissedebilece\u011finiz birbirinden renkli modeller, sizi `hayalinizdeki siz`e bir ad\u0131m daha yakla\u015ft\u0131racak... Ard arda ger\u00e7ekle\u015fen davetler bizlere az da olsa, yaz\u0131n en moda elbiseleri hakk\u0131nda fikir veriyor. Sizlerden ald\u0131\u011f\u0131m mailler,\u2026","rel":"","context":"&quot;Haberler&quot; i\u00e7inde","block_context":{"text":"Haberler","link":"https:\/\/www.gocmeniz.biz\/?cat=5"},"img":{"alt_text":"","src":"https:\/\/i0.wp.com\/www.gribim.com\/images\/moda\/moda0607.jpg?resize=350%2C200","width":350,"height":200},"classes":[]},{"id":1008,"url":"https:\/\/www.gocmeniz.biz\/?p=1008","url_meta":{"origin":2082,"position":2},"title":"ED\u0130RNE &#8211; Edirne Do\u011fa Sporlar\u0131 Kul\u00fcb\u00fcnce (EDOSK), 12 Nisan Pazar g\u00fcn\u00fc Edirne 1. Bisiklet \u015eenli\u011fi d\u00fczenlendi.","author":"Haberci","date":"04 Nisan 2009","format":false,"excerpt":"EDOSK Y\u00f6netim Kurulu \u00fcyesi, Gen\u00e7lik ve Spor \u0130l M\u00fcd\u00fcrl\u00fc\u011f\u00fc Bisiklet \u0130l Temsilcili\u011fi Ali Kanar, AA muhabirine yapt\u0131\u011f\u0131 a\u00e7\u0131klamada, bu \u015fenli\u011fin Edirne'de ilk kez yap\u0131laca\u011f\u0131n\u0131 bildirdi. \u015eenli\u011fi geleneksel hale getirmeyi hedeflediklerini anlatan Kanar, ama\u00e7lar\u0131n\u0131n Edirne'de bisiklet sporunu yayg\u0131nla\u015ft\u0131rmak ve bisiklet k\u00fclt\u00fcr\u00fc olu\u015fturmak oldu\u011funu s\u00f6yledi.\u00a0\u00a0\u00a0\u00a0 \u015eenli\u011fin 12 Nisan Pazar g\u00fcn\u00fc saat 10.00'da\u2026","rel":"","context":"&quot;Haberler&quot; i\u00e7inde","block_context":{"text":"Haberler","link":"https:\/\/www.gocmeniz.biz\/?cat=5"},"img":{"alt_text":"","src":"","width":0,"height":0},"classes":[]},{"id":2147,"url":"https:\/\/www.gocmeniz.biz\/?p=2147","url_meta":{"origin":2082,"position":3},"title":"Tema Vakf\u0131ndan Duyurulmu\u015ftur&#8230;","author":"Haberci","date":"12 Haziran 2010","format":false,"excerpt":"Yery\u00fcz\u00fcn\u00fcn ald\u0131\u011f\u0131 ya\u011fmur oran\u0131 10 y\u0131ll\u0131k aral\u0131klarda artar. Bu sene (2010) d\u00fcnyan\u0131n periyodik olarak en \u00e7ok ya\u011fmur alan y\u0131llar\u0131ndan biri olacak, bu nedenle yedi\u011finiz kay\u0131s\u0131, \u015feftali, kiraz, vi\u015fne, karpuz, kavun, erik vb. meyvelerin \u00e7ekirdeklerini l\u00fctfen \u00e7\u00f6pe atmay\u0131n, hele \u00e7\u00f6p po\u015fetlerine ASLA hapsetmeyin. M\u00fcmk\u00fcnse herhangi bir yerde topra\u011f\u0131n 10 cm alt\u0131na\u2026","rel":"","context":"&quot;Haberler&quot; i\u00e7inde","block_context":{"text":"Haberler","link":"https:\/\/www.gocmeniz.biz\/?cat=5"},"img":{"alt_text":"","src":"","width":0,"height":0},"classes":[]},{"id":1464,"url":"https:\/\/www.gocmeniz.biz\/?p=1464","url_meta":{"origin":2082,"position":4},"title":"IFC&#8217;den \u015ei\u015fecam&#8217;a 70 milyon dolar kredi","author":"Haberci","date":"30 Haziran 2009","format":false,"excerpt":"D\u00fcnya Bankas\u0131 kurulu\u015fu IFC, uzun s\u00fcredir i\u015fbirli\u011fi i\u00e7inde oldu\u011fu \u015ei\u015fecam\u2019a, T\u00fcrkiye ve Bulgaristan\u2019da bulunan cam \u00fcretim tesislerinde yapaca\u011f\u0131 yat\u0131r\u0131mlar i\u00e7in 70 milyon dolar finansman sa\u011flad\u0131\u011f\u0131n\u0131 a\u00e7\u0131klad\u0131. IFC\u2019den yap\u0131lan a\u00e7\u0131klamada, proje finansman\u0131 kapsam\u0131nda verilen kredinin \u015ei\u015fecam\u2019\u0131n d\u00fc\u015f\u00fck demirli g\u00fcne\u015f enerjisi cam\u0131 \u00fcretmek i\u00e7in yap\u0131lacak yat\u0131r\u0131mlar\u0131n yan\u0131 s\u0131ra \u00e7evre ile ilgili iyile\u015ftirme\u2026","rel":"","context":"&quot;Haberler&quot; i\u00e7inde","block_context":{"text":"Haberler","link":"https:\/\/www.gocmeniz.biz\/?cat=5"},"img":{"alt_text":"","src":"","width":0,"height":0},"classes":[]},{"id":336,"url":"https:\/\/www.gocmeniz.biz\/?p=336","url_meta":{"origin":2082,"position":5},"title":"Edirne&#8217;de Nehirlerde Arsenik Alarm\u0131","author":"Haberci","date":"18 Nisan 2008","format":false,"excerpt":"Bulgaristan'\u0131n Poibren kasabas\u0131n\u0131n i\u00e7me suyuna arsenik kar\u0131\u015ft\u0131\u011f\u0131, T\u00fcrkiye ve Yunanistan'\u0131n da bu durumdan etkilenebilece\u011fi y\u00f6n\u00fcndeki s\u00f6ylemler yetkilileri harekete ge\u00e7irdi. Edirne \u00c7evre M\u00fcd\u00fcrl\u00fc\u011f\u00fc uzmanlar\u0131 Meri\u00e7, Tunca ve Arda nehirlerinden su \u00f6rnekleri alarak tahlile g\u00f6nderdi. Edirne Valisi Nusret Miro\u011flu ise \"Olay\u0131n do\u011frulu\u011funu ara\u015ft\u0131r\u0131yoruz\" dedi. Meri\u00e7 Nehri'ne Arsenik kar\u0131\u015ft\u0131\u011f\u0131 iddialar\u0131 T\u00fcrk makamlar\u0131 harekete\u2026","rel":"","context":"&quot;Haberler&quot; i\u00e7inde","block_context":{"text":"Haberler","link":"https:\/\/www.gocmeniz.biz\/?cat=5"},"img":{"alt_text":"","src":"https:\/\/i0.wp.com\/resimler.haberler.com\/haber\/756\/edirne-de-nehirlerde-arsenik-alarmi_o.jpg?resize=350%2C200","width":350,"height":200},"classes":[]}],"jetpack_sharing_enabled":true,"jetpack_likes_enabled":true,"_links":{"self":[{"href":"https:\/\/www.gocmeniz.biz\/index.php?rest_route=\/wp\/v2\/posts\/2082","targetHints":{"allow":["GET"]}}],"collection":[{"href":"https:\/\/www.gocmeniz.biz\/index.php?rest_route=\/wp\/v2\/posts"}],"about":[{"href":"https:\/\/www.gocmeniz.biz\/index.php?rest_route=\/wp\/v2\/types\/post"}],"author":[{"embeddable":true,"href":"https:\/\/www.gocmeniz.biz\/index.php?rest_route=\/wp\/v2\/users\/331"}],"replies":[{"embeddable":true,"href":"https:\/\/www.gocmeniz.biz\/index.php?rest_route=%2Fwp%2Fv2%2Fcomments&post=2082"}],"version-history":[{"count":1,"href":"https:\/\/www.gocmeniz.biz\/index.php?rest_route=\/wp\/v2\/posts\/2082\/revisions"}],"predecessor-version":[{"id":8928,"href":"https:\/\/www.gocmeniz.biz\/index.php?rest_route=\/wp\/v2\/posts\/2082\/revisions\/8928"}],"wp:attachment":[{"href":"https:\/\/www.gocmeniz.biz\/index.php?rest_route=%2Fwp%2Fv2%2Fmedia&parent=2082"}],"wp:term":[{"taxonomy":"category","embeddable":true,"href":"https:\/\/www.gocmeniz.biz\/index.php?rest_route=%2Fwp%2Fv2%2Fcategories&post=2082"},{"taxonomy":"post_tag","embeddable":true,"href":"https:\/\/www.gocmeniz.biz\/index.php?rest_route=%2Fwp%2Fv2%2Ftags&post=2082"}],"curies":[{"name":"wp","href":"https:\/\/api.w.org\/{rel}","templated":true}]}}