{"id":2084,"date":"2010-02-19T08:43:00","date_gmt":"2010-02-19T06:43:00","guid":{"rendered":"http:\/\/www.gocmeniz.biz\/?p=2084"},"modified":"2026-04-03T12:25:37","modified_gmt":"2026-04-03T09:25:37","slug":"bulgaristanda-turk-oylari-iptal-edildi","status":"publish","type":"post","link":"https:\/\/www.gocmeniz.biz\/?p=2084","title":{"rendered":"Bulgaristan`da T\u00fcrk oylar\u0131 iptal edildi"},"content":{"rendered":"<p><b>Bulgaristan`da 7 Temmuz 2009`da yap\u0131lan parlamento se\u00e7iminde T\u00fcrkiye`de kullan\u0131lan toplam 93 bin oydan yakla\u015f\u0131k 18 bini, `usuls\u00fczl\u00fck yap\u0131ld\u0131\u011f\u0131` gerek\u00e7esiyle anayasa mahkemesi taraf\u0131ndan iptal edildi.<\/b><\/p>\n<p>&nbsp;Olay, \u00fcyelerinin \u00e7o\u011funlu\u011funu T\u00fcrklerin olu\u015fturdu\u011fu Hak ve \u00d6zg\u00fcrl\u00fckler Hareketi`nin (DPS-H\u00d6H) sert tepkisine neden oldu. Kararla birlikte milletvekili say\u0131s\u0131 38`den 37`ye d\u00fc\u015fen H\u00d6H, A\u0130HM`ye ba\u015fvurmaya haz\u0131rlan\u0131yor. H\u00d6H Genel Ba\u015fkan Yard\u0131mc\u0131s\u0131 L\u00fctvi Mestan, karar\u0131 `siyasi g\u00fcnah` olarak nitelendirdi. \u0130ptal i\u00e7in dava a\u00e7an D\u00fczen Me\u015fruiyet ve G\u00fcvenlik partisinin lideri Yane Yanev ise `Biz sadece 18 bin oyun de\u011fil, t\u00fcm\u00fcn\u00fcn iptalini istiyoruz` dedi.<br \/><i>SOFYA(A.A)<\/i><\/p>\n<div class=\"zemanta-pixie\"><img data-recalc-dims=\"1\"  title=\"\" decoding=\"async\" class=\"zemanta-pixie-img\"  alt=\"pixy Bulgaristan`da T\u00fcrk oylar\u0131 iptal edildi\"  src=\"https:\/\/i0.wp.com\/img.zemanta.com\/pixy.gif?w=640\" \/><\/div>\n","protected":false},"excerpt":{"rendered":"<p>Bulgaristan`da 7 Temmuz 2009`da yap\u0131lan parlamento se\u00e7iminde T\u00fcrkiye`de kullan\u0131lan toplam 93 bin oydan yakla\u015f\u0131k 18 bini, `usuls\u00fczl\u00fck yap\u0131ld\u0131\u011f\u0131` gerek\u00e7esiyle anayasa mahkemesi taraf\u0131ndan iptal edildi. &nbsp;Olay, \u00fcyelerinin \u00e7o\u011funlu\u011funu T\u00fcrklerin olu\u015fturdu\u011fu Hak ve \u00d6zg\u00fcrl\u00fckler Hareketi`nin (DPS-H\u00d6H) sert tepkisine neden oldu. Kararla birlikte milletvekili say\u0131s\u0131 38`den 37`ye d\u00fc\u015fen H\u00d6H, A\u0130HM`ye ba\u015fvurmaya haz\u0131rlan\u0131yor. H\u00d6H Genel Ba\u015fkan Yard\u0131mc\u0131s\u0131 L\u00fctvi Mestan, [&hellip;]<\/p>\n","protected":false},"author":331,"featured_media":0,"comment_status":"open","ping_status":"open","sticky":false,"template":"","format":"standard","meta":{"advanced_seo_description":"","jetpack_seo_html_title":"","jetpack_seo_noindex":false,"ngg_post_thumbnail":0,"jetpack_post_was_ever_published":false,"_jetpack_newsletter_access":"","_jetpack_dont_email_post_to_subs":false,"_jetpack_newsletter_tier_id":0,"_jetpack_memberships_contains_paywalled_content":false,"_jetpack_memberships_contains_paid_content":false,"footnotes":""},"categories":[5],"tags":[],"class_list":["post-2084","post","type-post","status-publish","format-standard","hentry","category-haberler"],"jetpack_featured_media_url":"","jetpack_shortlink":"https:\/\/wp.me\/paHHlZ-xC","jetpack-related-posts":[{"id":537,"url":"https:\/\/www.gocmeniz.biz\/?p=537","url_meta":{"origin":2084,"position":0},"title":"F\u0130L\u0130BE \u0130LE BURSA ARASINDA \u0130MZALANAN &#8216;KARDE\u015e\u015eEH\u0130R ANLA\u015eMASI&#8217; \u0130PTAL ED\u0130LD\u0130","author":"Haberci","date":"17 Ekim 2008","format":false,"excerpt":"Bursa B\u00fcy\u00fck\u015fehir Belediye Meclisi, Ekim ay\u0131 oturumunda, Bulgaristan'da s\u00f6zde Ermeni soyk\u0131r\u0131m\u0131na ili\u015fkin olarak karar alan Filibe ile Bursa aras\u0131nda imzalanan 'Karde\u015f\u015fehir Anla\u015fmas\u0131' iptal edildi.B\u00fcy\u00fck\u015fehir Belediyesi, 2004\/2009 se\u00e7im d\u00f6neminin 57., 5. d\u00f6nemin 10. ola\u011fan meclis toplant\u0131s\u0131 Merinos Atat\u00fcrk Kongre ve K\u00fclt\u00fcr Merkezi'ndeki Meclis Salonu'nda yap\u0131ld\u0131. Meclis Ba\u015fkan\u0131 Fahreddin Y\u0131ld\u0131r\u0131m'\u0131n g\u00f6zetiminde ger\u00e7ekle\u015ftirilen\u2026","rel":"","context":"&quot;Haberler&quot; i\u00e7inde","block_context":{"text":"Haberler","link":"https:\/\/www.gocmeniz.biz\/?cat=5"},"img":{"alt_text":"","src":"","width":0,"height":0},"classes":[]},{"id":138,"url":"https:\/\/www.gocmeniz.biz\/?p=138","url_meta":{"origin":2084,"position":1},"title":"Bulgaristan&#8217;da Yerel Se\u00e7im Kanunu Kabul Edildi","author":"Admin","date":"27 Temmuz 2007","format":false,"excerpt":"Bulgaristan'da yeni yerel se\u00e7im kanunu, parlamentonun bug\u00fcnk\u00fc oturumunda 9 saat s\u00fcren sert tart\u0131\u015fmalar sonunda kabul edildi. Bulgaristan'da yerel se\u00e7imler 28 ekimde yap\u0131lacak. Yeni yasada, \"Avrupa Birli\u011fi d\u0131\u015f\u0131nda olduklar\u0131 gerek\u00e7esiyle\" T\u00fcrkiye'deki Bulgaristan g\u00f6\u00e7menlerine oy kullanma hakk\u0131 verilmesine ili\u015fkin maddenin g\u00f6r\u00fc\u015f\u00fclmesi s\u0131ras\u0131nda sert tart\u0131\u015fmalar oldu. Parlamentoda bug\u00fcnk\u00fc son g\u00f6r\u00fc\u015fmelerde, H\u00d6H'\u00fcn yo\u011fun kat\u0131l\u0131m\u0131\u2026","rel":"","context":"&quot;Haberler&quot; i\u00e7inde","block_context":{"text":"Haberler","link":"https:\/\/www.gocmeniz.biz\/?cat=5"},"img":{"alt_text":"","src":"","width":0,"height":0},"classes":[]},{"id":1585,"url":"https:\/\/www.gocmeniz.biz\/?p=1585","url_meta":{"origin":2084,"position":2},"title":"Bulgaristan`da h\u00fck\u00fcmetin istifas\u0131 kabul edildi","author":"Haberci","date":"23 Temmuz 2009","format":false,"excerpt":"Bulgaristan`da 7 Temmuzda yap\u0131lan genel se\u00e7imden sonra olu\u015fturulan 240 sandalyeli 41. parlamento, Sergey Stani\u015fev ba\u015fbakanl\u0131\u011f\u0131ndaki h\u00fck\u00fcmetin istifas\u0131n\u0131 kabul etti. Sergey Stani\u015fev`in yeni parlamentonun 14 Temmuzda yap\u0131lan ilk oturumunda verdi\u011fi istifa dilek\u00e7esi i\u00e7in bug\u00fcn oylama yap\u0131ld\u0131. Stani\u015fev`in istifas\u0131, oylamaya kat\u0131lan 209 milletvekilinin oybirli\u011fi ile kabul edildi. Anayasa gere\u011fi, Stani\u015fev h\u00fck\u00fcmeti, yeni\u2026","rel":"","context":"&quot;Haberler&quot; i\u00e7inde","block_context":{"text":"Haberler","link":"https:\/\/www.gocmeniz.biz\/?cat=5"},"img":{"alt_text":"","src":"","width":0,"height":0},"classes":[]},{"id":1316,"url":"https:\/\/www.gocmeniz.biz\/?p=1316","url_meta":{"origin":2084,"position":3},"title":"Bulgaristan`da b\u00fcrokratlar\u0131n maa\u015flar\u0131 indirilecek","author":"Haberci","date":"06 Haziran 2009","format":false,"excerpt":"Bulgaristan`da 7 Hazirandaki AP se\u00e7imi \u00f6ncesi, \u00fcst d\u00fczey devlet memurlar\u0131n\u0131n maa\u015flar\u0131na yap\u0131lmas\u0131 \u00f6ng\u00f6r\u00fclen zamm\u0131n iptal edilece\u011fini ve maa\u015flar\u0131n\u0131n indirilece\u011fini a\u00e7\u0131klad\u0131. Bulgaristan`da 7 Haziranda yap\u0131lacak Avrupa Parlamentosu(AP) se\u00e7imi arifesinde, \u00fcst d\u00fczey devlet memurlar\u0131n\u0131n maa\u015flar\u0131na 1 Temmuzda yap\u0131lmas\u0131 \u00f6ng\u00f6r\u00fclen zamm\u0131n iptal edilece\u011fi ve yerine y\u00fczde 15 oran\u0131nda maa\u015f indirimi yap\u0131laca\u011f\u0131 bildirildi. H\u00fck\u00fcmet\u2026","rel":"","context":"&quot;Haberler&quot; i\u00e7inde","block_context":{"text":"Haberler","link":"https:\/\/www.gocmeniz.biz\/?cat=5"},"img":{"alt_text":"","src":"","width":0,"height":0},"classes":[]},{"id":382,"url":"https:\/\/www.gocmeniz.biz\/?p=382","url_meta":{"origin":2084,"position":4},"title":"Bulgaristan h\u00fck\u00fcmetinde deprem","author":"Haberci","date":"13 May\u0131s 2008","format":false,"excerpt":"Bulgaristan\u2019da \u00fc\u00e7l\u00fc koalisyon h\u00fck\u00fcmetinde uzun s\u00fcredir beklenen de\u011fi\u015fiklikler bug\u00fcn yap\u0131ld\u0131. H\u00fck\u00fcmete 5 yeni bakan atan\u0131rken, 3 bakan g\u00f6revden al\u0131nd\u0131.SOFYA - Bulgaristan\u2019da koalisyonu olu\u015fturan, Bulgaristan Sosyalist Partisi (BSP), Ulusal Y\u00fckseli\u015f ve \u00d6zg\u00fcrl\u00fck Hareketi (NDSV) ile \u00fcyelerinin \u00e7o\u011funlu\u011funu T\u00fcrklerin olu\u015fturdu\u011fu Hak ve \u00d6zg\u00fcrl\u00fckler Hareketi (H\u00d6H-DPS) genel ba\u015fkanlar\u0131n\u0131n bug\u00fcn ger\u00e7ekle\u015ftirdi\u011fi toplant\u0131dan kabinede de\u011fi\u015fiklik\u2026","rel":"","context":"Benzer yaz\u0131","block_context":{"text":"Benzer yaz\u0131","link":""},"img":{"alt_text":"","src":"","width":0,"height":0},"classes":[]},{"id":1391,"url":"https:\/\/www.gocmeniz.biz\/?p=1391","url_meta":{"origin":2084,"position":5},"title":"Bulgaristan T\u00fcrklerine \u00e7a\u011fr\u0131m\u0131z","author":"Haberci","date":"18 Haziran 2009","format":false,"excerpt":"Sami YAVRUCUK Say\u0131n okurlar\u0131m, iki hafta sonra 5 Temmuz Pazar g\u00fcn\u00fc Bulgaristan\u2019da Genel Se\u00e7imler yap\u0131lacakt\u0131r. Bizlere d\u00fc\u015fen g\u00f6rev \u201cey Bulgaristan T\u00fcrkleri, titre ve kendine d\u00f6n\u201d diyerek, onlar\u0131 birlik ve beraberli\u011fe davet etmektir. \u00c7\u00fcnk\u00fc bundan evvel yap\u0131lan Genel Se\u00e7imlerde al\u0131nan neticeler, Hak ve \u00d6zg\u00fcrl\u00fckler Hareketi Partisi (H\u00d6H)\u2019ni H\u00fck\u00fcmet Orta\u011f\u0131 yapm\u0131\u015ft\u0131r. 17\u2026","rel":"","context":"&quot;Haberler&quot; i\u00e7inde","block_context":{"text":"Haberler","link":"https:\/\/www.gocmeniz.biz\/?cat=5"},"img":{"alt_text":"","src":"","width":0,"height":0},"classes":[]}],"jetpack_sharing_enabled":true,"jetpack_likes_enabled":true,"_links":{"self":[{"href":"https:\/\/www.gocmeniz.biz\/index.php?rest_route=\/wp\/v2\/posts\/2084","targetHints":{"allow":["GET"]}}],"collection":[{"href":"https:\/\/www.gocmeniz.biz\/index.php?rest_route=\/wp\/v2\/posts"}],"about":[{"href":"https:\/\/www.gocmeniz.biz\/index.php?rest_route=\/wp\/v2\/types\/post"}],"author":[{"embeddable":true,"href":"https:\/\/www.gocmeniz.biz\/index.php?rest_route=\/wp\/v2\/users\/331"}],"replies":[{"embeddable":true,"href":"https:\/\/www.gocmeniz.biz\/index.php?rest_route=%2Fwp%2Fv2%2Fcomments&post=2084"}],"version-history":[{"count":1,"href":"https:\/\/www.gocmeniz.biz\/index.php?rest_route=\/wp\/v2\/posts\/2084\/revisions"}],"predecessor-version":[{"id":8927,"href":"https:\/\/www.gocmeniz.biz\/index.php?rest_route=\/wp\/v2\/posts\/2084\/revisions\/8927"}],"wp:attachment":[{"href":"https:\/\/www.gocmeniz.biz\/index.php?rest_route=%2Fwp%2Fv2%2Fmedia&parent=2084"}],"wp:term":[{"taxonomy":"category","embeddable":true,"href":"https:\/\/www.gocmeniz.biz\/index.php?rest_route=%2Fwp%2Fv2%2Fcategories&post=2084"},{"taxonomy":"post_tag","embeddable":true,"href":"https:\/\/www.gocmeniz.biz\/index.php?rest_route=%2Fwp%2Fv2%2Ftags&post=2084"}],"curies":[{"name":"wp","href":"https:\/\/api.w.org\/{rel}","templated":true}]}}