{"id":2089,"date":"2010-02-24T13:50:29","date_gmt":"2010-02-24T11:50:29","guid":{"rendered":"http:\/\/www.gocmeniz.biz\/?p=2089"},"modified":"2026-04-03T12:25:37","modified_gmt":"2026-04-03T09:25:37","slug":"abden-yardim-isteme-sirasi-bulgaristanda","status":"publish","type":"post","link":"https:\/\/www.gocmeniz.biz\/?p=2089","title":{"rendered":"AB\u2019den yard\u0131m isteme s\u0131ras\u0131 Bulgaristan\u2019da"},"content":{"rendered":"<p><b>EKONOM\u0130K krizin olumsuz etkilerinin giderek daha fazla hissedilmeye ba\u015fland\u0131\u011f\u0131 Bulgaristan\u2019da i\u015fsizlik oran\u0131 rekor d\u00fczeyde art\u0131yor. <\/b><\/p>\n<p>Bulgaristan i\u015f ve i\u015f\u00e7i bulma kurumundan yap\u0131lan a\u00e7\u0131klamada, ge\u00e7en Ocak ay\u0131nda i\u015fsizler ordusuna 28 bin ki\u015finin daha eklendi\u011fi ve i\u015fsiz say\u0131s\u0131n\u0131n 366 bin 887\u2019ye ula\u015ft\u0131\u011f\u0131 bildirildi. A\u00e7\u0131klamada, \u00e7al\u0131\u015fabilir n\u00fcfus aras\u0131nda resmi i\u015fsizlik oran\u0131n\u0131n y\u00fczde 9.9 oldu\u011fu kaydedildi. Bulgaristan\u2019da hemen hemen her sekt\u00f6rde durma noktas\u0131na gelen yat\u0131r\u0131mlar\u0131n canlad\u0131r\u0131labilmesi i\u00e7in h\u00fck\u00fcmet Avrupa Birli\u011fi\u2019nden yard\u0131m bekliyor. Ba\u015fta Ba\u015fbakan Boyko Borisov olmak \u00fczere h\u00fck\u00fcmet \u00fcyeleri Avrupa Birli\u011fi taraf\u0131ndan daha \u00f6nce kesilen yard\u0131m fonlar\u0131n\u0131n yeniden a\u00e7\u0131lmas\u0131 i\u00e7in Avrupa Parlamentosu ve Avrupa Komisyonu\u2019nda yo\u011fun bir lobi \u00e7al\u0131\u015fmas\u0131 yap\u0131yor. Uluslararas\u0131 g\u00f6zlemciler, gerekli ekonomik tedbirlerin al\u0131nmamas\u0131 ve Avrupa Birli\u011fi\u2019nin yard\u0131m yapmamas\u0131 durumunda Bulgaristan\u2019daki krizin \u00f6n\u00fcm\u00fczdeki aylarda daha da vahim boyuta ula\u015faca\u011f\u0131 g\u00f6r\u00fc\u015f\u00fcnde birle\u015fiyorlar.<\/p>\n<div class=\"zemanta-pixie\"><img data-recalc-dims=\"1\"  title=\"\" decoding=\"async\" class=\"zemanta-pixie-img\"  alt=\"pixy AB\u2019den yard\u0131m isteme s\u0131ras\u0131 Bulgaristan\u2019da\"  src=\"https:\/\/i0.wp.com\/img.zemanta.com\/pixy.gif?w=640\" \/><\/div>\n","protected":false},"excerpt":{"rendered":"<p>EKONOM\u0130K krizin olumsuz etkilerinin giderek daha fazla hissedilmeye ba\u015fland\u0131\u011f\u0131 Bulgaristan\u2019da i\u015fsizlik oran\u0131 rekor d\u00fczeyde art\u0131yor. Bulgaristan i\u015f ve i\u015f\u00e7i bulma kurumundan yap\u0131lan a\u00e7\u0131klamada, ge\u00e7en Ocak ay\u0131nda i\u015fsizler ordusuna 28 bin ki\u015finin daha eklendi\u011fi ve i\u015fsiz say\u0131s\u0131n\u0131n 366 bin 887\u2019ye ula\u015ft\u0131\u011f\u0131 bildirildi. A\u00e7\u0131klamada, \u00e7al\u0131\u015fabilir n\u00fcfus aras\u0131nda resmi i\u015fsizlik oran\u0131n\u0131n y\u00fczde 9.9 oldu\u011fu kaydedildi. Bulgaristan\u2019da hemen hemen [&hellip;]<\/p>\n","protected":false},"author":331,"featured_media":0,"comment_status":"open","ping_status":"open","sticky":false,"template":"","format":"standard","meta":{"advanced_seo_description":"","jetpack_seo_html_title":"","jetpack_seo_noindex":false,"ngg_post_thumbnail":0,"jetpack_post_was_ever_published":false,"_jetpack_newsletter_access":"","_jetpack_dont_email_post_to_subs":false,"_jetpack_newsletter_tier_id":0,"_jetpack_memberships_contains_paywalled_content":false,"_jetpack_memberships_contains_paid_content":false,"footnotes":""},"categories":[5],"tags":[],"class_list":["post-2089","post","type-post","status-publish","format-standard","hentry","category-haberler"],"jetpack_featured_media_url":"","jetpack_shortlink":"https:\/\/wp.me\/paHHlZ-xH","jetpack-related-posts":[{"id":1943,"url":"https:\/\/www.gocmeniz.biz\/?p=1943","url_meta":{"origin":2089,"position":0},"title":"Krizin Balkan \u00dclkelerine Etkisi","author":"Haberci","date":"19 Kas\u0131m 2009","format":false,"excerpt":"K\u00fcresel Mali ve Ekonomik Kriz, Reform S\u00fcrecinin Tam Ortas\u0131nda Gafil Avlad\u0131\u011f\u0131 G\u00fcneydo\u011fu Avrupa \u00dclkelerini Fena Vurdu. Ancak Kriz Baz\u0131 \u00dclkeler \u0130\u00e7in F\u0131rsatlar da Do\u011furdu. Budape\u015fte'deki Alman \u0130\u015fadamlar\u0131 Derne\u011finden Manfred Bey, Durumu En K\u00f6t\u00fc G\u00fcneydo\u011fu Avrupa \u00dclkesinin, Macaristan Oldu\u011fu G\u00f6r\u00fc\u015f\u00fcnde. Bey,\"kriz Yat\u0131r\u0131mc\u0131n\u0131n Belini B\u00fck\u00fcyor. Unutmay\u0131n Ki Bu \u00dclkedeki Yerli ve Yabanc\u0131\u2026","rel":"","context":"&quot;Haberler&quot; i\u00e7inde","block_context":{"text":"Haberler","link":"https:\/\/www.gocmeniz.biz\/?cat=5"},"img":{"alt_text":"","src":"","width":0,"height":0},"classes":[]},{"id":1037,"url":"https:\/\/www.gocmeniz.biz\/?p=1037","url_meta":{"origin":2089,"position":1},"title":"Bulgaristan&#8217;da art\u0131k \u00e7ocuklar da &#8220;sat\u0131l\u0131k&#8221;","author":"Haberci","date":"11 Nisan 2009","format":false,"excerpt":"Bulgaristan'da ciddi bir art\u0131\u015f g\u00f6steren insan ka\u00e7ak\u00e7\u0131l\u0131\u011f\u0131, \u00e7ocuklar\u0131n sat\u0131lmaya ba\u015fland\u0131\u011f\u0131n\u0131n ortaya \u00e7\u0131k\u0131\u015f\u0131yla daha da dramatik bir boyut kazand\u0131. \u0130nsan tacirlerinin \"ikna etti\u011fi\" Bulgaristanl\u0131 aileler, \u00e7ocuklar\u0131n\u0131 3 ile 4 bin Euro aras\u0131nda fiyatlardan \"sat\u0131\u015fa \u00e7\u0131kar\u0131yor\". Bulgaristan'\u0131n ba\u015fkenti Sofya'da ge\u00e7ti\u011fimiz g\u00fcnlerde yap\u0131lan \"Ka\u00e7ak \u0130nsan Trafi\u011fi ve Para Aklama Y\u00f6ntemleri\" adl\u0131 konferans, insan\u2026","rel":"","context":"&quot;Haberler&quot; i\u00e7inde","block_context":{"text":"Haberler","link":"https:\/\/www.gocmeniz.biz\/?cat=5"},"img":{"alt_text":"","src":"","width":0,"height":0},"classes":[]},{"id":920,"url":"https:\/\/www.gocmeniz.biz\/?p=920","url_meta":{"origin":2089,"position":2},"title":"BULGAR\u0130STAN&#8217;DA POL\u0130SLER, DAHA FAZLA MAA\u015e \u0130\u00c7\u0130N AYAKLANDI","author":"Haberci","date":"17 Mart 2009","format":false,"excerpt":"Bulgaristan'\u0131n ba\u015fkentinde bug\u00fcn binlerce polis memurunun kat\u0131ld\u0131\u011f\u0131 bir g\u00f6steri d\u00fczenlendi. \u00dclkedeki polis memurlar\u0131, maa\u015flar\u0131n\u0131n y\u00fczde 50 art\u0131r\u0131lmas\u0131 ve \u00e7al\u0131\u015fma ko\u015fullar\u0131n\u0131n iyile\u015ftirilmesi i\u00e7in ba\u015fkent Sofya'da bir y\u00fcr\u00fcy\u00fc\u015f d\u00fczenledi.Avrupa Birli\u011fi'ne \u00fcye \u00fclkeler aras\u0131nda en fakiri olan Bulgaristan'da daha \u00f6nce de benzer sebeplerle \u00e7ift\u00e7iler, \u00f6\u011frenciler, demir-\u00e7elik i\u015f\u00e7ileri g\u00f6steri d\u00fczenlemi\u015flerdi. G\u00f6sterilerde k\u00fcresel finans krize\u2026","rel":"","context":"&quot;Haberler&quot; i\u00e7inde","block_context":{"text":"Haberler","link":"https:\/\/www.gocmeniz.biz\/?cat=5"},"img":{"alt_text":"","src":"","width":0,"height":0},"classes":[]},{"id":1312,"url":"https:\/\/www.gocmeniz.biz\/?p=1312","url_meta":{"origin":2089,"position":3},"title":"Bulgaristan&#8217;da emeklilere zam","author":"Haberci","date":"05 Haziran 2009","format":false,"excerpt":"Bulgaristan'da 7 Haziranda yap\u0131lacak Avrupa Parlamentosu (AP) se\u00e7imi arifesinde, \u00fcst d\u00fczey devlet memurlar\u0131n\u0131n maa\u015flar\u0131na 1 Temmuzda yap\u0131lmas\u0131 \u00f6ng\u00f6r\u00fclen zamm\u0131n iptal edilece\u011fi ve yerine y\u00fczde 15 oran\u0131nda maa\u015f indirimi yap\u0131laca\u011f\u0131 bildirildi. \u00a0H\u00fck\u00fcmet taraf\u0131ndan ekonomik kriz gerek\u00e7e g\u00f6sterilerek al\u0131nan karar\u0131, Maliye Bakan\u0131 Plamen Ore\u015farski a\u00e7\u0131klad\u0131. Ore\u015farski kriz dolay\u0131s\u0131yla b\u00fct\u00e7e harcamalar\u0131na ciddi k\u0131s\u0131tlamalar\u2026","rel":"","context":"&quot;Haberler&quot; i\u00e7inde","block_context":{"text":"Haberler","link":"https:\/\/www.gocmeniz.biz\/?cat=5"},"img":{"alt_text":"","src":"https:\/\/i0.wp.com\/www.morleyindependent.com\/images\/pensioner.jpg?resize=350%2C200","width":350,"height":200},"classes":[]},{"id":1464,"url":"https:\/\/www.gocmeniz.biz\/?p=1464","url_meta":{"origin":2089,"position":4},"title":"IFC&#8217;den \u015ei\u015fecam&#8217;a 70 milyon dolar kredi","author":"Haberci","date":"30 Haziran 2009","format":false,"excerpt":"D\u00fcnya Bankas\u0131 kurulu\u015fu IFC, uzun s\u00fcredir i\u015fbirli\u011fi i\u00e7inde oldu\u011fu \u015ei\u015fecam\u2019a, T\u00fcrkiye ve Bulgaristan\u2019da bulunan cam \u00fcretim tesislerinde yapaca\u011f\u0131 yat\u0131r\u0131mlar i\u00e7in 70 milyon dolar finansman sa\u011flad\u0131\u011f\u0131n\u0131 a\u00e7\u0131klad\u0131. IFC\u2019den yap\u0131lan a\u00e7\u0131klamada, proje finansman\u0131 kapsam\u0131nda verilen kredinin \u015ei\u015fecam\u2019\u0131n d\u00fc\u015f\u00fck demirli g\u00fcne\u015f enerjisi cam\u0131 \u00fcretmek i\u00e7in yap\u0131lacak yat\u0131r\u0131mlar\u0131n yan\u0131 s\u0131ra \u00e7evre ile ilgili iyile\u015ftirme\u2026","rel":"","context":"&quot;Haberler&quot; i\u00e7inde","block_context":{"text":"Haberler","link":"https:\/\/www.gocmeniz.biz\/?cat=5"},"img":{"alt_text":"","src":"","width":0,"height":0},"classes":[]},{"id":157,"url":"https:\/\/www.gocmeniz.biz\/?p=157","url_meta":{"origin":2089,"position":5},"title":"Bulgaristan\u2019da i\u015fsizlik oran\u0131 Avrupa normlar\u0131na yakla\u015ft\u0131","author":"Admin","date":"17 A\u011fustos 2007","format":false,"excerpt":"Bulgaristan \u0130stihdam Ajans\u0131, Temmuz ay\u0131 itibar\u0131yla \u00fclkede i\u015fsizlik oran\u0131n\u0131n y\u00fczde 7,25 ve temmuz 2006\u2019ya k\u0131yasla 1,71 puan d\u00fc\u015ft\u00fc\u011f\u00fcn\u00fc ve b\u00f6ylece Avrupa\u2019daki ortalama d\u00fczeye yakla\u015ft\u0131\u011f\u0131n\u0131 a\u00e7\u0131klad\u0131. \u0130\u015f bulma kurumlar\u0131nda Temmuz ay\u0131nda kay\u0131tlar yakla\u015f\u0131k 268 500\u2019ye kadar azald\u0131. Bir y\u0131l i\u00e7inde 63 bin azal\u0131yorlar. \u0130\u015fsizlerin toplam say\u0131s\u0131nda en b\u00fcy\u00fck pay\u0131 y\u00fczde 58,8\u2026","rel":"","context":"&quot;Haberler&quot; i\u00e7inde","block_context":{"text":"Haberler","link":"https:\/\/www.gocmeniz.biz\/?cat=5"},"img":{"alt_text":"","src":"","width":0,"height":0},"classes":[]}],"jetpack_sharing_enabled":true,"jetpack_likes_enabled":true,"_links":{"self":[{"href":"https:\/\/www.gocmeniz.biz\/index.php?rest_route=\/wp\/v2\/posts\/2089","targetHints":{"allow":["GET"]}}],"collection":[{"href":"https:\/\/www.gocmeniz.biz\/index.php?rest_route=\/wp\/v2\/posts"}],"about":[{"href":"https:\/\/www.gocmeniz.biz\/index.php?rest_route=\/wp\/v2\/types\/post"}],"author":[{"embeddable":true,"href":"https:\/\/www.gocmeniz.biz\/index.php?rest_route=\/wp\/v2\/users\/331"}],"replies":[{"embeddable":true,"href":"https:\/\/www.gocmeniz.biz\/index.php?rest_route=%2Fwp%2Fv2%2Fcomments&post=2089"}],"version-history":[{"count":1,"href":"https:\/\/www.gocmeniz.biz\/index.php?rest_route=\/wp\/v2\/posts\/2089\/revisions"}],"predecessor-version":[{"id":8926,"href":"https:\/\/www.gocmeniz.biz\/index.php?rest_route=\/wp\/v2\/posts\/2089\/revisions\/8926"}],"wp:attachment":[{"href":"https:\/\/www.gocmeniz.biz\/index.php?rest_route=%2Fwp%2Fv2%2Fmedia&parent=2089"}],"wp:term":[{"taxonomy":"category","embeddable":true,"href":"https:\/\/www.gocmeniz.biz\/index.php?rest_route=%2Fwp%2Fv2%2Fcategories&post=2089"},{"taxonomy":"post_tag","embeddable":true,"href":"https:\/\/www.gocmeniz.biz\/index.php?rest_route=%2Fwp%2Fv2%2Ftags&post=2089"}],"curies":[{"name":"wp","href":"https:\/\/api.w.org\/{rel}","templated":true}]}}