{"id":2091,"date":"2010-03-11T08:44:51","date_gmt":"2010-03-11T06:44:51","guid":{"rendered":"http:\/\/www.gocmeniz.biz\/?p=2091"},"modified":"2026-04-03T12:17:06","modified_gmt":"2026-04-03T09:17:06","slug":"avrupada-buzul-cagi","status":"publish","type":"post","link":"https:\/\/www.gocmeniz.biz\/?p=2091","title":{"rendered":"Avrupa\u2019da buzul \u00e7a\u011f\u0131"},"content":{"rendered":"<p><b><img data-recalc-dims=\"1\"  title=\"\"  alt=\"10090645 Avrupa\u2019da buzul \u00e7a\u011f\u0131\" decoding=\"async\" style=\"max-width: 800px; float: left; margin-top: 10px; margin-bottom: 10px; margin-right: 10px;\" src=\"https:\/\/i0.wp.com\/www.hurriyet.com.tr\/_np\/0645\/10090645.jpg?w=640\" \/>Avrupa\u2019y\u0131 k\u0131sa s\u00fcreli bir \u0131s\u0131nman\u0131n ard\u0131ndan etkisi alt\u0131na alan so\u011fuk hava dalgas\u0131, \u00f6zellikle do\u011fu ve kuzey kesimlerinde kar ya\u011f\u0131\u015f\u0131na neden oldu.<\/b><\/p>\n<p>Kar ya\u011f\u0131\u015f\u0131 \u0130svi\u00e7re, \u0130spanya, Fransa, Makedonya ve Bulgaristan\u2019da etkili oldu. \u0130svi\u00e7re de kar f\u0131rt\u0131nas\u0131ndan etkilendi, Cenevre\u2019nin bat\u0131s\u0131ndaki Neuchatel g\u00f6l\u00fcn\u00fcn k\u0131y\u0131lar\u0131 tamamen dondu. G\u00f6l\u00fcn kenar\u0131ndaki bisiklet yolunda y\u00fcr\u00fcy\u00fc\u015fe \u00e7\u0131kanlar ise havaya ald\u0131rmadan buzlar\u0131n olu\u015fturdu\u011fu manzaran\u0131n tad\u0131n\u0131 \u00e7\u0131kard\u0131. G\u00f6l\u00fcn baz\u0131 b\u00f6l\u00fcmlerinde dalgalar bile dondu. <\/p>\n<p><b>Y\u00fcz binlerce ev elektriksiz<\/b><\/p>\n<p>\u0130spanya\u2019n\u0131n Barcelona kentinde ya\u011fan kar trafi\u011fi felce u\u011fratt\u0131, kara ve demir yollar\u0131nda ula\u015f\u0131m aksad\u0131. Toplu ula\u015f\u0131m\u0131 sa\u011flamak i\u00e7in metro gece boyunca a\u00e7\u0131k kald\u0131. Kar ya\u011f\u0131\u015f\u0131ndan dolay\u0131 Girona kentinde 200 bin konut ve i\u015fyerinin elektri\u011fi kesildi. Fransa\u2019n\u0131n g\u00fcneyindeki Pyrenees-Orientales b\u00f6lgesinde de kar ya\u011f\u0131\u015f\u0131 nedeniyle b\u00f6lgede 10 bin konutun elektri\u011fi kesildi. Yo\u011fun kar ya\u011f\u0131\u015f\u0131, Bulgaristan\u2019\u0131n ba\u015fkenti Sofya\u2019da da hayat\u0131 olumsuz etkiledi. Meteoroloji yetkilileri, bug\u00fcn yine kar ya\u011f\u0131\u015f\u0131 beklendi\u011fini a\u00e7\u0131klad\u0131.<\/p>\n<div class=\"zemanta-pixie\"><img data-recalc-dims=\"1\"  title=\"\" decoding=\"async\" class=\"zemanta-pixie-img\"  alt=\"pixy Avrupa\u2019da buzul \u00e7a\u011f\u0131\"  src=\"https:\/\/i0.wp.com\/img.zemanta.com\/pixy.gif?w=640\" \/><\/div>\n","protected":false},"excerpt":{"rendered":"<p>Avrupa\u2019y\u0131 k\u0131sa s\u00fcreli bir \u0131s\u0131nman\u0131n ard\u0131ndan etkisi alt\u0131na alan so\u011fuk hava dalgas\u0131, \u00f6zellikle do\u011fu ve kuzey kesimlerinde kar ya\u011f\u0131\u015f\u0131na neden oldu. Kar ya\u011f\u0131\u015f\u0131 \u0130svi\u00e7re, \u0130spanya, Fransa, Makedonya ve Bulgaristan\u2019da etkili oldu. \u0130svi\u00e7re de kar f\u0131rt\u0131nas\u0131ndan etkilendi, Cenevre\u2019nin bat\u0131s\u0131ndaki Neuchatel g\u00f6l\u00fcn\u00fcn k\u0131y\u0131lar\u0131 tamamen dondu. G\u00f6l\u00fcn kenar\u0131ndaki bisiklet yolunda y\u00fcr\u00fcy\u00fc\u015fe \u00e7\u0131kanlar ise havaya ald\u0131rmadan buzlar\u0131n olu\u015fturdu\u011fu manzaran\u0131n [&hellip;]<\/p>\n","protected":false},"author":331,"featured_media":0,"comment_status":"open","ping_status":"open","sticky":false,"template":"","format":"standard","meta":{"advanced_seo_description":"","jetpack_seo_html_title":"","jetpack_seo_noindex":false,"ngg_post_thumbnail":0,"jetpack_post_was_ever_published":false,"_jetpack_newsletter_access":"","_jetpack_dont_email_post_to_subs":false,"_jetpack_newsletter_tier_id":0,"_jetpack_memberships_contains_paywalled_content":false,"_jetpack_memberships_contains_paid_content":false,"footnotes":""},"categories":[5],"tags":[],"class_list":["post-2091","post","type-post","status-publish","format-standard","hentry","category-haberler"],"jetpack_featured_media_url":"","jetpack_shortlink":"https:\/\/wp.me\/paHHlZ-xJ","jetpack-related-posts":[{"id":853,"url":"https:\/\/www.gocmeniz.biz\/?p=853","url_meta":{"origin":2091,"position":0},"title":"KAR YA\u011eI\u015eI NEDEN\u0130YLE BULGAR\u0130STAN \u0130LE KARA ULA\u015eIMI DURDU","author":"Haberci","date":"23 \u015eubat 2009","format":false,"excerpt":"Bulgaristan'da kar ya\u011f\u0131\u015f\u0131 nedeniyle yollar\u0131n kapanmas\u0131 Hamzabeyli S\u0131n\u0131r Kap\u0131s\u0131 \u00fczerinden bu \u00fclkeye yap\u0131lan kara ula\u015f\u0131m\u0131n\u0131 tamamen durdurdu. Bulgaristan taraf\u0131na ara\u00e7lar\u0131n ge\u00e7i\u015fine izin verilmemesi nedeniyle s\u0131n\u0131r kap\u0131s\u0131 yolunda ak\u015famdan bu yana yakla\u015f\u0131k 5 kilometrelik TIR kuyru\u011fu olu\u015ftu.Balkanlar'da etkili olan kar ya\u011f\u0131\u015f\u0131 ve tipi Trakya B\u00f6lgesi'nin y\u00fcksek kesimlerinde de etkisini hissettiriyor. B\u00f6lgenin\u2026","rel":"","context":"&quot;Haberler&quot; i\u00e7inde","block_context":{"text":"Haberler","link":"https:\/\/www.gocmeniz.biz\/?cat=5"},"img":{"alt_text":"","src":"","width":0,"height":0},"classes":[]},{"id":857,"url":"https:\/\/www.gocmeniz.biz\/?p=857","url_meta":{"origin":2091,"position":1},"title":"Her yerde kar var","author":"Haberci","date":"23 \u015eubat 2009","format":false,"excerpt":"Edirne\u2019nin Lalapa\u015fa \u0130l\u00e7esi\u2019nde ve Bulgaristan\u2019\u0131n Lesova kentinde \u00f6nceki gece etkili olan yo\u011fun kar ya\u011f\u0131\u015f\u0131 ve tipi nedeniyle yakla\u015f\u0131k 36 saat s\u00fcreyle ara\u00e7lar\u0131n ge\u00e7i\u015fine kapat\u0131lan Hamzabeyli S\u0131n\u0131r Kap\u0131s\u0131, d\u00fcn sabah saatlerinde tekrar ula\u015f\u0131ma a\u00e7\u0131ld\u0131.K\u0131rklareli\u2019nin Demirk\u00f6y \u0130l\u00e7esi\u2019nde ise kar ya\u011f\u0131\u015f\u0131n\u0131n etkisini yitirmesinin ard\u0131ndan kapanan 14 k\u00f6y yolu yap\u0131lan \u00e7al\u0131\u015fmalar\u0131n ard\u0131ndan ula\u015f\u0131ma a\u00e7\u0131ld\u0131.","rel":"","context":"&quot;Haberler&quot; i\u00e7inde","block_context":{"text":"Haberler","link":"https:\/\/www.gocmeniz.biz\/?cat=5"},"img":{"alt_text":"","src":"https:\/\/i0.wp.com\/www.hurriyet.com.tr\/_np\/2148\/7412148.jpg?resize=350%2C200","width":350,"height":200},"classes":[]},{"id":2041,"url":"https:\/\/www.gocmeniz.biz\/?p=2041","url_meta":{"origin":2091,"position":2},"title":"Ya\u011fmur ve kar geliyor","author":"Haberci","date":"14 Ocak 2010","format":false,"excerpt":"DHA\u00a0\u00a0\u00a0 BALKANLAR \u00fczerinden gelen so\u011fuk ve ya\u011f\u0131\u015fl\u0131 havayla birlikte ba\u015flayan kar ya\u011f\u0131\u015f\u0131, Edirne\u2019nin Lalapa\u015fa \u0130l\u00e7esi'nde kar ya\u011f\u0131\u015f\u0131 etkili oldu. Kar kal\u0131nl\u0131\u011f\u0131n\u0131n 15 santimi buldu\u011fu Hamzabeyli S\u0131n\u0131r Kap\u0131s\u0131\u2019nda ula\u015f\u0131m olumsuz y\u00f6nde etkilendi.ED\u0130RNE BEYAZA B\u00dcR\u00dcND\u00dc - FOTO GALER\u0130 Edirne'de d\u00fcn ak\u015fam saatlerinde ba\u015flayan ya\u011fmur, havan\u0131n so\u011fumas\u0131yla yerini kar ya\u011f\u0131\u015f\u0131na b\u0131rakt\u0131. Kent merkezine\u2026","rel":"","context":"&quot;Haberler&quot; i\u00e7inde","block_context":{"text":"Haberler","link":"https:\/\/www.gocmeniz.biz\/?cat=5"},"img":{"alt_text":"","src":"","width":0,"height":0},"classes":[]},{"id":645,"url":"https:\/\/www.gocmeniz.biz\/?p=645","url_meta":{"origin":2091,"position":3},"title":"Bir g\u00fcnde bembeyaz","author":"Haberci","date":"24 Kas\u0131m 2008","format":false,"excerpt":"Tam \"havalar \u00e7ok g\u00fczel gidiyor\" derken ani hava de\u011fi\u015fikli\u011fi yine \u015fa\u015f\u0131rtt\u0131. Avrupa'y\u0131 vuran kar ya\u011f\u0131\u015f\u0131 hayat\u0131 olumsuz etkiliyor. Almanya ve Avusturya'da \u015fiddetli kar ya\u011f\u0131\u015f\u0131 nedeniyle 6 ki\u015fi hayat\u0131n\u0131 kaybetti. Balkanlar'da da kar nedeniyle bir\u00e7ok yol ula\u015f\u0131ma kapal\u0131.\u0130NG\u0130LTERE, BALKANLAR, RUSYA'DA TAM KI\u015e KO\u015eULLARI Almanya ve \u0130ngiltere'de de kar ya\u011f\u0131\u015f\u0131 kara ula\u015f\u0131m\u0131n\u0131\u2026","rel":"","context":"&quot;Haberler&quot; i\u00e7inde","block_context":{"text":"Haberler","link":"https:\/\/www.gocmeniz.biz\/?cat=5"},"img":{"alt_text":"","src":"","width":0,"height":0},"classes":[]},{"id":643,"url":"https:\/\/www.gocmeniz.biz\/?p=643","url_meta":{"origin":2091,"position":4},"title":"Kar kap\u0131ya dayand\u0131","author":"Haberci","date":"22 Kas\u0131m 2008","format":false,"excerpt":"Trakya'da y\u00fcksek b\u00f6lgelere kar ya\u011farken, Avrupa'n\u0131n bir \u00e7ok \u00fclkesini kar vurdu. Almanya'dan ba\u015flayan kar ya\u011f\u0131s\u0131 kom\u015fumuz Bulgaristan'a ula\u015ft\u0131. Almanya'da kar 2 can al\u0131rken, u\u00e7ak seferleri iptal edildi.AVRUPA'YI KARAKI\u015e B\u00d6YLE VURDU (Fotogaleri)Bulgaristan'da kar ya\u011f\u0131\u015f\u0131, ba\u015fkent Sofya'daki hayat\u0131 olumsuz etkiledi. Gece ba\u015flayan \u015fiddetli r\u00fczgar ve kar ya\u011f\u0131\u015f\u0131 trafi\u011fi adeta fel\u00e7 etti. R\u00fczgar\u0131n\u2026","rel":"","context":"&quot;Haberler&quot; i\u00e7inde","block_context":{"text":"Haberler","link":"https:\/\/www.gocmeniz.biz\/?cat=5"},"img":{"alt_text":"","src":"","width":0,"height":0},"classes":[]},{"id":2573,"url":"https:\/\/www.gocmeniz.biz\/?p=2573","url_meta":{"origin":2091,"position":5},"title":"K\u0131rklareli&#8217;de kar ya\u011f\u0131\u015f\u0131 ba\u015flad\u0131","author":"Haberci","date":"09 \u015eubat 2019","format":false,"excerpt":"Balkanlar \u00fczerinden gelen kar ya\u011f\u0131\u015f\u0131, K\u0131rklareli'nin Bulgaristan s\u0131n\u0131r\u0131 ve y\u00fcksek kesimlerinde etkili oluyor. \u00d6\u011fleden sonra ba\u015flayan kar ya\u011f\u0131\u015f\u0131, K\u0131rklareli'nin Kof\u00e7az ve Demirk\u00f6y il\u00e7eleri ile Bulgaristan'a a\u00e7\u0131lan Derek\u00f6y S\u0131n\u0131r Kap\u0131s\u0131 Karayolu \u00fczerinde etkisini g\u00f6steriyor. Kar kal\u0131nl\u0131\u011f\u0131 Demirk\u00f6y'de 5, Kof\u00e7az ve Derek\u00f6y S\u0131n\u0131r Kap\u0131s\u0131 karayolunda ise 3 santimetreye\u00a0y\u00fckseldi. Bulgaristan Karayolu \u00fczerinde \u00f6nlem\u2026","rel":"","context":"&quot;Haberler&quot; i\u00e7inde","block_context":{"text":"Haberler","link":"https:\/\/www.gocmeniz.biz\/?cat=5"},"img":{"alt_text":"","src":"https:\/\/i0.wp.com\/www.gocmeniz.biz\/wp-content\/kirklareli-39de-kar-yagisi-basladi.jpg?fit=620%2C350&ssl=1&resize=350%2C200","width":350,"height":200,"srcset":"https:\/\/i0.wp.com\/www.gocmeniz.biz\/wp-content\/kirklareli-39de-kar-yagisi-basladi.jpg?fit=620%2C350&ssl=1&resize=350%2C200 1x, https:\/\/i0.wp.com\/www.gocmeniz.biz\/wp-content\/kirklareli-39de-kar-yagisi-basladi.jpg?fit=620%2C350&ssl=1&resize=525%2C300 1.5x"},"classes":[]}],"jetpack_sharing_enabled":true,"jetpack_likes_enabled":true,"_links":{"self":[{"href":"https:\/\/www.gocmeniz.biz\/index.php?rest_route=\/wp\/v2\/posts\/2091","targetHints":{"allow":["GET"]}}],"collection":[{"href":"https:\/\/www.gocmeniz.biz\/index.php?rest_route=\/wp\/v2\/posts"}],"about":[{"href":"https:\/\/www.gocmeniz.biz\/index.php?rest_route=\/wp\/v2\/types\/post"}],"author":[{"embeddable":true,"href":"https:\/\/www.gocmeniz.biz\/index.php?rest_route=\/wp\/v2\/users\/331"}],"replies":[{"embeddable":true,"href":"https:\/\/www.gocmeniz.biz\/index.php?rest_route=%2Fwp%2Fv2%2Fcomments&post=2091"}],"version-history":[{"count":1,"href":"https:\/\/www.gocmeniz.biz\/index.php?rest_route=\/wp\/v2\/posts\/2091\/revisions"}],"predecessor-version":[{"id":8652,"href":"https:\/\/www.gocmeniz.biz\/index.php?rest_route=\/wp\/v2\/posts\/2091\/revisions\/8652"}],"wp:attachment":[{"href":"https:\/\/www.gocmeniz.biz\/index.php?rest_route=%2Fwp%2Fv2%2Fmedia&parent=2091"}],"wp:term":[{"taxonomy":"category","embeddable":true,"href":"https:\/\/www.gocmeniz.biz\/index.php?rest_route=%2Fwp%2Fv2%2Fcategories&post=2091"},{"taxonomy":"post_tag","embeddable":true,"href":"https:\/\/www.gocmeniz.biz\/index.php?rest_route=%2Fwp%2Fv2%2Ftags&post=2091"}],"curies":[{"name":"wp","href":"https:\/\/api.w.org\/{rel}","templated":true}]}}