{"id":2093,"date":"2010-03-11T08:47:00","date_gmt":"2010-03-11T06:47:00","guid":{"rendered":"http:\/\/www.gocmeniz.biz\/?p=2093"},"modified":"2026-04-03T12:25:37","modified_gmt":"2026-04-03T09:25:37","slug":"bulgaristanda-milletvekili-maaslari-donduruldu","status":"publish","type":"post","link":"https:\/\/www.gocmeniz.biz\/?p=2093","title":{"rendered":"Bulgaristan&#8217;da milletvekili maa\u015flar\u0131 donduruldu"},"content":{"rendered":"<p><i>A.A. &nbsp;&nbsp;&nbsp; <\/i><br \/><b>Bulgaristan parlamentosu, ekonomik kriz kar\u015f\u0131s\u0131nda milletvekili maa\u015flar\u0131n\u0131n dondurulmas\u0131na karar verdi.<\/b><\/p>\n<p>Parlamento genel kurulunda, iktidardaki GERB partisi taraf\u0131ndan haz\u0131rlanan ve milletvekili maa\u015flar\u0131n\u0131n enflasyon oran\u0131na g\u00f6re otomatik olarak art\u0131\u015f\u0131n\u0131 i\u00e7eren yasada de\u011fi\u015fiklik yap\u0131lmas\u0131na ili\u015fkin tasar\u0131 ele al\u0131nd\u0131.<\/p>\n<p>Yasa de\u011fi\u015fikli\u011fi tasar\u0131s\u0131 \u015fiddetli tart\u0131\u015fmalara ra\u011fmen kabul edildi. De\u011fi\u015fiklikle, kriz sona erinceye kadar milletvekilleri maa\u015flar\u0131 Aral\u0131k 2009 maa\u015f\u0131 d\u00fczeyi baz al\u0131nmak \u00fczere donduruldu.<\/p>\n<p>Parlamento Ba\u015fkan\u0131 Tzetzka Tza\u00e7eva, tasar\u0131n\u0131n g\u00f6r\u00fc\u015f\u00fclmesi s\u0131ras\u0131nda maa\u015flar\u0131n dondurulmas\u0131na kar\u015f\u0131 \u00e7\u0131kan baz\u0131 milletvekilleri y\u00fcz\u00fcnden tart\u0131\u015fma ya\u015fanmas\u0131na sert tepki g\u00f6sterdi.<\/p>\n<p>Tza\u00e7eva, genel kurulda yapt\u0131\u011f\u0131 konu\u015fmada, otomatik maa\u015f art\u0131\u015f\u0131 sistemiyle milletvekili maa\u015flar\u0131n\u0131n mevcut durumda ayl\u0131k sadece 37 leva (yakla\u015f\u0131k 38 TL) zam g\u00f6rece\u011fini hat\u0131rlatarak, &#8220;Bu kriz ortam\u0131nda bunun hesab\u0131n\u0131 m\u0131 yap\u0131yorsunuz? Tart\u0131\u015fmalar y\u00fcz\u00fcnden halk\u0131m\u0131z\u0131n \u00f6n\u00fcnde rezil oluyoruz. Parlamentonun itibar\u0131n\u0131 zedeliyorsunuz. Karar\u0131 destekleyin&#8221; ifadelerini kulland\u0131.<\/p>\n<p>Ba\u015fkan Tse\u00e7eva&#8217;n\u0131n bu uyar\u0131s\u0131 \u00fczerine oylamaya kat\u0131lan 144 milletvekilinden 143&#8217;\u00fc yasa de\u011fi\u015fikli\u011fi tasar\u0131s\u0131na &#8220;Evet&#8221; dedi. H\u00fck\u00fcmeti destekleyen Mavi Koalisyon \u00fcyesi bir milletvekili &#8220;\u00e7ekimser&#8221; oy kulland\u0131.<\/p>\n<div class=\"zemanta-pixie\"><img data-recalc-dims=\"1\"  title=\"\" decoding=\"async\" class=\"zemanta-pixie-img\"  alt=\"pixy Bulgaristan&#039;da milletvekili maa\u015flar\u0131 donduruldu\"  src=\"https:\/\/i0.wp.com\/img.zemanta.com\/pixy.gif?w=640\" \/><\/div>\n","protected":false},"excerpt":{"rendered":"<p>A.A. &nbsp;&nbsp;&nbsp; Bulgaristan parlamentosu, ekonomik kriz kar\u015f\u0131s\u0131nda milletvekili maa\u015flar\u0131n\u0131n dondurulmas\u0131na karar verdi. Parlamento genel kurulunda, iktidardaki GERB partisi taraf\u0131ndan haz\u0131rlanan ve milletvekili maa\u015flar\u0131n\u0131n enflasyon oran\u0131na g\u00f6re otomatik olarak art\u0131\u015f\u0131n\u0131 i\u00e7eren yasada de\u011fi\u015fiklik yap\u0131lmas\u0131na ili\u015fkin tasar\u0131 ele al\u0131nd\u0131. Yasa de\u011fi\u015fikli\u011fi tasar\u0131s\u0131 \u015fiddetli tart\u0131\u015fmalara ra\u011fmen kabul edildi. De\u011fi\u015fiklikle, kriz sona erinceye kadar milletvekilleri maa\u015flar\u0131 Aral\u0131k 2009 maa\u015f\u0131 [&hellip;]<\/p>\n","protected":false},"author":331,"featured_media":0,"comment_status":"open","ping_status":"open","sticky":false,"template":"","format":"standard","meta":{"advanced_seo_description":"","jetpack_seo_html_title":"","jetpack_seo_noindex":false,"ngg_post_thumbnail":0,"jetpack_post_was_ever_published":false,"_jetpack_newsletter_access":"","_jetpack_dont_email_post_to_subs":false,"_jetpack_newsletter_tier_id":0,"_jetpack_memberships_contains_paywalled_content":false,"_jetpack_memberships_contains_paid_content":false,"footnotes":""},"categories":[5],"tags":[],"class_list":["post-2093","post","type-post","status-publish","format-standard","hentry","category-haberler"],"jetpack_featured_media_url":"","jetpack_shortlink":"https:\/\/wp.me\/paHHlZ-xL","jetpack-related-posts":[{"id":1316,"url":"https:\/\/www.gocmeniz.biz\/?p=1316","url_meta":{"origin":2093,"position":0},"title":"Bulgaristan`da b\u00fcrokratlar\u0131n maa\u015flar\u0131 indirilecek","author":"Haberci","date":"06 Haziran 2009","format":false,"excerpt":"Bulgaristan`da 7 Hazirandaki AP se\u00e7imi \u00f6ncesi, \u00fcst d\u00fczey devlet memurlar\u0131n\u0131n maa\u015flar\u0131na yap\u0131lmas\u0131 \u00f6ng\u00f6r\u00fclen zamm\u0131n iptal edilece\u011fini ve maa\u015flar\u0131n\u0131n indirilece\u011fini a\u00e7\u0131klad\u0131. Bulgaristan`da 7 Haziranda yap\u0131lacak Avrupa Parlamentosu(AP) se\u00e7imi arifesinde, \u00fcst d\u00fczey devlet memurlar\u0131n\u0131n maa\u015flar\u0131na 1 Temmuzda yap\u0131lmas\u0131 \u00f6ng\u00f6r\u00fclen zamm\u0131n iptal edilece\u011fi ve yerine y\u00fczde 15 oran\u0131nda maa\u015f indirimi yap\u0131laca\u011f\u0131 bildirildi. H\u00fck\u00fcmet\u2026","rel":"","context":"&quot;Haberler&quot; i\u00e7inde","block_context":{"text":"Haberler","link":"https:\/\/www.gocmeniz.biz\/?cat=5"},"img":{"alt_text":"","src":"","width":0,"height":0},"classes":[]},{"id":1312,"url":"https:\/\/www.gocmeniz.biz\/?p=1312","url_meta":{"origin":2093,"position":1},"title":"Bulgaristan&#8217;da emeklilere zam","author":"Haberci","date":"05 Haziran 2009","format":false,"excerpt":"Bulgaristan'da 7 Haziranda yap\u0131lacak Avrupa Parlamentosu (AP) se\u00e7imi arifesinde, \u00fcst d\u00fczey devlet memurlar\u0131n\u0131n maa\u015flar\u0131na 1 Temmuzda yap\u0131lmas\u0131 \u00f6ng\u00f6r\u00fclen zamm\u0131n iptal edilece\u011fi ve yerine y\u00fczde 15 oran\u0131nda maa\u015f indirimi yap\u0131laca\u011f\u0131 bildirildi. \u00a0H\u00fck\u00fcmet taraf\u0131ndan ekonomik kriz gerek\u00e7e g\u00f6sterilerek al\u0131nan karar\u0131, Maliye Bakan\u0131 Plamen Ore\u015farski a\u00e7\u0131klad\u0131. Ore\u015farski kriz dolay\u0131s\u0131yla b\u00fct\u00e7e harcamalar\u0131na ciddi k\u0131s\u0131tlamalar\u2026","rel":"","context":"&quot;Haberler&quot; i\u00e7inde","block_context":{"text":"Haberler","link":"https:\/\/www.gocmeniz.biz\/?cat=5"},"img":{"alt_text":"","src":"https:\/\/i0.wp.com\/www.morleyindependent.com\/images\/pensioner.jpg?resize=350%2C200","width":350,"height":200},"classes":[]},{"id":456,"url":"https:\/\/www.gocmeniz.biz\/?p=456","url_meta":{"origin":2093,"position":2},"title":"BULGAR M\u0130LLETVEK\u0130LLER\u0130NDEN BAL-G\u00d6\u00c7&#8217;E Z\u0130YARET","author":"Haberci","date":"01 Temmuz 2008","format":false,"excerpt":"Bulgaristan koalisyon h\u00fck\u00fcmeti milletvekilleri, Bursa Balkan G\u00f6\u00e7menleri K\u00fclt\u00fcr ve Dayan\u0131\u015fma Derne\u011fi(BAL-G\u00d6\u00c7)'ni ziyaret etti. Bal-G\u00f6\u00e7 Genel Ba\u015fkan\u0131 Prof. Dr. Emin Balkan ile bir s\u00fcre g\u00f6r\u00fc\u015fen milletvekilleri, iki \u00fclke aras\u0131nda ya\u015fanan ili\u015fkilerin geli\u015ftirilmesini istedi. Bulgaristan'\u0131n koalisyon h\u00fck\u00fcmetinde bulunan Bulgaristan Sosyalist Partisi (BSP)'nden Mariya Volkanova, Kral\u0131n Partisi (NDSV)'nden Ermeni k\u00f6kenli milletvekili Rupen Kirkoryan\u2026","rel":"","context":"Benzer yaz\u0131","block_context":{"text":"Benzer yaz\u0131","link":""},"img":{"alt_text":"","src":"","width":0,"height":0},"classes":[]},{"id":1925,"url":"https:\/\/www.gocmeniz.biz\/?p=1925","url_meta":{"origin":2093,"position":3},"title":"Memur maa\u015flar\u0131 direkten d\u00f6nd\u00fc","author":"Haberci","date":"16 Kas\u0131m 2009","format":false,"excerpt":"Memur maa\u015flar\u0131na g\u00f6z dikerek, bir banka ATM`sine \u00f6zel d\u00fczenek ve gizli kamera yerle\u015ftiren \u00e7ete `Son dakika` operasyonu ile k\u0131sk\u0131vrak yakaland\u0131Bulgaristan uyruklu 3 ki\u015finin memur maa\u015flar\u0131n\u0131n yataca\u011f\u0131 15 Kas\u0131m tarihi i\u00e7in planlad\u0131klar\u0131 vurgun, saatler kala engellendi. Zanl\u0131lar\u0131n ay\u0131n 15`inde Vak\u0131fbank`a yatan memur maa\u015flar\u0131n\u0131, kopyalad\u0131klar\u0131 kartlarla \u00e7ekme haz\u0131rl\u0131\u011f\u0131 yapt\u0131klar\u0131 belirtildi. Emniyet \u00fc\u00e7\u2026","rel":"","context":"&quot;Haberler&quot; i\u00e7inde","block_context":{"text":"Haberler","link":"https:\/\/www.gocmeniz.biz\/?cat=5"},"img":{"alt_text":"","src":"","width":0,"height":0},"classes":[]},{"id":138,"url":"https:\/\/www.gocmeniz.biz\/?p=138","url_meta":{"origin":2093,"position":4},"title":"Bulgaristan&#8217;da Yerel Se\u00e7im Kanunu Kabul Edildi","author":"Admin","date":"27 Temmuz 2007","format":false,"excerpt":"Bulgaristan'da yeni yerel se\u00e7im kanunu, parlamentonun bug\u00fcnk\u00fc oturumunda 9 saat s\u00fcren sert tart\u0131\u015fmalar sonunda kabul edildi. Bulgaristan'da yerel se\u00e7imler 28 ekimde yap\u0131lacak. Yeni yasada, \"Avrupa Birli\u011fi d\u0131\u015f\u0131nda olduklar\u0131 gerek\u00e7esiyle\" T\u00fcrkiye'deki Bulgaristan g\u00f6\u00e7menlerine oy kullanma hakk\u0131 verilmesine ili\u015fkin maddenin g\u00f6r\u00fc\u015f\u00fclmesi s\u0131ras\u0131nda sert tart\u0131\u015fmalar oldu. Parlamentoda bug\u00fcnk\u00fc son g\u00f6r\u00fc\u015fmelerde, H\u00d6H'\u00fcn yo\u011fun kat\u0131l\u0131m\u0131\u2026","rel":"","context":"&quot;Haberler&quot; i\u00e7inde","block_context":{"text":"Haberler","link":"https:\/\/www.gocmeniz.biz\/?cat=5"},"img":{"alt_text":"","src":"","width":0,"height":0},"classes":[]},{"id":1334,"url":"https:\/\/www.gocmeniz.biz\/?p=1334","url_meta":{"origin":2093,"position":5},"title":"Bulgaristan&#8217;da se\u00e7imin yank\u0131lar\u0131","author":"Haberci","date":"08 Haziran 2009","format":false,"excerpt":"Bulgaristan'da siyasal partilerin liderleri, Avrupa Parlamentosunda \u00fclkeyi temsil edecek 17 milletvekillenin belirlenmesi i\u00e7in d\u00fcn yap\u0131lan se\u00e7imin sonu\u00e7lar\u0131n\u0131 de\u011ferlendirdi. Sofya'daki Ulusal K\u00fclt\u00fcr Merkezinde (NDK) kurulan uluslararas\u0131 se\u00e7im merkezinde art arda bas\u0131n toplant\u0131s\u0131 d\u00fczenleyen liderlerin hepsinin, se\u00e7imde kendi partilerinin b\u00fcy\u00fck ba\u015far\u0131 elde etti\u011fini s\u00f6ylemeleri dikkati \u00e7ekti. Bulgaristan'daki koalisyon h\u00fck\u00fcmetinde yer alan, \u00fcyelerin\u2026","rel":"","context":"&quot;Haberler&quot; i\u00e7inde","block_context":{"text":"Haberler","link":"https:\/\/www.gocmeniz.biz\/?cat=5"},"img":{"alt_text":"","src":"","width":0,"height":0},"classes":[]}],"jetpack_sharing_enabled":true,"jetpack_likes_enabled":true,"_links":{"self":[{"href":"https:\/\/www.gocmeniz.biz\/index.php?rest_route=\/wp\/v2\/posts\/2093","targetHints":{"allow":["GET"]}}],"collection":[{"href":"https:\/\/www.gocmeniz.biz\/index.php?rest_route=\/wp\/v2\/posts"}],"about":[{"href":"https:\/\/www.gocmeniz.biz\/index.php?rest_route=\/wp\/v2\/types\/post"}],"author":[{"embeddable":true,"href":"https:\/\/www.gocmeniz.biz\/index.php?rest_route=\/wp\/v2\/users\/331"}],"replies":[{"embeddable":true,"href":"https:\/\/www.gocmeniz.biz\/index.php?rest_route=%2Fwp%2Fv2%2Fcomments&post=2093"}],"version-history":[{"count":1,"href":"https:\/\/www.gocmeniz.biz\/index.php?rest_route=\/wp\/v2\/posts\/2093\/revisions"}],"predecessor-version":[{"id":8925,"href":"https:\/\/www.gocmeniz.biz\/index.php?rest_route=\/wp\/v2\/posts\/2093\/revisions\/8925"}],"wp:attachment":[{"href":"https:\/\/www.gocmeniz.biz\/index.php?rest_route=%2Fwp%2Fv2%2Fmedia&parent=2093"}],"wp:term":[{"taxonomy":"category","embeddable":true,"href":"https:\/\/www.gocmeniz.biz\/index.php?rest_route=%2Fwp%2Fv2%2Fcategories&post=2093"},{"taxonomy":"post_tag","embeddable":true,"href":"https:\/\/www.gocmeniz.biz\/index.php?rest_route=%2Fwp%2Fv2%2Ftags&post=2093"}],"curies":[{"name":"wp","href":"https:\/\/api.w.org\/{rel}","templated":true}]}}