{"id":2095,"date":"2010-03-11T08:55:03","date_gmt":"2010-03-11T06:55:03","guid":{"rendered":"http:\/\/www.gocmeniz.biz\/?p=2095"},"modified":"2026-04-03T12:17:06","modified_gmt":"2026-04-03T09:17:06","slug":"vatan-yahut-silistre","status":"publish","type":"post","link":"https:\/\/www.gocmeniz.biz\/?p=2095","title":{"rendered":"Vatan yahut Silistre"},"content":{"rendered":"<p><b><img data-recalc-dims=\"1\"  title=\"\"  alt=\"249b Vatan yahut Silistre\" decoding=\"async\" style=\"max-width: 800px; float: left; margin-top: 10px; margin-bottom: 10px; margin-right: 10px;\" src=\"https:\/\/i0.wp.com\/www.hurriyet.com.tr\/_yazarlar\/images\/249b.jpg?w=640\" \/>Sene 1854&#8230;<\/b><\/p>\n<p>Kale bizim; 10 bin ki\u015fiyiz. Rus ordusu kap\u0131ya dayanm\u0131\u015f, 80 bin ki\u015fi; bo\u011faz bo\u011faza, fena kap\u0131\u015fma oluyor&#8230; \u0130slam bey, yi\u011fit adam, ecdad\u0131nda 42 \u015fehit var, uzaktan seyretmeyi kendine yediremiyor, g\u00f6n\u00fcll\u00fc olarak kaleye gitmeye karar veriyor. \u00c2\u015f\u0131k ayn\u0131 zamanda&#8230; Sevdi\u011fine u\u011fruyor, vedala\u015f\u0131yor, duygusal durumlar ya\u015fan\u0131yor. Sevgilisi Zekiye&#8230; O da bir yi\u011fit k\u0131z&#8230; G\u00fcya u\u011furluyor \u0130slam beyi, sonra giyiyor erkek k\u0131yafetlerini, \u201c<b>Benim ad\u0131m Adem<\/b>\u201d diyerek, g\u00f6n\u00fcll\u00fcler aras\u0131na kar\u0131\u015f\u0131yor&#8230; Sava\u015f mava\u015f, kan g\u00f6vdeyi g\u00f6t\u00fcr\u00fcyor, g\u00f6z\u00fcn\u00fc budaktan sak\u0131nmayan \u0130slam bey yaralan\u0131yor, Adem k\u0131l\u0131\u011f\u0131ndaki Zekiye ona bak\u0131yor, yaralar\u0131n\u0131 sar\u0131yor. Neticede, Rus ordusu pes ediyor, \u00e7ekiliyor. Kale kumandan\u0131n\u0131n, asl\u0131nda Zekiye\u2019nin babas\u0131 oldu\u011fu ortaya \u00e7\u0131k\u0131yor iyi mi&#8230;<br \/>Hi\u00e7 g\u00f6rmemi\u015f, \u00f6ld\u00fc bilmi\u015f, me\u011fer o da ismini de\u011fi\u015ftirmi\u015f&#8230; Velhas\u0131lkelam, baba k\u0131z kucakla\u015f\u0131yor, \u0130slam beyle Zekiye murad\u0131na eriyor, evleniyor.<\/p>\n<p>*<\/p>\n<p>\u201c<b>Vatan yahut Silistre<\/b>\u201d bu.<\/p>\n<p>*<\/p>\n<p>Nam\u0131k Kemal\u2019in eseri.<\/p>\n<p>*<\/p>\n<p>O kale, Silistre.<\/p>\n<p>*<\/p>\n<p>Gel zaman git zaman, biz de Rus ordusu gibi tutunam\u0131yoruz oralarda&#8230; Birinci D\u00fcnya Sava\u015f\u0131 kaybediliyor, Balkanlar kaybediliyor, imparatorluk y\u0131k\u0131l\u0131yor, Anadolu \u201c<b>Silistre<\/b>\u201d gibi savunuluyor ve e\u015fsiz kahramanl\u0131k destan\u0131yla, enkaz\u0131n alt\u0131ndan sa\u011f salim T\u00fcrkiye Cumhuriyeti \u00e7\u0131k\u0131yor.<\/p>\n<p>*<\/p>\n<p>Sene 1934, Silistre\u2019de bir kahve&#8230; T\u00fcrkler p\u0131l\u0131s\u0131n\u0131 p\u0131rt\u0131s\u0131n\u0131 toplam\u0131\u015f, kom\u015fular\u0131yla helalle\u015ferek, as\u0131rlard\u0131r \u201c<b>vatan<\/b>\u201d bildikleri topraklar\u0131 terk ediyor peyderpey, Anadolu\u2019nun ba\u011fr\u0131na, \u201c<b>anavatan<\/b>\u201da gidiyor. Balkan T\u00fcrkleri, yeni bir hayat kurmak ve ilelebet terk etmemek \u00fczere, T\u00fcrkiye\u2019ye ak\u0131yor&#8230; Vapurla \u0130stanbul, ard\u0131ndan kat\u0131r s\u0131rt\u0131nda Elaz\u0131\u011f, \u00e7oluk \u00e7ocuk 400 ki\u015filer&#8230; \u00d6nce Palu\u2019da ge\u00e7ici olarak bar\u0131nd\u0131r\u0131yorlar onlar\u0131, sonra bombo\u015f, \u00e7orak bir araziyi g\u00f6stererek, \u201c<b>Aha i\u015fte \u015furas\u0131 sizin<\/b>\u201d diyorlar, \u201c<b>kurun k\u00f6y\u00fcn\u00fcz\u00fc&#8230;<\/b>\u201d<\/p>\n<p>*<\/p>\n<p>Kuruyorlar k\u00f6ylerini.<\/p>\n<p>Ve, ismini koyuyorlar:<\/p>\n<p>\u201c<b>Kovanc\u0131lar<\/b>.\u201d<\/p>\n<p>*<\/p>\n<p>Terk ettikleri d\u00f6nemde Romanya\u2019ya ba\u011fl\u0131 olan, sonradan Bulgaristan s\u0131n\u0131rlar\u0131na dahil edilen Silistre\u2019nin Kovanc\u0131lar K\u00f6y\u00fc yani&#8230; Kendileriyle beraber, k\u00f6ylerinin ismini de ta\u015f\u0131yorlar.<\/p>\n<p>*<\/p>\n<p>Sonra?<\/p>\n<p>Bi Allah.<\/p>\n<p>Bi de onlar.<\/p>\n<p>Ne arayan oluyor bir daha&#8230;<\/p>\n<p>Ne de hallerini soran.<\/p>\n<p>*<\/p>\n<p>Gel zaman git zaman, sene 2010, deprem oldu, alt taraf\u0131 6 \u015fiddetinde&#8230; 400 ki\u015fiyle ba\u015flayan, \u00e7o\u011falan, il\u00e7e haline gelen Kovanc\u0131lar\u2019a ba\u011fl\u0131 k\u00f6yler, yerle bir oldu&#8230; Deprem olana kadar kimse onlar\u0131n fark\u0131nda olmad\u0131\u011f\u0131 i\u00e7in, ne yerler, ne i\u00e7erler, nerde otururlar kimse merak etmedi\u011fi i\u00e7in, 2010 senesinde h\u00e2l\u00e2 1934\u2019\u00fcn \u015fartlar\u0131n\u0131 ya\u015fad\u0131klar\u0131 i\u00e7in&#8230;<\/p>\n<p>51 can\u0131m\u0131z gitti.<\/p>\n<p>*<\/p>\n<p>Romanya, AB \u00fcyesi oldu bu arada&#8230;<\/p>\n<p>Bulgaristan, AB \u00fcyesi oldu.<\/p>\n<p>\u201c<b>Silistre<\/b>\u201dnin eski adresi de, yeni adresi de AB temellerinde oturuyor.<\/p>\n<p>*<\/p>\n<p>\u201c<b>Vatan<\/b>\u201d kerpi\u00e7 enkaz\u0131 alt\u0131nda.<\/p>\n<div class=\"zemanta-pixie\"><img data-recalc-dims=\"1\"  title=\"\" decoding=\"async\" class=\"zemanta-pixie-img\"  alt=\"pixy Vatan yahut Silistre\"  src=\"https:\/\/i0.wp.com\/img.zemanta.com\/pixy.gif?w=640\" \/><\/div>\n","protected":false},"excerpt":{"rendered":"<p>Sene 1854&#8230; Kale bizim; 10 bin ki\u015fiyiz. Rus ordusu kap\u0131ya dayanm\u0131\u015f, 80 bin ki\u015fi; bo\u011faz bo\u011faza, fena kap\u0131\u015fma oluyor&#8230; \u0130slam bey, yi\u011fit adam, ecdad\u0131nda 42 \u015fehit var, uzaktan seyretmeyi kendine yediremiyor, g\u00f6n\u00fcll\u00fc olarak kaleye gitmeye karar veriyor. \u00c2\u015f\u0131k ayn\u0131 zamanda&#8230; Sevdi\u011fine u\u011fruyor, vedala\u015f\u0131yor, duygusal durumlar ya\u015fan\u0131yor. Sevgilisi Zekiye&#8230; O da bir yi\u011fit k\u0131z&#8230; G\u00fcya u\u011furluyor [&hellip;]<\/p>\n","protected":false},"author":331,"featured_media":0,"comment_status":"open","ping_status":"open","sticky":false,"template":"","format":"standard","meta":{"advanced_seo_description":"","jetpack_seo_html_title":"","jetpack_seo_noindex":false,"ngg_post_thumbnail":0,"jetpack_post_was_ever_published":false,"_jetpack_newsletter_access":"","_jetpack_dont_email_post_to_subs":false,"_jetpack_newsletter_tier_id":0,"_jetpack_memberships_contains_paywalled_content":false,"_jetpack_memberships_contains_paid_content":false,"footnotes":""},"categories":[5],"tags":[],"class_list":["post-2095","post","type-post","status-publish","format-standard","hentry","category-haberler"],"jetpack_featured_media_url":"","jetpack_shortlink":"https:\/\/wp.me\/paHHlZ-xN","jetpack-related-posts":[{"id":780,"url":"https:\/\/www.gocmeniz.biz\/?p=780","url_meta":{"origin":2095,"position":0},"title":"T\u00fcrban takt\u0131ran okul y\u00f6netecisine s\u0131n\u0131r d\u0131\u015f\u0131","author":"Haberci","date":"16 Ocak 2009","format":false,"excerpt":"BULGAR\u0130STAN, ulusal g\u00fcvenli\u011fine tehdit te\u015fkil etti\u011fini iddia etti\u011fi T\u00fcrk as\u0131ll\u0131 bir vatanda\u015f\u0131n\u0131 s\u0131n\u0131r d\u0131\u015f\u0131 etti.Ba\u015fkent Sofya\u2019daki Y\u00fcksek \u0130slam Enstit\u00fcs\u00fc\u2019nde rekt\u00f6r yard\u0131mc\u0131s\u0131 ve M\u00fcsl\u00fcman \u00e7ocuklar\u0131n okudu\u011fu 3 \u00f6zel okulun y\u00f6neticisi olan Adem Yerinde\u2019nin, bu okullardaki k\u0131z \u00f6\u011frencilere ba\u015f\u00f6rt\u00fcs\u00fc takt\u0131rd\u0131\u011f\u0131 i\u00e7in s\u0131n\u0131r d\u0131\u015f\u0131 edildi\u011fi belirtiliyor. Ulusal g\u00fcvenlik ajans\u0131 s\u00f6zc\u00fcs\u00fc Zoya Dimitrova ise,\u2026","rel":"","context":"&quot;Haberler&quot; i\u00e7inde","block_context":{"text":"Haberler","link":"https:\/\/www.gocmeniz.biz\/?cat=5"},"img":{"alt_text":"","src":"","width":0,"height":0},"classes":[]},{"id":8389,"url":"https:\/\/www.gocmeniz.biz\/?p=8389","url_meta":{"origin":2095,"position":1},"title":"Balkanlar&#8217;da M\u00fcsl\u00fcmanlar Ramazan Bayram\u0131 namaz\u0131n\u0131 k\u0131ld\u0131","author":"Admin","date":"20 Mart 2026","format":false,"excerpt":"Balkan \u00fclkeleri Kuzey Makedonya, Arnavutluk, Kosova, Bosna Hersek, S\u0131rbistan, H\u0131rvatistan, Bulgaristan ve Karada\u011f'da ya\u015fayan M\u00fcsl\u00fcmanlar, Ramazan Bayram\u0131 namaz\u0131n\u0131 k\u0131lmak i\u00e7in camilere ak\u0131n etti. Kuzey Makedonya'da Ramazan Bayram\u0131 dolay\u0131s\u0131yla merkezi t\u00f6ren, Kuzey Makedonya \u0130slam Birli\u011fi (Diyanet \u0130\u015fleri) himayelerinde ba\u015fkent \u00dcsk\u00fcp'teki Mustafa Pa\u015fa Camisi'nde d\u00fczenlendi. Program kapsam\u0131nda ilahiler okundu, dualar edildi. Ramazan\u2026","rel":"","context":"&quot;Haberler&quot; i\u00e7inde","block_context":{"text":"Haberler","link":"https:\/\/www.gocmeniz.biz\/?cat=5"},"img":{"alt_text":"","src":"https:\/\/i0.wp.com\/www.gocmeniz.biz\/wp-content\/balkanlar-da-muslumanlar-ramazan-bayrami-nama-19673761_amp.jpg?fit=1200%2C800&ssl=1&resize=350%2C200","width":350,"height":200,"srcset":"https:\/\/i0.wp.com\/www.gocmeniz.biz\/wp-content\/balkanlar-da-muslumanlar-ramazan-bayrami-nama-19673761_amp.jpg?fit=1200%2C800&ssl=1&resize=350%2C200 1x, https:\/\/i0.wp.com\/www.gocmeniz.biz\/wp-content\/balkanlar-da-muslumanlar-ramazan-bayrami-nama-19673761_amp.jpg?fit=1200%2C800&ssl=1&resize=525%2C300 1.5x, https:\/\/i0.wp.com\/www.gocmeniz.biz\/wp-content\/balkanlar-da-muslumanlar-ramazan-bayrami-nama-19673761_amp.jpg?fit=1200%2C800&ssl=1&resize=700%2C400 2x, https:\/\/i0.wp.com\/www.gocmeniz.biz\/wp-content\/balkanlar-da-muslumanlar-ramazan-bayrami-nama-19673761_amp.jpg?fit=1200%2C800&ssl=1&resize=1050%2C600 3x"},"classes":[]},{"id":951,"url":"https:\/\/www.gocmeniz.biz\/?p=951","url_meta":{"origin":2095,"position":2},"title":"Bulgaristan&#8217;da \u0130slam K\u00fclt\u00fcr Merkezi projesi durduruldu","author":"Haberci","date":"23 Mart 2009","format":false,"excerpt":"Bulgaristan'da Y\u00fcksek \u0130dare Mahkemesi, ba\u015fkent Sofya'daki \"\u0130slam K\u00fclt\u00fcr Merkezi\" projesinin yap\u0131m\u0131n\u0131 \"mevzuata uygun olmad\u0131\u011f\u0131\" gerek\u00e7esiyle durdurdu.Kararda, in\u015faat ruhsat\u0131n\u0131n verilebilmesi i\u00e7in Sofya Belediyesinin \u0130mar ve Kentle\u015fme Dairesinde projeyle ilgili yat\u0131r\u0131m ve yap\u0131m planlar\u0131 bulunmas\u0131 gerekti\u011fi, bunlar olmad\u0131\u011f\u0131 i\u00e7in in\u015faat\u0131n yap\u0131lamayaca\u011f\u0131 bildirildi.\u0130slam Konferans\u0131 Te\u015fkilat\u0131n\u0131n (\u0130KT) deste\u011fiyle Bulgaristan M\u00fcsl\u00fcmanlar\u0131 Ba\u015fm\u00fcft\u00fcl\u00fc\u011f\u00fc taraf\u0131ndan 500 bin\u2026","rel":"","context":"&quot;Haberler&quot; i\u00e7inde","block_context":{"text":"Haberler","link":"https:\/\/www.gocmeniz.biz\/?cat=5"},"img":{"alt_text":"","src":"","width":0,"height":0},"classes":[]},{"id":762,"url":"https:\/\/www.gocmeniz.biz\/?p=762","url_meta":{"origin":2095,"position":3},"title":"BULGAR\u0130STAN D\u0130YANET G\u00d6REVL\u0130S\u0130N\u0130 SINIR DI\u015eI ETT\u0130","author":"Haberci","date":"11 Ocak 2009","format":false,"excerpt":"BULGAR\u0130STAN Y\u00d6NET\u0130M\u0130, D\u0130YANET VAKFI BULGAR\u0130STAN GENEL KOORD\u0130NAT\u00d6R\u00dc YER\u0130NDE'Y\u0130 SINIR DI\u015eI ETT\u0130.Bulgaristan y\u00f6netimi, Diyanet Vakf\u0131 Bulgaristan Genel Koordinat\u00f6r\u00fc ve Sofya Y\u00fcksek \u0130slam Enstit\u00fcs\u00fc Yard\u0131mc\u0131 Rekt\u00f6r\u00fc Adem Yerinde'yi s\u0131n\u0131r d\u0131\u015f\u0131 etti.Polis taraf\u0131ndan Cuma g\u00fcn\u00fc yabanc\u0131lar \u015fubesine \u00e7a\u011fr\u0131lan Yerinde, 3 saat s\u00fcren soru\u015fturma sonras\u0131 \u00fclkeden s\u0131n\u0131r d\u0131\u015f\u0131 edilece\u011fini \u00f6\u011frendi.S\u0131n\u0131r d\u0131\u015f\u0131 karar\u0131 ile ilgili\u2026","rel":"","context":"&quot;Haberler&quot; i\u00e7inde","block_context":{"text":"Haberler","link":"https:\/\/www.gocmeniz.biz\/?cat=5"},"img":{"alt_text":"","src":"https:\/\/i0.wp.com\/www.kircaalihaber.com\/tr_haber_images\/adem_yerinde.JPG?resize=350%2C200","width":350,"height":200},"classes":[]},{"id":944,"url":"https:\/\/www.gocmeniz.biz\/?p=944","url_meta":{"origin":2095,"position":4},"title":"MEDYA, DANS VE RAD\u0130KAL \u0130SLAM","author":"Haberci","date":"23 Mart 2009","format":false,"excerpt":"Pazartesi sabah\u0131 ortal\u0131\u011f\u0131 toz dumana \u00e7eviren \"radikal \u0130slam\" f\u0131rt\u0131nas\u0131 \u00f6\u011fleden sonra dindi. Medyan\u0131n inan\u0131lmaz g\u00fcc\u00fc sayesinde \"Bulgaristan - Yunanistan s\u0131n\u0131r\u0131na yak\u0131n b\u00f6lgeden, birisinin belediye ba\u015fkan\u0131 di\u011ferinin \u00f6\u011fretmen olmak \u00fczere 2 ki\u015finin sorgulanmak \u00fczere Ulusal i\u00e7 g\u00fcvenlik istihbarat\u0131na getirildi\u011fi\" haberi b\u00fct\u00fcn d\u00fcnyay\u0131 bir anda dola\u015f\u0131verdi. Sakin sessiz bir \u00fclkeden gelen b\u00f6yle\u2026","rel":"","context":"&quot;Haberler&quot; i\u00e7inde","block_context":{"text":"Haberler","link":"https:\/\/www.gocmeniz.biz\/?cat=5"},"img":{"alt_text":"","src":"","width":0,"height":0},"classes":[]},{"id":451,"url":"https:\/\/www.gocmeniz.biz\/?p=451","url_meta":{"origin":2095,"position":5},"title":"GLADYAT\u00d6RLER Z\u0130\u015eTOV\u0130&#8217;DE D\u00d6V\u00dc\u015eT\u00dc","author":"Haberci","date":"30 Haziran 2008","format":false,"excerpt":"Bulgaristan'\u0131n kuzeyindeki Zi\u015ftovi \u015fehri Roma gladyat\u00f6r ve askerlerin g\u00f6steri sahnesi haline geldi. Prima Legio Italica K\u00fclt\u00fcr Vakf\u0131'n\u0131n her y\u0131l farkl\u0131 \u00fclkede d\u00fczenledi\u011fi eski Roma hayat\u0131 canland\u0131rmalar\u0131 bu y\u0131l \"Tuna Boyunda Kartal\" ad\u0131 alt\u0131nda yap\u0131ld\u0131. Organizat\u00f6rler binlerce y\u0131l \u00f6ncesi bu topraklarda \u0130merator Neron taraf\u0131ndan kurulan Novae kasabas\u0131 ve Birinci \u0130talyan Lejyonu\u2026","rel":"","context":"Benzer yaz\u0131","block_context":{"text":"Benzer yaz\u0131","link":""},"img":{"alt_text":"","src":"","width":0,"height":0},"classes":[]}],"jetpack_sharing_enabled":true,"jetpack_likes_enabled":true,"_links":{"self":[{"href":"https:\/\/www.gocmeniz.biz\/index.php?rest_route=\/wp\/v2\/posts\/2095","targetHints":{"allow":["GET"]}}],"collection":[{"href":"https:\/\/www.gocmeniz.biz\/index.php?rest_route=\/wp\/v2\/posts"}],"about":[{"href":"https:\/\/www.gocmeniz.biz\/index.php?rest_route=\/wp\/v2\/types\/post"}],"author":[{"embeddable":true,"href":"https:\/\/www.gocmeniz.biz\/index.php?rest_route=\/wp\/v2\/users\/331"}],"replies":[{"embeddable":true,"href":"https:\/\/www.gocmeniz.biz\/index.php?rest_route=%2Fwp%2Fv2%2Fcomments&post=2095"}],"version-history":[{"count":1,"href":"https:\/\/www.gocmeniz.biz\/index.php?rest_route=\/wp\/v2\/posts\/2095\/revisions"}],"predecessor-version":[{"id":8651,"href":"https:\/\/www.gocmeniz.biz\/index.php?rest_route=\/wp\/v2\/posts\/2095\/revisions\/8651"}],"wp:attachment":[{"href":"https:\/\/www.gocmeniz.biz\/index.php?rest_route=%2Fwp%2Fv2%2Fmedia&parent=2095"}],"wp:term":[{"taxonomy":"category","embeddable":true,"href":"https:\/\/www.gocmeniz.biz\/index.php?rest_route=%2Fwp%2Fv2%2Fcategories&post=2095"},{"taxonomy":"post_tag","embeddable":true,"href":"https:\/\/www.gocmeniz.biz\/index.php?rest_route=%2Fwp%2Fv2%2Ftags&post=2095"}],"curies":[{"name":"wp","href":"https:\/\/api.w.org\/{rel}","templated":true}]}}