{"id":2107,"date":"2010-04-14T08:01:03","date_gmt":"2010-04-14T05:01:03","guid":{"rendered":"http:\/\/www.gocmeniz.biz\/?p=2107"},"modified":"2026-04-03T12:25:37","modified_gmt":"2026-04-03T09:25:37","slug":"eski-icisleri-bakani-raif-mustafa-hakim-karsisina-cikiyor","status":"publish","type":"post","link":"https:\/\/www.gocmeniz.biz\/?p=2107","title":{"rendered":"Eski \u0130\u00e7i\u015fleri Bakan\u0131 Raif Mustafa hakim kar\u015f\u0131s\u0131na \u00e7\u0131k\u0131yor"},"content":{"rendered":"<p><b>R\u00fc\u015fvet vermek ve yolsuzlu\u011fa yard\u0131m su\u00e7undan daha \u00f6nce hakk\u0131nda soru\u015fturma ba\u015flat\u0131lan eski \u0130\u00e7i\u015fleri Bakan Yard\u0131mc\u0131s\u0131 Raif Mustafa\u2019ya kar\u015f\u0131 a\u00e7\u0131lan davan\u0131n ilk duru\u015fmas\u0131 bug\u00fcn ger\u00e7ekle\u015ftirilecek. <\/b><\/p>\n<p>Sofya \u015eehir Mahkemesinde g\u00f6r\u00fclen davada Mustafa, Bakan Yard\u0131mc\u0131s\u0131 g\u00f6revinde bulundu\u011fu d\u00f6nemde r\u00fc\u015fvet olay\u0131na lar\u0131\u015ft\u0131\u011f\u0131 iddias\u0131yla yarg\u0131lan\u0131yor. Mustafa, hakk\u0131nda a\u00e7\u0131lan soru\u015fturma kapsam\u0131nda daha \u00f6nce 10 bin leva kefaletle serbest kalm\u0131\u015ft\u0131.<\/p>\n<div class=\"zemanta-pixie\"><img data-recalc-dims=\"1\"  title=\"\" decoding=\"async\" class=\"zemanta-pixie-img\"  alt=\"pixy Eski \u0130\u00e7i\u015fleri Bakan\u0131 Raif Mustafa hakim kar\u015f\u0131s\u0131na \u00e7\u0131k\u0131yor\"  src=\"https:\/\/i0.wp.com\/img.zemanta.com\/pixy.gif?w=640\" \/><\/div>\n","protected":false},"excerpt":{"rendered":"<p>R\u00fc\u015fvet vermek ve yolsuzlu\u011fa yard\u0131m su\u00e7undan daha \u00f6nce hakk\u0131nda soru\u015fturma ba\u015flat\u0131lan eski \u0130\u00e7i\u015fleri Bakan Yard\u0131mc\u0131s\u0131 Raif Mustafa\u2019ya kar\u015f\u0131 a\u00e7\u0131lan davan\u0131n ilk duru\u015fmas\u0131 bug\u00fcn ger\u00e7ekle\u015ftirilecek. Sofya \u015eehir Mahkemesinde g\u00f6r\u00fclen davada Mustafa, Bakan Yard\u0131mc\u0131s\u0131 g\u00f6revinde bulundu\u011fu d\u00f6nemde r\u00fc\u015fvet olay\u0131na lar\u0131\u015ft\u0131\u011f\u0131 iddias\u0131yla yarg\u0131lan\u0131yor. Mustafa, hakk\u0131nda a\u00e7\u0131lan soru\u015fturma kapsam\u0131nda daha \u00f6nce 10 bin leva kefaletle serbest kalm\u0131\u015ft\u0131.<\/p>\n","protected":false},"author":331,"featured_media":0,"comment_status":"open","ping_status":"open","sticky":false,"template":"","format":"standard","meta":{"advanced_seo_description":"","jetpack_seo_html_title":"","jetpack_seo_noindex":false,"ngg_post_thumbnail":0,"jetpack_post_was_ever_published":false,"_jetpack_newsletter_access":"","_jetpack_dont_email_post_to_subs":false,"_jetpack_newsletter_tier_id":0,"_jetpack_memberships_contains_paywalled_content":false,"_jetpack_memberships_contains_paid_content":false,"footnotes":""},"categories":[5],"tags":[],"class_list":["post-2107","post","type-post","status-publish","format-standard","hentry","category-haberler"],"jetpack_featured_media_url":"","jetpack_shortlink":"https:\/\/wp.me\/paHHlZ-xZ","jetpack-related-posts":[{"id":1395,"url":"https:\/\/www.gocmeniz.biz\/?p=1395","url_meta":{"origin":2107,"position":0},"title":"T\u00fcrk k\u00f6kenli bakan yard\u0131mc\u0131s\u0131na dava","author":"Haberci","date":"18 Haziran 2009","format":false,"excerpt":"Ad\u0131 bir yolsuzluk ve r\u00fc\u015fvet skandal\u0131na kar\u0131\u015ft\u0131\u011f\u0131 i\u00e7in bir s\u00fcre \u00f6nce g\u00f6revinden istifa eden T\u00fcrk k\u00f6kenli \u0130\u00e7i\u015fleri Bakan Yard\u0131mc\u0131s\u0131 Raif Mustafa hakk\u0131nda `r\u00fc\u015fvet istemek` su\u00e7lamas\u0131yla dava a\u00e7\u0131ld\u0131.Bulgaristan`da savc\u0131l\u0131kta ifade veren Raif Mustafa, tutuklanmas\u0131 talebiyle \u00e7\u0131kar\u0131ld\u0131\u011f\u0131 mahkeme taraf\u0131ndan 10 bin Leva(yakla\u015f\u0131k 10,8 bin TL) kefaletle serbest b\u0131rak\u0131ld\u0131.\u0130ddianamede Raif Mustafa, `Avtoinjenering` adl\u0131\u2026","rel":"","context":"&quot;Haberler&quot; i\u00e7inde","block_context":{"text":"Haberler","link":"https:\/\/www.gocmeniz.biz\/?cat=5"},"img":{"alt_text":"","src":"","width":0,"height":0},"classes":[]},{"id":1595,"url":"https:\/\/www.gocmeniz.biz\/?p=1595","url_meta":{"origin":2107,"position":1},"title":"Sofya&#8217;da bir T\u00fcrk bakan","author":"Haberci","date":"24 Temmuz 2009","format":false,"excerpt":"Borisov, k\u00fclt\u00fcr bakanl\u0131\u011f\u0131n\u0131 T\u00fcrk k\u00f6kenli heykelt\u0131ra\u015f Vejdi Ra\u015fidov\u2019a verdi. Bulgaristan\u2019da 7 Temmuz genel se\u00e7imini kazanan GERB partisinin fahri ba\u015fkan\u0131, Sofya Belediye Ba\u015fkan\u0131 Boyko Borisov, 17 ki\u015filik yeni kabine listesini cumhurba\u015fkan\u0131na sundu.Bulgaristan\u2019\u0131n T\u00fcrk n\u00fcfusunun \u00e7ifte vatanda\u015fl\u0131\u011f\u0131na ve T\u00fcrkiye\u2019nin AB \u00fcyeli\u011fine kar\u015f\u0131 \u00e7\u0131kan Borisov, k\u00fclt\u00fcr bakanl\u0131\u011f\u0131n\u0131 T\u00fcrk k\u00f6kenli heykelt\u0131ra\u015f Vejdi Ra\u015fidov\u2019a verdi.\u2026","rel":"","context":"&quot;Haberler&quot; i\u00e7inde","block_context":{"text":"Haberler","link":"https:\/\/www.gocmeniz.biz\/?cat=5"},"img":{"alt_text":"","src":"","width":0,"height":0},"classes":[]},{"id":1429,"url":"https:\/\/www.gocmeniz.biz\/?p=1429","url_meta":{"origin":2107,"position":2},"title":"Kosova Eski Ba\u015fbakan\u0131 \u00c7eku G\u00f6zalt\u0131nda","author":"Haberci","date":"25 Haziran 2009","format":false,"excerpt":"Kosova'n\u0131n eski Ba\u015fbakan\u0131 Agim \u00c7eku, Bulgaristan ile Makedonya s\u0131n\u0131r\u0131nda g\u00f6zalt\u0131na al\u0131nd\u0131.Bulgaristan \u0130\u00e7i\u015fleri Bakanl\u0131\u011f\u0131 s\u00f6zc\u00fcs\u00fc Diana Yankulova, \u0130nterpol taraf\u0131ndan k\u0131rm\u0131z\u0131 b\u00fcltenle aranan \u00c7eku'nun Bulgaristan'a giri\u015f yaparken yakaland\u0131\u011f\u0131n\u0131 a\u00e7\u0131klad\u0131.S\u0131rbistan'\u0131n ba\u015fvurusu \u00fczerine Agim \u00c7eku \u0130nterpol taraf\u0131ndan arananlan listesine al\u0131nm\u0131\u015ft\u0131. Belgrad y\u00f6netimi \u00c7eku'yu ba\u011f\u0131ms\u0131zl\u0131k sava\u015f\u0131 s\u0131ras\u0131nda H\u0131rvatistan'da ve Kosova'da, Arnavut gerillalar\u0131n lideri oldu\u011fu s\u0131rada\u2026","rel":"","context":"&quot;Haberler&quot; i\u00e7inde","block_context":{"text":"Haberler","link":"https:\/\/www.gocmeniz.biz\/?cat=5"},"img":{"alt_text":"","src":"","width":0,"height":0},"classes":[]},{"id":1718,"url":"https:\/\/www.gocmeniz.biz\/?p=1718","url_meta":{"origin":2107,"position":3},"title":"Bulgaristan s\u0131n\u0131r polis m\u00fcd\u00fcr\u00fc g\u00f6revinden al\u0131nd\u0131","author":"Haberci","date":"21 A\u011fustos 2009","format":false,"excerpt":"Bulgaristan S\u0131n\u0131r Polisi Genel M\u00fcd\u00fcr\u00fc Komiser Krasimir Petrov'un g\u00f6revden al\u0131nd\u0131\u011f\u0131 a\u00e7\u0131kland\u0131.Ba\u015fbakan Yard\u0131mc\u0131s\u0131 ve \u0130\u00e7i\u015fleri Bakan\u0131 Tzvetan Tzvetanov, Bulgar Ulusal Haber Ajans\u0131na (BTA) yapt\u0131\u011f\u0131 a\u00e7\u0131klamada, baz\u0131 s\u0131n\u0131r kap\u0131lar\u0131nda yolsuzluklar yap\u0131ld\u0131\u011f\u0131 ve sorunlar bulundu\u011fu s\u00f6ylentileri \u00fczerine Petrov'un g\u00f6revine son verme karar ald\u0131\u011f\u0131n\u0131 s\u00f6yledi.Bakanl\u0131k m\u00fcfetti\u015fleriyle g\u00f6r\u00fc\u015ft\u00fckten sonra ald\u0131\u011f\u0131 karar\u0131n do\u011fru oldu\u011funa inand\u0131\u011f\u0131n\u0131 ifade\u2026","rel":"","context":"&quot;Haberler&quot; i\u00e7inde","block_context":{"text":"Haberler","link":"https:\/\/www.gocmeniz.biz\/?cat=5"},"img":{"alt_text":"","src":"","width":0,"height":0},"classes":[]},{"id":1301,"url":"https:\/\/www.gocmeniz.biz\/?p=1301","url_meta":{"origin":2107,"position":4},"title":"Yas g\u00fcn\u00fcnde e\u011flenen bakan yard\u0131mc\u0131s\u0131na tepki","author":"Haberci","date":"30 May\u0131s 2009","format":false,"excerpt":"Bulgaristan'da, trafik kazas\u0131nda 17 ki\u015finin hayat\u0131n\u0131 kaybetmesi \u00fczerine ilan edilen ulusal yas g\u00fcn\u00fcnde, \u0130\u00e7i\u015fleri Bakan Yard\u0131mc\u0131s\u0131 Rumen Andreev'in bir do\u011fum g\u00fcn\u00fc e\u011flencesine kat\u0131lmas\u0131 tepki \u00e7ekti.Ba\u015fkent Emniyet M\u00fcd\u00fcrl\u00fc\u011f\u00fc Tehlikeli Maddeler Denetim Masas\u0131 \u015eefi Ventzi Rangelov'un do\u011fum g\u00fcn\u00fcn\u00fc kutlamak \u00fczere Sofya'n\u0131n en l\u00fcks lokantalardan biri olan Continental Paza'daki e\u011flenceye kat\u0131lan Andreev'in istifas\u0131n\u0131n\u2026","rel":"","context":"&quot;Haberler&quot; i\u00e7inde","block_context":{"text":"Haberler","link":"https:\/\/www.gocmeniz.biz\/?cat=5"},"img":{"alt_text":"","src":"","width":0,"height":0},"classes":[]},{"id":1153,"url":"https:\/\/www.gocmeniz.biz\/?p=1153","url_meta":{"origin":2107,"position":5},"title":"T\u00fcrkler i\u00e7in tehlikeli bir yol","author":"Haberci","date":"03 May\u0131s 2009","format":false,"excerpt":"Bulgaristan'da 24 ya\u015f\u0131ndaki bir erkek, kimli\u011fi bilinmeyen maskeli ki\u015filer taraf\u0131ndan ka\u00e7\u0131r\u0131ld\u0131.\u0130\u00e7i\u015fleri Bakanl\u0131\u011f\u0131 yetkilileri, 24 ya\u015f\u0131ndaki ki\u015finin, Eski Za\u011fara kentindeki bir al\u0131\u015fveri\u015f merkezinin \u00f6n\u00fcnde maskeli ki\u015filer taraf\u0131ndan zorla bir otomobilin i\u00e7ine bindirildi\u011finin belirlendi\u011fini bildirdi.\u00dclkede son bir ayda 4 ki\u015fi ka\u00e7\u0131r\u0131ld\u0131. Sofya'da ka\u00e7\u0131r\u0131lan i\u015f adam\u0131 Kiro Kirov, fidye kar\u015f\u0131l\u0131\u011f\u0131nda serbest b\u0131rak\u0131lm\u0131\u015ft\u0131. Kirov'dan\u2026","rel":"","context":"&quot;Haberler&quot; i\u00e7inde","block_context":{"text":"Haberler","link":"https:\/\/www.gocmeniz.biz\/?cat=5"},"img":{"alt_text":"","src":"","width":0,"height":0},"classes":[]}],"jetpack_sharing_enabled":true,"jetpack_likes_enabled":true,"_links":{"self":[{"href":"https:\/\/www.gocmeniz.biz\/index.php?rest_route=\/wp\/v2\/posts\/2107","targetHints":{"allow":["GET"]}}],"collection":[{"href":"https:\/\/www.gocmeniz.biz\/index.php?rest_route=\/wp\/v2\/posts"}],"about":[{"href":"https:\/\/www.gocmeniz.biz\/index.php?rest_route=\/wp\/v2\/types\/post"}],"author":[{"embeddable":true,"href":"https:\/\/www.gocmeniz.biz\/index.php?rest_route=\/wp\/v2\/users\/331"}],"replies":[{"embeddable":true,"href":"https:\/\/www.gocmeniz.biz\/index.php?rest_route=%2Fwp%2Fv2%2Fcomments&post=2107"}],"version-history":[{"count":1,"href":"https:\/\/www.gocmeniz.biz\/index.php?rest_route=\/wp\/v2\/posts\/2107\/revisions"}],"predecessor-version":[{"id":8921,"href":"https:\/\/www.gocmeniz.biz\/index.php?rest_route=\/wp\/v2\/posts\/2107\/revisions\/8921"}],"wp:attachment":[{"href":"https:\/\/www.gocmeniz.biz\/index.php?rest_route=%2Fwp%2Fv2%2Fmedia&parent=2107"}],"wp:term":[{"taxonomy":"category","embeddable":true,"href":"https:\/\/www.gocmeniz.biz\/index.php?rest_route=%2Fwp%2Fv2%2Fcategories&post=2107"},{"taxonomy":"post_tag","embeddable":true,"href":"https:\/\/www.gocmeniz.biz\/index.php?rest_route=%2Fwp%2Fv2%2Ftags&post=2107"}],"curies":[{"name":"wp","href":"https:\/\/api.w.org\/{rel}","templated":true}]}}