{"id":2109,"date":"2010-04-14T08:01:56","date_gmt":"2010-04-14T05:01:56","guid":{"rendered":"http:\/\/www.gocmeniz.biz\/?p=2109"},"modified":"2026-04-03T12:25:37","modified_gmt":"2026-04-03T09:25:37","slug":"bulgar-sosyalist-partisi-kapilarini-turklere-acma-karari-aldi","status":"publish","type":"post","link":"https:\/\/www.gocmeniz.biz\/?p=2109","title":{"rendered":"Bulgar Sosyalist Partisi, kap\u0131lar\u0131n\u0131 T\u00fcrklere a\u00e7ma karar\u0131 ald\u0131"},"content":{"rendered":"<p><b>Bulgar Sosyalist Partisi (BSP) Genel Ba\u015fkan\u0131 Sergey Stani\u015fev, partinin kap\u0131lar\u0131n\u0131 T\u00fcrklere a\u00e7ma karar\u0131 ald\u0131\u011f\u0131n\u0131 s\u00f6yledi.<\/b><\/p>\n<p>K\u0131rcaali ziyareti s\u0131ras\u0131nda, BSP\u2019nin T\u00fcrklerin aras\u0131na girmesi gerekti\u011fini belirten Stani\u015fev, bu az\u0131nl\u0131\u011fa mensup ki\u015filerin parti \u00fcyeli\u011fine davet ederek yerel ve merkezi y\u00f6netimde s\u00f6z hakk\u0131 tan\u0131nmas\u0131 gerekti\u011fini vurgulad\u0131. <\/p>\n<div class=\"zemanta-pixie\"><img data-recalc-dims=\"1\"  title=\"\" decoding=\"async\" class=\"zemanta-pixie-img\"  alt=\"pixy Bulgar Sosyalist Partisi, kap\u0131lar\u0131n\u0131 T\u00fcrklere a\u00e7ma karar\u0131 ald\u0131\"  src=\"https:\/\/i0.wp.com\/img.zemanta.com\/pixy.gif?w=640\" \/><\/div>\n","protected":false},"excerpt":{"rendered":"<p>Bulgar Sosyalist Partisi (BSP) Genel Ba\u015fkan\u0131 Sergey Stani\u015fev, partinin kap\u0131lar\u0131n\u0131 T\u00fcrklere a\u00e7ma karar\u0131 ald\u0131\u011f\u0131n\u0131 s\u00f6yledi. K\u0131rcaali ziyareti s\u0131ras\u0131nda, BSP\u2019nin T\u00fcrklerin aras\u0131na girmesi gerekti\u011fini belirten Stani\u015fev, bu az\u0131nl\u0131\u011fa mensup ki\u015filerin parti \u00fcyeli\u011fine davet ederek yerel ve merkezi y\u00f6netimde s\u00f6z hakk\u0131 tan\u0131nmas\u0131 gerekti\u011fini vurgulad\u0131.<\/p>\n","protected":false},"author":331,"featured_media":0,"comment_status":"open","ping_status":"open","sticky":false,"template":"","format":"standard","meta":{"advanced_seo_description":"","jetpack_seo_html_title":"","jetpack_seo_noindex":false,"ngg_post_thumbnail":0,"jetpack_post_was_ever_published":false,"_jetpack_newsletter_access":"","_jetpack_dont_email_post_to_subs":false,"_jetpack_newsletter_tier_id":0,"_jetpack_memberships_contains_paywalled_content":false,"_jetpack_memberships_contains_paid_content":false,"footnotes":""},"categories":[5],"tags":[],"class_list":["post-2109","post","type-post","status-publish","format-standard","hentry","category-haberler"],"jetpack_featured_media_url":"","jetpack_shortlink":"https:\/\/wp.me\/paHHlZ-y1","jetpack-related-posts":[{"id":513,"url":"https:\/\/www.gocmeniz.biz\/?p=513","url_meta":{"origin":2109,"position":0},"title":"Bulgaristan Ba\u015fbakan\u0131 Edirne\u2019de kilise a\u00e7t\u0131","author":"Haberci","date":"15 Eyl\u00fcl 2008","format":false,"excerpt":"Bulgaristan Ba\u015fbakan\u0131 Sergay Stani\u015fev, onar\u0131m\u0131 tamamlanan Edirne\u2019deki 140 y\u0131ll\u0131k Eleni Klisesi\u2019nin a\u00e7\u0131l\u0131\u015f\u0131n\u0131, K\u00fclt\u00fcr ve Turizm Bakan\u0131 Ertu\u011frul G\u00fcnay ile birlikte yapt\u0131.Bulgaristan Sosyalist Partisi Genel Ba\u015fkan\u0131 ve Ba\u015fbakan Sergay Stani\u015fev, d\u00fcn sabah saat 10.30\u2019da karayolu ile T\u00fcrkiye\u2019ye geldi. Kap\u0131kule\u2019den giri\u015f yapt\u0131ktan sonra, Abdurrahman Mahallesi\u2019nde bulunan Eleni Klisesi\u2019ne gelen Ba\u015fbakan Stani\u015fev\u2019i, burada\u2026","rel":"","context":"&quot;Haberler&quot; i\u00e7inde","block_context":{"text":"Haberler","link":"https:\/\/www.gocmeniz.biz\/?cat=5"},"img":{"alt_text":"","src":"","width":0,"height":0},"classes":[]},{"id":1357,"url":"https:\/\/www.gocmeniz.biz\/?p=1357","url_meta":{"origin":2109,"position":1},"title":"Jivkov`un torunu aday olmay\u0131nca k\u0131zd\u0131","author":"Haberci","date":"12 Haziran 2009","format":false,"excerpt":"Aday listesinde isminin yer almamas\u0131ndan dolay\u0131 hayal k\u0131r\u0131kl\u0131\u011f\u0131na u\u011frad\u0131\u011f\u0131n\u0131 kaydeden Jivkova, `Ge\u00e7 de olsa siyasetin benim i\u00e7in olmad\u0131\u011f\u0131n\u0131 anlad\u0131m` diye konu\u015ftu.Bulgaristan`da 1989 y\u0131l\u0131nda devrilen kom\u00fcnist diktat\u00f6r Todor Jivkov`un torunu Evgeniya Jivkova (44), 5 Temmuzda yap\u0131lacak genel se\u00e7imlerde partisi taraf\u0131ndan milletvekili aday\u0131 g\u00f6sterilmeyince siyaseti b\u0131rakma karar\u0131 ald\u0131.Bulgaristan`da 1989 y\u0131l\u0131nda ya\u015fanan rejim\u2026","rel":"","context":"&quot;Haberler&quot; i\u00e7inde","block_context":{"text":"Haberler","link":"https:\/\/www.gocmeniz.biz\/?cat=5"},"img":{"alt_text":"","src":"https:\/\/i0.wp.com\/image.haber7.com\/haber\/haber7\/photos\/182820080818114155230.jpg?resize=350%2C200","width":350,"height":200},"classes":[]},{"id":1890,"url":"https:\/\/www.gocmeniz.biz\/?p=1890","url_meta":{"origin":2109,"position":2},"title":"Bulgaristan eski ba\u015fbakan\u0131 Stani\u015fev`in dokunulmazl\u0131\u011f\u0131n\u0131n kald\u0131r\u0131lmas istendi","author":"Haberci","date":"05 Kas\u0131m 2009","format":false,"excerpt":"Ana muhalefet Bulgaristan Sosyalist Partisi (BSP) Bas\u0131n Merkezi de, Vel\u00e7ev`in a\u00e7t\u0131rd\u0131\u011f\u0131 soru\u015fturma kapsam\u0131nda milletvekili olan eski ba\u015fbakan\u0131n dokunulmazl\u0131\u011f\u0131n\u0131n kald\u0131r\u0131lmas\u0131n\u0131 talep etti\u011finin \u00f6\u011frenildi\u011fini bildirdi.Stani\u015fev ise Vel\u00e7ev`in ilgili talebini beklemeden dokunulmazl\u0131\u011f\u0131n\u0131n kald\u0131r\u0131lmas\u0131 i\u00e7in Parlamento Ba\u015fkanl\u0131\u011f\u0131na ba\u015fvurdu. Dokunulmazl\u0131\u011f\u0131n\u0131n kald\u0131r\u0131labilece\u011fini \u00f6\u011frenir \u00f6\u011frenmez a\u00e7\u0131klama yapan Stani\u015fev, su\u00e7suz oldu\u011funu belirterek, adalet sisteminin \u00e7al\u0131\u015fmalar\u0131n\u0131 engel olmak istemedi\u011fini\u2026","rel":"","context":"&quot;Haberler&quot; i\u00e7inde","block_context":{"text":"Haberler","link":"https:\/\/www.gocmeniz.biz\/?cat=5"},"img":{"alt_text":"","src":"","width":0,"height":0},"classes":[]},{"id":1585,"url":"https:\/\/www.gocmeniz.biz\/?p=1585","url_meta":{"origin":2109,"position":3},"title":"Bulgaristan`da h\u00fck\u00fcmetin istifas\u0131 kabul edildi","author":"Haberci","date":"23 Temmuz 2009","format":false,"excerpt":"Bulgaristan`da 7 Temmuzda yap\u0131lan genel se\u00e7imden sonra olu\u015fturulan 240 sandalyeli 41. parlamento, Sergey Stani\u015fev ba\u015fbakanl\u0131\u011f\u0131ndaki h\u00fck\u00fcmetin istifas\u0131n\u0131 kabul etti. Sergey Stani\u015fev`in yeni parlamentonun 14 Temmuzda yap\u0131lan ilk oturumunda verdi\u011fi istifa dilek\u00e7esi i\u00e7in bug\u00fcn oylama yap\u0131ld\u0131. Stani\u015fev`in istifas\u0131, oylamaya kat\u0131lan 209 milletvekilinin oybirli\u011fi ile kabul edildi. Anayasa gere\u011fi, Stani\u015fev h\u00fck\u00fcmeti, yeni\u2026","rel":"","context":"&quot;Haberler&quot; i\u00e7inde","block_context":{"text":"Haberler","link":"https:\/\/www.gocmeniz.biz\/?cat=5"},"img":{"alt_text":"","src":"","width":0,"height":0},"classes":[]},{"id":13,"url":"https:\/\/www.gocmeniz.biz\/?p=13","url_meta":{"origin":2109,"position":4},"title":"Bulgar gazetelerinde bug\u00fcn. 26 \u015eubat 2007, Pazartesi","author":"Admin","date":"26 \u015eubat 2007","format":false,"excerpt":"GENEL VE POL\u0130T\u0130KA - H\u00fck\u00fcmetin kabul etti\u011fi trafik g\u00fcvenli\u011fi program\u0131 gere\u011fince, ana yollardaki tabelalar temmuz ay\u0131na kadar de\u011fi\u015ftirilecek. Yeni levhalardaki isimlerin Latince de yaz\u0131lmas\u0131 planlan\u0131yor. (24 \u00c7asa) - Bulgaristan Gazete Yay\u0131nc\u0131lar\u0131 Birli\u011fi, milliyet\u00e7i Ataka partisi lideri Volen Siderov'un ve partisinin sempatizanlar\u0131n\u0131n hafta sonunda iki gazete ofisine girmesini tehlikeli ve \u00e7irkin\u2026","rel":"","context":"&quot;Haberler&quot; i\u00e7inde","block_context":{"text":"Haberler","link":"https:\/\/www.gocmeniz.biz\/?cat=5"},"img":{"alt_text":"","src":"","width":0,"height":0},"classes":[]},{"id":623,"url":"https:\/\/www.gocmeniz.biz\/?p=623","url_meta":{"origin":2109,"position":5},"title":"BULGAR\u0130STAN IRAK&#8217;TAK\u0130 ASKER\u0130 B\u0130RL\u0130\u011e\u0130N\u0130 GER\u0130 \u00c7EK\u0130YOR","author":"Haberci","date":"14 Kas\u0131m 2008","format":false,"excerpt":"Bulgaristan Savunma bakan\u0131 Nikolay Tzonev, \u00fclkenin Irak'ta bulundurdu\u011fu askeri birli\u011fini y\u0131l sonuna kadar geri \u00e7ekece\u011fini bildirdi.Tzonev, Bulgar h\u00fck\u00fcmetinin bug\u00fcn, birlik personelinin 15 ile 20 Aral\u0131k tarihleri aras\u0131nda iki u\u00e7ak seferi ile yurda d\u00f6nmesine karar verdi\u011fini a\u00e7\u0131klad\u0131.Ba\u015fbakan Sergey Stani\u015fev de Irak, Afganistan, Kosova ve Bosna Hersek'de asker bulunduran Bulgaristan'\u0131n Irak'taki g\u00f6revini\u2026","rel":"","context":"&quot;Haberler&quot; i\u00e7inde","block_context":{"text":"Haberler","link":"https:\/\/www.gocmeniz.biz\/?cat=5"},"img":{"alt_text":"","src":"","width":0,"height":0},"classes":[]}],"jetpack_sharing_enabled":true,"jetpack_likes_enabled":true,"_links":{"self":[{"href":"https:\/\/www.gocmeniz.biz\/index.php?rest_route=\/wp\/v2\/posts\/2109","targetHints":{"allow":["GET"]}}],"collection":[{"href":"https:\/\/www.gocmeniz.biz\/index.php?rest_route=\/wp\/v2\/posts"}],"about":[{"href":"https:\/\/www.gocmeniz.biz\/index.php?rest_route=\/wp\/v2\/types\/post"}],"author":[{"embeddable":true,"href":"https:\/\/www.gocmeniz.biz\/index.php?rest_route=\/wp\/v2\/users\/331"}],"replies":[{"embeddable":true,"href":"https:\/\/www.gocmeniz.biz\/index.php?rest_route=%2Fwp%2Fv2%2Fcomments&post=2109"}],"version-history":[{"count":1,"href":"https:\/\/www.gocmeniz.biz\/index.php?rest_route=\/wp\/v2\/posts\/2109\/revisions"}],"predecessor-version":[{"id":8920,"href":"https:\/\/www.gocmeniz.biz\/index.php?rest_route=\/wp\/v2\/posts\/2109\/revisions\/8920"}],"wp:attachment":[{"href":"https:\/\/www.gocmeniz.biz\/index.php?rest_route=%2Fwp%2Fv2%2Fmedia&parent=2109"}],"wp:term":[{"taxonomy":"category","embeddable":true,"href":"https:\/\/www.gocmeniz.biz\/index.php?rest_route=%2Fwp%2Fv2%2Fcategories&post=2109"},{"taxonomy":"post_tag","embeddable":true,"href":"https:\/\/www.gocmeniz.biz\/index.php?rest_route=%2Fwp%2Fv2%2Ftags&post=2109"}],"curies":[{"name":"wp","href":"https:\/\/api.w.org\/{rel}","templated":true}]}}