{"id":2111,"date":"2010-04-14T08:02:56","date_gmt":"2010-04-14T05:02:56","guid":{"rendered":"http:\/\/www.gocmeniz.biz\/?p=2111"},"modified":"2026-04-03T12:17:06","modified_gmt":"2026-04-03T09:17:06","slug":"kemal-eyup-bulgaristanda-turklere-ve-romenlere-karsi-ayrimcilik-yapiliyor","status":"publish","type":"post","link":"https:\/\/www.gocmeniz.biz\/?p=2111","title":{"rendered":"Kemal Ey\u00fcp: Bulgaristan\u2019da T\u00fcrklere ve Romenlere kar\u015f\u0131 ayr\u0131mc\u0131l\u0131k yap\u0131l\u0131yor"},"content":{"rendered":"<p><b>Etnik Az\u0131nl\u0131\u011fa Mensup Kad\u0131n\u0131n Avrupa\u2019daki Sosyal Entegrasyonu Avrupa Parlamentosu AP Kad\u0131n Haklar\u0131 ve Cinsiyet E\u015fitli\u011fi Komisyonu&#8217;nda ele al\u0131nd\u0131.<\/b><\/p>\n<p>Oturuma bir\u00e7ok AP Milletvekilinin yan\u0131 s\u0131ra Bulgaristan Cumhuriyeti Ayr\u0131mc\u0131l\u0131\u011fa Kar\u015f\u0131 Koruma Komisyonu Ba\u015fkan\u0131 Kemal Ey\u00fcp, Danimarka Kad\u0131n ve Cinsiyet Bilgi Merkezi\u2019nden Elisabeth MOLLER JENSEN, Avrupa Kad\u0131n Lobisi\u2019nden Amandine Bach kat\u0131ld\u0131. Oturum, ba\u015fkanl\u0131\u011f\u0131n\u0131 AP Kad\u0131n Haklar\u0131 ve Cinsiyet E\u015fitli\u011fi Komitesi Yard\u0131mc\u0131 Ba\u015fkan\u0131 Elisabeth Morin-Chartier yapt\u0131. Oturumda bir konu\u015fma yapan Kemal Ey\u00fcp, T\u00fcrkler\u0131n 600 senedir ve Romenler de \u00e7ok uzun zamand\u0131r Bulgaristan topraklar\u0131nda ya\u015f\u0131d\u0131\u011f\u0131n\u0131 belirterek, \u2018Onlar g\u00f6\u00e7men de\u011filler. Buna ra\u011fmen Bulgaristan\u2019da T\u00fcrklere ve Romenlere kar\u015f\u0131 yap\u0131lan ayr\u0131mc\u0131l\u0131\u011f\u0131 biliyoruz. Bunun nedeni a\u015f\u0131lamayan \u00f6nyarg\u0131lar. Onyarg\u0131ya neden olan ise e\u011fitim eksikli\u011fi. Bununla ilgili olarak anaokulundan itibaren u\u011fra\u015f\u0131p \u00e7ocuklara a\u015f\u0131lamal\u0131y\u0131z. Romenlerle ayn\u0131 s\u0131rada oturmay\u0131 reddeden Bulgar \u00f6\u011frenciler var. Sa\u011fl\u0131k sekt\u00f6r\u00fcnde bile korkun\u00e7 \u015feyler oldu, kasten geciktirilen ambulanslar y\u00fcz\u00fcnden bir \u00e7ok hazin \u00f6l\u00fcm ya\u015fand\u0131. Daha ge\u00e7en ay 16-17 ya\u015f\u0131nda bir \u00e7ift birbirini seven gen\u00e7 Bulgar ve Romen korkudan kendilerini hareket halinde olan bir trenin alt\u0131na att\u0131lar\u2019, dedi.<\/p>\n<div class=\"zemanta-pixie\"><img data-recalc-dims=\"1\"  title=\"\" decoding=\"async\" class=\"zemanta-pixie-img\"  alt=\"pixy Kemal Ey\u00fcp: Bulgaristan\u2019da T\u00fcrklere ve Romenlere kar\u015f\u0131 ayr\u0131mc\u0131l\u0131k yap\u0131l\u0131yor\"  src=\"https:\/\/i0.wp.com\/img.zemanta.com\/pixy.gif?w=640\" \/><\/div>\n","protected":false},"excerpt":{"rendered":"<p>Etnik Az\u0131nl\u0131\u011fa Mensup Kad\u0131n\u0131n Avrupa\u2019daki Sosyal Entegrasyonu Avrupa Parlamentosu AP Kad\u0131n Haklar\u0131 ve Cinsiyet E\u015fitli\u011fi Komisyonu&#8217;nda ele al\u0131nd\u0131. Oturuma bir\u00e7ok AP Milletvekilinin yan\u0131 s\u0131ra Bulgaristan Cumhuriyeti Ayr\u0131mc\u0131l\u0131\u011fa Kar\u015f\u0131 Koruma Komisyonu Ba\u015fkan\u0131 Kemal Ey\u00fcp, Danimarka Kad\u0131n ve Cinsiyet Bilgi Merkezi\u2019nden Elisabeth MOLLER JENSEN, Avrupa Kad\u0131n Lobisi\u2019nden Amandine Bach kat\u0131ld\u0131. Oturum, ba\u015fkanl\u0131\u011f\u0131n\u0131 AP Kad\u0131n Haklar\u0131 ve Cinsiyet [&hellip;]<\/p>\n","protected":false},"author":331,"featured_media":0,"comment_status":"open","ping_status":"open","sticky":false,"template":"","format":"standard","meta":{"advanced_seo_description":"","jetpack_seo_html_title":"","jetpack_seo_noindex":false,"ngg_post_thumbnail":0,"jetpack_post_was_ever_published":false,"_jetpack_newsletter_access":"","_jetpack_dont_email_post_to_subs":false,"_jetpack_newsletter_tier_id":0,"_jetpack_memberships_contains_paywalled_content":false,"_jetpack_memberships_contains_paid_content":false,"footnotes":""},"categories":[5],"tags":[],"class_list":["post-2111","post","type-post","status-publish","format-standard","hentry","category-haberler"],"jetpack_featured_media_url":"","jetpack_shortlink":"https:\/\/wp.me\/paHHlZ-y3","jetpack-related-posts":[{"id":507,"url":"https:\/\/www.gocmeniz.biz\/?p=507","url_meta":{"origin":2111,"position":0},"title":"Avrupa Parlamentosu\u2019nda Jivkov y\u00fczle\u015fmesi","author":"Haberci","date":"11 Eyl\u00fcl 2008","format":false,"excerpt":"BURSA'da kurulu BAHAD'\u0131n (Balkanlar'da Adalet Haklar K\u00fclt\u00fcr ve Dayan\u0131\u015fma Derne\u011fi), 1984- 1989 y\u0131llar\u0131 aras\u0131nda Jivkov d\u00f6neminde Bulgaristan'da T\u00fcrkler'e uygulanan asimilasyon ve zorunlu g\u00f6\u00e7le ilgili Avrupa Birli\u011fi yetkili organlar\u0131nda s\u00fcrd\u00fcrd\u00fc\u011f\u00fc hukuk m\u00fccadelesi sonu\u00e7 veriyor. Soyda\u015flar, Avrupa Parlamentosu\u2019ndan gelen davet \u00fczerine Strasbourg\u2019ta, Bulgaristan heyetiyle bir araya gelecek. BAHAD Ba\u015fkan Yard\u0131mc\u0131s\u0131 Nas\u0131f Mutlu,\u2026","rel":"","context":"&quot;Haberler&quot; i\u00e7inde","block_context":{"text":"Haberler","link":"https:\/\/www.gocmeniz.biz\/?cat=5"},"img":{"alt_text":"","src":"","width":0,"height":0},"classes":[]},{"id":825,"url":"https:\/\/www.gocmeniz.biz\/?p=825","url_meta":{"origin":2111,"position":1},"title":"Bulgaristan&#8217;da T\u00fcrklere a\u015fa\u011f\u0131lama !","author":"Haberci","date":"07 \u015eubat 2009","format":false,"excerpt":"Sofya Belediye Ba\u015fkan\u0131 Boyko Borisov'a \u00fclkede ya\u015fayan T\u00fcrkleri 'k\u00f6t\u00fc insan malzemesi' diye tan\u0131mlad\u0131.Bulgaristan'\u0131n ba\u015fkenti Sofya'n\u0131n Belediye Ba\u015fkan\u0131 Boyko Borisov, ABD'de ya\u015fayan Bulgarlara hitaben Chicago'da yapt\u0131\u011f\u0131 bir konu\u015fmada, \u00fclkesinde ya\u015fayan T\u00fcrkleri, \"k\u00f6t\u00fc insan malzemesi\" diye tan\u0131mlad\u0131.\u0130ngiliz Daily Telegraph gazetesinin haberine g\u00f6re, \u0131rk\u00e7\u0131 Avrupa Geli\u015fimi \u0130\u00e7in Bulgaristan Vatanda\u015flar\u0131 (GERB) Partisi'nin gayr\u0131resmi lideri\u2026","rel":"","context":"&quot;Haberler&quot; i\u00e7inde","block_context":{"text":"Haberler","link":"https:\/\/www.gocmeniz.biz\/?cat=5"},"img":{"alt_text":"","src":"https:\/\/i0.wp.com\/www.dunyabulteni.net\/images\/news\/57780.jpg?resize=350%2C200","width":350,"height":200},"classes":[]},{"id":172,"url":"https:\/\/www.gocmeniz.biz\/?p=172","url_meta":{"origin":2111,"position":2},"title":"Bulgar Irk\u00e7\u0131lara T\u00fcrk Yan\u0131t\u0131","author":"Admin","date":"02 Eyl\u00fcl 2007","format":false,"excerpt":"Kendilerine \"Ayy\u0131ld\u0131z Team\" ad\u0131n\u0131 veren bir grup T\u00fcrk internet korsan\u0131, \"Bulgaristan\u2019da \u0131rk\u00e7\u0131 ve a\u015f\u0131r\u0131 milliyet\u00e7ilerin T\u00fcrklere kar\u015f\u0131 s\u00f6ylem ve eylemlerini protesto amac\u0131yla\" iki bakanl\u0131\u011fa ait internet sitesine sald\u0131r\u0131 d\u00fczenledi. Bulgaristan Tar\u0131m ve Orman Bakanl\u0131\u011f\u0131 ile Bulgaristan B\u00f6lgesel Kalk\u0131nma Bakanl\u0131\u011f\u0131n\u0131n web siteleri \"Ayy\u0131ld\u0131z Team\" taraf\u0131ndan bu sabah bloke edildi. Bu iki\u2026","rel":"","context":"&quot;Haberler&quot; i\u00e7inde","block_context":{"text":"Haberler","link":"https:\/\/www.gocmeniz.biz\/?cat=5"},"img":{"alt_text":"","src":"https:\/\/i0.wp.com\/resimler.haberler.com\/haber\/560\/bulgar-irkcilara-turk-yaniti_o.jpg?resize=350%2C200","width":350,"height":200},"classes":[]},{"id":1962,"url":"https:\/\/www.gocmeniz.biz\/?p=1962","url_meta":{"origin":2111,"position":3},"title":"Bulgarlar\u0131 \u00e7\u0131ld\u0131rtt\u0131!","author":"Haberci","date":"30 Kas\u0131m 2009","format":false,"excerpt":"\u2018T\u00fcrkler size soyk\u0131r\u0131m falan yapmad\u0131, tarihiniz uydurma!\u2019VATAN DI\u015e HABERLERBerlin Do\u011fu Avrupa Entit\u00fcs\u00fc\u2019nde g\u00f6revli Avusturyal\u0131 tarih\u00e7i Ulf Brunbauer, Sofya\u2019da verdi\u011fi konferansta, \u201cOsmanl\u0131 y\u00f6netimi alt\u0131ndaki Bulgaristan\u2019\u0131n tarih kitaplar\u0131nda yazan hali uydurmad\u0131r. Bulgar isyan\u0131 s\u0131ras\u0131nda Batak\u2019ta soyk\u0131r\u0131m oldu\u011fu iddialar\u0131 da as\u0131ls\u0131zd\u0131r\u201d deyince Bulgar \u0131rk\u00e7\u0131lar \u00e7\u0131ld\u0131rd\u0131.Bulgaristan\u2019\u0131n Osmanl\u0131 egemenli\u011finde bulundu\u011fu s\u0131ralarda \u00fclkenin Batak k\u00f6y\u00fcnde, 131\u2026","rel":"","context":"&quot;Haberler&quot; i\u00e7inde","block_context":{"text":"Haberler","link":"https:\/\/www.gocmeniz.biz\/?cat=5"},"img":{"alt_text":"","src":"","width":0,"height":0},"classes":[]},{"id":2326,"url":"https:\/\/www.gocmeniz.biz\/?p=2326","url_meta":{"origin":2111,"position":4},"title":"A\u0130HM Bulgaristan&#8217;\u0131 mahkum etti","author":"Haberci","date":"25 \u015eubat 2015","format":false,"excerpt":"A\u0130HM, Sofya'da cami cemaatine sald\u0131ran a\u015f\u0131r\u0131 sa\u011fc\u0131 parti ATAKA militanlar\u0131na m\u00fcdahale etmeyen Bulgaristan'a ceza verdi.Avrupa \u0130nsan Haklar\u0131 Mahkemesi (A\u0130HM), ba\u015fkent Sofya'da cami \u00f6n\u00fcnde cemaate sald\u0131ran a\u015f\u0131r\u0131 sa\u011fc\u0131 parti ATAKA militanlar\u0131na m\u00fcdahale etmeyen ve gerekli yasal i\u015flemleri yapmayan Bulgaristan'\u0131 mahkum etti. Bulgaristan'da ya\u015fanan olay\u0131n ma\u011fdurlar\u0131ndan 1976 do\u011fumlu Veli Karaahmed'in 2013 y\u0131l\u0131nda\u2026","rel":"","context":"&quot;Haberler&quot; i\u00e7inde","block_context":{"text":"Haberler","link":"https:\/\/www.gocmeniz.biz\/?cat=5"},"img":{"alt_text":"","src":"https:\/\/i0.wp.com\/img.hurriyet.com.tr\/_np\/8650\/28038650.jpg?resize=350%2C200","width":350,"height":200},"classes":[]},{"id":866,"url":"https:\/\/www.gocmeniz.biz\/?p=866","url_meta":{"origin":2111,"position":5},"title":"Avrupa Sofya&#8217;y\u0131 T\u00fcrk Az\u0131nl\u0131k Konusunda Uyard\u0131","author":"Haberci","date":"25 \u015eubat 2009","format":false,"excerpt":"Merkezi Strasbourg'da bulunan ve alan\u0131nda Avrupa'n\u0131n devletleraras\u0131 referans organ\u0131 olan \"Avrupa Irk\u00e7\u0131l\u0131k ve Ho\u015fg\u00f6r\u00fcs\u00fczl\u00fckle M\u00fccadele Komisyonu\" (ECRI) Bulgaristan'la ilgili denetim raporunu bug\u00fcn a\u00e7\u0131klad\u0131.Raporda, Bulgaristan'daki a\u015f\u0131r\u0131 sa\u011fc\u0131 parti ve siyasilerin son zamanlarda etnik ve dinsel grup olarak T\u00fcrkleri hedef alan ve kendilerini \u00fclke i\u00e7in tehdit olarak g\u00f6steren politik s\u00f6ylemlerinin \"endi\u015fe verici\"\u2026","rel":"","context":"&quot;Haberler&quot; i\u00e7inde","block_context":{"text":"Haberler","link":"https:\/\/www.gocmeniz.biz\/?cat=5"},"img":{"alt_text":"","src":"","width":0,"height":0},"classes":[]}],"jetpack_sharing_enabled":true,"jetpack_likes_enabled":true,"_links":{"self":[{"href":"https:\/\/www.gocmeniz.biz\/index.php?rest_route=\/wp\/v2\/posts\/2111","targetHints":{"allow":["GET"]}}],"collection":[{"href":"https:\/\/www.gocmeniz.biz\/index.php?rest_route=\/wp\/v2\/posts"}],"about":[{"href":"https:\/\/www.gocmeniz.biz\/index.php?rest_route=\/wp\/v2\/types\/post"}],"author":[{"embeddable":true,"href":"https:\/\/www.gocmeniz.biz\/index.php?rest_route=\/wp\/v2\/users\/331"}],"replies":[{"embeddable":true,"href":"https:\/\/www.gocmeniz.biz\/index.php?rest_route=%2Fwp%2Fv2%2Fcomments&post=2111"}],"version-history":[{"count":1,"href":"https:\/\/www.gocmeniz.biz\/index.php?rest_route=\/wp\/v2\/posts\/2111\/revisions"}],"predecessor-version":[{"id":8649,"href":"https:\/\/www.gocmeniz.biz\/index.php?rest_route=\/wp\/v2\/posts\/2111\/revisions\/8649"}],"wp:attachment":[{"href":"https:\/\/www.gocmeniz.biz\/index.php?rest_route=%2Fwp%2Fv2%2Fmedia&parent=2111"}],"wp:term":[{"taxonomy":"category","embeddable":true,"href":"https:\/\/www.gocmeniz.biz\/index.php?rest_route=%2Fwp%2Fv2%2Fcategories&post=2111"},{"taxonomy":"post_tag","embeddable":true,"href":"https:\/\/www.gocmeniz.biz\/index.php?rest_route=%2Fwp%2Fv2%2Ftags&post=2111"}],"curies":[{"name":"wp","href":"https:\/\/api.w.org\/{rel}","templated":true}]}}