{"id":2113,"date":"2010-04-26T10:01:58","date_gmt":"2010-04-26T07:01:58","guid":{"rendered":"http:\/\/www.gocmeniz.biz\/?p=2113"},"modified":"2026-04-03T12:17:06","modified_gmt":"2026-04-03T09:17:06","slug":"uclu-balkan-zirvesi-istanbulda-yapildi","status":"publish","type":"post","link":"https:\/\/www.gocmeniz.biz\/?p=2113","title":{"rendered":"\u00dc\u00e7l\u00fc Balkan Zirvesi \u0130stanbul&#8217;da yap\u0131ld\u0131"},"content":{"rendered":"<p><a href=\"https:\/\/i0.wp.com\/imggaleri.hurriyet.com.tr\/LiveImages%5CFoto%20Haber%5C196%5C%C3%9C%C3%A7l%C3%BC%20Balkan%20Zirvesi%5CA24144933.jpg\"><img data-recalc-dims=\"1\"  title=\"\"  alt=\"LiveImages%5CFoto%20Haber%5C196%5C%C3%9C%C3%A7l%C3%BC%20Balkan%20Zirvesi%5CA24144933 \u00dc\u00e7l\u00fc Balkan Zirvesi \u0130stanbul&#039;da yap\u0131ld\u0131\" loading=\"lazy\" decoding=\"async\" style=\"max-width: 800px; float: left; margin-top: 10px; margin-bottom: 10px; margin-right: 10px;\" src=\"https:\/\/i0.wp.com\/imggaleri.hurriyet.com.tr\/LiveImages%5CFoto%20Haber%5C196%5C%C3%9C%C3%A7l%C3%BC%20Balkan%20Zirvesi%5CA24144933.jpg?resize=276%2C196\" width=\"276\" height=\"196\" \/><\/a><b>A.A.<br \/>Cumhurba\u015fkan\u0131 Abdullah G\u00fcl&#8217;\u00fcn ev sahipli\u011finde d\u00fczenlenen &#8220;\u00dc\u00e7l\u00fc Balkan Zirvesi&#8221;nde aile foto\u011fraf\u0131 \u00e7ektirdi.<\/b><\/p>\n<p>\u00c7\u0131ra\u011fan Saray\u0131 Bosphorus Salonu&#8217;nda yap\u0131lan ve yakla\u015f\u0131k 1 saat 15 dakika s\u00fcren zirvenin ard\u0131ndan liderler, aile foto\u011fraf\u0131 \u00e7ekimi i\u00e7in saray\u0131n teras\u0131na ge\u00e7ti.<\/p>\n<p>Aile foto\u011fraf\u0131nda Cumhurba\u015fkan\u0131 G\u00fcl, aralar\u0131nda yer ald\u0131\u011f\u0131 Bosna Hersek Cumhurba\u015fkanl\u0131\u011f\u0131 Konseyi Ba\u015fkan\u0131 Haris Sladzi\u00e7 ve S\u0131rbistan Cumhurba\u015fkan\u0131 Boris Tadi\u00e7&#8217;in ellerinden tutarak poz verdi.<\/p>\n<p>Foto\u011frafta, liderlerle birlikte D\u0131\u015fi\u015fleri Bakan\u0131 Ahmet Davuto\u011flu, S\u0131rbistan D\u0131\u015fi\u015fleri Bakan\u0131 Vuk Jeremi\u00e7 ile Bosna Hersek D\u0131\u015fi\u015fleri Bakan\u0131 Sven Alkalaj da yer ald\u0131.<\/p>\n<p>Daha sonra liderler bir s\u00fcre \u0130stanbul Bo\u011faz\u0131&#8217;n\u0131 ve \u00c7\u0131ra\u011fan Saray\u0131&#8217;n\u0131 inceledi.<\/p>\n<p>Ard\u0131ndan kat\u0131l\u0131mc\u0131lar balkonda da birlikte el ele tutu\u015farak poz verdi.<\/p>\n<div class=\"zemanta-pixie\"><img data-recalc-dims=\"1\"  title=\"\" decoding=\"async\" class=\"zemanta-pixie-img\"  alt=\"pixy \u00dc\u00e7l\u00fc Balkan Zirvesi \u0130stanbul&#039;da yap\u0131ld\u0131\"  src=\"https:\/\/i0.wp.com\/img.zemanta.com\/pixy.gif?w=640\" \/><\/div>\n","protected":false},"excerpt":{"rendered":"<p>A.A.Cumhurba\u015fkan\u0131 Abdullah G\u00fcl&#8217;\u00fcn ev sahipli\u011finde d\u00fczenlenen &#8220;\u00dc\u00e7l\u00fc Balkan Zirvesi&#8221;nde aile foto\u011fraf\u0131 \u00e7ektirdi. \u00c7\u0131ra\u011fan Saray\u0131 Bosphorus Salonu&#8217;nda yap\u0131lan ve yakla\u015f\u0131k 1 saat 15 dakika s\u00fcren zirvenin ard\u0131ndan liderler, aile foto\u011fraf\u0131 \u00e7ekimi i\u00e7in saray\u0131n teras\u0131na ge\u00e7ti. Aile foto\u011fraf\u0131nda Cumhurba\u015fkan\u0131 G\u00fcl, aralar\u0131nda yer ald\u0131\u011f\u0131 Bosna Hersek Cumhurba\u015fkanl\u0131\u011f\u0131 Konseyi Ba\u015fkan\u0131 Haris Sladzi\u00e7 ve S\u0131rbistan Cumhurba\u015fkan\u0131 Boris Tadi\u00e7&#8217;in ellerinden tutarak [&hellip;]<\/p>\n","protected":false},"author":331,"featured_media":0,"comment_status":"open","ping_status":"open","sticky":false,"template":"","format":"standard","meta":{"advanced_seo_description":"","jetpack_seo_html_title":"","jetpack_seo_noindex":false,"ngg_post_thumbnail":0,"jetpack_post_was_ever_published":false,"_jetpack_newsletter_access":"","_jetpack_dont_email_post_to_subs":false,"_jetpack_newsletter_tier_id":0,"_jetpack_memberships_contains_paywalled_content":false,"_jetpack_memberships_contains_paid_content":false,"footnotes":""},"categories":[5],"tags":[],"class_list":["post-2113","post","type-post","status-publish","format-standard","hentry","category-haberler"],"jetpack_featured_media_url":"","jetpack_shortlink":"https:\/\/wp.me\/paHHlZ-y5","jetpack-related-posts":[{"id":1099,"url":"https:\/\/www.gocmeniz.biz\/?p=1099","url_meta":{"origin":2113,"position":0},"title":"G\u00fcl, do\u011falgaz zirvesi i\u00e7in Sofya&#8217;da","author":"Haberci","date":"25 Nisan 2009","format":false,"excerpt":"Cumhurba\u015fkan\u0131 Abdullah G\u00fcl, ''Avrupa \u0130\u00e7in Do\u011falgaz: G\u00fcvenlik ve Ortakl\u0131k'' zirvesine kat\u0131lmak \u00fczere Bulgaristan'\u0131n ba\u015fkenti Sofya'ya geldi.Cumhurba\u015fkan\u0131 G\u00fcl'\u00fc Sofya Havaliman\u0131'nda T\u00fcrkiye'nin Sofya B\u00fcy\u00fckel\u00e7isi Mehmet G\u00fcc\u00fck ve di\u011fer ilgililer kar\u015f\u0131lad\u0131.Cumhurba\u015fkan\u0131 G\u00fcl ile birlikte Enerji ve Tabii Kaynaklar Bakan\u0131 Hilmi G\u00fcler de Sofya'ya geldi.Sofya'daki Ulusal K\u00fclt\u00fcr Saray\u0131'nda d\u00fczenlenen zirvenin bug\u00fcnk\u00fc oturumunda bir konu\u015fma\u2026","rel":"","context":"&quot;Haberler&quot; i\u00e7inde","block_context":{"text":"Haberler","link":"https:\/\/www.gocmeniz.biz\/?cat=5"},"img":{"alt_text":"","src":"","width":0,"height":0},"classes":[]},{"id":179,"url":"https:\/\/www.gocmeniz.biz\/?p=179","url_meta":{"origin":2113,"position":1},"title":"Babacan, Bulgaristan&#8217;da Balkan \u00dclkeleri D\u0131\u015fi\u015fleri Bakanlar\u0131 Toplant\u0131s\u0131na Kat\u0131ld\u0131","author":"Admin","date":"15 Eyl\u00fcl 2007","format":false,"excerpt":"D\u00f6nem Ba\u015fkanl\u0131\u011f\u0131 Bulgaristan taraf\u0131ndan y\u00fcr\u00fct\u00fclen G\u00fcneydo\u011fu Avrupa \u00dclkeleri \u0130\u015fbirli\u011fi S\u00fcreci'nin (GDA\u00dc) Gayriresmi D\u0131\u015fi\u015fleri Bakanlar\u0131 Toplant\u0131s\u0131 Bulgaristan'da yap\u0131ld\u0131. Bulgaristan'\u0131n ba\u015fkenti Sofya'dan hareket eden, Bulgar \u00c7ar\u0131 3. Boris'e ait \"Korona Ekspresi\" adl\u0131 trende ba\u015flayan toplant\u0131 Filipe'de (Plovdiv) sona erdi. T\u00fcrkiye, D\u0131\u015fi\u015fleri Bakan\u0131 ve Ba\u015fm\u00fczakereci Ali Babacan'\u0131n ba\u015fkanl\u0131k etti\u011fi bir heyet taraf\u0131ndan temsil\u2026","rel":"","context":"&quot;Haberler&quot; i\u00e7inde","block_context":{"text":"Haberler","link":"https:\/\/www.gocmeniz.biz\/?cat=5"},"img":{"alt_text":"","src":"https:\/\/i0.wp.com\/resimler.haberler.com\/haber\/732\/babacan-bulgaristan-da-balkan-ulkeleri-disisleri_o.jpg?resize=350%2C200","width":350,"height":200},"classes":[]},{"id":1993,"url":"https:\/\/www.gocmeniz.biz\/?p=1993","url_meta":{"origin":2113,"position":2},"title":"S\u0131rbistan AB \u00fcyeli\u011fi i\u00e7in resmen ba\u015fvuracak","author":"Haberci","date":"21 Aral\u0131k 2009","format":false,"excerpt":"S\u0131rbistan, Avrupa Birli\u011fi'ne (AB) \u00fcyelik i\u00e7in bu hafta resmi ba\u015fvuruda bulunacak. AB d\u00f6nem ba\u015fkan\u0131 \u0130sve\u00e7'in D\u0131\u015fi\u015fleri Bakan\u0131 Carl Bildt, internet sitesinde yer alan yaz\u0131s\u0131nda, S\u0131rbistan Devlet Ba\u015fkan\u0131 Boris Tadi\u00e7'in AB'ye \u00fcyelik i\u00e7in resmi ba\u015fvuruda bulunmak \u00fczere sal\u0131 g\u00fcn\u00fc Stockholm'e gelece\u011fini bildirdi. Bildt'in yaz\u0131s\u0131nda, \u201cA\u00e7\u0131k\u00e7as\u0131, bu S\u0131rbistan i\u00e7in tarihi ve \u00f6nemli\u2026","rel":"","context":"&quot;Haberler&quot; i\u00e7inde","block_context":{"text":"Haberler","link":"https:\/\/www.gocmeniz.biz\/?cat=5"},"img":{"alt_text":"","src":"","width":0,"height":0},"classes":[]},{"id":418,"url":"https:\/\/www.gocmeniz.biz\/?p=418","url_meta":{"origin":2113,"position":3},"title":"1. BALKAN \u015eENL\u0130\u011e\u0130 \u0130\u00c7\u0130N 10 \u00dcLKEDEN 163 TEMS\u0130LC\u0130 GEL\u0130YOR","author":"Admin","date":"11 Haziran 2008","format":false,"excerpt":"Buca Belediyesi ve \u0130zmir Balkan Dernekleri Federasyonu i\u015fbirli\u011finde d\u00fczenlenen Birinci Uluslararas\u0131 Rumeli \u015eenli\u011fi i\u00e7in haz\u0131rl\u0131klar son a\u015famaya geldi. Ba\u015fbakan Recep Tayyip Erdo\u011fan'\u0131n da kat\u0131laca\u011f\u0131 \u015fenlik i\u00e7in zengin i\u00e7erikli bir program haz\u0131rland\u0131. D\u00f6rd\u00fcnc\u00fc Uluslararas\u0131 T\u00fcrkiye Balkan \u00dclkeleri Ticaret ve Turizm Paneliyle birle\u015ftirilen Rumeli \u015eenli\u011fine; Kosova, Arnavutluk, Bulgaristan, Bosna Hersek, Yunanistan, Slovenya,\u2026","rel":"","context":"Benzer yaz\u0131","block_context":{"text":"Benzer yaz\u0131","link":""},"img":{"alt_text":"","src":"","width":0,"height":0},"classes":[]},{"id":425,"url":"https:\/\/www.gocmeniz.biz\/?p=425","url_meta":{"origin":2113,"position":4},"title":"BUCA&#8217;DA RUMEL\u0130 \u015eENL\u0130\u011e\u0130 BUG\u00dcN BA\u015eLIYOR","author":"Haberci","date":"13 Haziran 2008","format":false,"excerpt":"Buca Belediye Ba\u015fkan\u0131 Cemil \u015eeboy, bu y\u0131l birincisi d\u00fczenlenen Rumeli \u015eenli\u011fi i\u00e7in yap\u0131lan haz\u0131rl\u0131klarla yak\u0131ndan ilgileniyor. Buca Belediyesi ve \u0130zmir Balkan Dernekleri Federasyonu i\u015fbirli\u011finde d\u00fczenlenen Birinci Uluslararas\u0131 Rumeli \u015eenli\u011fi bug\u00fcn ba\u015fl\u0131yor. \u015eenli\u011fe Ba\u015fbakan Recep Tayyip Erdo\u011fan'\u0131n da kat\u0131lacak olmas\u0131 nedeniyle herhangi bir aksakl\u0131\u011f\u0131n ya\u015fanmamas\u0131 i\u00e7in her t\u00fcrl\u00fc tedbir al\u0131nd\u0131. Belediye\u2026","rel":"","context":"Benzer yaz\u0131","block_context":{"text":"Benzer yaz\u0131","link":""},"img":{"alt_text":"","src":"","width":0,"height":0},"classes":[]},{"id":682,"url":"https:\/\/www.gocmeniz.biz\/?p=682","url_meta":{"origin":2113,"position":5},"title":"Balkan-Avrupa kriz i\u015fbirli\u011fi","author":"Haberci","date":"16 Aral\u0131k 2008","format":false,"excerpt":"T\u00fcm d\u00fcnyay\u0131 etkisi alt\u0131na alan ekonomik krizin hasar\u0131n\u0131 hafifletebilmek i\u00e7in Avrupa ve Balkan \u00fclkeleri aras\u0131nda i\u015fbirli\u011fi anla\u015fmalar\u0131 imzaland\u0131.\u0130ske\u00e7e Ticaret ve Sanayi Odas\u0131 evsahipli\u011finde d\u00fczenlenen toplant\u0131ya T\u00fcrkiye, Yunanistan, Romanya, Bulgaristan, Bosna-Hersek, Moldova, K\u0131br\u0131s, Letonya ve \u0130talya \u00fclkeleri ad\u0131na \u0130zmir Ticaret Odas\u0131, \u0130ske\u00e7e Ticaret ve Sanayi Odas\u0131, B\u00fckre\u015f Ticaret ve Sanayi Odas\u0131,\u2026","rel":"","context":"&quot;Haberler&quot; i\u00e7inde","block_context":{"text":"Haberler","link":"https:\/\/www.gocmeniz.biz\/?cat=5"},"img":{"alt_text":"","src":"","width":0,"height":0},"classes":[]}],"jetpack_sharing_enabled":true,"jetpack_likes_enabled":true,"_links":{"self":[{"href":"https:\/\/www.gocmeniz.biz\/index.php?rest_route=\/wp\/v2\/posts\/2113","targetHints":{"allow":["GET"]}}],"collection":[{"href":"https:\/\/www.gocmeniz.biz\/index.php?rest_route=\/wp\/v2\/posts"}],"about":[{"href":"https:\/\/www.gocmeniz.biz\/index.php?rest_route=\/wp\/v2\/types\/post"}],"author":[{"embeddable":true,"href":"https:\/\/www.gocmeniz.biz\/index.php?rest_route=\/wp\/v2\/users\/331"}],"replies":[{"embeddable":true,"href":"https:\/\/www.gocmeniz.biz\/index.php?rest_route=%2Fwp%2Fv2%2Fcomments&post=2113"}],"version-history":[{"count":1,"href":"https:\/\/www.gocmeniz.biz\/index.php?rest_route=\/wp\/v2\/posts\/2113\/revisions"}],"predecessor-version":[{"id":8648,"href":"https:\/\/www.gocmeniz.biz\/index.php?rest_route=\/wp\/v2\/posts\/2113\/revisions\/8648"}],"wp:attachment":[{"href":"https:\/\/www.gocmeniz.biz\/index.php?rest_route=%2Fwp%2Fv2%2Fmedia&parent=2113"}],"wp:term":[{"taxonomy":"category","embeddable":true,"href":"https:\/\/www.gocmeniz.biz\/index.php?rest_route=%2Fwp%2Fv2%2Fcategories&post=2113"},{"taxonomy":"post_tag","embeddable":true,"href":"https:\/\/www.gocmeniz.biz\/index.php?rest_route=%2Fwp%2Fv2%2Ftags&post=2113"}],"curies":[{"name":"wp","href":"https:\/\/api.w.org\/{rel}","templated":true}]}}