{"id":2115,"date":"2010-04-26T10:03:48","date_gmt":"2010-04-26T07:03:48","guid":{"rendered":"http:\/\/www.gocmeniz.biz\/?p=2115"},"modified":"2026-04-03T12:25:37","modified_gmt":"2026-04-03T09:25:37","slug":"bulgaristanda-benzin-istasyonunda-patlama","status":"publish","type":"post","link":"https:\/\/www.gocmeniz.biz\/?p=2115","title":{"rendered":"Bulgaristan&#8217;da benzin istasyonunda patlama"},"content":{"rendered":"<p><i>A.A<\/i><br \/><b>Bulgaristan&#8217;\u0131n Rus\u00e7uk kentinde bir benzin istasyonunda meydana gelen patlamada 2 ki\u015finin \u00f6ld\u00fc\u011f\u00fc, biri a\u011f\u0131r 3 ki\u015finin de yaraland\u0131\u011f\u0131 a\u00e7\u0131kland\u0131.<\/b><\/p>\n<p>\u0130\u00e7i\u015fleri bakanl\u0131\u011f\u0131 taraf\u0131ndan yap\u0131lan a\u00e7\u0131klamada, patlaman\u0131n, iki g\u00f6revlinin yeralt\u0131nda bulunan bo\u015f bir yak\u0131t tank\u0131n\u0131 temizlerken meydana geldi\u011fi, \u00f6len ve yaralananlar\u0131n istasyon g\u00f6revlisi oldu\u011fu kaydedildi.<\/p>\n<p>Bu arada patlamada \u00e7\u0131kan yang\u0131n\u0131n s\u00f6nd\u00fcr\u00fclmesinde g\u00f6rev yapan itfaiye ekibinden iki ki\u015finin de zehirlenerek hastaneye kald\u0131r\u0131ld\u0131\u011f\u0131 bildirildi.<\/p>\n<p>Rus\u00e7uk b\u00f6lge savc\u0131l\u0131\u011f\u0131n\u0131n olayla ilgili soru\u015fturma ba\u015flatt\u0131\u011f\u0131 belirtildi.<\/p>\n<div class=\"zemanta-pixie\"><img data-recalc-dims=\"1\"  title=\"\" decoding=\"async\" class=\"zemanta-pixie-img\"  alt=\"pixy Bulgaristan&#039;da benzin istasyonunda patlama\"  src=\"https:\/\/i0.wp.com\/img.zemanta.com\/pixy.gif?w=640\" \/><\/div>\n","protected":false},"excerpt":{"rendered":"<p>A.ABulgaristan&#8217;\u0131n Rus\u00e7uk kentinde bir benzin istasyonunda meydana gelen patlamada 2 ki\u015finin \u00f6ld\u00fc\u011f\u00fc, biri a\u011f\u0131r 3 ki\u015finin de yaraland\u0131\u011f\u0131 a\u00e7\u0131kland\u0131. \u0130\u00e7i\u015fleri bakanl\u0131\u011f\u0131 taraf\u0131ndan yap\u0131lan a\u00e7\u0131klamada, patlaman\u0131n, iki g\u00f6revlinin yeralt\u0131nda bulunan bo\u015f bir yak\u0131t tank\u0131n\u0131 temizlerken meydana geldi\u011fi, \u00f6len ve yaralananlar\u0131n istasyon g\u00f6revlisi oldu\u011fu kaydedildi. Bu arada patlamada \u00e7\u0131kan yang\u0131n\u0131n s\u00f6nd\u00fcr\u00fclmesinde g\u00f6rev yapan itfaiye ekibinden iki ki\u015finin [&hellip;]<\/p>\n","protected":false},"author":331,"featured_media":0,"comment_status":"open","ping_status":"open","sticky":false,"template":"","format":"standard","meta":{"advanced_seo_description":"","jetpack_seo_html_title":"","jetpack_seo_noindex":false,"ngg_post_thumbnail":0,"jetpack_post_was_ever_published":false,"_jetpack_newsletter_access":"","_jetpack_dont_email_post_to_subs":false,"_jetpack_newsletter_tier_id":0,"_jetpack_memberships_contains_paywalled_content":false,"_jetpack_memberships_contains_paid_content":false,"footnotes":""},"categories":[5],"tags":[],"class_list":["post-2115","post","type-post","status-publish","format-standard","hentry","category-haberler"],"jetpack_featured_media_url":"","jetpack_shortlink":"https:\/\/wp.me\/paHHlZ-y7","jetpack-related-posts":[{"id":847,"url":"https:\/\/www.gocmeniz.biz\/?p=847","url_meta":{"origin":2115,"position":0},"title":"\u00dc\u00e7 ki\u015fiyi \u00f6ld\u00fcren alkoll\u00fc s\u00fcr\u00fcc\u00fcye, 11 y\u0131l hapis","author":"Haberci","date":"21 \u015eubat 2009","format":false,"excerpt":"\u0130ZM\u0130R'in Menderes \u0130l\u00e7esi'nde, yakla\u015f\u0131k 1 y\u0131l \u00f6nce otomobiliyle 137 promil alkoll\u00fc olarak ters y\u00f6ne girerek yol a\u00e7t\u0131\u011f\u0131 kazada, 3 ki\u015finin \u00f6l\u00fcm\u00fcne, 2 ki\u015finin de yaralanmas\u0131na neden olan Beysim Beysimo\u011flu, 11 y\u0131l 3 ay hapis cezas\u0131na \u00e7arpt\u0131r\u0131ld\u0131.Menderes \u0130l\u00e7esi, Derek\u00f6y K\u00f6y\u00fc yak\u0131nlar\u0131nda, 26 Aral\u0131k 2007 tarihinde meydana gelen kazada, 34 ya\u015f\u0131ndaki Beysim\u2026","rel":"","context":"&quot;Haberler&quot; i\u00e7inde","block_context":{"text":"Haberler","link":"https:\/\/www.gocmeniz.biz\/?cat=5"},"img":{"alt_text":"","src":"","width":0,"height":0},"classes":[]},{"id":1191,"url":"https:\/\/www.gocmeniz.biz\/?p=1191","url_meta":{"origin":2115,"position":1},"title":"Bulgaristan&#8217;da mafya hesapla\u015fmas\u0131","author":"Haberci","date":"09 May\u0131s 2009","format":false,"excerpt":"Bulgaristan'\u0131n ba\u015fkenti Sofya'da d\u00fczenlenen silahl\u0131 sald\u0131r\u0131da 1 ki\u015fi \u00f6ld\u00fc, 1 ki\u015fi de a\u011f\u0131r yaraland\u0131.\u0130\u00e7i\u015fleri Bakanl\u0131\u011f\u0131ndan edinilen bilgiye g\u00f6re, Sofya'n\u0131n Boyana semtindeki bir lokantan\u0131n \u00f6n\u00fcnde isimleri a\u00e7\u0131klanmayan 2 ki\u015fi, ara\u00e7lar\u0131n\u0131n i\u00e7inde silahl\u0131 sald\u0131r\u0131ya u\u011frad\u0131.G\u00f6rg\u00fc tan\u0131klar\u0131na g\u00f6re bir ki\u015fi oldu\u011fu belirlenen silahl\u0131 sald\u0131rgan\u0131n a\u00e7t\u0131\u011f\u0131 ate\u015f sonucu otomobildeki iki ki\u015fiden biri olay yerinde\u2026","rel":"","context":"&quot;Haberler&quot; i\u00e7inde","block_context":{"text":"Haberler","link":"https:\/\/www.gocmeniz.biz\/?cat=5"},"img":{"alt_text":"","src":"","width":0,"height":0},"classes":[]},{"id":1775,"url":"https:\/\/www.gocmeniz.biz\/?p=1775","url_meta":{"origin":2115,"position":2},"title":"Makedonya&#8217;da gemi kazas\u0131, 20 \u00f6l\u00fc","author":"Haberci","date":"07 Eyl\u00fcl 2009","format":false,"excerpt":"Makedonya'da Ohri g\u00f6l\u00fcnde meydana gelen ve 20 ki\u015finin \u00f6ld\u00fc\u011f\u00fc gemi kazas\u0131nda turistleri ta\u015f\u0131yan \"\u0130linden\" adl\u0131 geminin, 1924 yap\u0131m\u0131 oldu\u011fu bildirildi.Bulgaristan D\u0131\u015fi\u015fleri Bakanl\u0131\u011f\u0131 s\u00f6zc\u00fcs\u00fc Dragovest Goranov, kesin \u00f6l\u00fc say\u0131s\u0131n\u0131n Makedon makamlar\u0131ndan halen beklendi\u011fini, dolayl\u0131 yoldan gelen bilgilere g\u00f6re \u00f6lenlerin say\u0131s\u0131n\u0131n en az 20 oldu\u011funu s\u00f6yledi.Yurtd\u0131\u015f\u0131ndaki Bulgarlardan sorumlu Devlet Bakan\u0131 Bojidar Dimitrov,\u2026","rel":"","context":"&quot;Haberler&quot; i\u00e7inde","block_context":{"text":"Haberler","link":"https:\/\/www.gocmeniz.biz\/?cat=5"},"img":{"alt_text":"","src":"","width":0,"height":0},"classes":[]},{"id":2007,"url":"https:\/\/www.gocmeniz.biz\/?p=2007","url_meta":{"origin":2115,"position":3},"title":"Bulgar gazeteci suikasta kurban gitti","author":"Haberci","date":"06 Ocak 2010","format":false,"excerpt":"A.A. \u00a0\u00a0\u00a0 Bulgaristan'\u0131n ba\u015fkenti Sofya'da meydana gelen silahl\u0131 \u00e7at\u0131\u015fmada gazeteci Bobi Tzankov'un \u00f6ld\u00fcr\u00fcld\u00fc\u011f\u00fc, Tzankov'un koruma g\u00f6revlisi oldu\u011fu tahmin edilen iki ki\u015finin yaraland\u0131\u011f\u0131 bildirildi.Bulgaristan Ulusal Radyosu (BNR), kentin en kalabal\u0131k yerlerinden Adalet Saray\u0131 \u00f6n\u00fcnde \u00f6\u011fle saatlerinde 5 ki\u015fi aras\u0131nda silahl\u0131 \u00e7at\u0131\u015fma \u00e7\u0131kt\u0131\u011f\u0131n\u0131 belirtti. BNR, polisin b\u00f6lgede ola\u011fan\u00fcst\u00fc g\u00fcvenlik \u00f6nlemleri ald\u0131\u011f\u0131n\u0131, ka\u00e7may\u0131\u2026","rel":"","context":"&quot;Haberler&quot; i\u00e7inde","block_context":{"text":"Haberler","link":"https:\/\/www.gocmeniz.biz\/?cat=5"},"img":{"alt_text":"","src":"","width":0,"height":0},"classes":[]},{"id":477,"url":"https:\/\/www.gocmeniz.biz\/?p=477","url_meta":{"origin":2115,"position":4},"title":"BULGAR\u0130STAN&#8217;DA MAFYA EYLEMLER\u0130 DEVAM ED\u0130YOR","author":"Haberci","date":"30 Temmuz 2008","format":false,"excerpt":"Bulgaristan'da, mafya ile ba\u011flant\u0131l\u0131 oldu\u011fu san\u0131lan iki sald\u0131r\u0131da bir ki\u015fi ya\u015fam\u0131n\u0131 yitirdi.Ba\u015fkent Sofya'n\u0131n do\u011fusundaki Kazanl\u0131k kentinde sab\u0131kal\u0131 oldu\u011fu bildirilen Tot\u00f6 Totev (36) adl\u0131 bir ki\u015finin, kimli\u011fi belirlenemeyen tetik\u00e7ilerce \u00f6ld\u00fcr\u00fcld\u00fc\u011f\u00fc bildirildi. Medyan\u0131n haberlerine g\u00f6re, uyu\u015fturucu ve fuhu\u015f sekt\u00f6r\u00fcnde \u00e7e\u015fitli su\u00e7 olaylar\u0131na kar\u0131\u015fmaktan sab\u0131kal\u0131 olan Totev, evinin \u00f6n\u00fcnde kur\u015funland\u0131.Sofya'n\u0131n 70 kilometre kuzeyindeki\u2026","rel":"","context":"&quot;Haberler&quot; i\u00e7inde","block_context":{"text":"Haberler","link":"https:\/\/www.gocmeniz.biz\/?cat=5"},"img":{"alt_text":"","src":"","width":0,"height":0},"classes":[]},{"id":188,"url":"https:\/\/www.gocmeniz.biz\/?p=188","url_meta":{"origin":2115,"position":5},"title":"Avc\u0131lar&#8217;da Patlama","author":"Admin","date":"08 Ekim 2007","format":false,"excerpt":"Avc\u0131lar'da bir \u00e7\u00f6p konteyn\u0131r\u0131na b\u0131rak\u0131lan ve 1'i a\u011f\u0131r 5 ki\u015finin yaralanmas\u0131na neden olan bomban\u0131n, b\u00f6lgede devriye g\u00f6revi yapan polis ekibinin ge\u00e7i\u015fi esnas\u0131nda patlat\u0131ld\u0131\u011f\u0131 ortaya \u00e7\u0131kt\u0131. Ses bombas\u0131 olarak alg\u0131lanan patlaman\u0131n ise par\u00e7a tesirli ve uzaktan kumandal\u0131 bir d\u00fczene\u011fe sahip oldu\u011fu ileri s\u00fcr\u00fcld\u00fc. Edinilen bilgiye g\u00f6re patlama, o esnada devriye g\u00f6revi\u2026","rel":"","context":"&quot;Haberler&quot; i\u00e7inde","block_context":{"text":"Haberler","link":"https:\/\/www.gocmeniz.biz\/?cat=5"},"img":{"alt_text":"","src":"https:\/\/i0.wp.com\/resimler.haberler.com\/haber\/622\/avcilar-da-patlama-2_o.jpg?resize=350%2C200","width":350,"height":200},"classes":[]}],"jetpack_sharing_enabled":true,"jetpack_likes_enabled":true,"_links":{"self":[{"href":"https:\/\/www.gocmeniz.biz\/index.php?rest_route=\/wp\/v2\/posts\/2115","targetHints":{"allow":["GET"]}}],"collection":[{"href":"https:\/\/www.gocmeniz.biz\/index.php?rest_route=\/wp\/v2\/posts"}],"about":[{"href":"https:\/\/www.gocmeniz.biz\/index.php?rest_route=\/wp\/v2\/types\/post"}],"author":[{"embeddable":true,"href":"https:\/\/www.gocmeniz.biz\/index.php?rest_route=\/wp\/v2\/users\/331"}],"replies":[{"embeddable":true,"href":"https:\/\/www.gocmeniz.biz\/index.php?rest_route=%2Fwp%2Fv2%2Fcomments&post=2115"}],"version-history":[{"count":1,"href":"https:\/\/www.gocmeniz.biz\/index.php?rest_route=\/wp\/v2\/posts\/2115\/revisions"}],"predecessor-version":[{"id":8919,"href":"https:\/\/www.gocmeniz.biz\/index.php?rest_route=\/wp\/v2\/posts\/2115\/revisions\/8919"}],"wp:attachment":[{"href":"https:\/\/www.gocmeniz.biz\/index.php?rest_route=%2Fwp%2Fv2%2Fmedia&parent=2115"}],"wp:term":[{"taxonomy":"category","embeddable":true,"href":"https:\/\/www.gocmeniz.biz\/index.php?rest_route=%2Fwp%2Fv2%2Fcategories&post=2115"},{"taxonomy":"post_tag","embeddable":true,"href":"https:\/\/www.gocmeniz.biz\/index.php?rest_route=%2Fwp%2Fv2%2Ftags&post=2115"}],"curies":[{"name":"wp","href":"https:\/\/api.w.org\/{rel}","templated":true}]}}