{"id":2117,"date":"2010-04-26T10:06:28","date_gmt":"2010-04-26T07:06:28","guid":{"rendered":"http:\/\/www.gocmeniz.biz\/?p=2117"},"modified":"2026-04-03T12:17:06","modified_gmt":"2026-04-03T09:17:06","slug":"tarihi-drama-koprusu-bulundu","status":"publish","type":"post","link":"https:\/\/www.gocmeniz.biz\/?p=2117","title":{"rendered":"Tarihi drama k\u00f6pr\u00fcs\u00fc bulundu"},"content":{"rendered":"<p><i><img data-recalc-dims=\"1\"  title=\"\"  alt=\"10434339 Tarihi drama k\u00f6pr\u00fcs\u00fc bulundu\" decoding=\"async\" style=\"max-width: 800px; float: left; margin-top: 10px; margin-bottom: 10px; margin-right: 10px;\" src=\"https:\/\/i0.wp.com\/www.hurriyet.com.tr\/_np\/4339\/10434339.jpg?w=640\" \/>A.A <\/i><br \/>\n<b>\u201cDrama K\u00f6pr\u00fcs\u00fc Hasan, dard\u0131r ge\u00e7ilmez\/So\u011fuktur sular\u0131 Hasan bir tas i\u00e7ilmez\/Anadan ge\u00e7ilir Hasan yardan ge\u00e7ilmez\u201d t\u00fcrk\u00fcs\u00fcne konu olan k\u00f6pr\u00fcn\u00fcn yeri, bir Rum yerel tarih\u00e7i taraf\u0131ndan belirlendi.<\/b><\/p>\n<p>Lozan M\u00fcbadilleri Vakf\u0131 Genel Sekreteri Sefer G\u00fcven\u00e7, AA muhabirine yapt\u0131\u011f\u0131 a\u00e7\u0131klamada, \u201cDrama K\u00f6pr\u00fcs\u00fc\u201d t\u00fcrk\u00fcs\u00fcn\u00fc, Yunanistan&#8217;\u0131n Drama kentinden T\u00fcrkiye&#8217;ye gelen b\u00fct\u00fcn m\u00fcbadillerin bildi\u011fini anlatt\u0131. G\u00fcven\u00e7, dolay\u0131s\u0131yla m\u00fcbadillerin belle\u011finde \u201cDrama\u201d deyince k\u00f6pr\u00fc kald\u0131\u011f\u0131n\u0131, Drama ile \u201ck\u00f6pr\u00fc\u201d imaj\u0131n\u0131n \u00f6zde\u015fle\u015fti\u011fini anlatt\u0131.<br \/>\nDrama&#8217;y\u0131 ziyarete gidenlerin ilk \u00f6nce k\u00f6pr\u00fcy\u00fc g\u00f6rmek istediklerini ancak m\u00fcbadeleden sonra b\u00f6lgeye yerle\u015fen Dramal\u0131lar\u0131n \u201cBurada k\u00f6pr\u00fc yok\u201d dediklerini belirten G\u00fcven\u00e7, b\u00f6lgeye gelen ziyaret\u00e7ilerin \u201cDrama&#8217;n\u0131n t\u00fcrk\u00fcs\u00fc var, k\u00f6pr\u00fcs\u00fc yok\u201d d\u00fc\u015f\u00fcncesiyle hayal k\u0131r\u0131kl\u0131\u011f\u0131na u\u011frad\u0131\u011f\u0131n\u0131 ifade etti.<\/p>\n<p>Vak\u0131f olarak 2000 y\u0131l\u0131ndan beri Drama&#8217;y\u0131 ziyaret ettiklerini ve her ziyaretlerinde b\u00f6lgede ya\u015fayan halka Drama K\u00f6pr\u00fcs\u00fc&#8217;n\u00fcn yerini sorduklar\u0131n\u0131 dile getiren G\u00fcven\u00e7, y\u00f6re halk\u0131n\u0131n bir halk kahraman\u0131 olan Dramal\u0131 Hasan hakk\u0131nda da bir bilgisinin olmad\u0131\u011f\u0131n\u0131 anlatt\u0131.<\/p>\n<p>K\u00f6pr\u00fcyle ilgili ilk ipucunun,<!--more--> ge\u00e7en y\u0131l Drama&#8217;y\u0131 ziyaret eden Bursal\u0131 bir m\u00fcbadil T\u00fcrk&#8217;ten geldi\u011fini belirten G\u00fcven\u00e7, \u015funlar\u0131 kaydetti:<br \/>\n\u201cBursal\u0131 m\u00fcbadil elinde bir foto\u011fraf &#8216;\u0130\u015fte Drama K\u00f6pr\u00fcs\u00fc bu&#8217; diyerek \u00e7\u0131k\u0131p gelmi\u015f. Ara\u015ft\u0131rma yapm\u0131\u015f ancak k\u00f6pr\u00fcn\u00fcn yerini tespit edememi\u015f. Drama&#8217;da ya\u015fayan yerel tarih\u00e7i ve Drama K\u00fc\u00e7\u00fck Asyal\u0131lar M\u00fcbadiller Derne\u011fi Ba\u015fkan\u0131 Nikos Latsistalis, hemen foto\u011fraf\u0131n bir kopyas\u0131n\u0131 alarak foto-safariye ba\u015flam\u0131\u015f. Onlarca vadi, k\u00f6y gezdikten sonra bir su kemeri ba\u015f\u0131nda kalakalm\u0131\u015f. Nikiforos (Nusratl\u0131)- Karyafiton (Kozluk\u00f6y) aras\u0131nda yer alan su kemerinin arkas\u0131ndaki g\u00f6r\u00fcn\u00fcm ile foto\u011fraftaki g\u00f6r\u00fcn\u00fcm\u00fcn birebir \u00f6rt\u00fc\u015ft\u00fc\u011f\u00fcn\u00fc fark etmi\u015f. Kemerin devam\u0131nda bir patika oldu\u011funu da g\u00f6r\u00fcnce do\u011fru yol \u00fczerinde oldu\u011funa emin olmu\u015f.<\/p>\n<p>Latsistalis, bir g\u00fcn bizi arad\u0131 ve Drama K\u00f6pr\u00fcs\u00fc&#8217;n\u00fc Nikiforos beldesinde buldu\u011funu s\u00f6yledi. Vakf\u0131m\u0131z\u0131n korosu, \u0130stanbul 2010 Avrupa K\u00fclt\u00fcr Ba\u015fkenti etkinlikleri kapsam\u0131nda Yunanistan&#8217;da konser verecekti. Biz Atina ve Selanik&#8217;i d\u00fc\u015f\u00fcn\u00fcyorduk konser i\u00e7in. Latistalis, k\u00f6pr\u00fcy\u00fc buldu\u011funu haber verince, konseri Drama&#8217;da d\u00fczenlemeye karar verdik ve oraya gittik. Drama&#8217;da ya\u015fayan m\u00fcbadillerle k\u00f6pr\u00fcde bir araya geldik.\u201d<\/p>\n<p>\u201cDrama asl\u0131nda bir k\u00f6pr\u00fc de\u011fil 50 santimetre geni\u015fli\u011finde dar bir su kemeri. Kim taraf\u0131ndan yapt\u0131r\u0131ld\u0131\u011f\u0131 hen\u00fcz belli de\u011fil, ancak 200-300 y\u0131l \u00f6nce yapt\u0131r\u0131ld\u0131\u011f\u0131 tahmin ediliyor\u201d diyen G\u00fcven\u00e7, t\u00fcrk\u00fcdeki k\u00f6pr\u00fcn\u00fcn bir efsane olmaktan \u00e7\u0131kt\u0131\u011f\u0131n\u0131 ve ger\u00e7e\u011fe d\u00f6n\u00fc\u015ft\u00fc\u011f\u00fcn\u00fc s\u00f6yledi.<\/p>\n<p>Osmanl\u0131lar\u0131n, bu su kemerine, \u201cDrama K\u00f6pr\u00fcs\u00fc\u201d ad\u0131n\u0131 verdi\u011fini anlatan G\u00fcven\u00e7, \u201cSu kemeri zaten dard\u0131r ve dar oldu\u011fu i\u00e7in ge\u00e7ilmez. K\u00f6pr\u00fcn\u00fcn bug\u00fcne kadar tespit edilememesinin nedeniyse bir foto\u011fraf\u0131n\u0131n olmamas\u0131. Ancak y\u0131llar sonra Bel\u00e7ika&#8217;dan bir m\u00fcbadil, 1920&#8217;lerde \u00e7ekilmi\u015f bir foto\u011frafla Drama&#8217;ya gelmi\u015f k\u00f6pr\u00fcy\u00fc aramak i\u00e7in. O d\u00f6nem k\u00f6pr\u00fcn\u00fcn yeri tespit edilememi\u015f. Yerel tarih\u00e7i Latsistalis, bu foto\u011fraftan yola \u00e7\u0131karak \u00fc\u00e7 y\u0131l boyunca arazi taramas\u0131 yap\u0131yor ve aslen bir su kemeri olan k\u00f6pr\u00fcn\u00fcn yeri belirleniyor\u201d dedi.<\/p>\n<p>Drama&#8217;n\u0131n, ge\u00e7mi\u015fte T\u00fcrklerin yo\u011fun olarak ya\u015fad\u0131\u011f\u0131 bir yer oldu\u011funu, n\u00fcfusun y\u00fczde 80&#8217;inin 1923 y\u0131l\u0131nda Drama&#8217;y\u0131 terk etti\u011fini anlatan G\u00fcven\u00e7, buraya daha sonraki y\u0131llarda Anadolu&#8217;dan gelen Rum m\u00fcbadillerin yerle\u015ftirildi\u011fini s\u00f6yledi.<br \/>\nK\u00f6pr\u00fc bulundu\u011fu i\u00e7in hem kendilerinin hem de y\u00f6re halk\u0131n\u0131n \u00e7ok mutlu olduklar\u0131n\u0131 belirten G\u00fcven\u00e7, \u201cBu t\u00fcrk\u00fcy\u00fc bizden \u00f6\u011frenen Yunanl\u0131lar, t\u00fcrk\u00fcy\u00fc art\u0131k Yunanca s\u00f6ylemeye ba\u015flad\u0131lar. Drama K\u00f6pr\u00fcs\u00fc art\u0131k iki dilde s\u00f6yleniyor. Bu k\u00f6pr\u00fc, T\u00fcrk ve Yunan m\u00fcbadillerini bulu\u015fturdu. Buna art\u0131k Drama K\u00f6pr\u00fcs\u00fc de\u011fil sevgi, bar\u0131\u015f ve dostluk k\u00f6pr\u00fcs\u00fc diyoruz\u201d diye konu\u015ftu.<\/p>\n<p>G\u00fcven\u00e7, Drama Valili\u011fi ve Belediyesi taraf\u0131ndan k\u00f6pr\u00fcn\u00fcn bulundu\u011fu alanda \u00e7evre d\u00fczenlemesi yap\u0131laca\u011f\u0131n\u0131 s\u00f6zlerine ekledi.<\/p>\n<p><b>DRAMA&#8217;NIN TAR\u0130H\u0130<\/b><\/p>\n<p>Osmanl\u0131 d\u00f6neminde Balkanlar\u0131n \u00f6nemli bir t\u00fct\u00fcn \u00fcretim ve i\u015fleme merkezi olan Drama kenti, Balkan Sava\u015f\u0131 sonras\u0131nda Yunanistan s\u0131n\u0131rlar\u0131na kat\u0131ld\u0131.<\/p>\n<p>Drama&#8217;n\u0131n T\u00fcrk-M\u00fcsl\u00fcman halk\u0131, 1923 y\u0131l\u0131nda imzalanan M\u00fcbadele S\u00f6zle\u015fmesi&#8217;nden sonra T\u00fcrkiye&#8217;ye g\u00f6\u00e7 ettirildi. T\u00fct\u00fcn yeti\u015ftiricili\u011fi yapt\u0131klar\u0131 i\u00e7in T\u00fcrkiye&#8217;de de Samsun, Bafra, Ala\u00e7am, Manisa, Edirne ve Gebze gibi b\u00f6lgelere yerle\u015ftirildiler.<\/p>\n<p>T\u00fcrklerin bo\u015faltt\u0131\u011f\u0131 Drama&#8217;ya da \u0130stanbul&#8217;un \u00e7evre semtlerinden ve Anadolu&#8217;nun de\u011fi\u015fik kentlerinden Rum Ortodoks m\u00fcbadiller yerle\u015ftirildi.<\/p>\n<div class=\"zemanta-pixie\"><img data-recalc-dims=\"1\"  title=\"\" decoding=\"async\" class=\"zemanta-pixie-img\"  alt=\"pixy Tarihi drama k\u00f6pr\u00fcs\u00fc bulundu\"  src=\"https:\/\/i0.wp.com\/img.zemanta.com\/pixy.gif?w=640\" \/><\/div>\n","protected":false},"excerpt":{"rendered":"<p>A.A \u201cDrama K\u00f6pr\u00fcs\u00fc Hasan, dard\u0131r ge\u00e7ilmez\/So\u011fuktur sular\u0131 Hasan bir tas i\u00e7ilmez\/Anadan ge\u00e7ilir Hasan yardan ge\u00e7ilmez\u201d t\u00fcrk\u00fcs\u00fcne konu olan k\u00f6pr\u00fcn\u00fcn yeri, bir Rum yerel tarih\u00e7i taraf\u0131ndan belirlendi. Lozan M\u00fcbadilleri Vakf\u0131 Genel Sekreteri Sefer G\u00fcven\u00e7, AA muhabirine yapt\u0131\u011f\u0131 a\u00e7\u0131klamada, \u201cDrama K\u00f6pr\u00fcs\u00fc\u201d t\u00fcrk\u00fcs\u00fcn\u00fc, Yunanistan&#8217;\u0131n Drama kentinden T\u00fcrkiye&#8217;ye gelen b\u00fct\u00fcn m\u00fcbadillerin bildi\u011fini anlatt\u0131. G\u00fcven\u00e7, dolay\u0131s\u0131yla m\u00fcbadillerin belle\u011finde \u201cDrama\u201d deyince [&hellip;]<\/p>\n","protected":false},"author":331,"featured_media":0,"comment_status":"open","ping_status":"open","sticky":false,"template":"","format":"standard","meta":{"advanced_seo_description":"","jetpack_seo_html_title":"","jetpack_seo_noindex":false,"ngg_post_thumbnail":0,"jetpack_post_was_ever_published":false,"_jetpack_newsletter_access":"","_jetpack_dont_email_post_to_subs":false,"_jetpack_newsletter_tier_id":0,"_jetpack_memberships_contains_paywalled_content":false,"_jetpack_memberships_contains_paid_content":false,"footnotes":""},"categories":[5],"tags":[],"class_list":["post-2117","post","type-post","status-publish","format-standard","hentry","category-haberler"],"jetpack_featured_media_url":"","jetpack_shortlink":"https:\/\/wp.me\/paHHlZ-y9","jetpack-related-posts":[{"id":1826,"url":"https:\/\/www.gocmeniz.biz\/?p=1826","url_meta":{"origin":2117,"position":0},"title":"Bulgaristan ile Romanya aras\u0131nda Tuna nehri \u00fczerinde ikinci k\u00f6pr\u00fc kurulmas\u0131na ili\u015fkin m\u00fczakerelerde ilerleme","author":"Haberci","date":"01 Ekim 2009","format":false,"excerpt":"Vidin-Kalafat aras\u0131ndaki yeni Tuna k\u00f6pr\u00fcs\u00fc projesini g\u00f6zetleyecek Bulgar-Rumen Karma Alt Komitesi\u2019nin olu\u015fturulmas\u0131n\u0131n ard\u0131ndan Bulgaristan ile Romanya aras\u0131ndaki \u00e7al\u0131\u015fma koordinasyonu daha iyidir.Alt Komite\u2019nin Sofya\u2019da d\u00fczenlenen 2.oturumuna kat\u0131lanlar bu sonuca vard\u0131. Bir\u00e7ok teknolojik karar konusunda da uzla\u015fma sa\u011fland\u0131.Bulgaristan Ula\u015ft\u0131rma Bakan yard\u0131mc\u0131s\u0131 \u0130vaylo Moskovski, iki \u00fclkenin koordineli \u00e7al\u0131\u015fmalar\u0131n\u0131n ileride de Avrupa Komisyonu taraf\u0131ndan\u2026","rel":"","context":"&quot;Haberler&quot; i\u00e7inde","block_context":{"text":"Haberler","link":"https:\/\/www.gocmeniz.biz\/?cat=5"},"img":{"alt_text":"","src":"","width":0,"height":0},"classes":[]},{"id":1816,"url":"https:\/\/www.gocmeniz.biz\/?p=1816","url_meta":{"origin":2117,"position":1},"title":"Bursa`dan Bulgaristan`a karde\u015flik k\u00f6pr\u00fcs\u00fc","author":"Haberci","date":"01 Ekim 2009","format":false,"excerpt":"Bursa B\u00fcy\u00fck\u015fehir Belediyesi`nin 13 ile 15 ya\u015f aras\u0131 gen\u00e7ler i\u00e7in d\u00fczenledi\u011fi Kent G\u00f6n\u00fcll\u00fcleri Gen\u00e7lik Kamp\u0131`n\u0131n ba\u015far\u0131l\u0131 30 gen\u00e7 \u00f6\u011frencisi, \u00f6d\u00fcl olarak gittikleri Bulgaristan gezisinde karde\u015flik k\u00f6pr\u00fcleri kurdu. Sofya, Filibe, K\u0131rcaali \u015fehirleri ile T\u00fcrklerin yo\u011funlukta oldu\u011fu Mestanl\u0131, Cebel, Ko\u015fukavak gibi beldeleri gezen Kent G\u00f6n\u00fcll\u00fcs\u00fc gen\u00e7ler, g\u00f6rd\u00fckleri misafirperverlikten dolay\u0131 \u00e7ok memnun olduklar\u0131n\u0131\u2026","rel":"","context":"&quot;Haberler&quot; i\u00e7inde","block_context":{"text":"Haberler","link":"https:\/\/www.gocmeniz.biz\/?cat=5"},"img":{"alt_text":"","src":"","width":0,"height":0},"classes":[]},{"id":367,"url":"https:\/\/www.gocmeniz.biz\/?p=367","url_meta":{"origin":2117,"position":2},"title":"D\u00fcnyan\u0131n en b\u00fcy\u00fck deniz \u00fcst\u00fc k\u00f6pr\u00fcs\u00fc a\u00e7\u0131ld\u0131","author":"Haberci","date":"02 May\u0131s 2008","format":false,"excerpt":"\u00c7in\u2019in finans ve ticaret merkezi \u015eanghay\u2019\u0131 sanayi ve liman \u015fehri Ningbo\u2019ya ba\u011flayan 36 kilometre uzunlu\u011fundaki k\u00f6pr\u00fc 11.8 milyar y\u00fcene (1.7 milyar ABD Dolar\u0131) mal oldu.PEK\u0130N - \u015einhua haber ajans\u0131n\u0131n bildirdi\u011fine g\u00f6re, b\u00f6ylece iki \u015fehir aras\u0131ndaki ula\u015f\u0131m s\u00fcresi 4 saatten iki bu\u00e7uk saate indi. 32 kilometresi deniz \u00fcst\u00fcnde bulunan ve Hangcou\u2026","rel":"","context":"&quot;Haberler&quot; i\u00e7inde","block_context":{"text":"Haberler","link":"https:\/\/www.gocmeniz.biz\/?cat=5"},"img":{"alt_text":"","src":"https:\/\/i0.wp.com\/www.ntvmsnbc.com\/news\/284782.jpg?resize=350%2C200","width":350,"height":200},"classes":[]},{"id":1814,"url":"https:\/\/www.gocmeniz.biz\/?p=1814","url_meta":{"origin":2117,"position":3},"title":"Balkan ressamlar\u0131 Sel\u00e7uk`ta bulu\u015ftu","author":"Haberci","date":"01 Ekim 2009","format":false,"excerpt":"Balkanlar`\u0131n me\u015fhur ressamlar\u0131; k\u00fclt\u00fcr, tarih ve do\u011fal zenginlikleriyle bilinen \u0130zmir`in Sel\u00e7uk il\u00e7esinde bulu\u015ftu.Sel\u00e7uk Belediyesi ile Balkan Kad\u0131nlar\u0131 K\u00fclt\u00fcr ve Dayan\u0131\u015fma Derne\u011fi`nin ortakla\u015fa d\u00fczenledi\u011fi `Balkan Ressamlar\u0131 Sel\u00e7uk Bulu\u015fmas\u0131, Sel\u00e7uk-Efes 2009` projesi kapsam\u0131nda 12 ressam, il\u00e7enin de\u011fi\u015fik noktalar\u0131nda canl\u0131 performansla resim \u00e7izecek.Ortaya \u00e7\u0131kacak eserler, 2 Ekim Cuma g\u00fcn\u00fc Carpouza Kafe`de sergilenecek.Bosna Hersek,\u2026","rel":"","context":"&quot;Haberler&quot; i\u00e7inde","block_context":{"text":"Haberler","link":"https:\/\/www.gocmeniz.biz\/?cat=5"},"img":{"alt_text":"","src":"https:\/\/i0.wp.com\/www.sestv.com.tr\/images\/data\/balkan-ressam.jpg?resize=350%2C200","width":350,"height":200},"classes":[]},{"id":213,"url":"https:\/\/www.gocmeniz.biz\/?p=213","url_meta":{"origin":2117,"position":4},"title":"Karaa\u011fa\u00e7&#8217;\u0131n Karayolu Ba\u011flant\u0131s\u0131 Tamamen Kesildi; B\u00fct\u00fcn Ekipler Alarmda","author":"Admin","date":"20 Kas\u0131m 2007","format":false,"excerpt":"Meri\u00e7 ve Tunca nehirlerinin seviyesinin y\u00fckselmesi ve ta\u015fmas\u0131 sonucu Karaa\u011fa\u00e7'\u0131n Edirne ile karayolu ba\u011flant\u0131s\u0131 kesildi. G\u00fcnd\u00fcz saat 15:00 s\u0131ralar\u0131nda yap\u0131lan \u00f6l\u00e7\u00fcmlere g\u00f6re 600 metrek\u00fcp olan su seviyesi gece 23:00'te bin 100 metrek\u00fcp oldu. Bulgaristan'\u0131n a\u015f\u0131r\u0131 ya\u011f\u0131\u015flar nedeniyle baraj kapaklar\u0131n\u0131 a\u015fmas\u0131 Meri\u00e7 ve Tunca nehirlerinin debisinin y\u00fckselmesine neden oluyor. S\u00f6zkonusu nehirlerin\u2026","rel":"","context":"&quot;Haberler&quot; i\u00e7inde","block_context":{"text":"Haberler","link":"https:\/\/www.gocmeniz.biz\/?cat=5"},"img":{"alt_text":"","src":"","width":0,"height":0},"classes":[]},{"id":1310,"url":"https:\/\/www.gocmeniz.biz\/?p=1310","url_meta":{"origin":2117,"position":5},"title":"Bulgar \u00d6\u011frenciler, Side&#8217;nin Tan\u0131t\u0131m\u0131 i\u00e7in 4 \u0130lde Ofis A\u00e7acak","author":"Haberci","date":"04 Haziran 2009","format":false,"excerpt":"D\u00fcnyaca \u00fcnl\u00fc turizm beldesi Side'ye 6. Uluslararas\u0131 \u00c7ocuk \u015eenli\u011fi i\u00e7in gelen Bulgar \u00f6\u011frenciler, \u00fclkelerinde tarihi \u015fehrin tan\u0131t\u0131m i\u00e7in 4 ilde Apollon K\u00fclt\u00fcr, Tarih ve Tan\u0131t\u0131m Kul\u00fcb\u00fc kuracaklar\u0131n\u0131 a\u00e7\u0131klad\u0131.\u00c7ocuk \u015fenli\u011fi i\u00e7in 4 y\u0131ld\u0131r turizm \u015fehrine gelen Bulgar \u00f6\u011frenciler, Side'nin tan\u0131t\u0131m\u0131 i\u00e7in ald\u0131klar\u0131 dok\u00fcman ve hediyeleri Pernik G\u00fczel Sanatlar Akademisi Sergi Salonu'nda\u2026","rel":"","context":"&quot;Haberler&quot; i\u00e7inde","block_context":{"text":"Haberler","link":"https:\/\/www.gocmeniz.biz\/?cat=5"},"img":{"alt_text":"","src":"","width":0,"height":0},"classes":[]}],"jetpack_sharing_enabled":true,"jetpack_likes_enabled":true,"_links":{"self":[{"href":"https:\/\/www.gocmeniz.biz\/index.php?rest_route=\/wp\/v2\/posts\/2117","targetHints":{"allow":["GET"]}}],"collection":[{"href":"https:\/\/www.gocmeniz.biz\/index.php?rest_route=\/wp\/v2\/posts"}],"about":[{"href":"https:\/\/www.gocmeniz.biz\/index.php?rest_route=\/wp\/v2\/types\/post"}],"author":[{"embeddable":true,"href":"https:\/\/www.gocmeniz.biz\/index.php?rest_route=\/wp\/v2\/users\/331"}],"replies":[{"embeddable":true,"href":"https:\/\/www.gocmeniz.biz\/index.php?rest_route=%2Fwp%2Fv2%2Fcomments&post=2117"}],"version-history":[{"count":1,"href":"https:\/\/www.gocmeniz.biz\/index.php?rest_route=\/wp\/v2\/posts\/2117\/revisions"}],"predecessor-version":[{"id":8647,"href":"https:\/\/www.gocmeniz.biz\/index.php?rest_route=\/wp\/v2\/posts\/2117\/revisions\/8647"}],"wp:attachment":[{"href":"https:\/\/www.gocmeniz.biz\/index.php?rest_route=%2Fwp%2Fv2%2Fmedia&parent=2117"}],"wp:term":[{"taxonomy":"category","embeddable":true,"href":"https:\/\/www.gocmeniz.biz\/index.php?rest_route=%2Fwp%2Fv2%2Fcategories&post=2117"},{"taxonomy":"post_tag","embeddable":true,"href":"https:\/\/www.gocmeniz.biz\/index.php?rest_route=%2Fwp%2Fv2%2Ftags&post=2117"}],"curies":[{"name":"wp","href":"https:\/\/api.w.org\/{rel}","templated":true}]}}