{"id":2119,"date":"2010-04-27T17:38:08","date_gmt":"2010-04-27T14:38:08","guid":{"rendered":"http:\/\/www.gocmeniz.biz\/?p=2119"},"modified":"2026-04-03T12:25:37","modified_gmt":"2026-04-03T09:25:37","slug":"santiyede-3-turk-isci-30-metreden-dusup-oldu","status":"publish","type":"post","link":"https:\/\/www.gocmeniz.biz\/?p=2119","title":{"rendered":"\u015eantiyede, 3 T\u00fcrk i\u015f\u00e7i 30 metreden d\u00fc\u015f\u00fcp \u00f6ld\u00fc"},"content":{"rendered":"<p><b>BULGAR\u0130STAN\u2019\u0131n ba\u015fkenti Sofya yak\u0131nlar\u0131ndaki bir otoyol in\u015faat\u0131nda \u00f6nceki gece meydana gelen kazada T\u00fcrk vatanda\u015f\u0131 3 i\u015f\u00e7i hayat\u0131n\u0131 kaybetti. <\/b><\/p>\n<p>Yap\u0131m\u0131 T\u00fcrk \u201cMapa Cengiz\u201d \u015firketi taraf\u0131ndan s\u00fcrd\u00fcr\u00fclen Ly\u00fclin otoyolu in\u015faat\u0131nda, gece saatlerinde bir viyad\u00fck kolonunun betonu d\u00f6k\u00fcl\u00fcrken kal\u0131p patlad\u0131. Kolonun \u00fczerinde \u00e7al\u0131\u015fan 3 T\u00fcrk i\u015f\u00e7i yakla\u015f\u0131k 30 metre y\u00fckseklikten a\u015fa\u011f\u0131ya d\u00fc\u015ft\u00fc. Kazada Temel Yediy\u0131ld\u0131z ve B\u00fcnyamin Ate\u015fli adl\u0131 i\u015f\u00e7iler olay yerinde, a\u011f\u0131r yaralanan Birol \u015eahin adl\u0131 i\u015f\u00e7i de kald\u0131r\u0131ld\u0131\u011f\u0131 hastanede hayat\u0131n\u0131 kaybetti. \u00d6len i\u015f\u00e7ilerin Ordu n\u00fcfusuna kay\u0131tl\u0131 olduklar\u0131 \u00f6\u011frenildi. Olayla ilgili geni\u015f \u00e7apl\u0131 bir soru\u015fturma ba\u015flat\u0131ld\u0131\u011f\u0131 bildirildi.<\/p>\n<div class=\"zemanta-pixie\"><img data-recalc-dims=\"1\"  title=\"\" decoding=\"async\" class=\"zemanta-pixie-img\"  alt=\"pixy \u015eantiyede, 3 T\u00fcrk i\u015f\u00e7i 30 metreden d\u00fc\u015f\u00fcp \u00f6ld\u00fc\"  src=\"https:\/\/i0.wp.com\/img.zemanta.com\/pixy.gif?w=640\" \/><\/div>\n","protected":false},"excerpt":{"rendered":"<p>BULGAR\u0130STAN\u2019\u0131n ba\u015fkenti Sofya yak\u0131nlar\u0131ndaki bir otoyol in\u015faat\u0131nda \u00f6nceki gece meydana gelen kazada T\u00fcrk vatanda\u015f\u0131 3 i\u015f\u00e7i hayat\u0131n\u0131 kaybetti. Yap\u0131m\u0131 T\u00fcrk \u201cMapa Cengiz\u201d \u015firketi taraf\u0131ndan s\u00fcrd\u00fcr\u00fclen Ly\u00fclin otoyolu in\u015faat\u0131nda, gece saatlerinde bir viyad\u00fck kolonunun betonu d\u00f6k\u00fcl\u00fcrken kal\u0131p patlad\u0131. Kolonun \u00fczerinde \u00e7al\u0131\u015fan 3 T\u00fcrk i\u015f\u00e7i yakla\u015f\u0131k 30 metre y\u00fckseklikten a\u015fa\u011f\u0131ya d\u00fc\u015ft\u00fc. Kazada Temel Yediy\u0131ld\u0131z ve B\u00fcnyamin Ate\u015fli [&hellip;]<\/p>\n","protected":false},"author":331,"featured_media":0,"comment_status":"open","ping_status":"open","sticky":false,"template":"","format":"standard","meta":{"advanced_seo_description":"","jetpack_seo_html_title":"","jetpack_seo_noindex":false,"ngg_post_thumbnail":0,"jetpack_post_was_ever_published":false,"_jetpack_newsletter_access":"","_jetpack_dont_email_post_to_subs":false,"_jetpack_newsletter_tier_id":0,"_jetpack_memberships_contains_paywalled_content":false,"_jetpack_memberships_contains_paid_content":false,"footnotes":""},"categories":[5],"tags":[],"class_list":["post-2119","post","type-post","status-publish","format-standard","hentry","category-haberler"],"jetpack_featured_media_url":"","jetpack_shortlink":"https:\/\/wp.me\/paHHlZ-yb","jetpack-related-posts":[{"id":888,"url":"https:\/\/www.gocmeniz.biz\/?p=888","url_meta":{"origin":2119,"position":0},"title":"Bulgaristan&#8217;da T\u00fcrk yolcu otob\u00fcs\u00fc kaza yapt\u0131: 6 \u00f6l\u00fc","author":"Haberci","date":"08 Mart 2009","format":false,"excerpt":"Bulgaristan'\u0131n Eski Za\u011fara kenti b\u00f6lgesinde T\u00fcrk plakal\u0131 bir yolcu otob\u00fcs\u00fcn\u00fcn yapt\u0131\u011f\u0131 kazada 6 ki\u015fi hayat\u0131n\u0131 kaybetti.\"Focus\" ajans\u0131n\u0131n haberine g\u00f6re, B\u00fckre\u015f-\u0130stanbul seferini yapan T\u00fcrk plakal\u0131 yolcu otob\u00fcs\u00fc, d\u00fcn ak\u015fam Eski Za\u011fra kenti yak\u0131nlar\u0131nda kontrolden \u00e7\u0131karak takla att\u0131 ve kar\u015f\u0131 y\u00f6nden gelen otomobilin \u00fczerine d\u00fc\u015ft\u00fc. Kazada otob\u00fcs yolcular\u0131ndan iki Rumen kad\u0131n ile\u2026","rel":"","context":"&quot;Haberler&quot; i\u00e7inde","block_context":{"text":"Haberler","link":"https:\/\/www.gocmeniz.biz\/?cat=5"},"img":{"alt_text":"","src":"","width":0,"height":0},"classes":[]},{"id":1482,"url":"https:\/\/www.gocmeniz.biz\/?p=1482","url_meta":{"origin":2119,"position":1},"title":"Bulgaristan&#8217;daki Kazada 7 T\u00fcrk Hayat\u0131n\u0131 Kaybetti","author":"Haberci","date":"04 Temmuz 2009","format":false,"excerpt":"Bulgaristan'\u0131n g\u00fcneyinde meydana gelen trafik kazas\u0131nda biri \u00e7ocuk toplam 7 T\u00fcrk hayat\u0131n\u0131 kaybetti.T\u00fcrkleri ta\u015f\u0131yan otob\u00fcs, S\u0131rplara ait bir minib\u00fcs ile \u00e7arp\u0131\u015ft\u0131. T\u00fcrkleri ta\u015f\u0131yan otob\u00fcs\u00fcn s\u00fcr\u00fcc\u00fc ise kazadan yaral\u0131 olarak kurtuldu. Kaza, T\u00fcrkiye s\u0131n\u0131r\u0131na yak\u0131n Svilengrad kenti yak\u0131nlar\u0131nda meydana geldi.Bulgar polisi, otob\u00fcsteki T\u00fcrklerin Almanya'da \u00e7al\u0131\u015ft\u0131\u011f\u0131n\u0131 ve T\u00fcrkiye'ye do\u011fru gitmekte oldu\u011funu s\u00f6yledi.\u2026","rel":"","context":"&quot;Haberler&quot; i\u00e7inde","block_context":{"text":"Haberler","link":"https:\/\/www.gocmeniz.biz\/?cat=5"},"img":{"alt_text":"","src":"","width":0,"height":0},"classes":[]},{"id":1607,"url":"https:\/\/www.gocmeniz.biz\/?p=1607","url_meta":{"origin":2119,"position":2},"title":"Bulgaristan`da \u00f6len T\u00fcrk gencin kimli\u011fi","author":"Haberci","date":"28 Temmuz 2009","format":false,"excerpt":"Bulgaristan`da E-5 `Trakya` otoyolunda d\u00fcn gece meydana gelen trafik kazas\u0131nda \u00f6len T\u00fcrk \u00f6\u011frenci ve yaralanan iki arkada\u015f\u0131n\u0131n kimlikleri belirlendi.Sofya`da t\u0131p fak\u00fcltesinde \u00f6\u011frenim g\u00f6ren 7 T\u00fcrk \u00f6\u011frencinin bulundu\u011fu minib\u00fcs\u00fcn otoyolda bir kamyonla \u00e7arp\u0131\u015fmas\u0131 sonucu Diyarbak\u0131r do\u011fumlu Hac\u0131 Mehmet G\u00fcnd\u00fcz(21) adl\u0131 \u00f6\u011frencinin olay yerinde hayat\u0131n\u0131 kaybetti\u011fi bildirildi. Hac\u0131 Mehmet G\u00fcnd\u00fcz`\u00fcn cenazesinin Pazarc\u0131k\u2026","rel":"","context":"&quot;Haberler&quot; i\u00e7inde","block_context":{"text":"Haberler","link":"https:\/\/www.gocmeniz.biz\/?cat=5"},"img":{"alt_text":"","src":"","width":0,"height":0},"classes":[]},{"id":533,"url":"https:\/\/www.gocmeniz.biz\/?p=533","url_meta":{"origin":2119,"position":3},"title":"Bulgaristan&#8217;da T\u00fcrk T\u0131r\u0131n\u0131n kar\u0131\u015ft\u0131\u011f\u0131 kazada 4 \u00f6l\u00fc","author":"Haberci","date":"14 Ekim 2008","format":false,"excerpt":"Bulgaristan'da meydana gelen ve bir T\u00fcrk T\u0131r\u0131n\u0131n da kar\u0131\u015ft\u0131\u011f\u0131 trafik kazas\u0131nda 4 ki\u015fi hayat\u0131n\u0131 kaybetti.\u0130\u00e7i\u015fleri Bakanl\u0131\u011f\u0131ndan edinilen bilgiye g\u00f6re, Svilengrad\u2013Lubimetz karayolunda, i\u00e7inde \u00fc\u00e7 erkek ve bir kad\u0131n\u0131n bulundu\u011fu Sofya plakal\u0131 \u00f6zel ara\u00e7, solamaya \u00e7al\u0131\u015ft\u0131\u011f\u0131 Litvanya plakal\u0131 TIR ile kar\u015f\u0131 y\u00f6nden gelen T\u00fcrk plakal\u0131 T\u0131r\u0131n aras\u0131nda kald\u0131.Hurda y\u0131\u011f\u0131n\u0131 haline gelen arac\u0131n\u2026","rel":"","context":"&quot;Haberler&quot; i\u00e7inde","block_context":{"text":"Haberler","link":"https:\/\/www.gocmeniz.biz\/?cat=5"},"img":{"alt_text":"","src":"","width":0,"height":0},"classes":[]},{"id":1603,"url":"https:\/\/www.gocmeniz.biz\/?p=1603","url_meta":{"origin":2119,"position":4},"title":"Bulgaristan&#8217;da kaza: 1 T\u00fcrk \u00f6\u011frenci \u00f6ld\u00fc","author":"Haberci","date":"28 Temmuz 2009","format":false,"excerpt":"Bulgaristan'da E-5 \"Trakya\" otoyolunda d\u00fcn gece saatlerinde meydana gelen trafik kazas\u0131nda, 21 ya\u015f\u0131ndaki \u00fcniversite \u00f6\u011frencisi bir T\u00fcrk'\u00fcn hayat\u0131n\u0131 kaybetti\u011fi bildirildi.Ulusal Sa\u011fl\u0131k Koordinasyon Merkezinden yap\u0131lan a\u00e7\u0131klamada, T\u00fcrk \u00f6\u011frencileri ta\u015f\u0131yan \"Volkswagen\" marka bir minib\u00fcs ile bir kamyonun \u00e7arp\u0131\u015ft\u0131\u011f\u0131 kazada ad\u0131 a\u00e7\u0131klanmayan 1 \u00f6\u011frencinin \u00f6ld\u00fc\u011f\u00fc, 20 ve 25 ya\u015flar\u0131nda 2 \u00f6\u011frencinin de hafif\u2026","rel":"","context":"&quot;Haberler&quot; i\u00e7inde","block_context":{"text":"Haberler","link":"https:\/\/www.gocmeniz.biz\/?cat=5"},"img":{"alt_text":"","src":"","width":0,"height":0},"classes":[]},{"id":1781,"url":"https:\/\/www.gocmeniz.biz\/?p=1781","url_meta":{"origin":2119,"position":5},"title":"Madonna 15 ki\u015fiyi \u00f6ld\u00fcrd\u00fc iddias\u0131","author":"Haberci","date":"07 Eyl\u00fcl 2009","format":false,"excerpt":"Ohri G\u00f6l\u00fc`nde tur gemisi batt\u0131... \u00c7o\u011fu Bulgar 15 turist \u00f6ld\u00fc. Makedonya Ula\u015ft\u0131rma Bakan\u0131 istifa etti.. Ancak baz\u0131 \u00e7evrelere g\u00f6re facian\u0131n as\u0131l sorumlusu Madonna Makedonya`n\u0131n Ohri G\u00f6l\u00fc`nde bir turist teknesi batt\u0131. Olay sonucu \u00e7o\u011fu Bulgar 15 ki\u015fi hayat\u0131n\u0131 kaybetti. G\u00f6z g\u00f6re g\u00f6re gelen facia Makedonya Ula\u015ft\u0131rma ve \u0130leti\u015fim Bakan\u0131n\u0131 istifa ettirdi.\u2026","rel":"","context":"&quot;Haberler&quot; i\u00e7inde","block_context":{"text":"Haberler","link":"https:\/\/www.gocmeniz.biz\/?cat=5"},"img":{"alt_text":"","src":"","width":0,"height":0},"classes":[]}],"jetpack_sharing_enabled":true,"jetpack_likes_enabled":true,"_links":{"self":[{"href":"https:\/\/www.gocmeniz.biz\/index.php?rest_route=\/wp\/v2\/posts\/2119","targetHints":{"allow":["GET"]}}],"collection":[{"href":"https:\/\/www.gocmeniz.biz\/index.php?rest_route=\/wp\/v2\/posts"}],"about":[{"href":"https:\/\/www.gocmeniz.biz\/index.php?rest_route=\/wp\/v2\/types\/post"}],"author":[{"embeddable":true,"href":"https:\/\/www.gocmeniz.biz\/index.php?rest_route=\/wp\/v2\/users\/331"}],"replies":[{"embeddable":true,"href":"https:\/\/www.gocmeniz.biz\/index.php?rest_route=%2Fwp%2Fv2%2Fcomments&post=2119"}],"version-history":[{"count":1,"href":"https:\/\/www.gocmeniz.biz\/index.php?rest_route=\/wp\/v2\/posts\/2119\/revisions"}],"predecessor-version":[{"id":8918,"href":"https:\/\/www.gocmeniz.biz\/index.php?rest_route=\/wp\/v2\/posts\/2119\/revisions\/8918"}],"wp:attachment":[{"href":"https:\/\/www.gocmeniz.biz\/index.php?rest_route=%2Fwp%2Fv2%2Fmedia&parent=2119"}],"wp:term":[{"taxonomy":"category","embeddable":true,"href":"https:\/\/www.gocmeniz.biz\/index.php?rest_route=%2Fwp%2Fv2%2Fcategories&post=2119"},{"taxonomy":"post_tag","embeddable":true,"href":"https:\/\/www.gocmeniz.biz\/index.php?rest_route=%2Fwp%2Fv2%2Ftags&post=2119"}],"curies":[{"name":"wp","href":"https:\/\/api.w.org\/{rel}","templated":true}]}}