{"id":2121,"date":"2010-04-27T17:41:53","date_gmt":"2010-04-27T14:41:53","guid":{"rendered":"http:\/\/www.gocmeniz.biz\/?p=2121"},"modified":"2026-04-03T12:17:06","modified_gmt":"2026-04-03T09:17:06","slug":"24-liranin-altinda-kiyma-almayin","status":"publish","type":"post","link":"https:\/\/www.gocmeniz.biz\/?p=2121","title":{"rendered":"24 liran\u0131n alt\u0131nda k\u0131yma almay\u0131n"},"content":{"rendered":"<p><b><img data-recalc-dims=\"1\"  title=\"\"  alt=\"10396181 24 liran\u0131n alt\u0131nda k\u0131yma almay\u0131n\" decoding=\"async\" style=\"max-width: 800px; float: left; margin-top: 10px; margin-bottom: 10px; margin-right: 10px;\" src=\"https:\/\/i0.wp.com\/www.hurriyet.com.tr\/_np\/6181\/10396181.jpg?w=640\" \/>T\u00fcrkiye Kasaplar Federasyonu Ba\u015fkan Yard\u0131mc\u0131s\u0131 Muhsin Y\u0131ld\u0131z, en ucuz k\u0131yman\u0131n kilogram fiyat\u0131n\u0131n 24 liraya \u00e7\u0131kt\u0131\u011f\u0131na i\u015faret ederek, \u201cBu fiyat\u0131n alt\u0131nda sat\u0131lan k\u0131ymada kesinlikle hile vard\u0131r. 24 liran\u0131n alt\u0131nda sat\u0131lanlarda ya\u011f oran\u0131n\u0131 y\u00fcksek tutuyorlar. Vatanda\u015flar\u0131n haz\u0131r k\u0131yma almalar\u0131n\u0131 kesinlikle \u00f6nermiyoruz. Ald\u0131klar\u0131 eti kasaplarda \u00e7ektirsinler\u201d dedi.<\/b><\/p>\n<p>K\u0131rm\u0131z\u0131 ette t\u00fcketimin azalmas\u0131 nedeniyle fiyatlar\u0131n daha fazla y\u00fckselmesini beklemedi\u011fini belirten Y\u0131ld\u0131z, fiyatlarda bir d\u00fc\u015f\u00fc\u015f de ya\u015fanaca\u011f\u0131n\u0131 sanmad\u0131klar\u0131n\u0131 bildirdi.<\/p>\n<p><b>KASAPLARDA 5 L\u0130RALIK KIYMA D\u00d6NEM\u0130<\/b><\/p>\n<p>T\u00fcrkiye Kasaplar Federasyonu Ba\u015fkan Yard\u0131mc\u0131s\u0131 Muhsin Y\u0131ld\u0131z, k\u0131rm\u0131z\u0131 et fiyatlar\u0131n\u0131n son 15 g\u00fcnde artt\u0131\u011f\u0131n\u0131, maliyette 2 liral\u0131k y\u00fckselme ya\u015fand\u0131\u011f\u0131n\u0131 bildirdi.<\/p>\n<p>Y\u0131ld\u0131z, kasaplarda i\u015flerin durma noktas\u0131na geldi\u011fini belirterek, Bursa&#8217;da 12 kasap d\u00fckkan\u0131n\u0131n kapand\u0131\u011f\u0131n\u0131, 40&#8217;\u0131n\u0131n ise devren sat\u0131l\u0131k oldu\u011funu s\u00f6yledi.<br \/>Kemikli eti kilosunu 18 liradan kestirdiklerini vurgulayan Y\u0131ld\u0131z, buna g\u00f6re kemiksiz etin kilosunun kendilerine 24 liraya mal oldu\u011funu anlatt\u0131.<br \/>Y\u0131ld\u0131z, etteki bu fiyat art\u0131\u015f\u0131yla t\u00fcketimin \u00e7ok d\u00fc\u015ft\u00fc\u011f\u00fcn\u00fc ifade ederek, \u015f\u00f6yle konu\u015ftu:<\/p>\n<p>\u201cKesime giden hayvan say\u0131s\u0131 \u00e7ok azald\u0131. Kasaplarda i\u015fler durma noktas\u0131na geldi. Bursa&#8217;da 12 kasap d\u00fckkan\u0131 kapand\u0131, 40&#8217;\u0131 devren sat\u0131l\u0131k. Kimse eskisi gibi k\u0131rm\u0131z\u0131 et t\u00fcketmiyor. T\u00fcketen de az al\u0131yor. Vatanda\u015f kasaplardan 5 liral\u0131k k\u0131yma al\u0131yor. Bu parayla al\u0131nan k\u0131yma 250 gram etmiyor. K\u0131rm\u0131z\u0131 etin kilosu Bulgaristan&#8217;da 7, Ermenistan&#8217;da 6, Almanya&#8217;da ise 8-9 liradan al\u0131c\u0131 buluyor. T\u00fcrkiye&#8217;de ise bunlar\u0131n katlar\u0131na ula\u015f\u0131yor.\u201d<\/p>\n<div class=\"zemanta-pixie\"><img data-recalc-dims=\"1\"  title=\"\" decoding=\"async\" class=\"zemanta-pixie-img\"  alt=\"pixy 24 liran\u0131n alt\u0131nda k\u0131yma almay\u0131n\"  src=\"https:\/\/i0.wp.com\/img.zemanta.com\/pixy.gif?w=640\" \/><\/div>\n","protected":false},"excerpt":{"rendered":"<p>T\u00fcrkiye Kasaplar Federasyonu Ba\u015fkan Yard\u0131mc\u0131s\u0131 Muhsin Y\u0131ld\u0131z, en ucuz k\u0131yman\u0131n kilogram fiyat\u0131n\u0131n 24 liraya \u00e7\u0131kt\u0131\u011f\u0131na i\u015faret ederek, \u201cBu fiyat\u0131n alt\u0131nda sat\u0131lan k\u0131ymada kesinlikle hile vard\u0131r. 24 liran\u0131n alt\u0131nda sat\u0131lanlarda ya\u011f oran\u0131n\u0131 y\u00fcksek tutuyorlar. Vatanda\u015flar\u0131n haz\u0131r k\u0131yma almalar\u0131n\u0131 kesinlikle \u00f6nermiyoruz. Ald\u0131klar\u0131 eti kasaplarda \u00e7ektirsinler\u201d dedi. K\u0131rm\u0131z\u0131 ette t\u00fcketimin azalmas\u0131 nedeniyle fiyatlar\u0131n daha fazla y\u00fckselmesini beklemedi\u011fini belirten [&hellip;]<\/p>\n","protected":false},"author":331,"featured_media":0,"comment_status":"open","ping_status":"open","sticky":false,"template":"","format":"standard","meta":{"advanced_seo_description":"","jetpack_seo_html_title":"","jetpack_seo_noindex":false,"ngg_post_thumbnail":0,"jetpack_post_was_ever_published":false,"_jetpack_newsletter_access":"","_jetpack_dont_email_post_to_subs":false,"_jetpack_newsletter_tier_id":0,"_jetpack_memberships_contains_paywalled_content":false,"_jetpack_memberships_contains_paid_content":false,"footnotes":""},"categories":[5],"tags":[],"class_list":["post-2121","post","type-post","status-publish","format-standard","hentry","category-haberler"],"jetpack_featured_media_url":"","jetpack_shortlink":"https:\/\/wp.me\/paHHlZ-yd","jetpack-related-posts":[{"id":55,"url":"https:\/\/www.gocmeniz.biz\/?p=55","url_meta":{"origin":2121,"position":0},"title":"Y\u0131ld\u0131z \u0130BRAH\u0130MOVA&#8217;n\u0131n e\u015fi hayat\u0131n\u0131 kaybetti.","author":"Admin","date":"22 Nisan 2007","format":false,"excerpt":"5 g\u00fcnd\u00fcr komada olan CHP'li TBMM Ba\u015fkanvekili Ali Din\u00e7er hayat\u0131n\u0131 kaybetti. \u0130bn-i Sina Hastanesi\u2019nde tedavi alt\u0131nda bulunan TBMM Ba\u015fkanvekili ve CHP Milletvekili Ali Din\u00e7er, \u00f6\u011flen saatlerinde hayat\u0131n\u0131 kaybetti. Din\u00e7er\u2019in karde\u015fi Tahir Din\u00e7er, sabah yapt\u0131\u011f\u0131 a\u00e7\u0131klamada zaman zaman kana ihtiya\u00e7 duyuldu\u011funu, karde\u015finin sa\u011fl\u0131k durumunda de\u011fi\u015fiklik olmad\u0131\u011f\u0131n\u0131 s\u00f6ylemi\u015fti. Hastane Ba\u015fhekimi Murat Akal,\u2026","rel":"","context":"&quot;Haberler&quot; i\u00e7inde","block_context":{"text":"Haberler","link":"https:\/\/www.gocmeniz.biz\/?cat=5"},"img":{"alt_text":"","src":"https:\/\/i0.wp.com\/arsiv.sabah.com.tr\/2005\/03\/28\/im\/\/6E136589DB2FE84192AB6437b.jpg?resize=350%2C200","width":350,"height":200},"classes":[]},{"id":346,"url":"https:\/\/www.gocmeniz.biz\/?p=346","url_meta":{"origin":2121,"position":1},"title":"Bosna Hersek ve Bulgaristanl\u0131 \u00d6\u011frencilerden Kaymakam ve Belediye Ba\u015fkan\u0131na Ziyaret","author":"Haberci","date":"22 Nisan 2008","format":false,"excerpt":"23 Nisan Ulusal Egemenlik ve \u00c7ocuk Bayram\u0131 etkinlikleri nedeniyle Bosna Hersek ve Bulgaristan'dan 70 \u00f6\u011frencinin bulundu\u011fu halk danslar\u0131 toplulu\u011fu \u00c7anakkale'nin \u00c7an il\u00e7esine geldi.\u00c7an'da \u00f6\u011frenci evlerinde kalan Bosna Hersek ve Bulgaristanl\u0131 \u00f6\u011frenciler,sabah \u00f6\u011fretmenleriyle birlikte Kaymakam Ahmet \u00dcmit ile Belediye Ba\u015fkan\u0131 Ali Sar\u0131ba\u015f'\u0131 makam\u0131nda ziyaret etti. Ziyaretlerde Kaymakam \u00dcmit, \u00f6\u011frencilere 23 Nisan\u2026","rel":"","context":"&quot;Haberler&quot; i\u00e7inde","block_context":{"text":"Haberler","link":"https:\/\/www.gocmeniz.biz\/?cat=5"},"img":{"alt_text":"","src":"","width":0,"height":0},"classes":[]},{"id":1956,"url":"https:\/\/www.gocmeniz.biz\/?p=1956","url_meta":{"origin":2121,"position":2},"title":"&#8220;Aram\u0131zda uzayl\u0131lar var&#8221;","author":"Haberci","date":"30 Kas\u0131m 2009","format":false,"excerpt":"A.A.\u00a0\u00a0\u00a0 Bulgaristan Uzay Ara\u015ft\u0131rmalar\u0131 Enstit\u00fcs\u00fc bilim adamlar\u0131, D\u00fcnya'da halihaz\u0131rda uzayl\u0131lar\u0131n oldu\u011funu ileri s\u00fcrd\u00fc.Daily Telegraph gazetesinin Bulgar bas\u0131n\u0131na dayanarak verdi\u011fi habere g\u00f6re, Enstit\u00fcn\u00fcn Ba\u015fkan Yard\u0131mc\u0131s\u0131 Lachezar Filipov, uzayl\u0131lar\u0131n varl\u0131\u011f\u0131yla ilgili ara\u015ft\u0131rman\u0131n, bunlar\u0131n ger\u00e7ekten D\u00fcnya'da var olduklar\u0131na i\u015faret etti\u011fini ve varl\u0131klar\u0131n\u0131 aram\u0131zda dost\u00e7a s\u00fcrd\u00fcrd\u00fcklerini g\u00f6sterdi\u011fi d\u00fc\u015f\u00fcncesinde oldu\u011funu belirtti.Enstit\u00fc, kendilerine g\u00f6nderilen bir\u00e7ok karma\u015f\u0131k\u2026","rel":"","context":"&quot;Haberler&quot; i\u00e7inde","block_context":{"text":"Haberler","link":"https:\/\/www.gocmeniz.biz\/?cat=5"},"img":{"alt_text":"","src":"","width":0,"height":0},"classes":[]},{"id":441,"url":"https:\/\/www.gocmeniz.biz\/?p=441","url_meta":{"origin":2121,"position":3},"title":"BELENE \u0130\u015e KONSEY\u0130&#8217;NDEN DEVREK&#8217;E Z\u0130YARET","author":"Haberci","date":"19 Haziran 2008","format":false,"excerpt":"Zonguldak'\u0131n Devrek \u0130l\u00e7esi'ne Bulgaristan'\u0131n Belene kentinden gelen heyet il\u00e7ede ziyaretlerde bulundu.Yakla\u015f\u0131k 3 y\u0131l \u00f6nce Bulgaristan'\u0131n Belene Kenti Belediyesi ile Zonguldak'\u0131n Devrek \u0130l\u00e7esi Belediyesi aras\u0131nda yap\u0131lan anla\u015fma ile iki \u015fehir karde\u015f \u015fehir kabul edilmi\u015fti. \u00dc\u00e7 y\u0131ll\u0131k aradan sonra ilk kez il\u00e7eye gelen Belene Belediye Ba\u015fkan Yard\u0131mc\u0131s\u0131, belde ba\u015fkanlar\u0131, i\u015f adamlar\u0131, i\u015f\u2026","rel":"","context":"Benzer yaz\u0131","block_context":{"text":"Benzer yaz\u0131","link":""},"img":{"alt_text":"","src":"","width":0,"height":0},"classes":[]},{"id":452,"url":"https:\/\/www.gocmeniz.biz\/?p=452","url_meta":{"origin":2121,"position":4},"title":"GURBET\u00c7\u0130N\u0130N \u00c7ORBA PARASI \u0130SYANI","author":"Haberci","date":"30 Haziran 2008","format":false,"excerpt":"Avrupa'n\u0131n \u00e7e\u015fitli \u00fclkelerinde \u00e7al\u0131\u015fan ve yaz tatillerini ge\u00e7irmek \u00fczere T\u00fcrkiye'ye gelen gurbet\u00e7iler s\u0131n\u0131r kap\u0131lar\u0131nda uzun kuyruklar olu\u015fturdu. Gurbet\u00e7iler S\u0131rbistan ve Bulgaristan'da \"\u00c7orba paras\u0131\" ad\u0131 alt\u0131nda al\u0131nan r\u00fc\u015fvetten \u015fikayet ettiler. R\u00fc\u015fvet vermek istemeyen gurbet\u00e7iler bagajlar\u0131n\u0131n bo\u015falt\u0131lmas\u0131 ve ara\u00e7lar\u0131nda arama yap\u0131lmakla tehdit edildiklerini belirttiler. Gurbet\u00e7i sezonunun ba\u015flamas\u0131 ile birlikte Pazarkule ve Kap\u0131kule\u2026","rel":"","context":"Benzer yaz\u0131","block_context":{"text":"Benzer yaz\u0131","link":""},"img":{"alt_text":"","src":"","width":0,"height":0},"classes":[]},{"id":1261,"url":"https:\/\/www.gocmeniz.biz\/?p=1261","url_meta":{"origin":2121,"position":5},"title":"Bulgaristan&#8217;da AP Se\u00e7imleri","author":"Haberci","date":"26 May\u0131s 2009","format":false,"excerpt":"Hak ve \u00d6zg\u00fcrl\u00fckler Partisi vekili ve Bulgar Parlamento Ba\u015fkan Yard\u0131mc\u0131s\u0131 \u00dcnal L\u00fctf\u00fc: \"17 sandalyeden 4'\u00fcn\u00fc kazanmay\u0131 hedefliyoruz.\"Bulgaristan'da Avrupa Parlamentosu adaylar\u0131n\u0131n se\u00e7im \u00e7al\u0131\u015fmalar\u0131 devam ediyor.\u00a0Hak ve \u00d6zg\u00fcrl\u00fckler Partisi milletvekili ve Bulgaristan Parlamentosu Ba\u015fkan Yard\u0131mc\u0131s\u0131 \u00dcnal L\u00fctf\u00fc partinin Avrupa Parlamentosu se\u00e7imlerinde 17 sandalyeden 4'\u00fcn\u00fc kazanmay\u0131 hedefledi\u011fini s\u00f6yledi.\u00a0Avrupa Parlamentosu Bulgaristan Grup Ba\u015fkan\u0131 da\u2026","rel":"","context":"&quot;Haberler&quot; i\u00e7inde","block_context":{"text":"Haberler","link":"https:\/\/www.gocmeniz.biz\/?cat=5"},"img":{"alt_text":"","src":"https:\/\/i0.wp.com\/www.habervakti.com\/img\/KCHdV9If.jpg?resize=350%2C200","width":350,"height":200},"classes":[]}],"jetpack_sharing_enabled":true,"jetpack_likes_enabled":true,"_links":{"self":[{"href":"https:\/\/www.gocmeniz.biz\/index.php?rest_route=\/wp\/v2\/posts\/2121","targetHints":{"allow":["GET"]}}],"collection":[{"href":"https:\/\/www.gocmeniz.biz\/index.php?rest_route=\/wp\/v2\/posts"}],"about":[{"href":"https:\/\/www.gocmeniz.biz\/index.php?rest_route=\/wp\/v2\/types\/post"}],"author":[{"embeddable":true,"href":"https:\/\/www.gocmeniz.biz\/index.php?rest_route=\/wp\/v2\/users\/331"}],"replies":[{"embeddable":true,"href":"https:\/\/www.gocmeniz.biz\/index.php?rest_route=%2Fwp%2Fv2%2Fcomments&post=2121"}],"version-history":[{"count":1,"href":"https:\/\/www.gocmeniz.biz\/index.php?rest_route=\/wp\/v2\/posts\/2121\/revisions"}],"predecessor-version":[{"id":8646,"href":"https:\/\/www.gocmeniz.biz\/index.php?rest_route=\/wp\/v2\/posts\/2121\/revisions\/8646"}],"wp:attachment":[{"href":"https:\/\/www.gocmeniz.biz\/index.php?rest_route=%2Fwp%2Fv2%2Fmedia&parent=2121"}],"wp:term":[{"taxonomy":"category","embeddable":true,"href":"https:\/\/www.gocmeniz.biz\/index.php?rest_route=%2Fwp%2Fv2%2Fcategories&post=2121"},{"taxonomy":"post_tag","embeddable":true,"href":"https:\/\/www.gocmeniz.biz\/index.php?rest_route=%2Fwp%2Fv2%2Ftags&post=2121"}],"curies":[{"name":"wp","href":"https:\/\/api.w.org\/{rel}","templated":true}]}}