{"id":2131,"date":"2010-05-12T16:39:34","date_gmt":"2010-05-12T13:39:34","guid":{"rendered":"http:\/\/www.gocmeniz.biz\/?p=2131"},"modified":"2026-04-03T12:25:36","modified_gmt":"2026-04-03T09:25:36","slug":"balkanlardan-bu-kez-soguk-degil-virus-geliyor","status":"publish","type":"post","link":"https:\/\/www.gocmeniz.biz\/?p=2131","title":{"rendered":"Balkanlardan bu kez so\u011fuk de\u011fil vir\u00fcs geliyor"},"content":{"rendered":"<p><b><img data-recalc-dims=\"1\"  title=\"\"  alt=\"10571603 Balkanlardan bu kez so\u011fuk de\u011fil vir\u00fcs geliyor\" decoding=\"async\" style=\"max-width: 800px; float: left; margin-top: 10px; margin-bottom: 10px; margin-right: 10px;\" src=\"https:\/\/i0.wp.com\/www.hurriyet.com.tr\/_np\/1603\/10571603.jpg?w=640\" \/>T\u00fcrkiye, Bulgaristan&#8217;da son aylarda art\u0131\u015f g\u00f6steren k\u0131zam\u0131k salg\u0131n\u0131na \u00f6nlem olarak bu \u00fclkeden gelecek vatanda\u015flara y\u00f6nelik kontrollerini s\u0131k\u0131la\u015ft\u0131rd\u0131.<\/b><\/p>\n<p>AFP haber ajans\u0131n\u0131n bildirdi\u011fine g\u00f6re Bulgaristan D\u0131\u015fi\u015fleri Bakanl\u0131\u011f\u0131&#8217;ndan yap\u0131lan a\u00e7\u0131klamada, T\u00fcrkiye\u2019deki yetkililerin k\u0131zam\u0131k salg\u0131n\u0131 korkusuyla s\u0131n\u0131r kontrollerini s\u0131k\u0131la\u015ft\u0131rd\u0131\u011f\u0131 ifade edildi.&nbsp;&nbsp;&nbsp;&nbsp;&nbsp;&nbsp;&nbsp;&nbsp;&nbsp; <\/p>\n<p>T\u00fcrkiye\u2019ye gelmeyi planlayan Bulgar vatanda\u015flar\u0131n\u0131 uyaran Bakanl\u0131k, \u201cAte\u015f, d\u00f6k\u00fcnt\u00fc, ve \u00f6ks\u00fcr\u00fck gibi hastal\u0131k belirtilerini g\u00f6steren yolcular\u0131n T\u00fcrkiye\u2019ye giri\u015fleri ge\u00e7ici olarak yasaklanabilir\u201d a\u00e7\u0131klamas\u0131 yapt\u0131.<\/p>\n<p>A\u00e7\u0131klamada T\u00fcrk yetkililerin \u201cyay\u0131lma riskini \u00f6nlemek\u201d i\u00e7in koruyucu \u00f6nlemler ald\u0131\u011f\u0131 da belirtildi.<\/p>\n<p>Bulgaristan\u2019daki Roman gruplar aras\u0131nda Nisan 2009\u2019da yay\u0131lmaya ba\u015flayan k\u0131zam\u0131k salg\u0131n\u0131 son aylarda etkisini art\u0131rd\u0131. Salg\u0131n dan\u0131\u015fman\u0131 Mira Kozhuharova, bug\u00fcne kadar salg\u0131ndan 18 bin ki\u015finin etkilendi\u011fini ve bu ki\u015filerin 20\u2019sinin hayat\u0131n\u0131 kaybetti\u011fini s\u00f6yledi.<\/p>\n<p>Kozhuharova, hastal\u0131\u011f\u0131n Roman \u00e7ocuklar ve yeti\u015fkinler aras\u0131nda h\u0131zla yay\u0131lmas\u0131n\u0131n sebebinin a\u015f\u0131 eksikli\u011fi oldu\u011funun alt\u0131n\u0131 \u00e7izdi.<\/p>\n<p>Bulgaristan\u2019da en son 1992 y\u0131l\u0131nda g\u00f6r\u00fclen k\u0131zam\u0131k salg\u0131n\u0131ndan 22 bin ki\u015fi etkilenmi\u015fti.<\/p>\n<div class=\"zemanta-pixie\"><img data-recalc-dims=\"1\"  title=\"\" decoding=\"async\" class=\"zemanta-pixie-img\"  alt=\"pixy Balkanlardan bu kez so\u011fuk de\u011fil vir\u00fcs geliyor\"  src=\"https:\/\/i0.wp.com\/img.zemanta.com\/pixy.gif?w=640\" \/><\/div>\n","protected":false},"excerpt":{"rendered":"<p>T\u00fcrkiye, Bulgaristan&#8217;da son aylarda art\u0131\u015f g\u00f6steren k\u0131zam\u0131k salg\u0131n\u0131na \u00f6nlem olarak bu \u00fclkeden gelecek vatanda\u015flara y\u00f6nelik kontrollerini s\u0131k\u0131la\u015ft\u0131rd\u0131. AFP haber ajans\u0131n\u0131n bildirdi\u011fine g\u00f6re Bulgaristan D\u0131\u015fi\u015fleri Bakanl\u0131\u011f\u0131&#8217;ndan yap\u0131lan a\u00e7\u0131klamada, T\u00fcrkiye\u2019deki yetkililerin k\u0131zam\u0131k salg\u0131n\u0131 korkusuyla s\u0131n\u0131r kontrollerini s\u0131k\u0131la\u015ft\u0131rd\u0131\u011f\u0131 ifade edildi.&nbsp;&nbsp;&nbsp;&nbsp;&nbsp;&nbsp;&nbsp;&nbsp;&nbsp; T\u00fcrkiye\u2019ye gelmeyi planlayan Bulgar vatanda\u015flar\u0131n\u0131 uyaran Bakanl\u0131k, \u201cAte\u015f, d\u00f6k\u00fcnt\u00fc, ve \u00f6ks\u00fcr\u00fck gibi hastal\u0131k belirtilerini g\u00f6steren yolcular\u0131n T\u00fcrkiye\u2019ye giri\u015fleri [&hellip;]<\/p>\n","protected":false},"author":331,"featured_media":0,"comment_status":"open","ping_status":"open","sticky":false,"template":"","format":"standard","meta":{"advanced_seo_description":"","jetpack_seo_html_title":"","jetpack_seo_noindex":false,"ngg_post_thumbnail":0,"jetpack_post_was_ever_published":false,"_jetpack_newsletter_access":"","_jetpack_dont_email_post_to_subs":false,"_jetpack_newsletter_tier_id":0,"_jetpack_memberships_contains_paywalled_content":false,"_jetpack_memberships_contains_paid_content":false,"footnotes":""},"categories":[5],"tags":[],"class_list":["post-2131","post","type-post","status-publish","format-standard","hentry","category-haberler"],"jetpack_featured_media_url":"","jetpack_shortlink":"https:\/\/wp.me\/paHHlZ-yn","jetpack-related-posts":[{"id":442,"url":"https:\/\/www.gocmeniz.biz\/?p=442","url_meta":{"origin":2131,"position":0},"title":"BULGAR\u0130STAN&#8217;DAK\u0130 T\u0130CAR\u0130 \u0130MKANLAR, TRAKYA \u0130\u015e PLATFORMU&#8217;NDA TANITILDI","author":"Haberci","date":"19 Haziran 2008","format":false,"excerpt":"Trakyal\u0131 i\u015fadamlar\u0131n\u0131n olu\u015fturdu\u011fu Trakya \u0130\u015f Hayat\u0131 Dernekleri Platformu, Bulgaristan'daki ticari imkanlar\u0131 masaya yat\u0131ran bir toplant\u0131 d\u00fczenledi. T\u00fcrk ve Bulgar yetkililerin kat\u0131ld\u0131\u011f\u0131 toplant\u0131da Trakyal\u0131 i\u015f adamlar\u0131n\u0131n ekonomik i\u015fbirli\u011fine haz\u0131r olduklar\u0131 vurguland\u0131. TUSKON'a ba\u011fl\u0131 Trakya da faaliyet g\u00f6steren derneklerin olu\u015fturdu\u011fu Trakya \u0130\u015f Hayat\u0131 Dernekleri Platformunun d\u00fczenledi\u011fi 'Kom\u015fu \u00dclke Bulgaristan S\u0131n\u0131r\u0131nda \u0130\u015f \u0130mkanlar\u0131'\u2026","rel":"","context":"Benzer yaz\u0131","block_context":{"text":"Benzer yaz\u0131","link":""},"img":{"alt_text":"","src":"","width":0,"height":0},"classes":[]},{"id":649,"url":"https:\/\/www.gocmeniz.biz\/?p=649","url_meta":{"origin":2131,"position":1},"title":"&#8220;KUZEY IRAK&#8217;TAK\u0130 K\u00dcRT Y\u00d6NET\u0130M\u0130, BULGAR\u0130STAN&#8217;DAN S\u0130LAH ALDI&#8221;","author":"Haberci","date":"24 Kas\u0131m 2008","format":false,"excerpt":"Irak'\u0131n kuzeyindeki K\u00fcrt y\u00f6netiminin, Bulgaristan'dan silah sat\u0131n ald\u0131\u011f\u0131 iddia edildi. Amerikan Washington Post gazetesi, ABD ordusundan 3 yetkiliye dayand\u0131rd\u0131\u011f\u0131 bir haberinde K\u00fcrt b\u00f6lgesine Bulgaristan'dan k\u00fc\u00e7\u00fck silah ve cephaneden dolu 3 u\u00e7ak geldi\u011fini yazd\u0131. Gazete, merkez\u00ee y\u00f6netimin ise buna kar\u015f\u0131 \u00e7\u0131kt\u0131\u011f\u0131na ve silah sat\u0131m\u0131n\u0131n Irak Anayasa's\u0131na ayk\u0131r\u0131 \u015fekilde ger\u00e7ekle\u015fti\u011fini savundu\u011funa dikkat\u2026","rel":"","context":"&quot;Haberler&quot; i\u00e7inde","block_context":{"text":"Haberler","link":"https:\/\/www.gocmeniz.biz\/?cat=5"},"img":{"alt_text":"","src":"","width":0,"height":0},"classes":[]},{"id":1190,"url":"https:\/\/www.gocmeniz.biz\/?p=1190","url_meta":{"origin":2131,"position":2},"title":"G\u00f6\u00e7menler gayrimenkul pe\u015finde","author":"Haberci","date":"08 May\u0131s 2009","format":false,"excerpt":"Bulgaristan'dan T\u00fcrkiye'ye g\u00f6\u00e7enlerin geride b\u0131rakt\u0131klar\u0131 gayrimenkullerin kay\u0131t alt\u0131na al\u0131nabilmesi i\u00e7in \u00e7al\u0131\u015fma ba\u015flat\u0131ld\u0131 Denizli Balkan G\u00f6\u00e7menleri K\u00fclt\u00fcr ve Dayan\u0131\u015fma Derne\u011fi (Deng\u00f6\u00e7der) Ba\u015fkan\u0131 Ali Sert, Bulgaristan'dan T\u00fcrkiye'ye g\u00f6\u00e7enlerin geride b\u0131rakt\u0131klar\u0131 gayrimenkullerin kay\u0131t alt\u0131na al\u0131nabilmesi i\u00e7in \u00e7al\u0131\u015fma ba\u015flat\u0131ld\u0131\u011f\u0131n\u0131 s\u00f6yledi. Ali Sert, Bulgaristan'da gayrimenkul\u00fc bulunan ve Denizli'de ya\u015fayan Bulgaristan g\u00f6\u00e7meni vatanda\u015flar\u0131n derneklerine gelmesini istedi.\u2026","rel":"","context":"&quot;Haberler&quot; i\u00e7inde","block_context":{"text":"Haberler","link":"https:\/\/www.gocmeniz.biz\/?cat=5"},"img":{"alt_text":"","src":"","width":0,"height":0},"classes":[]},{"id":748,"url":"https:\/\/www.gocmeniz.biz\/?p=748","url_meta":{"origin":2131,"position":3},"title":"\u00d6ld\u00fcren grip salg\u0131n\u0131 kap\u0131da","author":"Haberci","date":"31 Aral\u0131k 2008","format":false,"excerpt":"VATAN DI\u015e HABERLERAvrupal\u0131 bilim adamlar\u0131, ge\u00e7en y\u0131l Avustralya\u2019da ortaya \u00e7\u0131kan bir grip vir\u00fcs\u00fcn\u00fcn yeni y\u0131lda Avrupa\u2019da etkisini hissettirece\u011fi konusunda uyard\u0131. Avrupa Grip Salg\u0131n\u0131 Projesi taraf\u0131ndan haz\u0131rlanan bir rapora g\u00f6re 2007\u2019de Avustralya\u2019da \u00fc\u00e7 kat daha s\u0131k g\u00f6r\u00fclen ve 6 \u00e7ocu\u011fun \u00f6l\u00fcm\u00fcne neden olan \u00f6l\u00fcmc\u00fcl grip vir\u00fcs\u00fc \u201cH3N2 Brisbane 10\u201da Avrupa\u2019da da\u2026","rel":"","context":"&quot;Haberler&quot; i\u00e7inde","block_context":{"text":"Haberler","link":"https:\/\/www.gocmeniz.biz\/?cat=5"},"img":{"alt_text":"","src":"","width":0,"height":0},"classes":[]},{"id":1058,"url":"https:\/\/www.gocmeniz.biz\/?p=1058","url_meta":{"origin":2131,"position":4},"title":"T\u00fczmen, 100 ki\u015filik bir heyet ile Bulgaristan\u2019a gidiyor","author":"Haberci","date":"14 Nisan 2009","format":false,"excerpt":"Devlet Bakan\u0131 K\u00fcr\u015fad T\u00fczmen, beraberinde 80\u2019den fazla i\u015f adam\u0131 olmak \u00fczere toplam 100 ki\u015filik bir heyet ile bu ak\u015fam Bulgaristan\u2019a gidiyor. D\u0131\u015f Ticaret M\u00fcste\u015farl\u0131\u011f\u0131 (DTM) koordinasyonu, Uluda\u011f \u0130hracat\u00e7\u0131 Birlikleri organizasyonunda d\u00fczenlenen ticaret heyet gezisi 3 g\u00fcn s\u00fcrecek ve T\u00fczmen, ziyaret s\u0131ras\u0131nda, Sofya\u2019da 4 bakan ile g\u00f6r\u00fc\u015fecek, iki \u00fclke aras\u0131nda Teknik\u2026","rel":"","context":"&quot;Haberler&quot; i\u00e7inde","block_context":{"text":"Haberler","link":"https:\/\/www.gocmeniz.biz\/?cat=5"},"img":{"alt_text":"","src":"","width":0,"height":0},"classes":[]},{"id":508,"url":"https:\/\/www.gocmeniz.biz\/?p=508","url_meta":{"origin":2131,"position":5},"title":"Edirne\u2019de kurakl\u0131k alarm\u0131","author":"Haberci","date":"11 Eyl\u00fcl 2008","format":false,"excerpt":"ED\u0130RNE'de a\u015f\u0131r\u0131 s\u0131cak ve kurakl\u0131k, Meri\u00e7 ve Tunca nehirlerinin debi oranlar\u0131n\u0131 b\u00fcy\u00fck \u00f6l\u00e7\u00fcde d\u00fc\u015f\u00fcrd\u00fc. Bu y\u0131l Bulgaristan da baraj kapaklar\u0131n\u0131 a\u00e7may\u0131nca 100 metrelik b\u00f6l\u00fcm\u00fc T\u00fcrkiye'den ge\u00e7en Arda nehri tamamen kurudu. DS\u0130 yetkilileri, barajlarda yeterli su oldu\u011funu, nehir suyunun da \u015fimdilik \u00e7ift\u00e7iye yetti\u011fini belirterek, kurakl\u0131\u011f\u0131n devam etmesi halinde ileride su s\u0131k\u0131nt\u0131s\u0131\u2026","rel":"","context":"&quot;Haberler&quot; i\u00e7inde","block_context":{"text":"Haberler","link":"https:\/\/www.gocmeniz.biz\/?cat=5"},"img":{"alt_text":"","src":"","width":0,"height":0},"classes":[]}],"jetpack_sharing_enabled":true,"jetpack_likes_enabled":true,"_links":{"self":[{"href":"https:\/\/www.gocmeniz.biz\/index.php?rest_route=\/wp\/v2\/posts\/2131","targetHints":{"allow":["GET"]}}],"collection":[{"href":"https:\/\/www.gocmeniz.biz\/index.php?rest_route=\/wp\/v2\/posts"}],"about":[{"href":"https:\/\/www.gocmeniz.biz\/index.php?rest_route=\/wp\/v2\/types\/post"}],"author":[{"embeddable":true,"href":"https:\/\/www.gocmeniz.biz\/index.php?rest_route=\/wp\/v2\/users\/331"}],"replies":[{"embeddable":true,"href":"https:\/\/www.gocmeniz.biz\/index.php?rest_route=%2Fwp%2Fv2%2Fcomments&post=2131"}],"version-history":[{"count":1,"href":"https:\/\/www.gocmeniz.biz\/index.php?rest_route=\/wp\/v2\/posts\/2131\/revisions"}],"predecessor-version":[{"id":8915,"href":"https:\/\/www.gocmeniz.biz\/index.php?rest_route=\/wp\/v2\/posts\/2131\/revisions\/8915"}],"wp:attachment":[{"href":"https:\/\/www.gocmeniz.biz\/index.php?rest_route=%2Fwp%2Fv2%2Fmedia&parent=2131"}],"wp:term":[{"taxonomy":"category","embeddable":true,"href":"https:\/\/www.gocmeniz.biz\/index.php?rest_route=%2Fwp%2Fv2%2Fcategories&post=2131"},{"taxonomy":"post_tag","embeddable":true,"href":"https:\/\/www.gocmeniz.biz\/index.php?rest_route=%2Fwp%2Fv2%2Ftags&post=2131"}],"curies":[{"name":"wp","href":"https:\/\/api.w.org\/{rel}","templated":true}]}}