{"id":2133,"date":"2010-05-12T16:41:59","date_gmt":"2010-05-12T13:41:59","guid":{"rendered":"http:\/\/www.gocmeniz.biz\/?p=2133"},"modified":"2026-04-03T12:25:36","modified_gmt":"2026-04-03T09:25:36","slug":"edirnede-goktasi-iddiasi","status":"publish","type":"post","link":"https:\/\/www.gocmeniz.biz\/?p=2133","title":{"rendered":"Edirne&#8217;de g\u00f6kta\u015f\u0131 iddias\u0131"},"content":{"rendered":"<p><b><img data-recalc-dims=\"1\"  title=\"\"  alt=\"10569001 Edirne&#039;de g\u00f6kta\u015f\u0131 iddias\u0131\" decoding=\"async\" style=\"max-width: 800px; float: left; margin-top: 10px; margin-bottom: 10px; margin-right: 10px;\" src=\"https:\/\/i0.wp.com\/www.hurriyet.com.tr\/_np\/9001\/10569001.jpg?w=640\" \/>Edirne&#8217;de g\u00f6ky\u00fcz\u00fcnden ge\u00e7erek Bulgaristan topraklar\u0131na d\u00fc\u015ft\u00fc\u011f\u00fc iddia edilen cisim heyecan yaratt\u0131.<\/b><\/p>\n<p>D\u00fcn saat 20.30 ile 21.30 s\u0131ralar\u0131nda g\u00f6ky\u00fcz\u00fcn\u00fc ayd\u0131nlatarak hareket eden bir cisim g\u00f6r\u00fcld\u00fc\u011f\u00fc ve g\u00f6zden kaybolduktan sonra y\u00fcksek bir ses \u00e7\u0131karan cismin g\u00f6kta\u015f\u0131 oldu\u011fu iddia edildi.<br \/>Bulgaristan&#8217;a s\u0131n\u0131r olan Sarayakp\u0131nar, B\u00fcy\u00fckismail\u00e7e ve Kalkans\u00f6\u011f\u00fct k\u00f6y\u00fcnde ya\u015fayan vatanda\u015flar, kahvehanede ve evin d\u0131\u015f\u0131nda otururlarken g\u00f6ky\u00fcz\u00fcn\u00fcn bir anda ayd\u0131nland\u0131\u011f\u0131n\u0131, \u0131\u015f\u0131k \u015feklinde \u00e7ok h\u0131zl\u0131 hareket eden cismin k\u00f6ylerinin \u00fczerinden ge\u00e7erek Bulgaristan taraf\u0131na d\u00fc\u015ft\u00fc\u011f\u00fcn\u00fc s\u00f6ylediler.<\/p>\n<p>Cisim k\u00f6ylerinin \u00fczerinden ge\u00e7tikten sonra g\u00f6k g\u00fcr\u00fclt\u00fcs\u00fcne benzeyen, ancak de\u011fi\u015fik bir sesin duyuldu\u011funu ifade eden k\u00f6yl\u00fcler, \u201cHudut birli\u011finden gelen askerler de bize bu cismi g\u00f6rd\u00fcklerini ve Bulgaristan taraf\u0131na d\u00fc\u015ft\u00fc\u011f\u00fcn\u00fc ilettiler\u201d dedi.<\/p>\n<p>Bu arada, Edirne kent merkezideki vatanda\u015flar da g\u00f6k g\u00fcr\u00fclt\u00fcs\u00fcne benzer ses duyduklar\u0131n\u0131 ve \u0131\u015f\u0131k g\u00f6rd\u00fcklerini belirtti.<br \/>Lalapa\u015fa Kaymakam\u0131 Ceyhun Dil\u015fad Ta\u015fk\u0131n, g\u00f6ky\u00fcz\u00fcnde ger\u00e7ekle\u015fen olay\u0131 kendisinin g\u00f6rmedi\u011fini, ancak olay\u0131 jandarma devriyelerinin ara\u015ft\u0131rd\u0131\u011f\u0131n\u0131 s\u00f6yledi. Ta\u015fk\u0131n, \u201cKalkans\u00f6\u011f\u00fct k\u00f6y\u00fcnden daha net g\u00f6r\u00fclen g\u00f6kta\u015f\u0131, b\u00fcy\u00fck ihtimalle Bulgaristan taraf\u0131na d\u00fc\u015ft\u00fc. Ama biz yine yang\u0131n ihtimaline kar\u015f\u0131 \u00f6nlemlerimizi ald\u0131k\u201d diye konu\u015ftu.<\/p>\n<p>Bulgaristan&#8217;a s\u0131n\u0131r olan ve Edirne kent merkezine 20 kilometre uzakl\u0131ktaki B\u00fcy\u00fckismail\u00e7e k\u00f6y\u00fcn\u00fcn muhtar\u0131 Emin Akg\u00fcn de \u0131\u015f\u0131\u011f\u0131 g\u00f6rd\u00fc\u011f\u00fcn\u00fc ve ard\u0131ndan da g\u00fcr\u00fclt\u00fc \u00e7\u0131kt\u0131\u011f\u0131n\u0131 s\u00f6yledi. Daha sonra k\u00f6y kahvehanesine gitti\u011fini anlatan Akg\u00fcn, \u201cBuradaki k\u00f6yl\u00fcler de benim g\u00f6rd\u00fc\u011f\u00fcm \u0131\u015f\u0131k s\u00fczmesini g\u00f6rm\u00fc\u015f ve sesi duymu\u015f. Hudut komutanl\u0131\u011f\u0131nda g\u00f6revli askerler de g\u00f6ky\u00fcz\u00fcndeki \u0131\u015f\u0131k k\u00fcmesini g\u00f6rm\u00fc\u015fler ve bize de g\u00f6r\u00fcp g\u00f6rmedi\u011fimizi sordular\u201d dedi.<\/p>\n<div class=\"zemanta-pixie\"><img data-recalc-dims=\"1\"  title=\"\" decoding=\"async\" class=\"zemanta-pixie-img\"  alt=\"pixy Edirne&#039;de g\u00f6kta\u015f\u0131 iddias\u0131\"  src=\"https:\/\/i0.wp.com\/img.zemanta.com\/pixy.gif?w=640\" \/><\/div>\n","protected":false},"excerpt":{"rendered":"<p>Edirne&#8217;de g\u00f6ky\u00fcz\u00fcnden ge\u00e7erek Bulgaristan topraklar\u0131na d\u00fc\u015ft\u00fc\u011f\u00fc iddia edilen cisim heyecan yaratt\u0131. D\u00fcn saat 20.30 ile 21.30 s\u0131ralar\u0131nda g\u00f6ky\u00fcz\u00fcn\u00fc ayd\u0131nlatarak hareket eden bir cisim g\u00f6r\u00fcld\u00fc\u011f\u00fc ve g\u00f6zden kaybolduktan sonra y\u00fcksek bir ses \u00e7\u0131karan cismin g\u00f6kta\u015f\u0131 oldu\u011fu iddia edildi.Bulgaristan&#8217;a s\u0131n\u0131r olan Sarayakp\u0131nar, B\u00fcy\u00fckismail\u00e7e ve Kalkans\u00f6\u011f\u00fct k\u00f6y\u00fcnde ya\u015fayan vatanda\u015flar, kahvehanede ve evin d\u0131\u015f\u0131nda otururlarken g\u00f6ky\u00fcz\u00fcn\u00fcn bir anda ayd\u0131nland\u0131\u011f\u0131n\u0131, [&hellip;]<\/p>\n","protected":false},"author":331,"featured_media":0,"comment_status":"open","ping_status":"open","sticky":false,"template":"","format":"standard","meta":{"advanced_seo_description":"","jetpack_seo_html_title":"","jetpack_seo_noindex":false,"ngg_post_thumbnail":0,"jetpack_post_was_ever_published":false,"_jetpack_newsletter_access":"","_jetpack_dont_email_post_to_subs":false,"_jetpack_newsletter_tier_id":0,"_jetpack_memberships_contains_paywalled_content":false,"_jetpack_memberships_contains_paid_content":false,"footnotes":""},"categories":[5],"tags":[],"class_list":["post-2133","post","type-post","status-publish","format-standard","hentry","category-haberler"],"jetpack_featured_media_url":"","jetpack_shortlink":"https:\/\/wp.me\/paHHlZ-yp","jetpack-related-posts":[{"id":119,"url":"https:\/\/www.gocmeniz.biz\/?p=119","url_meta":{"origin":2133,"position":0},"title":"Haf\u0131za Kayb\u0131 Ya\u015fayan 55 Ya\u015f\u0131ndaki Kad\u0131n\u0131n Yak\u0131nlar\u0131 Aran\u0131yor","author":"Admin","date":"07 Temmuz 2007","format":false,"excerpt":"Kocaeli'de sokakta kalan ma\u011fdur vatanda\u015flar i\u00e7in kurulan bar\u0131nma evi, haf\u0131za kayb\u0131 ya\u015fayan ve ad\u0131n\u0131n Ay\u015fe Yasmen oldu\u011funu belirten 55 ya\u015f\u0131ndaki kad\u0131na sahip \u00e7\u0131kt\u0131. Bulgar g\u00f6\u00e7meni oldu\u011fu belirlenen kad\u0131n\u0131n yak\u0131nlar\u0131n\u0131n bulunmas\u0131na \u00e7al\u0131\u015f\u0131l\u0131yor. Kocaeli'de sokakta kalan ma\u011fdur vatanda\u015flar i\u00e7in kurulan bar\u0131nma evi, haf\u0131za kayb\u0131 ya\u015fayan ve ad\u0131n\u0131n Ay\u015fe Yasmen oldu\u011funu belirten 55\u2026","rel":"","context":"&quot;Haberler&quot; i\u00e7inde","block_context":{"text":"Haberler","link":"https:\/\/www.gocmeniz.biz\/?cat=5"},"img":{"alt_text":"","src":"","width":0,"height":0},"classes":[]},{"id":1688,"url":"https:\/\/www.gocmeniz.biz\/?p=1688","url_meta":{"origin":2133,"position":1},"title":"Bulgaristan s\u0131n\u0131r\u0131nda operasyon: 41 kilo eroin ele ge\u00e7ti","author":"Haberci","date":"12 A\u011fustos 2009","format":false,"excerpt":"KIRKLAREL\u0130'nin Kof\u00e7az \u0130l\u00e7esi'ne ba\u011fl\u0131 s\u0131n\u0131r k\u00f6y\u00fc Tatl\u0131p\u0131nar\u2019dan \u00e7antalar\u0131ndaki 41 kilo eroin ile Bulgaristan'a ge\u00e7mek isteyen 2 T\u00fcrk yakaland\u0131. T\u00fcrkiye s\u0131n\u0131r\u0131nda yakalanan 29 ya\u015f\u0131ndaki Murat K. \u00e7\u0131kart\u0131ld\u0131\u011f\u0131 mahkemece tutuklan\u0131rken, Bulgar s\u0131n\u0131r\u0131nda yakalanan 24 ya\u015f\u0131ndaki Cemal T.\u2019nin sorgusu Bulgaristan'da s\u00fcr\u00fcyor.\u0130stanbul'dan getirdikleri 41 kilo eroini iki spor \u00e7antaya koyan Murat K. ile Cemal\u2026","rel":"","context":"&quot;Haberler&quot; i\u00e7inde","block_context":{"text":"Haberler","link":"https:\/\/www.gocmeniz.biz\/?cat=5"},"img":{"alt_text":"","src":"","width":0,"height":0},"classes":[]},{"id":798,"url":"https:\/\/www.gocmeniz.biz\/?p=798","url_meta":{"origin":2133,"position":2},"title":"AYNI ARA\u00c7LA HAFTADA B\u0130R GE\u00c7\u0130\u015e SINIRLAMASI KALDIRILDI","author":"Haberci","date":"02 \u015eubat 2009","format":false,"excerpt":"ED\u0130RNE - Edirne G\u00fcmr\u00fck ve Muhafaza Ba\u015fm\u00fcd\u00fcrl\u00fc\u011f\u00fc'ne ba\u011fl\u0131 g\u00fcmr\u00fcklerde, \u00f6zel kullan\u0131ma mahsus ara\u00e7lar\u0131n haftada birle s\u0131n\u0131rland\u0131r\u0131lan ge\u00e7i\u015f uygulamas\u0131 ikinci bir karara kadar kald\u0131r\u0131ld\u0131.\u00a0\u00a0\u00a0\u00a0 TOBB Y\u00f6netim Kurulu \u00fcyesi ve Edirne Ticaret Borsas\u0131 Ba\u015fkan\u0131 Mustafa Yard\u0131mc\u0131, AA muhabirine yapt\u0131\u011f\u0131 a\u00e7\u0131klamada, Kara Ula\u015ft\u0131rma Genel M\u00fcd\u00fcrl\u00fc\u011f\u00fcn\u00fcn 2007 y\u0131l\u0131ndan itibaren kara s\u0131n\u0131r kap\u0131lar\u0131na g\u00f6nderdi\u011fi yaz\u0131yla\u2026","rel":"","context":"&quot;Haberler&quot; i\u00e7inde","block_context":{"text":"Haberler","link":"https:\/\/www.gocmeniz.biz\/?cat=5"},"img":{"alt_text":"","src":"","width":0,"height":0},"classes":[]},{"id":496,"url":"https:\/\/www.gocmeniz.biz\/?p=496","url_meta":{"origin":2133,"position":3},"title":"Gurbet\u00e7ilerin g\u00fcmr\u00fcklerde bekleme \u00e7ilesi bitmiyor","author":"Haberci","date":"30 A\u011fustos 2008","format":false,"excerpt":"Y\u0131ll\u0131k izinlerini T\u00fcrkiye'de ge\u00e7irdikten sonra Bulgaristan \u00fczerinden Avrupa'ya gitmeye karar veren ve S\u0131rbistan s\u0131n\u0131r\u0131na gelen gurbet\u00e7iler, 20 kilometre uzunlu\u011fundaki kuyrukta saatlerce beklemek zorunda kal\u0131yor.Bulgaristan Ulusal Televizyonu (BNT), Bulgar-S\u0131rp s\u0131n\u0131r\u0131ndaki Kalotina G\u00fcmr\u00fck kap\u0131s\u0131nda ara\u00e7lar\u0131n olu\u015fturdu\u011fu s\u0131ran\u0131n 20 kilometreyi buldu\u011funu ve bunun da bekleyenlerde b\u00fcy\u00fck bir psikolojik s\u0131k\u0131nt\u0131 yaratt\u0131\u011f\u0131n\u0131 bildirdi.BNT'nin haberinde, bir\u2026","rel":"","context":"&quot;Haberler&quot; i\u00e7inde","block_context":{"text":"Haberler","link":"https:\/\/www.gocmeniz.biz\/?cat=5"},"img":{"alt_text":"","src":"","width":0,"height":0},"classes":[]},{"id":56,"url":"https:\/\/www.gocmeniz.biz\/?p=56","url_meta":{"origin":2133,"position":4},"title":"Neseb\u0131r &#8211; \u0130stanbul Hatt\u0131nda Deniz Otob\u00fcs\u00fc Seferleri Ba\u015fl\u0131yor.","author":"Admin","date":"22 Nisan 2007","format":false,"excerpt":"Yakla\u015f\u0131k bir ay sonra Neseb\u0131r liman\u0131ndan \u0130stanbul'a deniz otob\u00fcs\u00fc seferleri ba\u015flayaca\u011f\u0131 bildirildi. Hatt\u0131n a\u00e7\u0131lmas\u0131na \u00f6nc\u00fcl\u00fck eden Burgas'l\u0131 i\u015fadam\u0131 Radostin Da\u00e7ev, Bulgaristan Haber'e yapt\u0131\u011f\u0131 a\u00e7\u0131klamada, bu ama\u00e7la 240 yolcu kapasiteli deniz otob\u00fcs\u00fc sat\u0131n ald\u0131\u011f\u0131n\u0131 ve ad\u0131n\u0131 da Laura koydu\u011funu belirtti. Neseb\u0131r-\u0130stanbul hatt\u0131n\u0131 5 saatte katedecek olan Laura, Neseb\u0131r'dan ak\u015fam hareket edecek\u2026","rel":"","context":"&quot;Haberler&quot; i\u00e7inde","block_context":{"text":"Haberler","link":"https:\/\/www.gocmeniz.biz\/?cat=5"},"img":{"alt_text":"","src":"","width":0,"height":0},"classes":[]},{"id":1716,"url":"https:\/\/www.gocmeniz.biz\/?p=1716","url_meta":{"origin":2133,"position":5},"title":"\u00dc\u00e7 g\u00fcnde \u00fc\u00e7 \u00fclke","author":"Haberci","date":"20 A\u011fustos 2009","format":false,"excerpt":"Edirne'de bir seyahat acentesi b\u00fct\u00fcn masraflar dahil 220 Avro'ya yerli ve yabanc\u0131 turistlere 3 g\u00fcnde 3 \u00fclke gezme f\u0131rsat\u0131 sunuyor.\u00c7a\u011flar \u015eirketler Grubu Sahibi Recep Z\u0131pk\u0131nkurt, T\u00fcrkiye'de \u015fengen vizesi olan vatanda\u015flara Edirne, Bulgaristan, Yunanistan ve Makedonya'y\u0131 kapsayan gezi d\u00fczenleyeceklerini belirtti.Geziye kat\u0131lan yerli turistlere Edirne'de ba\u015fta Selimiye Cami, Sa\u011fl\u0131k M\u00fczesi, Alipa\u015fa ve\u2026","rel":"","context":"&quot;Haberler&quot; i\u00e7inde","block_context":{"text":"Haberler","link":"https:\/\/www.gocmeniz.biz\/?cat=5"},"img":{"alt_text":"","src":"","width":0,"height":0},"classes":[]}],"jetpack_sharing_enabled":true,"jetpack_likes_enabled":true,"_links":{"self":[{"href":"https:\/\/www.gocmeniz.biz\/index.php?rest_route=\/wp\/v2\/posts\/2133","targetHints":{"allow":["GET"]}}],"collection":[{"href":"https:\/\/www.gocmeniz.biz\/index.php?rest_route=\/wp\/v2\/posts"}],"about":[{"href":"https:\/\/www.gocmeniz.biz\/index.php?rest_route=\/wp\/v2\/types\/post"}],"author":[{"embeddable":true,"href":"https:\/\/www.gocmeniz.biz\/index.php?rest_route=\/wp\/v2\/users\/331"}],"replies":[{"embeddable":true,"href":"https:\/\/www.gocmeniz.biz\/index.php?rest_route=%2Fwp%2Fv2%2Fcomments&post=2133"}],"version-history":[{"count":1,"href":"https:\/\/www.gocmeniz.biz\/index.php?rest_route=\/wp\/v2\/posts\/2133\/revisions"}],"predecessor-version":[{"id":8914,"href":"https:\/\/www.gocmeniz.biz\/index.php?rest_route=\/wp\/v2\/posts\/2133\/revisions\/8914"}],"wp:attachment":[{"href":"https:\/\/www.gocmeniz.biz\/index.php?rest_route=%2Fwp%2Fv2%2Fmedia&parent=2133"}],"wp:term":[{"taxonomy":"category","embeddable":true,"href":"https:\/\/www.gocmeniz.biz\/index.php?rest_route=%2Fwp%2Fv2%2Fcategories&post=2133"},{"taxonomy":"post_tag","embeddable":true,"href":"https:\/\/www.gocmeniz.biz\/index.php?rest_route=%2Fwp%2Fv2%2Ftags&post=2133"}],"curies":[{"name":"wp","href":"https:\/\/api.w.org\/{rel}","templated":true}]}}