{"id":2136,"date":"2010-05-27T09:56:52","date_gmt":"2010-05-27T06:56:52","guid":{"rendered":"http:\/\/www.gocmeniz.biz\/?p=2136"},"modified":"2026-04-03T12:25:36","modified_gmt":"2026-04-03T09:25:36","slug":"koca-yusuf-yagli-guresle-anildi","status":"publish","type":"post","link":"https:\/\/www.gocmeniz.biz\/?p=2136","title":{"rendered":"Koca Yusuf ya\u011fl\u0131 g\u00fcre\u015fle an\u0131ld\u0131"},"content":{"rendered":"<p><b><img data-recalc-dims=\"1\"  title=\"\"  alt=\"10672870 Koca Yusuf ya\u011fl\u0131 g\u00fcre\u015fle an\u0131ld\u0131\" decoding=\"async\" style=\"max-width: 800px; float: left; margin-top: 10px; margin-bottom: 10px; margin-right: 10px;\" src=\"https:\/\/i0.wp.com\/www.hurriyet.com.tr\/_np\/2870\/10672870.jpg?w=640\" \/>Avrupa ve ABD&#8217;de yapt\u0131\u011f\u0131 m\u00fcsabakalarda hi\u00e7 yenilgi almamas\u0131ndan dolay\u0131 \u201cM\u00fcthi\u015f T\u00fcrk\u201d lakab\u0131yla bilinen T\u00fcrk g\u00fcre\u015finin en b\u00fcy\u00fck isimlerinden Koca Yusuf an\u0131s\u0131na, akraba ve hem\u015fehrilerinden baz\u0131lar\u0131n\u0131n torunlar\u0131n\u0131n ya\u015fad\u0131\u011f\u0131 K\u00fctahya&#8217;n\u0131n Alt\u0131nta\u015f il\u00e7esine ba\u011fl\u0131 Mecidiye k\u00f6y\u00fcnde ya\u011fl\u0131 g\u00fcre\u015f m\u00fcsabakalar\u0131 d\u00fczenlendi.<\/b><\/p>\n<p>K\u00f6y halk\u0131n\u0131n yan\u0131 s\u0131ra belde d\u0131\u015f\u0131ndan \u00e7ok say\u0131da vatanda\u015f\u0131n kat\u0131ld\u0131\u011f\u0131, bu y\u0131l 3&#8217;\u00fcnc\u00fcs\u00fc organize edilen ya\u011fl\u0131 g\u00fcre\u015f \u015fenlikleri, Kur&#8217;an-\u0131 Kerim okunmas\u0131yla ba\u015flad\u0131.<\/p>\n<p>Dumlup\u0131nar \u00dcniversitesi (DP\u00dc) \u00f6\u011frencisi 8 sporcunun yar\u0131\u015ft\u0131\u011f\u0131 g\u00fcre\u015fler \u00f6ncesi resim \u00f6\u011fretmeni F\u00fcsun Erbay taraf\u0131ndan yap\u0131lan Koca Yusuf tablosu sergilendi. Daha sonra g\u00fcre\u015f m\u00fcsabakalar\u0131 ger\u00e7ekle\u015ftirildi.<\/p>\n<p>Mecidiye k\u00f6y\u00fcnde ya\u015fayan bir grup \u00e7ocu\u011fun yer ald\u0131\u011f\u0131 tekvando g\u00f6sterisinin ard\u0131ndan, k\u00f6y gen\u00e7lerinin yaz gecelerinde k\u00f6yde gezerek oynad\u0131klar\u0131 deve oyunu sergilendi. B\u00fcy\u00fcklerin kat\u0131ld\u0131\u011f\u0131 eni\u015fte-kay\u0131nbirader ip \u00e7ekme yar\u0131\u015fmas\u0131 yo\u011fun ilgi g\u00f6rd\u00fc. \u00c7ocuklar\u0131n kat\u0131ld\u0131\u011f\u0131 k\u0131sa mesafeli ko\u015fu ve \u00e7uval yar\u0131\u015fmalar\u0131 da yap\u0131lan \u015fenliklerde, yar\u0131\u015fmalarda dereceye giren \u00e7ocuklara \u00e7e\u015fitli hediyeler verildi.<\/p>\n<p>\u015eenliklere, Zafertepe \u00c7alk\u00f6y belde Belediye Ba\u015fkan\u0131 Arif Teke, Ak Parti Alt\u0131nta\u015f \u0130l\u00e7e Ba\u015fkan\u0131 Ferit Karabulut ve \u00e7ok say\u0131da vatanda\u015f kat\u0131ld\u0131.<\/p>\n<p><b>KOCA YUSUF&#8217;UN ANISINI YA\u015eATMAYA \u00c7ALI\u015eIYORLAR<\/b><\/p>\n<p>Koca Yusuf, 1857 y\u0131l\u0131nda Bulgaristan&#8217;\u0131n \u015eumnu kentinin Karalar k\u00f6y\u00fcnde do\u011fdu. \u00dcn\u00fc, \u00f6nce Deliorman&#8217;a, sonra K\u0131rkp\u0131nar&#8217;a yay\u0131lan Koca Yusuf, T\u00fcrk g\u00fcre\u015finin gelmi\u015f ge\u00e7mi\u015f en b\u00fcy\u00fck pehlivanlar\u0131ndan biri olarak tarihe ge\u00e7ti.<br \/>Yaln\u0131z T\u00fcrk g\u00fcre\u015finde de\u011fil, g\u00fcre\u015f d\u00fcnyas\u0131nda da zirve kabul edilen Koca Yusuf, ilk kez g\u00fcre\u015f tarihinin en b\u00fcy\u00fck pehlivanlar\u0131ndan 26 y\u0131l K\u0131rkp\u0131nar ba\u015fpehlivanl\u0131\u011f\u0131n\u0131 elinden b\u0131rakmayan Kel Ali\u00e7o&#8217;nun kar\u015f\u0131s\u0131nda tan\u0131nd\u0131. 27&#8217;inci y\u0131l\u0131nda da ba\u015fpehlivanl\u0131\u011f\u0131 rakipsiz alaca\u011f\u0131n\u0131 umarak K\u0131rkp\u0131nar&#8217;a gelen Kel Ali\u00e7o, burada Koca Yusuf&#8217;un s\u0131rt\u0131n\u0131 yere getiremeyince er meydanlar\u0131nda Koca Yusuf devri ba\u015flad\u0131.<\/p>\n<p>Koca Yusuf, Avrupa ve ABD&#8217;de yapt\u0131\u011f\u0131 g\u00fcre\u015flerde hi\u00e7 yenilmeyerek, 800 alt\u0131n \u00f6d\u00fcl kazand\u0131. Bunlar\u0131 kemerine yerle\u015ftiren Koca Yusuf, yurda d\u00f6nmek i\u00e7in 1898&#8217;de Frans\u0131z band\u0131ral\u0131 \u201cLa Buorgogne\u201d adl\u0131 gemiye bindi. Gemi, Atlas Okyanusu&#8217;nda sis y\u00fcz\u00fcnden \u0130rlanda band\u0131ral\u0131 \u201cCromartyshre\u201d gemisiyle \u00e7arp\u0131\u015ft\u0131. 721 yolcunun bulundu\u011fu \u201cLa Buorgogne\u201d sulara g\u00f6m\u00fcld\u00fc ve kurtulan olmad\u0131.<\/p>\n<p>\u0130ri yap\u0131s\u0131, g\u00fcre\u015f becerisi, g\u00fcc\u00fc ve spor ahlak\u0131yla t\u00fcm d\u00fcnyan\u0131n tan\u0131d\u0131\u011f\u0131 ilk pehlivanlardan biri olan Koca Yusuf, Avrupa ve ABD&#8217;de yapt\u0131\u011f\u0131 kar\u015f\u0131la\u015fmalarda hi\u00e7 yenilgi almam\u0131\u015f olmas\u0131 ve heybetinden dolay\u0131 \u201cM\u00fcthi\u015f T\u00fcrk\u201d lakab\u0131n\u0131 ald\u0131.<br \/>1877-78 Osmanl\u0131-Rus Sava\u015f\u0131&#8217;n\u0131n ard\u0131ndan Koca Yusuf&#8217;un do\u011fup b\u00fcy\u00fcd\u00fc\u011f\u00fc Karalar k\u00f6y\u00fcnden g\u00f6\u00e7 eden baz\u0131 akraba ve hem\u015fehrileri, 1908&#8217;de Alt\u0131nta\u015f&#8217;a yerle\u015ferek Mecidiye k\u00f6y\u00fcn\u00fc kurdu. K\u00f6y\u00fc kuran vatanda\u015flar\u0131n torunlar\u0131, Koca Yusuf&#8217;un an\u0131s\u0131n\u0131 ya\u015fatmaya \u00e7al\u0131\u015farak ya\u011fl\u0131 g\u00fcre\u015f \u015fenliklerini 2008&#8217;den bu yana her y\u0131l d\u00fczenliyor.<\/p>\n<div class=\"zemanta-pixie\"><img data-recalc-dims=\"1\"  title=\"\" decoding=\"async\" class=\"zemanta-pixie-img\"  alt=\"pixy Koca Yusuf ya\u011fl\u0131 g\u00fcre\u015fle an\u0131ld\u0131\"  src=\"https:\/\/i0.wp.com\/img.zemanta.com\/pixy.gif?w=640\" \/><\/div>\n","protected":false},"excerpt":{"rendered":"<p>Avrupa ve ABD&#8217;de yapt\u0131\u011f\u0131 m\u00fcsabakalarda hi\u00e7 yenilgi almamas\u0131ndan dolay\u0131 \u201cM\u00fcthi\u015f T\u00fcrk\u201d lakab\u0131yla bilinen T\u00fcrk g\u00fcre\u015finin en b\u00fcy\u00fck isimlerinden Koca Yusuf an\u0131s\u0131na, akraba ve hem\u015fehrilerinden baz\u0131lar\u0131n\u0131n torunlar\u0131n\u0131n ya\u015fad\u0131\u011f\u0131 K\u00fctahya&#8217;n\u0131n Alt\u0131nta\u015f il\u00e7esine ba\u011fl\u0131 Mecidiye k\u00f6y\u00fcnde ya\u011fl\u0131 g\u00fcre\u015f m\u00fcsabakalar\u0131 d\u00fczenlendi. K\u00f6y halk\u0131n\u0131n yan\u0131 s\u0131ra belde d\u0131\u015f\u0131ndan \u00e7ok say\u0131da vatanda\u015f\u0131n kat\u0131ld\u0131\u011f\u0131, bu y\u0131l 3&#8217;\u00fcnc\u00fcs\u00fc organize edilen ya\u011fl\u0131 g\u00fcre\u015f \u015fenlikleri, [&hellip;]<\/p>\n","protected":false},"author":331,"featured_media":0,"comment_status":"open","ping_status":"open","sticky":false,"template":"","format":"standard","meta":{"advanced_seo_description":"","jetpack_seo_html_title":"","jetpack_seo_noindex":false,"ngg_post_thumbnail":0,"jetpack_post_was_ever_published":false,"_jetpack_newsletter_access":"","_jetpack_dont_email_post_to_subs":false,"_jetpack_newsletter_tier_id":0,"_jetpack_memberships_contains_paywalled_content":false,"_jetpack_memberships_contains_paid_content":false,"footnotes":""},"categories":[5],"tags":[459,457,458],"class_list":["post-2136","post","type-post","status-publish","format-standard","hentry","category-haberler","tag-karalar","tag-koca-yusuf","tag-sumnu"],"jetpack_featured_media_url":"","jetpack_shortlink":"https:\/\/wp.me\/paHHlZ-ys","jetpack-related-posts":[{"id":208,"url":"https:\/\/www.gocmeniz.biz\/?p=208","url_meta":{"origin":2136,"position":0},"title":"Soyda\u015f G\u00fcre\u015f\u00e7iler, B\u00fcy\u00fck\u015fehir&#8217;i Ziyaret Etti","author":"Admin","date":"12 Kas\u0131m 2007","format":false,"excerpt":"\u0130zmir B\u00fcy\u00fck\u015fehir Belediyesi Ba\u015fkan Vekili Yusuf Ali Karaman, Atat\u00fcrk'\u00fcn 69. \u00f6l\u00fcm y\u0131l d\u00f6n\u00fcm\u00fc an\u0131s\u0131na B\u00fcy\u00fck\u015fehir Belediyesi taraf\u0131ndan d\u00fczenlenen g\u00fcre\u015f m\u00fcsabakalar\u0131 kapsam\u0131nda \u0130zmir'de bulunan Bulgaristan'\u0131n Olimpiest Tak\u0131m\u0131 g\u00fcre\u015f\u00e7ilerini makam\u0131nda a\u011f\u0131rlad\u0131. G\u00fcre\u015f tak\u0131m\u0131n\u0131n ba\u015fkanl\u0131\u011f\u0131n\u0131 da y\u00fcr\u00fcten Targovi\u00e7 kentinin Antonovo il\u00e7esi Belediye Ba\u015fkan\u0131 Taner Ali, g\u00fcre\u015fin iki \u00fclkenin de ata sporu oldu\u011funu vurgulad\u0131.\u2026","rel":"","context":"&quot;Haberler&quot; i\u00e7inde","block_context":{"text":"Haberler","link":"https:\/\/www.gocmeniz.biz\/?cat=5"},"img":{"alt_text":"","src":"https:\/\/i0.wp.com\/resimler.haberler.com\/haber\/812\/soydas-guresciler-buyuksehir-i-ziyaret-etti-2_b.jpg?resize=350%2C200","width":350,"height":200},"classes":[]},{"id":1654,"url":"https:\/\/www.gocmeniz.biz\/?p=1654","url_meta":{"origin":2136,"position":1},"title":"Bat\u0131 Trakya Tarihi Se\u00e7ek Ya\u011fl\u0131 G\u00fcre\u015flerinde T\u00fcrk, Yunan ve Bulgar g\u00fcre\u015f\u00e7iler kap\u0131\u015ft\u0131","author":"Haberci","date":"04 A\u011fustos 2009","format":false,"excerpt":"DEDEA\u011eA\u00c7(C\u0130HAN)- Yunanistan`\u0131n Rodop ve Meri\u00e7(Evros) illerinin birle\u015fti\u011fi Se\u00e7ek yaylas\u0131nda d\u00fczenlenen geleneksel Se\u00e7ek Ya\u011fl\u0131 G\u00fcre\u015fleri ve K\u00fclt\u00fcrel \u015eenlikleri k\u00fclt\u00fcrel etkinlikler ve ya\u011fl\u0131 g\u00fcre\u015f finaliyle sona erdi. Ba\u015fpehlival\u0131\u011f\u0131 Edirneli \u00fcnl\u00fc g\u00fcre\u015f\u00e7i Ahmet Yavuz kazand\u0131. Se\u00e7ek Az\u0131nl\u0131k E\u011fitim ve K\u00fclt\u00fcr Derne\u011fi`nin d\u00fczenledi\u011fi ve 650 y\u0131ll\u0131k bir ge\u00e7mi\u015fe sahip tarihi ya\u011fl\u0131 g\u00fcre\u015fler ve k\u00fclt\u00fcrel\u2026","rel":"","context":"&quot;Haberler&quot; i\u00e7inde","block_context":{"text":"Haberler","link":"https:\/\/www.gocmeniz.biz\/?cat=5"},"img":{"alt_text":"","src":"","width":0,"height":0},"classes":[]},{"id":2041,"url":"https:\/\/www.gocmeniz.biz\/?p=2041","url_meta":{"origin":2136,"position":2},"title":"Ya\u011fmur ve kar geliyor","author":"Haberci","date":"14 Ocak 2010","format":false,"excerpt":"DHA\u00a0\u00a0\u00a0 BALKANLAR \u00fczerinden gelen so\u011fuk ve ya\u011f\u0131\u015fl\u0131 havayla birlikte ba\u015flayan kar ya\u011f\u0131\u015f\u0131, Edirne\u2019nin Lalapa\u015fa \u0130l\u00e7esi'nde kar ya\u011f\u0131\u015f\u0131 etkili oldu. Kar kal\u0131nl\u0131\u011f\u0131n\u0131n 15 santimi buldu\u011fu Hamzabeyli S\u0131n\u0131r Kap\u0131s\u0131\u2019nda ula\u015f\u0131m olumsuz y\u00f6nde etkilendi.ED\u0130RNE BEYAZA B\u00dcR\u00dcND\u00dc - FOTO GALER\u0130 Edirne'de d\u00fcn ak\u015fam saatlerinde ba\u015flayan ya\u011fmur, havan\u0131n so\u011fumas\u0131yla yerini kar ya\u011f\u0131\u015f\u0131na b\u0131rakt\u0131. Kent merkezine\u2026","rel":"","context":"&quot;Haberler&quot; i\u00e7inde","block_context":{"text":"Haberler","link":"https:\/\/www.gocmeniz.biz\/?cat=5"},"img":{"alt_text":"","src":"","width":0,"height":0},"classes":[]},{"id":1062,"url":"https:\/\/www.gocmeniz.biz\/?p=1062","url_meta":{"origin":2136,"position":3},"title":"Google&#8217;dan Mimar Sinan Logosu","author":"Haberci","date":"15 Nisan 2009","format":false,"excerpt":"Arama motoru ve elektronik ortamdaki her bilginin hakimi Google, Koca Sinan i\u00e7in logo yapt\u0131. Yeni logoyu merak ediyor musunuz?T\u00fcrk tarihinde \u00f6nemli yeri olan ve d\u00fcnyaya b\u00fcy\u00fck eserler b\u0131rakan Mimar Sinan'\u0131n 520. do\u011fum g\u00fcn\u00fc nedeniyle, arama motoru Google, T\u00fcrkiye'ye hizmet verdi\u011fi Google.com.tr adresinde kullan\u0131c\u0131lar\u0131 yeni bir logoyla kar\u015f\u0131lad\u0131. Bu logoda Mimar\u2026","rel":"","context":"&quot;Haberler&quot; i\u00e7inde","block_context":{"text":"Haberler","link":"https:\/\/www.gocmeniz.biz\/?cat=5"},"img":{"alt_text":"","src":"","width":0,"height":0},"classes":[]},{"id":463,"url":"https:\/\/www.gocmeniz.biz\/?p=463","url_meta":{"origin":2136,"position":4},"title":"Hayde Bre Google!","author":"Haberci","date":"04 Temmuz 2008","format":false,"excerpt":"Google, T\u00fcrkiye'ye \u00f6zel yapt\u0131\u011f\u0131 ve sayfas\u0131na yerle\u015ftirdi\u011fi logolara bir yenisi daha ekledi. Bu y\u0131lki K\u0131rkp\u0131nar Ya\u011fl\u0131 G\u00fcre\u015fleri i\u00e7in Google bize logo yapt\u0131!Bu y\u0131l 647.'si d\u00fczenlenen K\u0131rkp\u0131nar Ya\u011fl\u0131 G\u00fcre\u015fleri ata sporumuz g\u00fcre\u015fi bir gelenekle birlikte g\u00fcn\u00fcm\u00fcze kadar ta\u015f\u0131yor. Bir\u00e7ok kullan\u0131c\u0131ya internet rehberli\u011fi yapan Google da bu \u00f6nemli olay\u0131 ana sayfas\u0131na ta\u015f\u0131m\u0131\u015f\u2026","rel":"","context":"Benzer yaz\u0131","block_context":{"text":"Benzer yaz\u0131","link":""},"img":{"alt_text":"","src":"","width":0,"height":0},"classes":[]},{"id":924,"url":"https:\/\/www.gocmeniz.biz\/?p=924","url_meta":{"origin":2136,"position":5},"title":"RESM\u0130 N\u0130KAH YAPMAYAN KOCA TAZM\u0130NAT \u00d6DEYECEK","author":"Haberci","date":"17 Mart 2009","format":false,"excerpt":"Bulgaristan'da bo\u015fand\u0131\u011f\u0131 eski kar\u0131s\u0131n\u0131 evlenme vaadiyle T\u00fcrkiye'ye getirip nikah yapmadan birlikte ya\u015fayan kocay\u0131 21 bin 667 TL'lik tazminata mahkum eden \u00c7orlu 2. Asliye Ceza Mahkemesinin karar\u0131n\u0131n Yarg\u0131tay \u00dc\u00e7\u00fcnc\u00fc Hukuk Dairesince onayland\u0131\u011f\u0131 bildirildi.Al\u0131nan bilgiye g\u00f6re, Tekirda\u011f'\u0131n \u00c7orlu il\u00e7esinde oturan Sacide D, Bulgaristan'da ya\u015fad\u0131\u011f\u0131 s\u0131rada 1987 y\u0131l\u0131nda bo\u015fand\u0131\u011f\u0131 kocas\u0131n\u0131n iste\u011fi \u00fczerine 1993\u2026","rel":"","context":"&quot;Haberler&quot; i\u00e7inde","block_context":{"text":"Haberler","link":"https:\/\/www.gocmeniz.biz\/?cat=5"},"img":{"alt_text":"","src":"","width":0,"height":0},"classes":[]}],"jetpack_sharing_enabled":true,"jetpack_likes_enabled":true,"_links":{"self":[{"href":"https:\/\/www.gocmeniz.biz\/index.php?rest_route=\/wp\/v2\/posts\/2136","targetHints":{"allow":["GET"]}}],"collection":[{"href":"https:\/\/www.gocmeniz.biz\/index.php?rest_route=\/wp\/v2\/posts"}],"about":[{"href":"https:\/\/www.gocmeniz.biz\/index.php?rest_route=\/wp\/v2\/types\/post"}],"author":[{"embeddable":true,"href":"https:\/\/www.gocmeniz.biz\/index.php?rest_route=\/wp\/v2\/users\/331"}],"replies":[{"embeddable":true,"href":"https:\/\/www.gocmeniz.biz\/index.php?rest_route=%2Fwp%2Fv2%2Fcomments&post=2136"}],"version-history":[{"count":1,"href":"https:\/\/www.gocmeniz.biz\/index.php?rest_route=\/wp\/v2\/posts\/2136\/revisions"}],"predecessor-version":[{"id":8913,"href":"https:\/\/www.gocmeniz.biz\/index.php?rest_route=\/wp\/v2\/posts\/2136\/revisions\/8913"}],"wp:attachment":[{"href":"https:\/\/www.gocmeniz.biz\/index.php?rest_route=%2Fwp%2Fv2%2Fmedia&parent=2136"}],"wp:term":[{"taxonomy":"category","embeddable":true,"href":"https:\/\/www.gocmeniz.biz\/index.php?rest_route=%2Fwp%2Fv2%2Fcategories&post=2136"},{"taxonomy":"post_tag","embeddable":true,"href":"https:\/\/www.gocmeniz.biz\/index.php?rest_route=%2Fwp%2Fv2%2Ftags&post=2136"}],"curies":[{"name":"wp","href":"https:\/\/api.w.org\/{rel}","templated":true}]}}