{"id":2142,"date":"2010-05-28T08:16:29","date_gmt":"2010-05-28T05:16:29","guid":{"rendered":"http:\/\/www.gocmeniz.biz\/?p=2142"},"modified":"2026-04-03T12:25:36","modified_gmt":"2026-04-03T09:25:36","slug":"oryantiring-milli-takimi-bulgaristanda","status":"publish","type":"post","link":"https:\/\/www.gocmeniz.biz\/?p=2142","title":{"rendered":"Oryantiring milli tak\u0131m\u0131 Bulgaristan&#8217;da"},"content":{"rendered":"<p><b>Avrupa \u015eampiyonas\u0131na kat\u0131lacak Oryantiring Milli Tak\u0131m\u0131, Bulgaristan&#8217;a gitti.<\/b><\/p>\n<p>Bulgaristan&#8217;\u0131n Primorsko kentinde 28 May\u0131s-6 Haziran tarihleri aras\u0131nda yap\u0131lacak B\u00fcy\u00fckler Avrupa \u015eampiyonas\u0131&#8217;nda T\u00fcrkiye&#8217;yi erkeklerde Hasan Ayaz ile bayanlarda Emine Sezg\u00fcnsay ve \u015eeng\u00fcl \u00dczen temsil edecek.<\/p>\n<p>Oryantiring Federasyonu Ba\u015fkan\u0131 Mehmet Gen\u00e7, bu y\u0131l ilk kez uluslararas\u0131 bir \u015fampiyonaya kat\u0131ld\u0131klar\u0131n\u0131 belirterek, \u201c\u015eampiyonada bir\u00e7ok \u00fclke m\u00fccadele edecek. \u00dclke olarak yerimizi \u015fampiyonada g\u00f6rm\u00fc\u015f olaca\u011f\u0131z\u201d dedi.<\/p>\n<div class=\"zemanta-pixie\"><img data-recalc-dims=\"1\"  title=\"\" decoding=\"async\" class=\"zemanta-pixie-img\"  alt=\"pixy Oryantiring milli tak\u0131m\u0131 Bulgaristan&#039;da\"  src=\"https:\/\/i0.wp.com\/img.zemanta.com\/pixy.gif?w=640\" \/><\/div>\n","protected":false},"excerpt":{"rendered":"<p>Avrupa \u015eampiyonas\u0131na kat\u0131lacak Oryantiring Milli Tak\u0131m\u0131, Bulgaristan&#8217;a gitti. Bulgaristan&#8217;\u0131n Primorsko kentinde 28 May\u0131s-6 Haziran tarihleri aras\u0131nda yap\u0131lacak B\u00fcy\u00fckler Avrupa \u015eampiyonas\u0131&#8217;nda T\u00fcrkiye&#8217;yi erkeklerde Hasan Ayaz ile bayanlarda Emine Sezg\u00fcnsay ve \u015eeng\u00fcl \u00dczen temsil edecek. Oryantiring Federasyonu Ba\u015fkan\u0131 Mehmet Gen\u00e7, bu y\u0131l ilk kez uluslararas\u0131 bir \u015fampiyonaya kat\u0131ld\u0131klar\u0131n\u0131 belirterek, \u201c\u015eampiyonada bir\u00e7ok \u00fclke m\u00fccadele edecek. \u00dclke olarak yerimizi [&hellip;]<\/p>\n","protected":false},"author":331,"featured_media":0,"comment_status":"open","ping_status":"open","sticky":false,"template":"","format":"standard","meta":{"advanced_seo_description":"","jetpack_seo_html_title":"","jetpack_seo_noindex":false,"ngg_post_thumbnail":0,"jetpack_post_was_ever_published":false,"_jetpack_newsletter_access":"","_jetpack_dont_email_post_to_subs":false,"_jetpack_newsletter_tier_id":0,"_jetpack_memberships_contains_paywalled_content":false,"_jetpack_memberships_contains_paid_content":false,"footnotes":""},"categories":[5],"tags":[],"class_list":["post-2142","post","type-post","status-publish","format-standard","hentry","category-haberler"],"jetpack_featured_media_url":"","jetpack_shortlink":"https:\/\/wp.me\/paHHlZ-yy","jetpack-related-posts":[{"id":1564,"url":"https:\/\/www.gocmeniz.biz\/?p=1564","url_meta":{"origin":2142,"position":0},"title":"GEN\u00c7 BAYANLAR F\u0130LEDE BULGAR\u0130STAN`I 3-1 YEND\u0130","author":"Haberci","date":"18 Temmuz 2009","format":false,"excerpt":"15. D\u00fcnya Gen\u00e7 Bayanlar Voleybol \u015eampiyonas\u0131 finalleri, Meksika`da ba\u015flad\u0131. \u015eampiyonada (D) Grubu`nda yer alan T\u00fcrkiye, ilk ma\u00e7\u0131nda Bulgaristan`\u0131 3-1 yendi.Meksika`n\u0131n Tijuana ve Mexicali kentlerinde d\u00fczenlenen, 4`erli 4 grupta toplam 16 tak\u0131m\u0131m\u0131n kat\u0131l\u0131m\u0131yla d\u00fczenlenen \u015fampiyona, 11 g\u00fcn s\u00fcrecek. Meksika`ya geli\u015finde bu \u00fclke makamlar\u0131 taraf\u0131ndan 2 kez havaalanlar\u0131nda al\u0131konulan ve t\u00fcrl\u00fc zorluklar\u2026","rel":"","context":"&quot;Haberler&quot; i\u00e7inde","block_context":{"text":"Haberler","link":"https:\/\/www.gocmeniz.biz\/?cat=5"},"img":{"alt_text":"","src":"","width":0,"height":0},"classes":[]},{"id":231,"url":"https:\/\/www.gocmeniz.biz\/?p=231","url_meta":{"origin":2142,"position":1},"title":"\u00c7im Hokeyi Balkan \u015eampiyonas\u0131, Ku\u015fadas\u0131&#8217;nda Ba\u015fl\u0131yor","author":"Admin","date":"05 Aral\u0131k 2007","format":false,"excerpt":"\u00c7im Hokeyi Balkan \u015eampiyonas\u0131, 7 Aral\u0131k'ta Ku\u015fadas\u0131'nda yap\u0131lacak. 3 g\u00fcn s\u00fcrecek \u015fampiyonaya T\u00fcrkiye'nin yan\u0131 s\u0131ra Bulgaristan, Yunanistan, Romanya, S\u0131rbistan, Makedonya ve Moldova kat\u0131lacak. Ku\u015fadas\u0131'nda kampa giren \u00c7im Hokeyi Bay ve Bayan A Milli Tak\u0131mlar\u0131'n\u0131 Alman antren\u00f6r Heino Knuf \u00e7al\u0131\u015ft\u0131r\u0131yor. Milli Tak\u0131m ba\u015f\u0131ndaki ilk s\u0131nav\u0131n\u0131 Balkan \u015eampiyonas\u0131'nda verece\u011fini ifade eden Knuf,\u2026","rel":"","context":"&quot;Haberler&quot; i\u00e7inde","block_context":{"text":"Haberler","link":"https:\/\/www.gocmeniz.biz\/?cat=5"},"img":{"alt_text":"","src":"","width":0,"height":0},"classes":[]},{"id":1779,"url":"https:\/\/www.gocmeniz.biz\/?p=1779","url_meta":{"origin":2142,"position":2},"title":"Bulgaristan&#8217;la 54. randevu","author":"Haberci","date":"07 Eyl\u00fcl 2009","format":false,"excerpt":"T\u00fcrkiye, 36. Avrupa Erkekler Basketbol \u015eampiyonas\u0131 Finalleri'nde (D) Grubu'nda ikinci ma\u00e7\u0131nda yar\u0131n Bulgaristan ile kar\u015f\u0131la\u015facak (A) Milli Tak\u0131m\u0131, rakibiyle 54. kez kar\u015f\u0131 kar\u015f\u0131ya gelecek.T\u00fcrkiye, bug\u00fcne dek Bulgaristan ile yapt\u0131\u011f\u0131 53 ma\u00e7\u0131n 21'ini kazand\u0131, 32 ma\u00e7ta salondan yenilgiyle ayr\u0131ld\u0131.Bulgaristan ile tarihinde ilk kez Paris'te yap\u0131lan Avrupa \u015eampiyonas\u0131 Finalleri'nde, 8 May\u0131s 1951'de\u2026","rel":"","context":"&quot;Haberler&quot; i\u00e7inde","block_context":{"text":"Haberler","link":"https:\/\/www.gocmeniz.biz\/?cat=5"},"img":{"alt_text":"","src":"","width":0,"height":0},"classes":[]},{"id":2291,"url":"https:\/\/www.gocmeniz.biz\/?p=2291","url_meta":{"origin":2142,"position":3},"title":"Kay\u0131t d\u0131\u015f\u0131n\u0131n lideri Bulgaristan oldu","author":"Haberci","date":"24 Haziran 2014","format":false,"excerpt":"Avrupa Birli\u011fi \u00fclkeleri i\u00e7inde kay\u0131t d\u0131\u015f\u0131 ekonomide Bulgaristan'\u0131n ilk s\u0131rada yer ald\u0131\u011f\u0131 bildirildi. Fransa Ekonomik ve Sosyal Konseyi taraf\u0131ndan yapt\u0131r\u0131lan ara\u015ft\u0131rmaya g\u00f6re Bulgaristan'da kay\u0131t d\u0131\u015f\u0131 ekonomi gayri safi milli has\u0131lan\u0131n y\u00fczde 31,9'una denk geliyor. Bu konuda AB i\u00e7inde en disiplinli \u00fclke ise Avusturya, Avusturya'da bu oran y\u00fczde 7,6. \u0130talya'da kay\u0131t\u2026","rel":"","context":"&quot;Haberler&quot; i\u00e7inde","block_context":{"text":"Haberler","link":"https:\/\/www.gocmeniz.biz\/?cat=5"},"img":{"alt_text":"","src":"https:\/\/i0.wp.com\/image.cdn.haber7.com\/haber\/haber7\/photos\/kayit_disinin_lideri_bulgaristan_oldu_1403613195_5246.jpg?resize=350%2C200","width":350,"height":200},"classes":[]},{"id":758,"url":"https:\/\/www.gocmeniz.biz\/?p=758","url_meta":{"origin":2142,"position":4},"title":"Bulgaristan,  m\u00fckemmel turistik destinasyon konusunda yap\u0131lan Avrupa yar\u0131\u015fmas\u0131na kat\u0131l\u0131yor","author":"Haberci","date":"08 Ocak 2009","format":false,"excerpt":"Bulgaristan, bu y\u0131l da EDEN projesi kapsam\u0131nda m\u00fckemmel turistik destinasyon konusunda yap\u0131lan Avrupa yar\u0131\u015fmas\u0131na kat\u0131l\u0131yor. Yar\u0131\u015fman\u0131n bu y\u0131lki motosu \u201cTurizm ve Korunmu\u015f B\u00f6lgeler\u201d. Yar\u0131\u015fman\u0131n Bulgaristan \u00e7ap\u0131ndaki ba\u015fl\u0131\u011f\u0131 \u201c952: Do\u011fa Sizi Selaml\u0131yor\u201d. Bulgaristan\u2019da 952 korunmu\u015f b\u00f6lge ilan edildi. Projeler i\u00e7in ba\u015fvuru yapabilen bu b\u00f6lgeler, \u00fclke topraklar\u0131n\u0131n %34\u2019\u00fcn\u00fc olu\u015fturuyor. Turizm Devlet Ajans\u0131\u2026","rel":"","context":"&quot;Haberler&quot; i\u00e7inde","block_context":{"text":"Haberler","link":"https:\/\/www.gocmeniz.biz\/?cat=5"},"img":{"alt_text":"","src":"","width":0,"height":0},"classes":[]},{"id":1907,"url":"https:\/\/www.gocmeniz.biz\/?p=1907","url_meta":{"origin":2142,"position":5},"title":"Bulgaristan Milli tak\u0131m\u0131 ile Shaktar Donetsk Antalya`ya gelecek","author":"Haberci","date":"12 Kas\u0131m 2009","format":false,"excerpt":"Bulgaristan Milli tak\u0131m\u0131 ile Ukrayna`n\u0131n Shaktar Donetsk tak\u0131m\u0131 \u00f6zel ma\u00e7 yapmak i\u00e7in Antalya`ya gelecek.Regna Sports Travel Genel M\u00fcd\u00fcr\u00fc Emre Almak, AA muhabirine yapt\u0131\u011f\u0131 a\u00e7\u0131klamada, kendileri taraf\u0131ndan organize edilen haz\u0131rl\u0131k ma\u00e7lar\u0131 kapsam\u0131nda, Bulgaristan A Milli Tak\u0131m\u0131 ile UEFA Kupas\u0131`n\u0131n son \u015fampiyonu Mircea Lucescu`nun \u00e7al\u0131\u015ft\u0131rd\u0131\u011f\u0131 Ukrayna`n\u0131n Shaktar Donetsk tak\u0131m\u0131n\u0131n 13 Kas\u0131m Cuma\u2026","rel":"","context":"&quot;Haberler&quot; i\u00e7inde","block_context":{"text":"Haberler","link":"https:\/\/www.gocmeniz.biz\/?cat=5"},"img":{"alt_text":"","src":"","width":0,"height":0},"classes":[]}],"jetpack_sharing_enabled":true,"jetpack_likes_enabled":true,"_links":{"self":[{"href":"https:\/\/www.gocmeniz.biz\/index.php?rest_route=\/wp\/v2\/posts\/2142","targetHints":{"allow":["GET"]}}],"collection":[{"href":"https:\/\/www.gocmeniz.biz\/index.php?rest_route=\/wp\/v2\/posts"}],"about":[{"href":"https:\/\/www.gocmeniz.biz\/index.php?rest_route=\/wp\/v2\/types\/post"}],"author":[{"embeddable":true,"href":"https:\/\/www.gocmeniz.biz\/index.php?rest_route=\/wp\/v2\/users\/331"}],"replies":[{"embeddable":true,"href":"https:\/\/www.gocmeniz.biz\/index.php?rest_route=%2Fwp%2Fv2%2Fcomments&post=2142"}],"version-history":[{"count":1,"href":"https:\/\/www.gocmeniz.biz\/index.php?rest_route=\/wp\/v2\/posts\/2142\/revisions"}],"predecessor-version":[{"id":8911,"href":"https:\/\/www.gocmeniz.biz\/index.php?rest_route=\/wp\/v2\/posts\/2142\/revisions\/8911"}],"wp:attachment":[{"href":"https:\/\/www.gocmeniz.biz\/index.php?rest_route=%2Fwp%2Fv2%2Fmedia&parent=2142"}],"wp:term":[{"taxonomy":"category","embeddable":true,"href":"https:\/\/www.gocmeniz.biz\/index.php?rest_route=%2Fwp%2Fv2%2Fcategories&post=2142"},{"taxonomy":"post_tag","embeddable":true,"href":"https:\/\/www.gocmeniz.biz\/index.php?rest_route=%2Fwp%2Fv2%2Ftags&post=2142"}],"curies":[{"name":"wp","href":"https:\/\/api.w.org\/{rel}","templated":true}]}}