{"id":2147,"date":"2010-06-12T10:27:47","date_gmt":"2010-06-12T07:27:47","guid":{"rendered":"http:\/\/www.gocmeniz.biz\/?p=2147"},"modified":"2026-04-06T17:20:13","modified_gmt":"2026-04-06T14:20:13","slug":"tema-vakfindan-duyurulmustur","status":"publish","type":"post","link":"https:\/\/www.gocmeniz.biz\/?p=2147","title":{"rendered":"Tema Vakf\u0131ndan Duyurulmu\u015ftur&#8230;"},"content":{"rendered":"<p><img data-recalc-dims=\"1\"  title=\"\"  alt=\"61cf2a77242e4d0a8234371 Tema Vakf\u0131ndan Duyurulmu\u015ftur...\" decoding=\"async\" style=\"max-width: 800px;\" src=\"https:\/\/i0.wp.com\/img28.imageshack.us\/img28\/6416\/61cf2a77242e4d0a8234371.png?w=640\" \/><\/p>\n<p><b>Yery\u00fcz\u00fcn\u00fcn ald\u0131\u011f\u0131 ya\u011fmur oran\u0131 10 y\u0131ll\u0131k aral\u0131klarda artar. Bu sene (2010) d\u00fcnyan\u0131n periyodik olarak en \u00e7ok ya\u011fmur alan y\u0131llar\u0131ndan biri olacak, bu nedenle yedi\u011finiz kay\u0131s\u0131, \u015feftali, kiraz, vi\u015fne, karpuz, kavun, erik vb. meyvelerin \u00e7ekirdeklerini l\u00fctfen \u00e7\u00f6pe atmay\u0131n, hele \u00e7\u00f6p po\u015fetlerine ASLA hapsetmeyin. M\u00fcmk\u00fcnse herhangi bir yerde topra\u011f\u0131n 10 cm alt\u0131na g\u00f6m\u00fcn. \u00dczerine de bir bardak su d\u00f6k\u00fcn.<\/b><\/p>\n<p>G\u00f6mme imkan\u0131n\u0131z yoksa bi po\u015fette bu \u00e7ekirdekleri biriktirip yan\u0131n\u0131za al\u0131n ( yada araban\u0131za koyun) arsa, tarla, toprak yol kenar\u0131, yama\u00e7 gibi topra\u011f\u0131 g\u00f6rd\u00fc\u011f\u00fcn\u00fcz alanlara bu \u00e7ekirdeklerinizi savurun, korkmay\u0131n bu \u00e7evre kirlili\u011fi de\u011fildir aksine \u00e7evre i\u00e7in yeni hayatt\u0131r. Do\u011fa hemen o yeni \u00e7ekirdekleri kucaklar ve besler\u2026<\/p>\n<p><b>Yapaca\u011f\u0131n\u0131z en k\u00f6t\u00fc hareket \u00e7ekirdekleri po\u015fetlere hapsetmektir ! Bunu yapmay\u0131n ve yapt\u0131rmay\u0131n.<\/b><\/p>\n<p>Yap\u0131lan \u00e7al\u0131\u015fmalarda do\u011faya ba\u015f\u0131bo\u015f at\u0131lan yada dikilen bu \u00e7ekirdeklerin en az yar\u0131s\u0131n\u0131n ye\u015ferip a\u011fa\u00e7 veya bitki oldu\u011fu kan\u0131tlanm\u0131\u015f.<br \/>En b\u00fcy\u00fck israflardan birisi meyve \u00e7ekirdeklerinin \u00e7\u00f6pe at\u0131lmas\u0131, \u00fclkemiz ad\u0131na k\u00fc\u00e7\u00fcmsenemeyecek b\u00fcy\u00fck bir servet&#8230;<br \/>Daha ye\u015fil bir \u00fclke i\u00e7in, daha temiz hava i\u00e7in, toprak kaymas\u0131n\u0131 \u00f6nlemek ve yeni nesillerimize ye\u015fil bir d\u00fcnya b\u0131rakmak i\u00e7in hep birlikte elimizden geldi\u011fince meyve \u00e7ekirde\u011fi g\u00f6melim, savural\u0131m, f\u0131rlatal\u0131m\u2026<\/p>\n<p>Bu uygulama TEMA taraf\u0131ndan ba\u015flat\u0131ld\u0131 ve bilin\u00e7li toplum olarak bizlerin desteklerini bekliyor, Do\u011faya yard\u0131m etmek, gelecekte etraf\u0131m\u0131z\u0131 saracak beton ve g\u00f6kdelenlerden alamayaca\u011f\u0131m\u0131z oksijeni kar\u015f\u0131lamak i\u00e7in bile bu \u00e7ekirdeklerden \u00e7\u0131kacak a\u011fa\u00e7lara ihtiyac\u0131m\u0131z olacakt\u0131r.<\/p>\n<p><b>Po\u015fete koymad\u0131\u011f\u0131n\u0131z her \u00e7ekirdek i\u00e7in \u015fimdiden te\u015fekk\u00fcrler&#8230; <\/b><\/p>\n<div class=\"zemanta-pixie\"><img data-recalc-dims=\"1\"  title=\"\" decoding=\"async\" class=\"zemanta-pixie-img\"  alt=\"pixy Tema Vakf\u0131ndan Duyurulmu\u015ftur...\"  src=\"https:\/\/i0.wp.com\/img.zemanta.com\/pixy.gif?w=640\" \/><\/div>\n","protected":false},"excerpt":{"rendered":"<p>Yery\u00fcz\u00fcn\u00fcn ald\u0131\u011f\u0131 ya\u011fmur oran\u0131 10 y\u0131ll\u0131k aral\u0131klarda artar. Bu sene (2010) d\u00fcnyan\u0131n periyodik olarak en \u00e7ok ya\u011fmur alan y\u0131llar\u0131ndan biri olacak, bu nedenle yedi\u011finiz kay\u0131s\u0131, \u015feftali, kiraz, vi\u015fne, karpuz, kavun, erik vb. meyvelerin \u00e7ekirdeklerini l\u00fctfen \u00e7\u00f6pe atmay\u0131n, hele \u00e7\u00f6p po\u015fetlerine ASLA hapsetmeyin. M\u00fcmk\u00fcnse herhangi bir yerde topra\u011f\u0131n 10 cm alt\u0131na g\u00f6m\u00fcn. \u00dczerine de bir bardak [&hellip;]<\/p>\n","protected":false},"author":331,"featured_media":0,"comment_status":"open","ping_status":"open","sticky":false,"template":"","format":"standard","meta":{"advanced_seo_description":"","jetpack_seo_html_title":"","jetpack_seo_noindex":false,"ngg_post_thumbnail":0,"jetpack_post_was_ever_published":false,"_jetpack_newsletter_access":"","_jetpack_dont_email_post_to_subs":false,"_jetpack_newsletter_tier_id":0,"_jetpack_memberships_contains_paywalled_content":false,"_jetpack_memberships_contains_paid_content":false,"footnotes":""},"categories":[5],"tags":[],"class_list":["post-2147","post","type-post","status-publish","format-standard","hentry","category-haberler"],"jetpack_featured_media_url":"","jetpack_shortlink":"https:\/\/wp.me\/paHHlZ-yD","jetpack-related-posts":[{"id":2151,"url":"https:\/\/www.gocmeniz.biz\/?p=2151","url_meta":{"origin":2147,"position":0},"title":"\u00c7anlar BP i\u00e7in \u00e7al\u0131yor","author":"Haberci","date":"16 Haziran 2010","format":false,"excerpt":"Meksika K\u00f6rfezi'ndeki \u00e7evre felaketi devam ediyor, BP i\u00e7in iyi haberler gelmiyor. Evren G\u00fclya\u015far (BTNet) 20 Nisan'dan beri d\u00fcnyan\u0131n kanayan yaras\u0131 olan Meksika K\u00f6rfezi'ndeki s\u0131z\u0131nt\u0131n\u0131n sona erdirilmesi i\u00e7in Amerika Ba\u015fkan\u0131 Barack Obama'n\u0131n BP'ye verdi\u011fi s\u00fcre d\u00fcn ak\u015fam itibariyle doldu. Ancak BP'den beklenen olumlu a\u00e7\u0131klama gelmedi. Felaketten geriye kalanlar ise pek i\u00e7\u2026","rel":"","context":"&quot;Haberler&quot; i\u00e7inde","block_context":{"text":"Haberler","link":"https:\/\/www.gocmeniz.biz\/?cat=5"},"img":{"alt_text":"","src":"https:\/\/i0.wp.com\/proportal.btnet.com.tr\/interpro\/uploads\/fft22-mf420855.jpeg?resize=350%2C200","width":350,"height":200},"classes":[]},{"id":718,"url":"https:\/\/www.gocmeniz.biz\/?p=718","url_meta":{"origin":2147,"position":1},"title":"\u0130stanbul\u2019a 1 g\u00fcnl\u00fck kar","author":"Haberci","date":"24 Aral\u0131k 2008","format":false,"excerpt":"Balkanlar \u00fczerinden gelecek yeni bir so\u011fuk ve ya\u011f\u0131\u015fl\u0131 havan\u0131n etkisi alt\u0131na giren \u0130stanbul\u2019da, bu sabah saatlerinden itibaren karla kar\u0131\u015f\u0131k ya\u011fmur ve kar ya\u011f\u0131\u015f\u0131 bekleniyor. \u0130lk karar ya\u011f\u0131\u015f\u0131n\u0131n etkisini gece saatlerinde yitirece\u011fi ancak so\u011fuk havan\u0131n ise hafta sonuna kadar etkili olaca\u011f\u0131 tahmin ediliyor.Edirne\u2019nin Bulgaristan s\u0131n\u0131r\u0131na yak\u0131n Lalapa\u015fa \u0130l\u00e7esi\u2019nde y\u00fcksek yerlerde d\u00fcn\u2026","rel":"","context":"&quot;Haberler&quot; i\u00e7inde","block_context":{"text":"Haberler","link":"https:\/\/www.gocmeniz.biz\/?cat=5"},"img":{"alt_text":"","src":"","width":0,"height":0},"classes":[]},{"id":1888,"url":"https:\/\/www.gocmeniz.biz\/?p=1888","url_meta":{"origin":2147,"position":2},"title":"Belene Santrali yine ask\u0131ya al\u0131nd\u0131","author":"Haberci","date":"02 Kas\u0131m 2009","format":false,"excerpt":"Bulgaristan`da yap\u0131m\u0131 planlanan \"Belene Atom Elektrik Santrali\" in\u015faat\u0131n\u0131n yat\u0131r\u0131mc\u0131s\u0131 Alman enerji devi RWE, mali ve ekonomik krizin finansmanda yaratt\u0131\u011f\u0131 zorlu\u011fu ve santrali in\u015fa edecek olan Rus \u015firket Atomstoriexport ile hen\u00fcz anla\u015f\u0131lamam\u0131\u015f olmas\u0131n\u0131 gerek\u00e7e g\u00f6stererek \u00c7ar\u015famba g\u00fcn\u00fc projeden \u00e7ekilme karar\u0131 alm\u0131\u015ft\u0131. Ancak bu karara ra\u011fmen Bulgaristan h\u00fck\u00fcmeti projeyi s\u00fcrd\u00fcrmekte kararl\u0131. Bulgaristan\u2026","rel":"","context":"&quot;Haberler&quot; i\u00e7inde","block_context":{"text":"Haberler","link":"https:\/\/www.gocmeniz.biz\/?cat=5"},"img":{"alt_text":"","src":"","width":0,"height":0},"classes":[]},{"id":2176,"url":"https:\/\/www.gocmeniz.biz\/?p=2176","url_meta":{"origin":2147,"position":3},"title":"Plovdiv teknik fuar\u0131nda 70 yeni \u00fcr\u00fcn tan\u0131t\u0131lacak","author":"Haberci","date":"28 Eyl\u00fcl 2010","format":false,"excerpt":"Plovdiv\u2019de 27 Eyl\u00fcl - 2 Ekim tarihleri aras\u0131nda d\u00fczenlenecek olan Uluslararas\u0131 Plovdiv Teknik Fuar\u0131\u2019nda ekoloji ve enerji tasarrufu \u00fcr\u00fcnlerine \u00f6ncelik verilecek. Fuarda yakla\u015f\u0131k 70 \u00fcr\u00fcn Bulgaristan\u2019da ilk defa tan\u0131t\u0131lacak. \u00a0Uluslararas\u0131 Plovdiv Teknik Fuar\u0131 bu y\u0131l yakla\u015f\u0131k 70 yeni\u00a0 \u00fcr\u00fcn\u00fc Bulgaristan\u2019da ilk defa tan\u0131tacak.\u00a0 27 Eyl\u00fcl- 2 Ekim tarihleri aras\u0131nda Plovdiv\u2019de\u2026","rel":"","context":"&quot;Haberler&quot; i\u00e7inde","block_context":{"text":"Haberler","link":"https:\/\/www.gocmeniz.biz\/?cat=5"},"img":{"alt_text":"","src":"","width":0,"height":0},"classes":[]},{"id":1371,"url":"https:\/\/www.gocmeniz.biz\/?p=1371","url_meta":{"origin":2147,"position":4},"title":"Uluslararas\u0131 Oto Fuar\u0131 &#8216;Sofya 2009&#8217; a\u00e7\u0131ld\u0131","author":"Haberci","date":"13 Haziran 2009","format":false,"excerpt":"Uluslararas\u0131 Oto Fuar\u0131 ''Sofya 2009'', Bulgaristan'\u0131n ba\u015fkenti Sofya'n\u0131n \u0130nter Expo Center (\u0130EC) fuar merkezinde a\u00e7\u0131ld\u0131.\u00dclkedeki Oto \u00dcreticileri Birli\u011finin (AAP) organizasyonunda ki y\u0131lda bir d\u00fczenli olarak yap\u0131lan fuarda bu y\u0131l 160 ara\u00e7 sergilendi ve 27 gala yap\u0131ld\u0131.Fuar a\u00e7\u0131l\u0131\u015f\u0131 \u00f6ncesi d\u00fczenlenen bas\u0131n toplant\u0131s\u0131nda konu\u015fan AAP Ba\u015fkan\u0131 Stoyan Jelev, k\u00fcresel ekonomik krizine ve\u2026","rel":"","context":"&quot;Haberler&quot; i\u00e7inde","block_context":{"text":"Haberler","link":"https:\/\/www.gocmeniz.biz\/?cat=5"},"img":{"alt_text":"","src":"","width":0,"height":0},"classes":[]},{"id":1997,"url":"https:\/\/www.gocmeniz.biz\/?p=1997","url_meta":{"origin":2147,"position":5},"title":"K\u0131rkp\u0131nar meydan\u0131 sular alt\u0131nda","author":"Haberci","date":"22 Aral\u0131k 2009","format":false,"excerpt":"F\u0131rat KESK\u0130NKILI\u00c7\/ED\u0130RNE, (DHA)BULGAR\u0130STAN ve Edirne'de a\u015f\u0131r\u0131 ya\u011f\u0131\u015flar nedeniyle ta\u015fan Tunca Nehri\u2019nin debisinin d\u00fc\u015fmesine ra\u011fmen, Suakaca\u011f\u0131 K\u00f6y\u00fc\u2019nden yeni ula\u015fan su Sarayi\u00e7i alan\u0131nda bulunan Balkan \u015eehitli\u011fi ile K\u0131rkp\u0131nar Er Meydan\u0131'n\u0131 tamamen sular alt\u0131nda b\u0131rakt\u0131. Polis ekipleri ise ta\u015fk\u0131n\u0131n oldu\u011fu b\u00f6lgelerde 24 saat n\u00f6bet tutarak vatanda\u015flar\u0131n buralara giri\u015f ve \u00e7\u0131k\u0131\u015f\u0131na izin vermiyor.Bulgaristan ve\u2026","rel":"","context":"&quot;Haberler&quot; i\u00e7inde","block_context":{"text":"Haberler","link":"https:\/\/www.gocmeniz.biz\/?cat=5"},"img":{"alt_text":"","src":"","width":0,"height":0},"classes":[]}],"jetpack_sharing_enabled":true,"jetpack_likes_enabled":true,"_links":{"self":[{"href":"https:\/\/www.gocmeniz.biz\/index.php?rest_route=\/wp\/v2\/posts\/2147","targetHints":{"allow":["GET"]}}],"collection":[{"href":"https:\/\/www.gocmeniz.biz\/index.php?rest_route=\/wp\/v2\/posts"}],"about":[{"href":"https:\/\/www.gocmeniz.biz\/index.php?rest_route=\/wp\/v2\/types\/post"}],"author":[{"embeddable":true,"href":"https:\/\/www.gocmeniz.biz\/index.php?rest_route=\/wp\/v2\/users\/331"}],"replies":[{"embeddable":true,"href":"https:\/\/www.gocmeniz.biz\/index.php?rest_route=%2Fwp%2Fv2%2Fcomments&post=2147"}],"version-history":[{"count":1,"href":"https:\/\/www.gocmeniz.biz\/index.php?rest_route=\/wp\/v2\/posts\/2147\/revisions"}],"predecessor-version":[{"id":9678,"href":"https:\/\/www.gocmeniz.biz\/index.php?rest_route=\/wp\/v2\/posts\/2147\/revisions\/9678"}],"wp:attachment":[{"href":"https:\/\/www.gocmeniz.biz\/index.php?rest_route=%2Fwp%2Fv2%2Fmedia&parent=2147"}],"wp:term":[{"taxonomy":"category","embeddable":true,"href":"https:\/\/www.gocmeniz.biz\/index.php?rest_route=%2Fwp%2Fv2%2Fcategories&post=2147"},{"taxonomy":"post_tag","embeddable":true,"href":"https:\/\/www.gocmeniz.biz\/index.php?rest_route=%2Fwp%2Fv2%2Ftags&post=2147"}],"curies":[{"name":"wp","href":"https:\/\/api.w.org\/{rel}","templated":true}]}}