{"id":2149,"date":"2010-06-14T08:25:36","date_gmt":"2010-06-14T05:25:36","guid":{"rendered":"http:\/\/www.gocmeniz.biz\/?p=2149"},"modified":"2026-04-03T12:24:55","modified_gmt":"2026-04-03T09:24:55","slug":"bulgaristanda-bir-tek-elbiseyle-kaldi","status":"publish","type":"post","link":"https:\/\/www.gocmeniz.biz\/?p=2149","title":{"rendered":"Bulgaristan&#8217;da bir tek elbiseyle kald\u0131"},"content":{"rendered":"<p><img data-recalc-dims=\"1\"  title=\"\"  alt=\"10832011 Bulgaristan&#039;da bir tek elbiseyle kald\u0131\" decoding=\"async\" style=\"max-width: 800px; float: left; margin-top: 10px; margin-bottom: 10px; margin-right: 10px;\" src=\"https:\/\/i0.wp.com\/www.hurriyet.com.tr\/_np\/2011\/10832011.jpg?w=640\" \/><i>A.A.<\/i><br \/><b>Avustralyal\u0131 \u00fcnl\u00fc manken Elle Macpherson, bir serginin a\u00e7\u0131l\u0131\u015f\u0131 i\u00e7in geldi\u011fi Bulgaristan&#8217;da valizleri kaybolunca bir elbiseyle kald\u0131.<\/b><\/p>\n<p><a href=\"http:\/\/kelebekgaleri.hurriyet.com.tr\/GaleriDetay.aspx?cid=7889&amp;p=1&amp;rid=2369\"><b>ELLE MACPHERSON FOTO\u011eRAFLARI<\/b><\/a><\/p>\n<p>\u00c7inli ressam Zeng Fanzhi&#8217;nin Sofya Yabanc\u0131 Sanat Galerisindeki sergisinin a\u00e7\u0131l\u0131\u015f\u0131na kat\u0131lan 47 ya\u015f\u0131ndaki manken ve i\u015f kad\u0131n\u0131 Macpherson, bas\u0131n ve politikac\u0131lar\u0131n ilgi oda\u011f\u0131 oldu.<\/p>\n<p>Bulgaristan Ba\u015fbakan\u0131 Boyko Borisov ile objektiflere poz veren Macpherson, yolculuk esnas\u0131nda t\u00fcm valizlerinin kayboldu\u011funu belirterek, &#8220;\u00dczerimdeki elbise giyebilece\u011fim tek k\u0131yafet olarak kald\u0131&#8221; dedi.<\/p>\n<p>Bu arada Sofya havaalan\u0131 yetkilileri, bagajlar\u0131n bulunmas\u0131 i\u00e7in yo\u011fun \u00e7aba harcad\u0131klar\u0131n\u0131 belirtti.<\/p>\n<div class=\"zemanta-pixie\"><img data-recalc-dims=\"1\"  title=\"\" decoding=\"async\" class=\"zemanta-pixie-img\"  alt=\"pixy Bulgaristan&#039;da bir tek elbiseyle kald\u0131\"  src=\"https:\/\/i0.wp.com\/img.zemanta.com\/pixy.gif?w=640\" \/><\/div>\n","protected":false},"excerpt":{"rendered":"<p>A.A.Avustralyal\u0131 \u00fcnl\u00fc manken Elle Macpherson, bir serginin a\u00e7\u0131l\u0131\u015f\u0131 i\u00e7in geldi\u011fi Bulgaristan&#8217;da valizleri kaybolunca bir elbiseyle kald\u0131. ELLE MACPHERSON FOTO\u011eRAFLARI \u00c7inli ressam Zeng Fanzhi&#8217;nin Sofya Yabanc\u0131 Sanat Galerisindeki sergisinin a\u00e7\u0131l\u0131\u015f\u0131na kat\u0131lan 47 ya\u015f\u0131ndaki manken ve i\u015f kad\u0131n\u0131 Macpherson, bas\u0131n ve politikac\u0131lar\u0131n ilgi oda\u011f\u0131 oldu. Bulgaristan Ba\u015fbakan\u0131 Boyko Borisov ile objektiflere poz veren Macpherson, yolculuk esnas\u0131nda t\u00fcm [&hellip;]<\/p>\n","protected":false},"author":331,"featured_media":0,"comment_status":"open","ping_status":"open","sticky":false,"template":"","format":"standard","meta":{"advanced_seo_description":"","jetpack_seo_html_title":"","jetpack_seo_noindex":false,"ngg_post_thumbnail":0,"jetpack_post_was_ever_published":false,"_jetpack_newsletter_access":"","_jetpack_dont_email_post_to_subs":false,"_jetpack_newsletter_tier_id":0,"_jetpack_memberships_contains_paywalled_content":false,"_jetpack_memberships_contains_paid_content":false,"footnotes":""},"categories":[5],"tags":[],"class_list":["post-2149","post","type-post","status-publish","format-standard","hentry","category-haberler"],"jetpack_featured_media_url":"","jetpack_shortlink":"https:\/\/wp.me\/paHHlZ-yF","jetpack-related-posts":[{"id":1280,"url":"https:\/\/www.gocmeniz.biz\/?p=1280","url_meta":{"origin":2149,"position":0},"title":"Bulgaristan&#8217;da \u00fcniversite okumak","author":"Haberci","date":"28 May\u0131s 2009","format":false,"excerpt":"\u00dcniversiteye giden tek yol \u00d6SS de\u011filBu y\u0131l 1 milyon 646 bin \u00f6\u011frenci \u00d6SS'de ter d\u00f6kt\u00fc. Ancak bunlar\u0131n \u00e7ok az\u0131 hedefledikleri \u00fcniversite ve b\u00f6l\u00fcmlere yerle\u015febildi. Bir b\u00f6l\u00fcme yerle\u015fenlerin aras\u0131nda, se\u00e7tikleri b\u00f6l\u00fcm\u00fcn i\u00e7eri\u011fini, o mesleki alan\u0131n gelece\u011fini ya da i\u015f potansiyelini bilmeyenlerin say\u0131s\u0131n\u0131n hi\u00e7 de az olmad\u0131\u011f\u0131 art\u0131k herkesin bildi\u011fi bir ger\u00e7ek.\u2026","rel":"","context":"&quot;Haberler&quot; i\u00e7inde","block_context":{"text":"Haberler","link":"https:\/\/www.gocmeniz.biz\/?cat=5"},"img":{"alt_text":"","src":"","width":0,"height":0},"classes":[]},{"id":898,"url":"https:\/\/www.gocmeniz.biz\/?p=898","url_meta":{"origin":2149,"position":1},"title":"Sofya \u00e7\u00f6p kent oldu","author":"Haberci","date":"10 Mart 2009","format":false,"excerpt":"Bulgaristan'\u0131n ba\u015fkenti Sofya, temizlikten sorumlu firman\u0131n imtiyaz anla\u015fmas\u0131n\u0131n belediye taraf\u0131ndan tek tarafl\u0131 feshedilmesi \u00fczerine \"\u00e7\u00f6p kente\" d\u00f6nd\u00fc. Belediye Ba\u015fkan\u0131 Boyko Borisov, ba\u015fkentin kar ve \u00e7\u00f6p temizli\u011finden sorumlu Novera \u015firketiyle imzalanan imtiyaz s\u00f6zle\u015fmesinin iptalinin ka\u00e7\u0131n\u0131lmaz oldu\u011funu savunarak, \"\u015eirketin i\u015f\u00e7ileri keyiflerine g\u00f6re hareket ediyor. \u0130\u015fe ne zaman \u00e7\u0131kt\u0131klar\u0131 belli de\u011fil. Avrupal\u0131 bir\u2026","rel":"","context":"&quot;Haberler&quot; i\u00e7inde","block_context":{"text":"Haberler","link":"https:\/\/www.gocmeniz.biz\/?cat=5"},"img":{"alt_text":"","src":"","width":0,"height":0},"classes":[]},{"id":533,"url":"https:\/\/www.gocmeniz.biz\/?p=533","url_meta":{"origin":2149,"position":2},"title":"Bulgaristan&#8217;da T\u00fcrk T\u0131r\u0131n\u0131n kar\u0131\u015ft\u0131\u011f\u0131 kazada 4 \u00f6l\u00fc","author":"Haberci","date":"14 Ekim 2008","format":false,"excerpt":"Bulgaristan'da meydana gelen ve bir T\u00fcrk T\u0131r\u0131n\u0131n da kar\u0131\u015ft\u0131\u011f\u0131 trafik kazas\u0131nda 4 ki\u015fi hayat\u0131n\u0131 kaybetti.\u0130\u00e7i\u015fleri Bakanl\u0131\u011f\u0131ndan edinilen bilgiye g\u00f6re, Svilengrad\u2013Lubimetz karayolunda, i\u00e7inde \u00fc\u00e7 erkek ve bir kad\u0131n\u0131n bulundu\u011fu Sofya plakal\u0131 \u00f6zel ara\u00e7, solamaya \u00e7al\u0131\u015ft\u0131\u011f\u0131 Litvanya plakal\u0131 TIR ile kar\u015f\u0131 y\u00f6nden gelen T\u00fcrk plakal\u0131 T\u0131r\u0131n aras\u0131nda kald\u0131.Hurda y\u0131\u011f\u0131n\u0131 haline gelen arac\u0131n\u2026","rel":"","context":"&quot;Haberler&quot; i\u00e7inde","block_context":{"text":"Haberler","link":"https:\/\/www.gocmeniz.biz\/?cat=5"},"img":{"alt_text":"","src":"","width":0,"height":0},"classes":[]},{"id":1599,"url":"https:\/\/www.gocmeniz.biz\/?p=1599","url_meta":{"origin":2149,"position":3},"title":"Bulgaristan&#8217;da Borisov d\u00f6nemi ba\u015flad\u0131","author":"Haberci","date":"28 Temmuz 2009","format":false,"excerpt":"Bulgaristan'da 7 Temmuzda yap\u0131lan parlamento se\u00e7imini kazanan GERB (arma) partisinin fahri ba\u015fkan\u0131, Sofya Belediye Ba\u015fkan\u0131 Boyko Borisov'un (50) kurdu\u011fu 16 bakandan olu\u015fan yeni Bulgaristan h\u00fck\u00fcmeti parlamentoda g\u00fcvenoyu ald\u0131. Borisov'un kurdu\u011fu az\u0131nl\u0131k h\u00fck\u00fcmeti i\u00e7in yap\u0131lan g\u00fcven oylamas\u0131na 240 milletvekili kat\u0131ld\u0131. H\u00fck\u00fcmet 77'ye kar\u015f\u0131 162 milletvekilinin deste\u011fiyle g\u00fcvenoyu al\u0131rken, bir milletvekili \u00e7ekimser\u2026","rel":"","context":"&quot;Haberler&quot; i\u00e7inde","block_context":{"text":"Haberler","link":"https:\/\/www.gocmeniz.biz\/?cat=5"},"img":{"alt_text":"","src":"","width":0,"height":0},"classes":[]},{"id":158,"url":"https:\/\/www.gocmeniz.biz\/?p=158","url_meta":{"origin":2149,"position":4},"title":"\u201cSelden sonra bir ev in\u015fa edelim\u201d kampanyas\u0131","author":"Admin","date":"17 A\u011fustos 2007","format":false,"excerpt":"Bulgaristan\u2019da, Temmuz ay\u0131ndaki rekor s\u0131cakl\u0131klar ve kurakl\u0131\u011f\u0131n ard\u0131ndan A\u011fustos ay\u0131nda g\u00f6r\u00fclen sa\u011fanak ya\u011f\u0131\u015flar bir g\u00fcnde dokuz kurban ald\u0131. Tsar Kaloyan \u015fehri en \u00e7ok zarar g\u00f6rd\u00fc. Belediyede, 2 A\u011fustos\u2019ta, verimi yok eden kurakl\u0131k ve rekor s\u0131cakl\u0131klardan dolay\u0131 do\u011fal afet durumu ilan edilmesinin d\u00f6rt g\u00fcn ard\u0131ndan 6 A\u011fustos\u2019ta, \u015fehir daha \u00f6nce g\u00f6r\u00fclmemi\u015f\u2026","rel":"","context":"&quot;Haberler&quot; i\u00e7inde","block_context":{"text":"Haberler","link":"https:\/\/www.gocmeniz.biz\/?cat=5"},"img":{"alt_text":"","src":"https:\/\/i0.wp.com\/www.bnr.bg\/NR\/rdonlyres\/111D64A8-ED47-4A13-A432-52F863EA3525\/0\/Tsar_Kaloyan_porazhenia.jpg?resize=350%2C200","width":350,"height":200},"classes":[]},{"id":324,"url":"https:\/\/www.gocmeniz.biz\/?p=324","url_meta":{"origin":2149,"position":5},"title":"Bulgaristan T\u00fcrkiye\u2019ye pilotsuz u\u00e7ak satt\u0131","author":"Haberci","date":"11 Nisan 2008","format":false,"excerpt":"Merkezi ba\u015fkent Sofya yak\u0131nlar\u0131ndaki Lozen K\u00f6y\u00fcnde bulunan Armstehno \u015firketinin \u00fcretti\u011fi pilotsuz u\u00e7aklar T\u00fcrkiye\u2019ye sat\u0131ld\u0131. T\u00fcrkiye\u2019nin yan\u0131s\u0131ra Endonezya\u2019ya da sat\u0131lan \u015firkette \u00fcretilen u\u00e7aklar askeri oldu\u011fu gibi sivil ana\u00e7larla da kullan\u0131labiliyor. Bulgaristan\u2019da \u00fcretimi yap\u0131lan ve N\u0130T\u0130 ad\u0131n\u0131 ta\u015f\u0131yan pilotsuz u\u00e7aklardaki \u0131s\u0131ya duyarl\u0131 kameralar\u0131n orman i\u00e7indeki tek bir ki\u015fiyi bile tespit edebildi\u011fi a\u00e7\u0131kland\u0131.\u2026","rel":"","context":"&quot;Haberler&quot; i\u00e7inde","block_context":{"text":"Haberler","link":"https:\/\/www.gocmeniz.biz\/?cat=5"},"img":{"alt_text":"","src":"https:\/\/i0.wp.com\/bp3.blogger.com\/_1Mf-Mz8vkrM\/R_4jQMFXi-I\/AAAAAAAABXo\/h47lLaQ6rIw\/s400\/ucak33.jpg?resize=350%2C200","width":350,"height":200},"classes":[]}],"jetpack_sharing_enabled":true,"jetpack_likes_enabled":true,"_links":{"self":[{"href":"https:\/\/www.gocmeniz.biz\/index.php?rest_route=\/wp\/v2\/posts\/2149","targetHints":{"allow":["GET"]}}],"collection":[{"href":"https:\/\/www.gocmeniz.biz\/index.php?rest_route=\/wp\/v2\/posts"}],"about":[{"href":"https:\/\/www.gocmeniz.biz\/index.php?rest_route=\/wp\/v2\/types\/post"}],"author":[{"embeddable":true,"href":"https:\/\/www.gocmeniz.biz\/index.php?rest_route=\/wp\/v2\/users\/331"}],"replies":[{"embeddable":true,"href":"https:\/\/www.gocmeniz.biz\/index.php?rest_route=%2Fwp%2Fv2%2Fcomments&post=2149"}],"version-history":[{"count":1,"href":"https:\/\/www.gocmeniz.biz\/index.php?rest_route=\/wp\/v2\/posts\/2149\/revisions"}],"predecessor-version":[{"id":8854,"href":"https:\/\/www.gocmeniz.biz\/index.php?rest_route=\/wp\/v2\/posts\/2149\/revisions\/8854"}],"wp:attachment":[{"href":"https:\/\/www.gocmeniz.biz\/index.php?rest_route=%2Fwp%2Fv2%2Fmedia&parent=2149"}],"wp:term":[{"taxonomy":"category","embeddable":true,"href":"https:\/\/www.gocmeniz.biz\/index.php?rest_route=%2Fwp%2Fv2%2Fcategories&post=2149"},{"taxonomy":"post_tag","embeddable":true,"href":"https:\/\/www.gocmeniz.biz\/index.php?rest_route=%2Fwp%2Fv2%2Ftags&post=2149"}],"curies":[{"name":"wp","href":"https:\/\/api.w.org\/{rel}","templated":true}]}}