{"id":2153,"date":"2010-06-19T09:13:47","date_gmt":"2010-06-19T06:13:47","guid":{"rendered":"http:\/\/www.gocmeniz.biz\/?p=2153"},"modified":"2026-04-03T12:25:36","modified_gmt":"2026-04-03T09:25:36","slug":"ivankov-yuvada-kaldi","status":"publish","type":"post","link":"https:\/\/www.gocmeniz.biz\/?p=2153","title":{"rendered":"Ivankov yuvada kald\u0131"},"content":{"rendered":"<p><i><img data-recalc-dims=\"1\"  title=\"\"  alt=\"10875891 Ivankov yuvada kald\u0131\" decoding=\"async\" style=\"max-width: 800px; float: left; margin-top: 10px; margin-bottom: 10px; margin-right: 10px;\" src=\"https:\/\/i0.wp.com\/www.hurriyet.com.tr\/_np\/5891\/10875891.jpg?w=640\" \/>A.A.<\/i><br \/><b>Bursaspor, ba\u015far\u0131l\u0131 bir sezon ge\u00e7iren Bulgar file bek\u00e7isi Dimitar \u0130vankov ile s\u00f6zle\u015fme yeniledi.<\/b><\/p>\n<p>Kul\u00fcb\u00fcn resmi internet sitesinde, s\u00f6zle\u015fmesi sona eren \u0130vankov&#8217;un, kendisini bir y\u0131l daha ye\u015fil-beyazl\u0131 renklere ba\u011flayan s\u00f6zle\u015fmeyi imzalad\u0131\u011f\u0131n\u0131 a\u00e7\u0131klayan ifadeleri yer ald\u0131.<\/p>\n<p>\u0130vankov&#8217;un a\u00e7\u0131klamas\u0131 \u015f\u00f6yle: \u201c\u015eampiyon kul\u00fcb\u00fcn \u015fampiyon kalecisi olarak bir y\u0131l daha Bursaspor&#8217;day\u0131m. \u00d6n\u00fcm\u00fczdeki sezon i\u00e7in hedefim bu y\u0131l att\u0131\u011f\u0131m d\u00f6rt gol\u00fcn de \u00fczerine \u00e7\u0131kmak. Yine her y\u0131l oldu\u011fu gibi hem goller ataca\u011f\u0131m hem de kalemi gollerden koruyaca\u011f\u0131m.\u201d<\/p>\n<div class=\"zemanta-pixie\"><img data-recalc-dims=\"1\"  title=\"\" decoding=\"async\" class=\"zemanta-pixie-img\"  alt=\"pixy Ivankov yuvada kald\u0131\"  src=\"https:\/\/i0.wp.com\/img.zemanta.com\/pixy.gif?w=640\" \/><\/div>\n","protected":false},"excerpt":{"rendered":"<p>A.A.Bursaspor, ba\u015far\u0131l\u0131 bir sezon ge\u00e7iren Bulgar file bek\u00e7isi Dimitar \u0130vankov ile s\u00f6zle\u015fme yeniledi. Kul\u00fcb\u00fcn resmi internet sitesinde, s\u00f6zle\u015fmesi sona eren \u0130vankov&#8217;un, kendisini bir y\u0131l daha ye\u015fil-beyazl\u0131 renklere ba\u011flayan s\u00f6zle\u015fmeyi imzalad\u0131\u011f\u0131n\u0131 a\u00e7\u0131klayan ifadeleri yer ald\u0131. \u0130vankov&#8217;un a\u00e7\u0131klamas\u0131 \u015f\u00f6yle: \u201c\u015eampiyon kul\u00fcb\u00fcn \u015fampiyon kalecisi olarak bir y\u0131l daha Bursaspor&#8217;day\u0131m. \u00d6n\u00fcm\u00fczdeki sezon i\u00e7in hedefim bu y\u0131l att\u0131\u011f\u0131m d\u00f6rt gol\u00fcn [&hellip;]<\/p>\n","protected":false},"author":331,"featured_media":0,"comment_status":"open","ping_status":"open","sticky":false,"template":"","format":"standard","meta":{"advanced_seo_description":"","jetpack_seo_html_title":"","jetpack_seo_noindex":false,"ngg_post_thumbnail":0,"jetpack_post_was_ever_published":false,"_jetpack_newsletter_access":"","_jetpack_dont_email_post_to_subs":false,"_jetpack_newsletter_tier_id":0,"_jetpack_memberships_contains_paywalled_content":false,"_jetpack_memberships_contains_paid_content":false,"footnotes":""},"categories":[5],"tags":[],"class_list":["post-2153","post","type-post","status-publish","format-standard","hentry","category-haberler"],"jetpack_featured_media_url":"","jetpack_shortlink":"https:\/\/wp.me\/paHHlZ-yJ","jetpack-related-posts":[{"id":404,"url":"https:\/\/www.gocmeniz.biz\/?p=404","url_meta":{"origin":2153,"position":0},"title":"BURSASPOR KALEC\u0130 \u0130VANKOV \u0130LE PRENS\u0130PTE ANLA\u015eTI","author":"Admin","date":"31 May\u0131s 2008","format":false,"excerpt":"Yeni sezonda g\u00fc\u00e7l\u00fc bir kadro kurmak i\u00e7in \u00e7al\u0131\u015fan Bursaspor, Kayserispor'un Bulgar kalecisi Dimitar Ivankov anla\u015ft\u0131. 1.88 boyundaki kaleci ile 2 y\u0131ll\u0131k anla\u015fma sa\u011fland\u0131\u011f\u0131 ifade edildi.2008-2009 sezonunda revizyona gidecek olan Bursaspor ge\u00e7en sezon Venezuela Milli Tak\u0131m\u0131 kalecisi Renny Vega'dan istedi\u011fi verimi alamam\u0131\u015ft\u0131. Bursaspor'un, Kayserispor'un ve Bulgaristan Milli Tak\u0131m\u0131'n\u0131n file bek\u00e7isi Ivankov\u2026","rel":"","context":"Benzer yaz\u0131","block_context":{"text":"Benzer yaz\u0131","link":""},"img":{"alt_text":"","src":"","width":0,"height":0},"classes":[]},{"id":217,"url":"https:\/\/www.gocmeniz.biz\/?p=217","url_meta":{"origin":2153,"position":1},"title":"Sofya&#8217;daki Yabanc\u0131 Kad\u0131nlar Yard\u0131m i\u00e7in Kermeste Bir Araya Geldi","author":"Haberci","date":"26 Kas\u0131m 2007","format":false,"excerpt":"Bulgaristan'\u0131n ba\u015fkenti Sofya'da ya\u015fanan yabanc\u0131 \u00fclkelerden kad\u0131nlar, kimsesizlere yard\u0131m i\u00e7in kermeste bulu\u015ftu. Sofya'da ya\u015fayan yabanc\u0131 \u00fclke kad\u0131nlar\u0131, kimsesizler ve yard\u0131ma muhta\u00e7 ki\u015filer i\u00e7in bir kermes d\u00fczenledi. 45 \u00fclkeden kad\u0131nlar\u0131n kat\u0131ld\u0131\u011f\u0131 kermeste, her \u00fclke kendi geleneksel \u00fcr\u00fcnlerini ziyaret\u00e7ilere sundu. Her y\u0131l d\u00fczenlenen kermes, hem \u00fclke tan\u0131t\u0131m\u0131n\u0131, hem de kimsesizlere katk\u0131 yapmay\u0131\u2026","rel":"","context":"&quot;Haberler&quot; i\u00e7inde","block_context":{"text":"Haberler","link":"https:\/\/www.gocmeniz.biz\/?cat=5"},"img":{"alt_text":"","src":"https:\/\/i0.wp.com\/resimler.haberler.com\/haber\/491\/sofya-daki-yabanci-kadinlar-yardim-icin-kermeste_o.jpg?resize=350%2C200","width":350,"height":200},"classes":[]},{"id":296,"url":"https:\/\/www.gocmeniz.biz\/?p=296","url_meta":{"origin":2153,"position":2},"title":"T\u00fcrk Telekom e-fatura ile ka\u011f\u0131t tasarrufuna ba\u015fl\u0131yor","author":"Admin","date":"16 \u015eubat 2008","format":false,"excerpt":"T\u00fcrkiye'nin telekom\u00fcnikasyon devi T\u00fcrk Telekom'un \u00fczerinde \u00e7al\u0131\u015ft\u0131\u011f\u0131 e-fatura projesi Maliye Bakanl\u0131\u011f\u0131 taraf\u0131ndan onayland\u0131. Devletin de deste\u011fi ve y\u00f6nlendirmesi ile bundan b\u00f6yle elektronik faturalar Maliye Bakanl\u0131\u011f\u0131 taraf\u0131ndan k\u0131ymetli evrak olarak kabul edilecek. Bu onay\u0131 T\u00fcrkiye'de ilk alan \u015firket olan T\u00fcrk Telekom her ay 23,5 milyon m\u00fc\u015fterisi i\u00e7in 2'\u015fer n\u00fcsha bast\u0131rd\u0131\u011f\u0131 faturalar\u0131\u2026","rel":"","context":"&quot;Haberler&quot; i\u00e7inde","block_context":{"text":"Haberler","link":"https:\/\/www.gocmeniz.biz\/?cat=5"},"img":{"alt_text":"","src":"https:\/\/i0.wp.com\/www.pcnet.com.tr\/images\/stories\/ttnet-eimza.jpg?resize=350%2C200","width":350,"height":200},"classes":[]},{"id":156,"url":"https:\/\/www.gocmeniz.biz\/?p=156","url_meta":{"origin":2153,"position":3},"title":"ABD&#8217;ye vizeler daha 2 y\u0131l uygulanacak","author":"Haberci","date":"16 A\u011fustos 2007","format":false,"excerpt":"ABD\u2019nin Bulgaristan Ba\u015fkonsolosu Daniel Peron, ABD\u2019yi ziyaret etmek isteyen Bulgaristan vatanda\u015flar\u0131na daha iki y\u0131l vize rejimi uygulanaca\u011f\u0131n\u0131 s\u00f6yledi. \u00d6zel bTV televizyonuna a\u00e7\u0131klama yapan Peron, vizelerin kald\u0131r\u0131lmas\u0131 durumunda ise, \u00e7al\u0131\u015fmak veya e\u011fitim i\u00e7in giden vatanda\u015flar\u0131n yine vize almas\u0131 gerekece\u011fini belirtti. Vize ba\u015fvurusu i\u00e7in ABD\u2019den davetiye gerekmiyor. Son y\u0131l i\u00e7inde Bulgaristan'dan toplam\u2026","rel":"","context":"&quot;Haberler&quot; i\u00e7inde","block_context":{"text":"Haberler","link":"https:\/\/www.gocmeniz.biz\/?cat=5"},"img":{"alt_text":"","src":"https:\/\/i0.wp.com\/www.bg-turk.com\/photos\/Image\/haberler\/vizausbg.jpg?resize=350%2C200","width":350,"height":200},"classes":[]},{"id":2561,"url":"https:\/\/www.gocmeniz.biz\/?p=2561","url_meta":{"origin":2153,"position":4},"title":"Avrupa&#8217;n\u0131n en zengin \u00fclkeleri her zaman en sa\u011fl\u0131kl\u0131 ya\u015fanan \u00fclkeler de\u011fil","author":"Haberci","date":"05 \u015eubat 2019","format":false,"excerpt":"Avrupa \u0130statistik Kurumu Eurostat, AB \u00fclkelerinde beklenen 'sa\u011fl\u0131kl\u0131 ya\u015fam' s\u00fcrelerini a\u00e7\u0131klad\u0131. Buna g\u00f6re kad\u0131nlar hayatlar\u0131n\u0131n ortalama 64,2 y\u0131l\u0131n\u0131 sa\u011fl\u0131kl\u0131 olarak ge\u00e7irirken, erkeklerde bu say\u0131 63,5 olarak belirdi. Normal beklenen ya\u015fam s\u00fcrelerine k\u0131yasla 'sa\u011fl\u0131kl\u0131 ya\u015fam' s\u00fcresi, bir ki\u015finin herhangi bir engeli olmadan ya\u015fad\u0131\u011f\u0131 s\u00fcreyi g\u00f6steriyor. Bu nedenle beklenen ya\u015fam s\u00fcresi erkeklere\u2026","rel":"","context":"&quot;Haberler&quot; i\u00e7inde","block_context":{"text":"Haberler","link":"https:\/\/www.gocmeniz.biz\/?cat=5"},"img":{"alt_text":"","src":"https:\/\/i0.wp.com\/www.gocmeniz.biz\/wp-content\/880x495_cmsv2_635fbf6b-2e4d-5c22-beaa-560b687881cf-3640656.jpg?fit=880%2C495&ssl=1&resize=350%2C200","width":350,"height":200,"srcset":"https:\/\/i0.wp.com\/www.gocmeniz.biz\/wp-content\/880x495_cmsv2_635fbf6b-2e4d-5c22-beaa-560b687881cf-3640656.jpg?fit=880%2C495&ssl=1&resize=350%2C200 1x, https:\/\/i0.wp.com\/www.gocmeniz.biz\/wp-content\/880x495_cmsv2_635fbf6b-2e4d-5c22-beaa-560b687881cf-3640656.jpg?fit=880%2C495&ssl=1&resize=525%2C300 1.5x, https:\/\/i0.wp.com\/www.gocmeniz.biz\/wp-content\/880x495_cmsv2_635fbf6b-2e4d-5c22-beaa-560b687881cf-3640656.jpg?fit=880%2C495&ssl=1&resize=700%2C400 2x"},"classes":[]},{"id":1834,"url":"https:\/\/www.gocmeniz.biz\/?p=1834","url_meta":{"origin":2153,"position":5},"title":"ZORUNLU G\u00d6\u00c7&#8217;\u00dcN 20.YILI ANMA ETK\u0130NL\u0130KLER\u0130 \u0130STANBUL&#8217;DA YAPILDI","author":"Haberci","date":"11 Ekim 2009","format":false,"excerpt":"Rumeli Balkan Federasyonu taraf\u0131ndan organize edilen \" ZORUNLU G\u00d6\u00c7\u00dcN 20. YILI ANMA \" Etkinlikleri hafta sonu \u0130stanbul'da ger\u00e7ekle\u015ftirildi. Etkinli\u011fin ilk program\u0131 saat 11.00'de Galatasaray lisesi \u00f6n\u00fcnden Taksime y\u00fcr\u00fcy\u00fc\u015f ile ba\u015flad\u0131. Etkinli\u011fe kat\u0131lan Federasyon'a ba\u011fl\u0131 Balkan T\u00fcrkleri Dernekleri y\u00f6neticileri ile \u00fcyeleri, ellerinde T\u00fcrk Bayraklar\u0131 ile \u0130stiklal Caddesi \u00f6n\u00fcnden alk\u0131\u015flar e\u015fli\u011finde Taksim\u2026","rel":"","context":"&quot;Haberler&quot; i\u00e7inde","block_context":{"text":"Haberler","link":"https:\/\/www.gocmeniz.biz\/?cat=5"},"img":{"alt_text":"","src":"https:\/\/i0.wp.com\/www.kircaalihaber.com\/tr_haber_images\/IMG_1450%5Baaaaaassssww1%5D.JPG?resize=350%2C200","width":350,"height":200},"classes":[]}],"jetpack_sharing_enabled":true,"jetpack_likes_enabled":true,"_links":{"self":[{"href":"https:\/\/www.gocmeniz.biz\/index.php?rest_route=\/wp\/v2\/posts\/2153","targetHints":{"allow":["GET"]}}],"collection":[{"href":"https:\/\/www.gocmeniz.biz\/index.php?rest_route=\/wp\/v2\/posts"}],"about":[{"href":"https:\/\/www.gocmeniz.biz\/index.php?rest_route=\/wp\/v2\/types\/post"}],"author":[{"embeddable":true,"href":"https:\/\/www.gocmeniz.biz\/index.php?rest_route=\/wp\/v2\/users\/331"}],"replies":[{"embeddable":true,"href":"https:\/\/www.gocmeniz.biz\/index.php?rest_route=%2Fwp%2Fv2%2Fcomments&post=2153"}],"version-history":[{"count":1,"href":"https:\/\/www.gocmeniz.biz\/index.php?rest_route=\/wp\/v2\/posts\/2153\/revisions"}],"predecessor-version":[{"id":8910,"href":"https:\/\/www.gocmeniz.biz\/index.php?rest_route=\/wp\/v2\/posts\/2153\/revisions\/8910"}],"wp:attachment":[{"href":"https:\/\/www.gocmeniz.biz\/index.php?rest_route=%2Fwp%2Fv2%2Fmedia&parent=2153"}],"wp:term":[{"taxonomy":"category","embeddable":true,"href":"https:\/\/www.gocmeniz.biz\/index.php?rest_route=%2Fwp%2Fv2%2Fcategories&post=2153"},{"taxonomy":"post_tag","embeddable":true,"href":"https:\/\/www.gocmeniz.biz\/index.php?rest_route=%2Fwp%2Fv2%2Ftags&post=2153"}],"curies":[{"name":"wp","href":"https:\/\/api.w.org\/{rel}","templated":true}]}}