{"id":2163,"date":"2010-07-13T09:16:49","date_gmt":"2010-07-13T06:16:49","guid":{"rendered":"http:\/\/www.gocmeniz.biz\/?p=2163"},"modified":"2026-04-03T12:25:36","modified_gmt":"2026-04-03T09:25:36","slug":"bisikletle-on-yargilari-asmak","status":"publish","type":"post","link":"https:\/\/www.gocmeniz.biz\/?p=2163","title":{"rendered":"&#8220;Bisikletle \u00f6n yarg\u0131lar\u0131 a\u015fmak&#8221;"},"content":{"rendered":"<p><b><img data-recalc-dims=\"1\"  title=\"\"  alt=\"8364575 &quot;Bisikletle \u00f6n yarg\u0131lar\u0131 a\u015fmak&quot;\" decoding=\"async\" src=\"https:\/\/i0.wp.com\/www.hurriyet.com.tr\/_np\/4575\/8364575.jpg?w=640\" align=\"left\" border=\"0\">Edirne Do\u011fa Sporlar Kul\u00fcb\u00fc (EDOSK) ile Bulgaristan Sofya Uygulama Ara\u015ft\u0131rma Derne\u011fi&#8217;nce haz\u0131rlanan \u201cBisikletle \u00d6n yarg\u0131lar\u0131 A\u015fmak\u201d projesi toplant\u0131lar\u0131 ba\u015flad\u0131.<\/b><\/p>\n<div><\/div>\n<div>Edirne Do\u011fa Sporlar\u0131 Kul\u00fcb\u00fc Ba\u015fkan\u0131 B\u00fclent Bac\u0131, yapt\u0131\u011f\u0131 a\u00e7\u0131klamada, Bulgaristan&#8217;\u0131n Sofya Uygulama Ara\u015ft\u0131rma Derne\u011fince ba\u015fvurusu ger\u00e7ekle\u015ftirilen, Bulgaristan Ulusal Ajans\u0131&#8217;nca Nisan 2010 d\u00f6neminde kabul edilen &#8216;Bisikletle \u00d6n Yarg\u0131lar\u0131 A\u015fmak&#8217; projesinin \u00f6n haz\u0131rl\u0131k toplant\u0131s\u0131n\u0131n ilkinin Sofya&#8217;da yap\u0131ld\u0131\u011f\u0131n\u0131 belirtti.<\/div>\n<div><\/div>\n<div>Bac\u0131, toplant\u0131da, T\u00fcrkiye&#8217;den kendisi ile birlikte EDOSK gen\u00e7lik \u00e7al\u0131\u015fan\u0131 proje lideri Onur Donat&#8217;\u0131n, Bulgaristan&#8217;dan ise Sofya Uygulama Ara\u015ft\u0131rma Derne\u011fi Proje y\u00f6neticisi Vera Staevska ile gen\u00e7lik lideri Stefan Gulabov yer ald\u0131\u011f\u0131n\u0131 ifade etti.<\/div>\n<div><\/div>\n<div><b>B\u00fclent Bac\u0131, proje ile ilgili \u015funlar\u0131 s\u00f6yledi:<\/b><\/div>\n<div><\/div>\n<div>\u201cProje, T\u00fcrkiye ve Bulgaristan aras\u0131nda ortak bir k\u00fclt\u00fcr miras\u0131 olarak yerini alan Do\u011fu Rodoplar b\u00f6lgesini ke\u015ffe \u00e7\u0131kmak \u00fczere olu\u015fturulmu\u015f ortak bir fikrin sonucunda ortaya \u00e7\u0131kt\u0131. Projede temel hedef, iki kesimin de tarihsel k\u00f6kenlerini anlay\u0131p bunlar\u0131 g\u00fcn\u00fcm\u00fcz\u00fcn \u00e7ok k\u00fclt\u00fcrl\u00fc ger\u00e7ekli\u011fi ile kar\u015f\u0131la\u015ft\u0131rma imkan\u0131 bularak ortak \u00f6n yarg\u0131larla m\u00fccadele etmektir.<\/div>\n<div><\/div>\n<div>Bu kapsamda 8 T\u00fcrk ve 8 Bulgar gen\u00e7lerinden ve liderlerden olu\u015fan 19 ki\u015filik bir grup, Eyl\u00fcl ay\u0131nda iki hafta s\u00fcresince s\u0131n\u0131rlar\u0131n \u00f6tesine ge\u00e7ip \u0130slam ve Hristiyanl\u0131\u011f\u0131n bir arada var oldu\u011fu ve i\u00e7inde hem T\u00fcrkleri hem de Bulgarlar\u0131 bar\u0131nd\u0131ran s\u0131n\u0131r b\u00f6lgesi Do\u011fu Rodoplar\u0131n yerel ya\u015fant\u0131s\u0131n\u0131 ke\u015ffetmek i\u00e7in pedal \u00e7evirecekler. Proje, kar\u015f\u0131l\u0131kl\u0131 gezici bir de\u011fi\u015fim \u015feklinde K\u0131rcaali&#8217;den Edirne&#8217;ye kadar uzanan bir do\u011frultuda ger\u00e7ekle\u015fecek.\u201d<\/div>\n<div><\/div>\n<div>Toplant\u0131da proje detaylar\u0131n\u0131n da konu\u015fuldu\u011funu vurgulayan Bac\u0131, buna g\u00f6re profesyonel olmayan bisikletli gen\u00e7lerin yolculu\u011funun 28 A\u011fustos&#8217;ta K\u0131rcaali&#8217;de ba\u015flayaca\u011f\u0131n\u0131 ve 6 Eyl\u00fclde Edirne&#8217;de son bulaca\u011f\u0131n\u0131 kaydetti.<\/div>\n<div><\/div>\n<div>Bac\u0131, gen\u00e7lerin bu s\u00fcrede g\u00fcnde 25-30 kilometre pedal \u00e7evirecek K\u0131rcaali \u2013 Haskova b\u00f6lgesinde, Arda Nehri boylar\u0131nda \u00e7ad\u0131r ve motel konaklama yapacaklar ve k\u00f6yleri ziyaret edeceklerini s\u00f6zlerine ekledi.&nbsp;<\/div>\n<p><\/p>\n","protected":false},"excerpt":{"rendered":"<p>Edirne Do\u011fa Sporlar Kul\u00fcb\u00fc (EDOSK) ile Bulgaristan Sofya Uygulama Ara\u015ft\u0131rma Derne\u011fi&#8217;nce haz\u0131rlanan \u201cBisikletle \u00d6n yarg\u0131lar\u0131 A\u015fmak\u201d projesi toplant\u0131lar\u0131 ba\u015flad\u0131. Edirne Do\u011fa Sporlar\u0131 Kul\u00fcb\u00fc Ba\u015fkan\u0131 B\u00fclent Bac\u0131, yapt\u0131\u011f\u0131 a\u00e7\u0131klamada, Bulgaristan&#8217;\u0131n Sofya Uygulama Ara\u015ft\u0131rma Derne\u011fince ba\u015fvurusu ger\u00e7ekle\u015ftirilen, Bulgaristan Ulusal Ajans\u0131&#8217;nca Nisan 2010 d\u00f6neminde kabul edilen &#8216;Bisikletle \u00d6n Yarg\u0131lar\u0131 A\u015fmak&#8217; projesinin \u00f6n haz\u0131rl\u0131k toplant\u0131s\u0131n\u0131n ilkinin Sofya&#8217;da yap\u0131ld\u0131\u011f\u0131n\u0131 belirtti. [&hellip;]<\/p>\n","protected":false},"author":331,"featured_media":0,"comment_status":"open","ping_status":"open","sticky":false,"template":"","format":"standard","meta":{"advanced_seo_description":"","jetpack_seo_html_title":"","jetpack_seo_noindex":false,"ngg_post_thumbnail":0,"jetpack_post_was_ever_published":false,"_jetpack_newsletter_access":"","_jetpack_dont_email_post_to_subs":false,"_jetpack_newsletter_tier_id":0,"_jetpack_memberships_contains_paywalled_content":false,"_jetpack_memberships_contains_paid_content":false,"footnotes":""},"categories":[5],"tags":[],"class_list":["post-2163","post","type-post","status-publish","format-standard","hentry","category-haberler"],"jetpack_featured_media_url":"","jetpack_shortlink":"https:\/\/wp.me\/paHHlZ-yT","jetpack-related-posts":[{"id":1077,"url":"https:\/\/www.gocmeniz.biz\/?p=1077","url_meta":{"origin":2163,"position":0},"title":"Bulgarlara tepki: Yollar\u0131 keserseniz ba\u015fka yolla gideriz","author":"Haberci","date":"16 Nisan 2009","format":false,"excerpt":"AL\u0130 SAL\u0130\/SOFYA D\u0131\u015f Ticaretten Sorumlu Devlet Bakan\u0131 K\u00fcr\u015fad T\u00fczmen, Bulgaristan makamlar\u0131na seslenerek, i\u015f adamlar\u0131n\u0131n \u00f6n\u00fcndeki sorunlar\u0131n kald\u0131r\u0131lmas\u0131 istedi ve \u201cSiz yollar\u0131 keserseniz bizde ba\u015fka \u015fekilde gideriz. RORO ile denizden ge\u00e7eriz\u201d dedi. 12 M\u0130LYAR EUROLUK PROJE T\u00fcrkiye Bulgaristan ticari ve ekonomik i\u015f birli\u011fi seminerinde konu\u015fan Bulgaristan Enerji ve Ekonomi Bakan\u0131 Petar\u2026","rel":"","context":"&quot;Haberler&quot; i\u00e7inde","block_context":{"text":"Haberler","link":"https:\/\/www.gocmeniz.biz\/?cat=5"},"img":{"alt_text":"","src":"","width":0,"height":0},"classes":[]},{"id":1763,"url":"https:\/\/www.gocmeniz.biz\/?p=1763","url_meta":{"origin":2163,"position":1},"title":"Bekta\u015fili\u011fin izleri, Balkanlar`da h\u00e2l\u00e2 ya\u015f\u0131yor","author":"Haberci","date":"03 Eyl\u00fcl 2009","format":false,"excerpt":"Sar\u0131 Salt\u0131k, H\u0131d\u0131r Baba, Harabati Baba, Tabtuk Baba... `Suleha-y\u0131 \u00fcmmet dervi\u015fleri gazaya giderken, \u00e2yende ve revendeye n\u00eemet-i nefise bezleden`, bug\u00fcnk\u00fc tabiriyle s\u00f6ylersek, `\u00fcmmetin salih dervi\u015fleri gazaya giderken bir ocak uyand\u0131r\u0131p gelene ge\u00e7ene nefis nimetler sa\u00e7an` Horasan erlerinin izleri Balkan topraklar\u0131nda h\u00e2l\u00e2 duruyor.K\u00fclt\u00fcr ve Turizm Bakanl\u0131\u011f\u0131, ger\u00e7ekle\u015ftirdi\u011fi bir proje ile Hac\u0131\u2026","rel":"","context":"&quot;Haberler&quot; i\u00e7inde","block_context":{"text":"Haberler","link":"https:\/\/www.gocmeniz.biz\/?cat=5"},"img":{"alt_text":"","src":"","width":0,"height":0},"classes":[]},{"id":1558,"url":"https:\/\/www.gocmeniz.biz\/?p=1558","url_meta":{"origin":2163,"position":2},"title":"Do\u011falgaz i\u015fbirli\u011fine Bulgaristan da kat\u0131ld\u0131","author":"Haberci","date":"16 Temmuz 2009","format":false,"excerpt":"BEH (Bulgarian Energy Holding), DEPA (Yunanistan Devlet Do\u011falgaz \u015eirketi) ve Edison firmalar\u0131, Yunanistan ile Bulgaristan aras\u0131nda yeni bir do\u011falgaz boru hatt\u0131 olan IGB`nin (Interconnector Greece-Bulgaria) in\u015fas\u0131 i\u00e7in Sofya`da bir Mutabakat Zapt\u0131 imzalad\u0131klar\u0131n\u0131 duyurdular. \u0130STANBUL \/ \u0130HA S\u00f6z konusu anla\u015fma ile Bulgaristan G\u00fcney Koridoru ITGI (T\u00fcrkiye-Yunanistan-\u0130talya Do\u011falgaz Boru Hatt\u0131) projesi \u00fczerinden\u2026","rel":"","context":"&quot;Haberler&quot; i\u00e7inde","block_context":{"text":"Haberler","link":"https:\/\/www.gocmeniz.biz\/?cat=5"},"img":{"alt_text":"","src":"","width":0,"height":0},"classes":[]},{"id":2159,"url":"https:\/\/www.gocmeniz.biz\/?p=2159","url_meta":{"origin":2163,"position":3},"title":"Bulgaristan ve Rusya G\u00fcney Ak\u0131m&#8217;da anla\u015ft\u0131","author":"Haberci","date":"07 Temmuz 2010","format":false,"excerpt":"Reuters Bulgaristan, Rusya gaz\u0131n\u0131n Karadeniz'in alt\u0131ndan ge\u00e7irilerek Ukrayna'n\u0131n by-pass edildi\u011fi G\u00fcney Ak\u0131m Projesi'ne destek vermeye karar verdi. Yol haritas\u0131n\u0131n bu hafta imzalanmas\u0131 bekleniyor. Bulgaristan Ba\u015fbakan\u0131 Boiko Borisov, Sofya'da Rusya Ba\u015fbakan Yard\u0131mc\u0131s\u0131 Viktor Zubkov ile yapt\u0131\u011f\u0131 g\u00f6r\u00fc\u015fmeler sonras\u0131nda, iki \u00fclkenin, Rus enerji \u015firketi Gazprom'un in\u015fa edece\u011fi ve Bulgaristan s\u0131n\u0131rlar\u0131ndan ge\u00e7ecek boru\u2026","rel":"","context":"&quot;Haberler&quot; i\u00e7inde","block_context":{"text":"Haberler","link":"https:\/\/www.gocmeniz.biz\/?cat=5"},"img":{"alt_text":"","src":"https:\/\/i0.wp.com\/www.hurriyet.com.tr\/_np\/2269\/11062269.jpg?resize=350%2C200","width":350,"height":200},"classes":[]},{"id":486,"url":"https:\/\/www.gocmeniz.biz\/?p=486","url_meta":{"origin":2163,"position":4},"title":"OSMANGAZ\u0130 BELED\u0130YES\u0130, BULGAR\u0130STAN&#8217;A KONSOLOSLOK B\u0130NASI YAPIYOR","author":"Haberci","date":"14 A\u011fustos 2008","format":false,"excerpt":"Ba\u015fta Bulgaristan olmak \u00fczere Balkan g\u00f6\u00e7menlerinin ya\u015fad\u0131\u011f\u0131 en yo\u011fun il olan Bursa'da g\u00f6\u00e7men vatanda\u015flar\u0131n \u00e7ekti\u011fi vize ve benzer sorunlar\u0131 dikkate alan Osmangazi Belediyesi, Bulgaristan devletine \"konsolosluk\" olarak kullanmas\u0131 i\u00e7in bir bina yap\u0131yor. Adalet Mahallesi'nde yap\u0131lacak 3 katl\u0131 konsolosluk binas\u0131 sayesinde soyda\u015flar \u00e7e\u015fitli i\u015flemler i\u00e7in Ankara veya \u0130stanbul'a gitmek zorunda kalmayacak.\u2026","rel":"","context":"&quot;Haberler&quot; i\u00e7inde","block_context":{"text":"Haberler","link":"https:\/\/www.gocmeniz.biz\/?cat=5"},"img":{"alt_text":"","src":"","width":0,"height":0},"classes":[]},{"id":1149,"url":"https:\/\/www.gocmeniz.biz\/?p=1149","url_meta":{"origin":2163,"position":5},"title":"Bulgar a\u015f\u00e7\u0131lardan yemek \u015f\u00f6leni","author":"Haberci","date":"30 Nisan 2009","format":false,"excerpt":"Edirne'de, T\u00fcrkiye-Bulgaristan S\u0131n\u0131r \u00d6tesi \u0130\u015fbirli\u011fi Ortak K\u00fc\u00e7\u00fck Projeler Fonu kapsam\u0131nda y\u00fcr\u00fct\u00fclen ''T\u00fcrk-Bulgar Ortak Yemek K\u00fclt\u00fcr\u00fc'' adl\u0131 proje kapsam\u0131nda yemek \u015f\u00f6leni d\u00fczenlendi.Edirne Tatl\u0131c\u0131, B\u00fcfeci, Kebap ve Lokantac\u0131lar Esnaf Odas\u0131 Ba\u015fkan\u0131 Emin \u0130na\u011f, Devecihan K\u00fclt\u00fcr Merkezi'ndeki proje tan\u0131t\u0131m toplant\u0131s\u0131nda, Bulgaristan ile ikinci projelerini d\u00fczenlediklerini belirterek, i\u015fbirli\u011finin ticari yararlar\u0131n\u0131 da g\u00f6rmeye ba\u015flad\u0131klar\u0131n\u0131 s\u00f6yledi.T\u00fcrk-Bulgar\u2026","rel":"","context":"&quot;Haberler&quot; i\u00e7inde","block_context":{"text":"Haberler","link":"https:\/\/www.gocmeniz.biz\/?cat=5"},"img":{"alt_text":"","src":"","width":0,"height":0},"classes":[]}],"jetpack_sharing_enabled":true,"jetpack_likes_enabled":true,"_links":{"self":[{"href":"https:\/\/www.gocmeniz.biz\/index.php?rest_route=\/wp\/v2\/posts\/2163","targetHints":{"allow":["GET"]}}],"collection":[{"href":"https:\/\/www.gocmeniz.biz\/index.php?rest_route=\/wp\/v2\/posts"}],"about":[{"href":"https:\/\/www.gocmeniz.biz\/index.php?rest_route=\/wp\/v2\/types\/post"}],"author":[{"embeddable":true,"href":"https:\/\/www.gocmeniz.biz\/index.php?rest_route=\/wp\/v2\/users\/331"}],"replies":[{"embeddable":true,"href":"https:\/\/www.gocmeniz.biz\/index.php?rest_route=%2Fwp%2Fv2%2Fcomments&post=2163"}],"version-history":[{"count":1,"href":"https:\/\/www.gocmeniz.biz\/index.php?rest_route=\/wp\/v2\/posts\/2163\/revisions"}],"predecessor-version":[{"id":8909,"href":"https:\/\/www.gocmeniz.biz\/index.php?rest_route=\/wp\/v2\/posts\/2163\/revisions\/8909"}],"wp:attachment":[{"href":"https:\/\/www.gocmeniz.biz\/index.php?rest_route=%2Fwp%2Fv2%2Fmedia&parent=2163"}],"wp:term":[{"taxonomy":"category","embeddable":true,"href":"https:\/\/www.gocmeniz.biz\/index.php?rest_route=%2Fwp%2Fv2%2Fcategories&post=2163"},{"taxonomy":"post_tag","embeddable":true,"href":"https:\/\/www.gocmeniz.biz\/index.php?rest_route=%2Fwp%2Fv2%2Ftags&post=2163"}],"curies":[{"name":"wp","href":"https:\/\/api.w.org\/{rel}","templated":true}]}}