{"id":2164,"date":"2010-07-13T09:18:56","date_gmt":"2010-07-13T06:18:56","guid":{"rendered":"http:\/\/www.gocmeniz.biz\/?p=2164"},"modified":"2026-04-03T12:25:36","modified_gmt":"2026-04-03T09:25:36","slug":"bulgaristan-fuze-kalkanina-katilmak-istiyormus","status":"publish","type":"post","link":"https:\/\/www.gocmeniz.biz\/?p=2164","title":{"rendered":"Bulgaristan f\u00fcze kalkan\u0131na kat\u0131lmak istiyormu\u015f"},"content":{"rendered":"<div><b>Bulgaristan Savunma Bakan\u0131 An\u00fc Angelov, Amerikan f\u00fcze kalkan\u0131 projesine kat\u0131l\u0131m\u0131 konusunda daha \u00f6nce yapt\u0131\u011f\u0131 a\u00e7\u0131klaman\u0131n yanl\u0131\u015f anla\u015f\u0131ld\u0131\u011f\u0131n\u0131 \u00f6ne s\u00fcrd\u00fc.<\/b><\/div>\n<div><b><br \/><\/b><\/div>\n<div><\/div>\n<div>Angelov, Bulgaristan Ulusal Televizyonuna (BNT) 5 Temmuz&#8217;da yapt\u0131\u011f\u0131 a\u00e7\u0131klamada, \u00fclkenin teknolojik, fiziksel ve co\u011frafi a\u00e7\u0131dan radarlar\u0131n konu\u015fland\u0131r\u0131lmas\u0131 i\u00e7in \u00e7ok uygun bir yer olmad\u0131\u011f\u0131n\u0131 s\u00f6ylemi\u015fti.<\/div>\n<div><\/div>\n<div>Angelov, bu a\u00e7\u0131klamas\u0131na gelen tepkiler \u00fczerine bug\u00fcn parlamentoda yapt\u0131\u011f\u0131 konu\u015fmada, &#8220;yanl\u0131\u015f anla\u015f\u0131ld\u0131\u011f\u0131n\u0131&#8221; belirtti.<\/div>\n<div><\/div>\n<div>F\u00fcze kalkan\u0131 projesine Bulgaristan&#8217;\u0131n kat\u0131lmas\u0131n\u0131n \u00fclkenin \u00e7\u0131kar\u0131na olaca\u011f\u0131n\u0131 belirten Angelov, &#8220;\u00c7\u00fcnk\u00fc geni\u015f do\u011fu ve Orta Do\u011fu b\u00f6lgesinde baz\u0131 \u00fclkelerin sahip oldu\u011fu orta menzilli balistik f\u00fczelerin menzilinde bulunuyoruz&#8221; dedi.<\/div>\n<div><\/div>\n<div>F\u00fcze kalkan\u0131 ile ilgili siyasi karar\u0131n Kas\u0131m ay\u0131nda Lizbon&#8217;da al\u0131nabilece\u011fini kaydeden Angelov, &#8220;Bulgaristan, NATO&#8217;nun toplu roket savar savunmas\u0131n\u0131 ilgilendiren t\u00fcm etkin ad\u0131mlar\u0131n g\u00f6r\u00fc\u015f\u00fclmesine ve ger\u00e7ekle\u015ftirilmesine kat\u0131lacakt\u0131r&#8221; diye konu\u015ftu.<\/div>\n","protected":false},"excerpt":{"rendered":"<p>Bulgaristan Savunma Bakan\u0131 An\u00fc Angelov, Amerikan f\u00fcze kalkan\u0131 projesine kat\u0131l\u0131m\u0131 konusunda daha \u00f6nce yapt\u0131\u011f\u0131 a\u00e7\u0131klaman\u0131n yanl\u0131\u015f anla\u015f\u0131ld\u0131\u011f\u0131n\u0131 \u00f6ne s\u00fcrd\u00fc. Angelov, Bulgaristan Ulusal Televizyonuna (BNT) 5 Temmuz&#8217;da yapt\u0131\u011f\u0131 a\u00e7\u0131klamada, \u00fclkenin teknolojik, fiziksel ve co\u011frafi a\u00e7\u0131dan radarlar\u0131n konu\u015fland\u0131r\u0131lmas\u0131 i\u00e7in \u00e7ok uygun bir yer olmad\u0131\u011f\u0131n\u0131 s\u00f6ylemi\u015fti. Angelov, bu a\u00e7\u0131klamas\u0131na gelen tepkiler \u00fczerine bug\u00fcn parlamentoda yapt\u0131\u011f\u0131 konu\u015fmada, &#8220;yanl\u0131\u015f anla\u015f\u0131ld\u0131\u011f\u0131n\u0131&#8221; [&hellip;]<\/p>\n","protected":false},"author":331,"featured_media":0,"comment_status":"open","ping_status":"open","sticky":false,"template":"","format":"standard","meta":{"advanced_seo_description":"","jetpack_seo_html_title":"","jetpack_seo_noindex":false,"ngg_post_thumbnail":0,"jetpack_post_was_ever_published":false,"_jetpack_newsletter_access":"","_jetpack_dont_email_post_to_subs":false,"_jetpack_newsletter_tier_id":0,"_jetpack_memberships_contains_paywalled_content":false,"_jetpack_memberships_contains_paid_content":false,"footnotes":""},"categories":[5],"tags":[],"class_list":["post-2164","post","type-post","status-publish","format-standard","hentry","category-haberler"],"jetpack_featured_media_url":"","jetpack_shortlink":"https:\/\/wp.me\/paHHlZ-yU","jetpack-related-posts":[{"id":2159,"url":"https:\/\/www.gocmeniz.biz\/?p=2159","url_meta":{"origin":2164,"position":0},"title":"Bulgaristan ve Rusya G\u00fcney Ak\u0131m&#8217;da anla\u015ft\u0131","author":"Haberci","date":"07 Temmuz 2010","format":false,"excerpt":"Reuters Bulgaristan, Rusya gaz\u0131n\u0131n Karadeniz'in alt\u0131ndan ge\u00e7irilerek Ukrayna'n\u0131n by-pass edildi\u011fi G\u00fcney Ak\u0131m Projesi'ne destek vermeye karar verdi. Yol haritas\u0131n\u0131n bu hafta imzalanmas\u0131 bekleniyor. Bulgaristan Ba\u015fbakan\u0131 Boiko Borisov, Sofya'da Rusya Ba\u015fbakan Yard\u0131mc\u0131s\u0131 Viktor Zubkov ile yapt\u0131\u011f\u0131 g\u00f6r\u00fc\u015fmeler sonras\u0131nda, iki \u00fclkenin, Rus enerji \u015firketi Gazprom'un in\u015fa edece\u011fi ve Bulgaristan s\u0131n\u0131rlar\u0131ndan ge\u00e7ecek boru\u2026","rel":"","context":"&quot;Haberler&quot; i\u00e7inde","block_context":{"text":"Haberler","link":"https:\/\/www.gocmeniz.biz\/?cat=5"},"img":{"alt_text":"","src":"https:\/\/i0.wp.com\/www.hurriyet.com.tr\/_np\/2269\/11062269.jpg?resize=350%2C200","width":350,"height":200},"classes":[]},{"id":1433,"url":"https:\/\/www.gocmeniz.biz\/?p=1433","url_meta":{"origin":2164,"position":1},"title":"BULGAR\u0130STAN VATANDA\u015eLARI KIRKLAREL\u0130&#8217;NDE OY KULLANACAK","author":"Haberci","date":"25 Haziran 2009","format":false,"excerpt":"K\u0131rklareli'nde ya\u015fayan Bulgar vatanda\u015flar\u0131n\u0131n oy kullanmas\u0131 i\u00e7in 5 Temmuzda sand\u0131k konaca\u011f\u0131 bildirildi.T\u00fcrkiye'deki g\u00f6revi temmuz ay\u0131nda dolacak olan Bulgaristan'\u0131n Edirne Ba\u015fkonsolosu Angel Angelov, K\u0131rklareli Ticaret ve Sanayi Odas\u0131 Ba\u015fkan\u0131 Ertu\u011frul Z\u0131ya \u00c7etinta\u015f ve y\u00f6netim kurulu \u00fcyelerine veda ziyaretinde bulundu.Angelov, ziyarette, Bulgaristan'da 5 Temmuz Pazar g\u00fcn\u00fc yap\u0131lacak genel se\u00e7imler i\u00e7in K\u0131rklareli'nde de\u2026","rel":"","context":"&quot;Haberler&quot; i\u00e7inde","block_context":{"text":"Haberler","link":"https:\/\/www.gocmeniz.biz\/?cat=5"},"img":{"alt_text":"","src":"","width":0,"height":0},"classes":[]},{"id":442,"url":"https:\/\/www.gocmeniz.biz\/?p=442","url_meta":{"origin":2164,"position":2},"title":"BULGAR\u0130STAN&#8217;DAK\u0130 T\u0130CAR\u0130 \u0130MKANLAR, TRAKYA \u0130\u015e PLATFORMU&#8217;NDA TANITILDI","author":"Haberci","date":"19 Haziran 2008","format":false,"excerpt":"Trakyal\u0131 i\u015fadamlar\u0131n\u0131n olu\u015fturdu\u011fu Trakya \u0130\u015f Hayat\u0131 Dernekleri Platformu, Bulgaristan'daki ticari imkanlar\u0131 masaya yat\u0131ran bir toplant\u0131 d\u00fczenledi. T\u00fcrk ve Bulgar yetkililerin kat\u0131ld\u0131\u011f\u0131 toplant\u0131da Trakyal\u0131 i\u015f adamlar\u0131n\u0131n ekonomik i\u015fbirli\u011fine haz\u0131r olduklar\u0131 vurguland\u0131. TUSKON'a ba\u011fl\u0131 Trakya da faaliyet g\u00f6steren derneklerin olu\u015fturdu\u011fu Trakya \u0130\u015f Hayat\u0131 Dernekleri Platformunun d\u00fczenledi\u011fi 'Kom\u015fu \u00dclke Bulgaristan S\u0131n\u0131r\u0131nda \u0130\u015f \u0130mkanlar\u0131'\u2026","rel":"","context":"Benzer yaz\u0131","block_context":{"text":"Benzer yaz\u0131","link":""},"img":{"alt_text":"","src":"","width":0,"height":0},"classes":[]},{"id":220,"url":"https:\/\/www.gocmeniz.biz\/?p=220","url_meta":{"origin":2164,"position":3},"title":"Bulgar Kilisesinde &#8220;\u00c7an Takma&#8221; T\u00f6reni","author":"Admin","date":"29 Kas\u0131m 2007","format":false,"excerpt":"Bulgar sanat\u00e7\u0131 \u0130lia Lukov'un Edirne'nin K\u0131y\u0131k semtinde bulunan Sveti Georgi Kilisesi'ne ba\u011f\u0131\u015flad\u0131\u011f\u0131 \u00e7an, d\u00fczenlenen t\u00f6renle tak\u0131ld\u0131. T\u00f6rene, sanat\u00e7\u0131 Lukov ile Bulgaristan'\u0131n de\u011fi\u015fik kentlerinden \u00e7ok say\u0131da Bulgar vatanda\u015f\u0131 ve Bulgaristan'\u0131n Edirne Ba\u015fkonsolosu Angel Angelov da kat\u0131ld\u0131. \u00c7an takma t\u00f6reni i\u00e7in Sveti Georgi Kilisesi'nde rahip Alexander \u00c7ikirik ba\u015fkanl\u0131\u011f\u0131nda ayin d\u00fczenlendi. Ba\u015fkonsolos Angelov\u2026","rel":"","context":"&quot;Haberler&quot; i\u00e7inde","block_context":{"text":"Haberler","link":"https:\/\/www.gocmeniz.biz\/?cat=5"},"img":{"alt_text":"","src":"","width":0,"height":0},"classes":[]},{"id":1761,"url":"https:\/\/www.gocmeniz.biz\/?p=1761","url_meta":{"origin":2164,"position":4},"title":"GEN\u00c7LER\u0130N YEN\u0130 UMUDU BULGAR\u0130STAN","author":"Haberci","date":"02 Eyl\u00fcl 2009","format":false,"excerpt":"\u00d6\u011frenci Se\u00e7me S\u0131nav\u0131(\u00d6SS) ba\u015far\u0131s\u0131 d\u00fc\u015f\u00fck olan G\u00fcneydo\u011fu illerindeki \u00f6\u011frenciler, sadece orta \u00f6\u011fretim puan ortalamas\u0131n\u0131n dikkate al\u0131nmas\u0131 ve okul \u00fccretlerinin d\u00fc\u015f\u00fck olmas\u0131 nedeniyle Bulgaristan`daki \u00fcniversitelere gidiyor. Al\u0131nan bilgiye g\u00f6re, 1 Ocak 2007`de Avrupa Birli\u011fi(AB) \u00fcyesi olan Bulgaristan`da verilen diplomalar\u0131n T\u00fcrkiye ve AB \u00fclkelerinde tan\u0131nmas\u0131 nedeniyle, \u00f6\u011frencilerin bu \u00fclkeye ilgisi giderek art\u0131yor.\u2026","rel":"","context":"&quot;Haberler&quot; i\u00e7inde","block_context":{"text":"Haberler","link":"https:\/\/www.gocmeniz.biz\/?cat=5"},"img":{"alt_text":"","src":"","width":0,"height":0},"classes":[]},{"id":239,"url":"https:\/\/www.gocmeniz.biz\/?p=239","url_meta":{"origin":2164,"position":5},"title":"Bulgaristan vatanda\u015flar\u0131n\u0131n y\u00fczde 68&#8217;i \u00fclkenin AB \u00fcyeli\u011finden kazand\u0131\u011f\u0131 g\u00f6r\u00fc\u015f\u00fcnde","author":"Admin","date":"10 Aral\u0131k 2007","format":false,"excerpt":"Assa-M sosyoloji ajans\u0131n\u0131n \u00fclkenin AB'ye girmesinden bir y\u0131l sonra yapt\u0131\u011f\u0131 kamuoyu ara\u015ft\u0131rma sonu\u00e7lar\u0131na g\u00f6re Bulgaristan vatanda\u015flar\u0131n\u0131n y\u00fczde 68'i \u00fclkenin AB \u00fcyeli\u011finden kazand\u0131\u011f\u0131 g\u00f6r\u00fc\u015f\u00fcnde. Ankete kat\u0131lanlar\u0131n y\u00fczde 7'si \u00fcyelik \u00fclkenin zarar\u0131na diyor, y\u00fczde 25'i zarar g\u00f6rd\u00fc\u011f\u00fc g\u00f6r\u00fc\u015f\u00fcne daha yak\u0131n bir cevap veriyor. Vatanda\u015flar\u0131m\u0131z\u0131n y\u00fczde 52'si Bulgaristan'\u0131n gelece\u011fine dair iyimser, y\u00fczde 47'si\u2026","rel":"","context":"&quot;Haberler&quot; i\u00e7inde","block_context":{"text":"Haberler","link":"https:\/\/www.gocmeniz.biz\/?cat=5"},"img":{"alt_text":"","src":"","width":0,"height":0},"classes":[]}],"jetpack_sharing_enabled":true,"jetpack_likes_enabled":true,"_links":{"self":[{"href":"https:\/\/www.gocmeniz.biz\/index.php?rest_route=\/wp\/v2\/posts\/2164","targetHints":{"allow":["GET"]}}],"collection":[{"href":"https:\/\/www.gocmeniz.biz\/index.php?rest_route=\/wp\/v2\/posts"}],"about":[{"href":"https:\/\/www.gocmeniz.biz\/index.php?rest_route=\/wp\/v2\/types\/post"}],"author":[{"embeddable":true,"href":"https:\/\/www.gocmeniz.biz\/index.php?rest_route=\/wp\/v2\/users\/331"}],"replies":[{"embeddable":true,"href":"https:\/\/www.gocmeniz.biz\/index.php?rest_route=%2Fwp%2Fv2%2Fcomments&post=2164"}],"version-history":[{"count":1,"href":"https:\/\/www.gocmeniz.biz\/index.php?rest_route=\/wp\/v2\/posts\/2164\/revisions"}],"predecessor-version":[{"id":8908,"href":"https:\/\/www.gocmeniz.biz\/index.php?rest_route=\/wp\/v2\/posts\/2164\/revisions\/8908"}],"wp:attachment":[{"href":"https:\/\/www.gocmeniz.biz\/index.php?rest_route=%2Fwp%2Fv2%2Fmedia&parent=2164"}],"wp:term":[{"taxonomy":"category","embeddable":true,"href":"https:\/\/www.gocmeniz.biz\/index.php?rest_route=%2Fwp%2Fv2%2Fcategories&post=2164"},{"taxonomy":"post_tag","embeddable":true,"href":"https:\/\/www.gocmeniz.biz\/index.php?rest_route=%2Fwp%2Fv2%2Ftags&post=2164"}],"curies":[{"name":"wp","href":"https:\/\/api.w.org\/{rel}","templated":true}]}}