{"id":2166,"date":"2010-07-15T09:17:20","date_gmt":"2010-07-15T06:17:20","guid":{"rendered":"http:\/\/www.gocmeniz.biz\/?p=2166"},"modified":"2026-04-03T12:25:36","modified_gmt":"2026-04-03T09:25:36","slug":"bulgaristanda-turkiye-karsiti-imza-kampanyasi","status":"publish","type":"post","link":"https:\/\/www.gocmeniz.biz\/?p=2166","title":{"rendered":"Bulgaristan&#8217;da T\u00fcrkiye kar\u015f\u0131t\u0131 imza kampanyas\u0131"},"content":{"rendered":"<p><p><strong>Bulgaristan&#8217;da a\u015f\u0131r\u0131 milliyet&ccedil;i ve \u0131rk&ccedil;\u0131 g&ouml;r&uuml;\u015fleriyle tan\u0131nan VMRO partisi, T&uuml;rkiye&#8217;nin Avrupa Birli\u011fi &uuml;yle\u011fi konusunda referandum yap\u0131lmas\u0131 i&ccedil;in 320 bin imza toplad\u0131.<\/strong><\/p>\n<p>&nbsp;<\/p>\n<p>Son genel se&ccedil;imlerde y&uuml;zde 4&#8217;l&uuml;k baraj\u0131 a\u015famayarak parlamentoda d\u0131\u015f\u0131nda kalan ve T&uuml;rkiye ile T&uuml;rk d&uuml;\u015fmanl\u0131\u011f\u0131 &uuml;zerine politika izleyerek taraftar toplamaya &ccedil;al\u0131\u015fan VMRO&#8217;nun lideri Krasimir Karaka&ccedil;anov, d&uuml;zenledi\u011fi bas\u0131n toplant\u0131s\u0131nda, &#8220;T&uuml;rkiye&#8217;nin Avrupa yolunu kesmeye kararl\u0131y\u0131z&#8221; dedi.<\/p>\n<p>Bulgaristan yasalar\u0131na g&ouml;re referandum talebinin parlamentoda g&ouml;r&uuml;\u015f&uuml;lmesi i&ccedil;in 300 bin imzan\u0131n yeterli oldu\u011funu belirten Karaka&ccedil;anov, parlamentodan referandum karar\u0131 &ccedil;\u0131kmas\u0131 gerekti\u011fini bildirdi.<\/p>\n<p>&#8220;T&uuml;rkiye&#8217;nin Avrupal\u0131 olmad\u0131\u011f\u0131n\u0131&#8221; ileri s&uuml;ren Karka&ccedil;anov, &#8220;M&uuml;sl&uuml;man bir &uuml;lkenin AB&#8217;ye girmesi, AB&#8217;nin gelece\u011fi a&ccedil;\u0131s\u0131ndan &ouml;nemlidir. Bu konudaki karar kapal\u0131 kap\u0131lar ard\u0131nda de\u011fil, halk taraf\u0131ndan al\u0131nmal\u0131d\u0131r&#8221; ifadesini kulland\u0131.<\/p>\n<p>Karaka&ccedil;anov&#8217;un parlamento binas\u0131n\u0131n yan\u0131ndaki parkta d&uuml;zenledi\u011fi bas\u0131n toplant\u0131s\u0131na destek veren birka&ccedil; gen&ccedil; partilinin, &#8220;70 milyonluk T&uuml;rkiye&#8217;nin kar\u015f\u0131s\u0131nda 7 milyonluk Bulgaristan kaybolur&#8221; yaz\u0131l\u0131 pankart a&ccedil;mas\u0131 dikkat &ccedil;ekti.<\/p><\/p>\n","protected":false},"excerpt":{"rendered":"<p>Bulgaristan&#8217;da a\u015f\u0131r\u0131 milliyet&ccedil;i ve \u0131rk&ccedil;\u0131 g&ouml;r&uuml;\u015fleriyle tan\u0131nan VMRO partisi, T&uuml;rkiye&#8217;nin Avrupa Birli\u011fi &uuml;yle\u011fi konusunda referandum yap\u0131lmas\u0131 i&ccedil;in 320 bin imza toplad\u0131. &nbsp; Son genel se&ccedil;imlerde y&uuml;zde 4&#8217;l&uuml;k baraj\u0131 a\u015famayarak parlamentoda d\u0131\u015f\u0131nda kalan ve T&uuml;rkiye ile T&uuml;rk d&uuml;\u015fmanl\u0131\u011f\u0131 &uuml;zerine politika izleyerek taraftar toplamaya &ccedil;al\u0131\u015fan VMRO&#8217;nun lideri Krasimir Karaka&ccedil;anov, d&uuml;zenledi\u011fi bas\u0131n toplant\u0131s\u0131nda, &#8220;T&uuml;rkiye&#8217;nin Avrupa yolunu kesmeye kararl\u0131y\u0131z&#8221; [&hellip;]<\/p>\n","protected":false},"author":331,"featured_media":0,"comment_status":"open","ping_status":"open","sticky":false,"template":"","format":"standard","meta":{"advanced_seo_description":"","jetpack_seo_html_title":"","jetpack_seo_noindex":false,"ngg_post_thumbnail":0,"jetpack_post_was_ever_published":false,"_jetpack_newsletter_access":"","_jetpack_dont_email_post_to_subs":false,"_jetpack_newsletter_tier_id":0,"_jetpack_memberships_contains_paywalled_content":false,"_jetpack_memberships_contains_paid_content":false,"footnotes":""},"categories":[5],"tags":[],"class_list":["post-2166","post","type-post","status-publish","format-standard","hentry","category-haberler"],"jetpack_featured_media_url":"","jetpack_shortlink":"https:\/\/wp.me\/paHHlZ-yW","jetpack-related-posts":[{"id":2067,"url":"https:\/\/www.gocmeniz.biz\/?p=2067","url_meta":{"origin":2166,"position":0},"title":"Bulgaristan&#8217;da T\u00fcrkiye kar\u015f\u0131t\u0131 kampanya","author":"Haberci","date":"04 \u015eubat 2010","format":false,"excerpt":"Bulgaristan'da milliyet\u00e7i politikas\u0131yla tan\u0131nan VMRO adl\u0131 parti, T\u00fcrkiye;nin Avrupa Birli\u011fi (AB) \u00fcyeli\u011fi konusunda referandum yap\u0131lmas\u0131 i\u00e7in imza kampanyas\u0131 ba\u015flataca\u011f\u0131n\u0131 a\u00e7\u0131klad\u0131.VMRO Genel Ba\u015fkan Yard\u0131mc\u0131s\u0131 Kostadin Kostadinov, nisan ba\u015f\u0131nda ba\u015flayacak ve \u00fc\u00e7 ay s\u00fcrecek kampanya kapsam\u0131nda, partinin parlamentodan referandum talebinde bulunabilmek i\u00e7in 200 bin imza toplamay\u0131 planlad\u0131\u011f\u0131n\u0131 bildirdi.Bulgaristan vatanda\u015flar\u0131n\u0131n y\u00fczde 90'\u0131n\u0131n T\u00fcrkiye'nin\u2026","rel":"","context":"&quot;Haberler&quot; i\u00e7inde","block_context":{"text":"Haberler","link":"https:\/\/www.gocmeniz.biz\/?cat=5"},"img":{"alt_text":"","src":"","width":0,"height":0},"classes":[]},{"id":1981,"url":"https:\/\/www.gocmeniz.biz\/?p=1981","url_meta":{"origin":2166,"position":1},"title":"\u2018T\u00fcrk\u00e7e haberlerde tuza\u011fa d\u00fc\u015f\u00fcr\u00fcld\u00fcm\u2019","author":"Haberci","date":"21 Aral\u0131k 2009","format":false,"excerpt":"Irk\u00e7\u0131 partinin ATAKA\u2019n\u0131n referandum \u00f6nerisine destek veren Ba\u015fbakan geri ad\u0131m att\u0131Merkez sa\u011fc\u0131 Ba\u015fbakan Borisov, \u201cReferandum az\u0131nl\u0131k haklar\u0131na ayk\u0131r\u0131 olur\u201d dedi.Bulgaristan\u2019da \u0131rk\u00e7\u0131 parti ATAKA\u2019n\u0131n \u201cDevlet televizyonundaki T\u00fcrk\u00e7e haberlerin kald\u0131r\u0131lmas\u0131 i\u00e7in referandum yap\u0131ls\u0131n\u201d \u00f6nerisine destek veren Ba\u015fbakan Borisov geri ad\u0131m att\u0131. Borisov \u201cKarar\u0131m yanl\u0131\u015ft\u0131. Tuza\u011fa d\u00fc\u015ft\u00fcm\u201d dedi.BULGAR\u0130STAN\u2019DA \u0131rk\u00e7\u0131 ve a\u015f\u0131r\u0131 milliyet\u00e7i ATAKA\u2026","rel":"","context":"&quot;Haberler&quot; i\u00e7inde","block_context":{"text":"Haberler","link":"https:\/\/www.gocmeniz.biz\/?cat=5"},"img":{"alt_text":"","src":"","width":0,"height":0},"classes":[]},{"id":754,"url":"https:\/\/www.gocmeniz.biz\/?p=754","url_meta":{"origin":2166,"position":2},"title":"Bulgaristan D\u0131\u015fi\u015fleri Bakan\u0131 Kalfin:T\u00fcrkiye bir Avrupa \u00fclkesidir","author":"Haberci","date":"02 Ocak 2009","format":false,"excerpt":"Bulgaristan D\u0131\u015fi\u015fleri Bakan\u0131 Ivalio Kalfin,\u2019\u2019Bizim i\u00e7in T\u00fcrkiye bir Avrupa \u00fclkesi\u2019\u2019 dedi.Avusturya\u2019da yay\u0131mlanan Kurier gazetesine bir m\u00fclakat veren Kalfin,T\u00fcrkiye\u2019nin M\u00fcsl\u00fcman olmas\u0131 AB \u00fcyeli\u011fi i\u00e7in bir engel olu\u015fturmad\u0131\u011f\u0131n\u0131 da s\u00f6yledi.Gazetenin haberi \u015f\u00f6yle:\"Bat\u0131 Balkan \u00fclkelerinin AB'ye yak\u0131nla\u015fma s\u00fcreci devam ediyor. T\u00fcrkiye'nin kat\u0131l\u0131m\u0131 ise T\u00fcrkiye \u015fu s\u0131ralar m\u00fczakerelerde H\u0131rvatistan'dan daha \u00e7abuk ilerleme kaydediyor olsa\u2026","rel":"","context":"&quot;Haberler&quot; i\u00e7inde","block_context":{"text":"Haberler","link":"https:\/\/www.gocmeniz.biz\/?cat=5"},"img":{"alt_text":"","src":"","width":0,"height":0},"classes":[]},{"id":1261,"url":"https:\/\/www.gocmeniz.biz\/?p=1261","url_meta":{"origin":2166,"position":3},"title":"Bulgaristan&#8217;da AP Se\u00e7imleri","author":"Haberci","date":"26 May\u0131s 2009","format":false,"excerpt":"Hak ve \u00d6zg\u00fcrl\u00fckler Partisi vekili ve Bulgar Parlamento Ba\u015fkan Yard\u0131mc\u0131s\u0131 \u00dcnal L\u00fctf\u00fc: \"17 sandalyeden 4'\u00fcn\u00fc kazanmay\u0131 hedefliyoruz.\"Bulgaristan'da Avrupa Parlamentosu adaylar\u0131n\u0131n se\u00e7im \u00e7al\u0131\u015fmalar\u0131 devam ediyor.\u00a0Hak ve \u00d6zg\u00fcrl\u00fckler Partisi milletvekili ve Bulgaristan Parlamentosu Ba\u015fkan Yard\u0131mc\u0131s\u0131 \u00dcnal L\u00fctf\u00fc partinin Avrupa Parlamentosu se\u00e7imlerinde 17 sandalyeden 4'\u00fcn\u00fc kazanmay\u0131 hedefledi\u011fini s\u00f6yledi.\u00a0Avrupa Parlamentosu Bulgaristan Grup Ba\u015fkan\u0131 da\u2026","rel":"","context":"&quot;Haberler&quot; i\u00e7inde","block_context":{"text":"Haberler","link":"https:\/\/www.gocmeniz.biz\/?cat=5"},"img":{"alt_text":"","src":"https:\/\/i0.wp.com\/www.habervakti.com\/img\/KCHdV9If.jpg?resize=350%2C200","width":350,"height":200},"classes":[]},{"id":353,"url":"https:\/\/www.gocmeniz.biz\/?p=353","url_meta":{"origin":2166,"position":4},"title":"Gr\u0131n\u00e7arova: Bulgaristan&#8217;\u0131n T\u00fcrkiye gibi g\u00fc\u00e7l\u00fc AB \u00fcyesi bir \u00fclkeye ihtiyac\u0131 var","author":"Haberci","date":"28 Nisan 2008","format":false,"excerpt":"Avrupa \u0130\u015flerinden Sorumlu Devlet Bakan\u0131 Gergana Gr\u0131n\u00e7arova, Sofya'n\u0131n T\u00fcrkiye gibi g\u00fc\u00e7l\u00fc bir Avrupa Birli\u011fi (AB) \u00fcyesi \u00fclkeye ihtiyac\u0131 oldu\u011funu s\u00f6yledi. Bakan Gr\u0131n\u00e7arova, \"T\u00fcrkiye'nin Avrupa Birli\u011fi'ne Dahil Edilme(me)si Senaryolar\u0131: Perspektif ve Neticeler\" konulu konferansta yapt\u0131\u011f\u0131 konu\u015fmada, Bulgaristan'\u0131n T\u00fcrkiye gibi g\u00fc\u00e7l\u00fc bir AB \u00fcyesi \u00fclkeye b\u00fcy\u00fck ihtiyac\u0131 oldu\u011funu savundu. T\u00fcrkiye'nin tam \u00fcyeli\u011finin\u2026","rel":"","context":"&quot;Haberler&quot; i\u00e7inde","block_context":{"text":"Haberler","link":"https:\/\/www.gocmeniz.biz\/?cat=5"},"img":{"alt_text":"","src":"","width":0,"height":0},"classes":[]},{"id":179,"url":"https:\/\/www.gocmeniz.biz\/?p=179","url_meta":{"origin":2166,"position":5},"title":"Babacan, Bulgaristan&#8217;da Balkan \u00dclkeleri D\u0131\u015fi\u015fleri Bakanlar\u0131 Toplant\u0131s\u0131na Kat\u0131ld\u0131","author":"Admin","date":"15 Eyl\u00fcl 2007","format":false,"excerpt":"D\u00f6nem Ba\u015fkanl\u0131\u011f\u0131 Bulgaristan taraf\u0131ndan y\u00fcr\u00fct\u00fclen G\u00fcneydo\u011fu Avrupa \u00dclkeleri \u0130\u015fbirli\u011fi S\u00fcreci'nin (GDA\u00dc) Gayriresmi D\u0131\u015fi\u015fleri Bakanlar\u0131 Toplant\u0131s\u0131 Bulgaristan'da yap\u0131ld\u0131. Bulgaristan'\u0131n ba\u015fkenti Sofya'dan hareket eden, Bulgar \u00c7ar\u0131 3. Boris'e ait \"Korona Ekspresi\" adl\u0131 trende ba\u015flayan toplant\u0131 Filipe'de (Plovdiv) sona erdi. T\u00fcrkiye, D\u0131\u015fi\u015fleri Bakan\u0131 ve Ba\u015fm\u00fczakereci Ali Babacan'\u0131n ba\u015fkanl\u0131k etti\u011fi bir heyet taraf\u0131ndan temsil\u2026","rel":"","context":"&quot;Haberler&quot; i\u00e7inde","block_context":{"text":"Haberler","link":"https:\/\/www.gocmeniz.biz\/?cat=5"},"img":{"alt_text":"","src":"https:\/\/i0.wp.com\/resimler.haberler.com\/haber\/732\/babacan-bulgaristan-da-balkan-ulkeleri-disisleri_o.jpg?resize=350%2C200","width":350,"height":200},"classes":[]}],"jetpack_sharing_enabled":true,"jetpack_likes_enabled":true,"_links":{"self":[{"href":"https:\/\/www.gocmeniz.biz\/index.php?rest_route=\/wp\/v2\/posts\/2166","targetHints":{"allow":["GET"]}}],"collection":[{"href":"https:\/\/www.gocmeniz.biz\/index.php?rest_route=\/wp\/v2\/posts"}],"about":[{"href":"https:\/\/www.gocmeniz.biz\/index.php?rest_route=\/wp\/v2\/types\/post"}],"author":[{"embeddable":true,"href":"https:\/\/www.gocmeniz.biz\/index.php?rest_route=\/wp\/v2\/users\/331"}],"replies":[{"embeddable":true,"href":"https:\/\/www.gocmeniz.biz\/index.php?rest_route=%2Fwp%2Fv2%2Fcomments&post=2166"}],"version-history":[{"count":1,"href":"https:\/\/www.gocmeniz.biz\/index.php?rest_route=\/wp\/v2\/posts\/2166\/revisions"}],"predecessor-version":[{"id":8907,"href":"https:\/\/www.gocmeniz.biz\/index.php?rest_route=\/wp\/v2\/posts\/2166\/revisions\/8907"}],"wp:attachment":[{"href":"https:\/\/www.gocmeniz.biz\/index.php?rest_route=%2Fwp%2Fv2%2Fmedia&parent=2166"}],"wp:term":[{"taxonomy":"category","embeddable":true,"href":"https:\/\/www.gocmeniz.biz\/index.php?rest_route=%2Fwp%2Fv2%2Fcategories&post=2166"},{"taxonomy":"post_tag","embeddable":true,"href":"https:\/\/www.gocmeniz.biz\/index.php?rest_route=%2Fwp%2Fv2%2Ftags&post=2166"}],"curies":[{"name":"wp","href":"https:\/\/api.w.org\/{rel}","templated":true}]}}