{"id":2173,"date":"2010-07-22T08:22:02","date_gmt":"2010-07-22T05:22:02","guid":{"rendered":"http:\/\/www.gocmeniz.biz\/?p=2173"},"modified":"2026-04-03T12:25:36","modified_gmt":"2026-04-03T09:25:36","slug":"turkiye3-bulgaristan0","status":"publish","type":"post","link":"https:\/\/www.gocmeniz.biz\/?p=2173","title":{"rendered":"T\u00fcrkiye:3 Bulgaristan:0"},"content":{"rendered":"<p>&nbsp;<\/p>\n<p><strong>Voleybolda, Y\u0131ld\u0131z K\u0131zlar Balkan \u015eampiyonas\u0131&#8217;n\u0131n ilk g&uuml;n&uuml;nde T&uuml;rkiye, Bulgaristan&#8217;\u0131 3-0 yendi.<\/strong><\/p>\n<p>Y\u0131ld\u0131z Milli Tak\u0131m\u0131 ma&ccedil;\u0131n setlerini, 25-11, 25-21 ve 25-21 kazand\u0131. Karada\u011f&#8217;daki \u015fampiyonan\u0131n ikinci g&uuml;n&uuml;nde T&uuml;rkiye, yar\u0131n TS\u0130 21.00&#8217;de Yunanistan ile kar\u015f\u0131la\u015facak.<\/p>\n<p>&nbsp;<\/p>\n","protected":false},"excerpt":{"rendered":"<p>&nbsp; Voleybolda, Y\u0131ld\u0131z K\u0131zlar Balkan \u015eampiyonas\u0131&#8217;n\u0131n ilk g&uuml;n&uuml;nde T&uuml;rkiye, Bulgaristan&#8217;\u0131 3-0 yendi. Y\u0131ld\u0131z Milli Tak\u0131m\u0131 ma&ccedil;\u0131n setlerini, 25-11, 25-21 ve 25-21 kazand\u0131. Karada\u011f&#8217;daki \u015fampiyonan\u0131n ikinci g&uuml;n&uuml;nde T&uuml;rkiye, yar\u0131n TS\u0130 21.00&#8217;de Yunanistan ile kar\u015f\u0131la\u015facak. &nbsp;<\/p>\n","protected":false},"author":331,"featured_media":0,"comment_status":"open","ping_status":"open","sticky":false,"template":"","format":"standard","meta":{"advanced_seo_description":"","jetpack_seo_html_title":"","jetpack_seo_noindex":false,"ngg_post_thumbnail":0,"jetpack_post_was_ever_published":false,"_jetpack_newsletter_access":"","_jetpack_dont_email_post_to_subs":false,"_jetpack_newsletter_tier_id":0,"_jetpack_memberships_contains_paywalled_content":false,"_jetpack_memberships_contains_paid_content":false,"footnotes":""},"categories":[5],"tags":[],"class_list":["post-2173","post","type-post","status-publish","format-standard","hentry","category-haberler"],"jetpack_featured_media_url":"","jetpack_shortlink":"https:\/\/wp.me\/paHHlZ-z3","jetpack-related-posts":[{"id":1686,"url":"https:\/\/www.gocmeniz.biz\/?p=1686","url_meta":{"origin":2173,"position":0},"title":"A\u011fustos ay\u0131 depremlerle ba\u015flad\u0131","author":"Haberci","date":"11 A\u011fustos 2009","format":false,"excerpt":"\u00c7anakkale`nin Biga il\u00e7esinde ya\u015fanan son deprem ile A\u011fustos`un ilk 8 g\u00fcn\u00fcnde T\u00fcrkiye genelinde kaydedilen k\u00fc\u00e7\u00fck ve orta \u015fiddetteki deprem say\u0131s\u0131 109 olarak belirlendi.Kandilli Rasathanesi`nin verilerine g\u00f6re, A\u011fustos`un ilk 8 g\u00fcn\u00fcnde T\u00fcrkiye genelinde tam 109 deprem kaydedildi. Bu depremlerden en b\u00fcy\u00fc\u011f\u00fc 5 A\u011fustos tarihinde saat 10.49`da Karadeniz`de Bulgaristan a\u00e7\u0131klar\u0131nda kaydedildi.5.1 b\u00fcy\u00fckl\u00fc\u011f\u00fcndeki\u2026","rel":"","context":"&quot;Haberler&quot; i\u00e7inde","block_context":{"text":"Haberler","link":"https:\/\/www.gocmeniz.biz\/?cat=5"},"img":{"alt_text":"","src":"","width":0,"height":0},"classes":[]},{"id":2121,"url":"https:\/\/www.gocmeniz.biz\/?p=2121","url_meta":{"origin":2173,"position":1},"title":"24 liran\u0131n alt\u0131nda k\u0131yma almay\u0131n","author":"Haberci","date":"27 Nisan 2010","format":false,"excerpt":"T\u00fcrkiye Kasaplar Federasyonu Ba\u015fkan Yard\u0131mc\u0131s\u0131 Muhsin Y\u0131ld\u0131z, en ucuz k\u0131yman\u0131n kilogram fiyat\u0131n\u0131n 24 liraya \u00e7\u0131kt\u0131\u011f\u0131na i\u015faret ederek, \u201cBu fiyat\u0131n alt\u0131nda sat\u0131lan k\u0131ymada kesinlikle hile vard\u0131r. 24 liran\u0131n alt\u0131nda sat\u0131lanlarda ya\u011f oran\u0131n\u0131 y\u00fcksek tutuyorlar. Vatanda\u015flar\u0131n haz\u0131r k\u0131yma almalar\u0131n\u0131 kesinlikle \u00f6nermiyoruz. Ald\u0131klar\u0131 eti kasaplarda \u00e7ektirsinler\u201d dedi.K\u0131rm\u0131z\u0131 ette t\u00fcketimin azalmas\u0131 nedeniyle fiyatlar\u0131n daha\u2026","rel":"","context":"&quot;Haberler&quot; i\u00e7inde","block_context":{"text":"Haberler","link":"https:\/\/www.gocmeniz.biz\/?cat=5"},"img":{"alt_text":"","src":"","width":0,"height":0},"classes":[]},{"id":8489,"url":"https:\/\/www.gocmeniz.biz\/?p=8489","url_meta":{"origin":2173,"position":2},"title":"\u0130leti\u015fim Ba\u015fkan\u0131 Duran, Bulgaristan K\u00fclt\u00fcr Bakan\u0131 Todorov ile g\u00f6r\u00fc\u015ft\u00fc","author":"Admin","date":"28 Mart 2026","format":false,"excerpt":"Cumhurba\u015fkanl\u0131\u011f\u0131 \u0130leti\u015fim Ba\u015fkan\u0131 Burhanettin Duran, Uluslararas\u0131 Stratejik \u0130leti\u015fim Zirvesi'nin (STRATCOM) ikinci g\u00fcn\u00fcnde Bulgaristan K\u00fclt\u00fcr Bakan\u0131 Nayden Vladislavov Todorov ile bir araya geldi. Duran, NSosyal hesab\u0131ndan yapt\u0131\u011f\u0131 payla\u015f\u0131mda, \u015fu ifadeleri kulland\u0131: \"Uluslararas\u0131 Stratejik \u0130leti\u015fim Zirvesi'nin ikinci g\u00fcn\u00fcnde ger\u00e7ekle\u015ftirdi\u011fimiz temaslar \u00e7er\u00e7evesinde, Bulgaristan K\u00fclt\u00fcr Bakan\u0131 Say\u0131n Nayden Vladislavov Todorov ile bir g\u00f6r\u00fc\u015fme ger\u00e7ekle\u015ftirdik.\u2026","rel":"","context":"&quot;Haberler&quot; i\u00e7inde","block_context":{"text":"Haberler","link":"https:\/\/www.gocmeniz.biz\/?cat=5"},"img":{"alt_text":"","src":"https:\/\/i0.wp.com\/www.gocmeniz.biz\/wp-content\/iletisim-baskani-duran-bulgaristan-kultur-bak-19696314_amp.jpg?fit=1200%2C800&ssl=1&resize=350%2C200","width":350,"height":200,"srcset":"https:\/\/i0.wp.com\/www.gocmeniz.biz\/wp-content\/iletisim-baskani-duran-bulgaristan-kultur-bak-19696314_amp.jpg?fit=1200%2C800&ssl=1&resize=350%2C200 1x, https:\/\/i0.wp.com\/www.gocmeniz.biz\/wp-content\/iletisim-baskani-duran-bulgaristan-kultur-bak-19696314_amp.jpg?fit=1200%2C800&ssl=1&resize=525%2C300 1.5x, https:\/\/i0.wp.com\/www.gocmeniz.biz\/wp-content\/iletisim-baskani-duran-bulgaristan-kultur-bak-19696314_amp.jpg?fit=1200%2C800&ssl=1&resize=700%2C400 2x, https:\/\/i0.wp.com\/www.gocmeniz.biz\/wp-content\/iletisim-baskani-duran-bulgaristan-kultur-bak-19696314_amp.jpg?fit=1200%2C800&ssl=1&resize=1050%2C600 3x"},"classes":[]},{"id":191,"url":"https:\/\/www.gocmeniz.biz\/?p=191","url_meta":{"origin":2173,"position":3},"title":"Kap\u0131kule&#8217;de 20 Kilometrelik T\u0131r Kuyru\u011fu Olu\u015ftu","author":"Admin","date":"14 Ekim 2007","format":false,"excerpt":"Edirne'de bulunan Kap\u0131kule s\u0131n\u0131r kap\u0131s\u0131nda yakla\u015f\u0131k 20 kilometrelik TIR kuyru\u011fu olu\u015ftu. Bayram\u0131n ilk g\u00fcn\u00fcnde T\u00fcrkiye \u00fczerinden Bulgaristan'a ge\u00e7meye \u00e7al\u0131\u015fan TIR s\u00fcr\u00fcc\u00fcleri saatler s\u0131ra beklemek zorunda kal\u0131yor. Yurdun de\u011fi\u015fik b\u00f6lgelerinden ald\u0131klar\u0131 y\u00fckleri Avrupa'ya ta\u015f\u0131yan s\u00fcr\u00fcc\u00fcler g\u00fcmr\u00fckte s\u0131ran\u0131n kendilerine gelmesini bekliyor. Sabah\u0131n ilk saatlerinden itibaren gelmeye ba\u015flayan TIR'lar, Kap\u0131kule s\u0131n\u0131r kap\u0131s\u0131ndan ba\u015flamak\u2026","rel":"","context":"&quot;Haberler&quot; i\u00e7inde","block_context":{"text":"Haberler","link":"https:\/\/www.gocmeniz.biz\/?cat=5"},"img":{"alt_text":"","src":"https:\/\/i0.wp.com\/resimler.haberler.com\/haber\/597\/kapikule-de-20-kilometrelik-tir-kuyrugu-olustu_o.jpg?resize=350%2C200","width":350,"height":200},"classes":[]},{"id":55,"url":"https:\/\/www.gocmeniz.biz\/?p=55","url_meta":{"origin":2173,"position":4},"title":"Y\u0131ld\u0131z \u0130BRAH\u0130MOVA&#8217;n\u0131n e\u015fi hayat\u0131n\u0131 kaybetti.","author":"Admin","date":"22 Nisan 2007","format":false,"excerpt":"5 g\u00fcnd\u00fcr komada olan CHP'li TBMM Ba\u015fkanvekili Ali Din\u00e7er hayat\u0131n\u0131 kaybetti. \u0130bn-i Sina Hastanesi\u2019nde tedavi alt\u0131nda bulunan TBMM Ba\u015fkanvekili ve CHP Milletvekili Ali Din\u00e7er, \u00f6\u011flen saatlerinde hayat\u0131n\u0131 kaybetti. Din\u00e7er\u2019in karde\u015fi Tahir Din\u00e7er, sabah yapt\u0131\u011f\u0131 a\u00e7\u0131klamada zaman zaman kana ihtiya\u00e7 duyuldu\u011funu, karde\u015finin sa\u011fl\u0131k durumunda de\u011fi\u015fiklik olmad\u0131\u011f\u0131n\u0131 s\u00f6ylemi\u015fti. Hastane Ba\u015fhekimi Murat Akal,\u2026","rel":"","context":"&quot;Haberler&quot; i\u00e7inde","block_context":{"text":"Haberler","link":"https:\/\/www.gocmeniz.biz\/?cat=5"},"img":{"alt_text":"","src":"https:\/\/i0.wp.com\/arsiv.sabah.com.tr\/2005\/03\/28\/im\/\/6E136589DB2FE84192AB6437b.jpg?resize=350%2C200","width":350,"height":200},"classes":[]},{"id":231,"url":"https:\/\/www.gocmeniz.biz\/?p=231","url_meta":{"origin":2173,"position":5},"title":"\u00c7im Hokeyi Balkan \u015eampiyonas\u0131, Ku\u015fadas\u0131&#8217;nda Ba\u015fl\u0131yor","author":"Admin","date":"05 Aral\u0131k 2007","format":false,"excerpt":"\u00c7im Hokeyi Balkan \u015eampiyonas\u0131, 7 Aral\u0131k'ta Ku\u015fadas\u0131'nda yap\u0131lacak. 3 g\u00fcn s\u00fcrecek \u015fampiyonaya T\u00fcrkiye'nin yan\u0131 s\u0131ra Bulgaristan, Yunanistan, Romanya, S\u0131rbistan, Makedonya ve Moldova kat\u0131lacak. Ku\u015fadas\u0131'nda kampa giren \u00c7im Hokeyi Bay ve Bayan A Milli Tak\u0131mlar\u0131'n\u0131 Alman antren\u00f6r Heino Knuf \u00e7al\u0131\u015ft\u0131r\u0131yor. Milli Tak\u0131m ba\u015f\u0131ndaki ilk s\u0131nav\u0131n\u0131 Balkan \u015eampiyonas\u0131'nda verece\u011fini ifade eden Knuf,\u2026","rel":"","context":"&quot;Haberler&quot; i\u00e7inde","block_context":{"text":"Haberler","link":"https:\/\/www.gocmeniz.biz\/?cat=5"},"img":{"alt_text":"","src":"","width":0,"height":0},"classes":[]}],"jetpack_sharing_enabled":true,"jetpack_likes_enabled":true,"_links":{"self":[{"href":"https:\/\/www.gocmeniz.biz\/index.php?rest_route=\/wp\/v2\/posts\/2173","targetHints":{"allow":["GET"]}}],"collection":[{"href":"https:\/\/www.gocmeniz.biz\/index.php?rest_route=\/wp\/v2\/posts"}],"about":[{"href":"https:\/\/www.gocmeniz.biz\/index.php?rest_route=\/wp\/v2\/types\/post"}],"author":[{"embeddable":true,"href":"https:\/\/www.gocmeniz.biz\/index.php?rest_route=\/wp\/v2\/users\/331"}],"replies":[{"embeddable":true,"href":"https:\/\/www.gocmeniz.biz\/index.php?rest_route=%2Fwp%2Fv2%2Fcomments&post=2173"}],"version-history":[{"count":1,"href":"https:\/\/www.gocmeniz.biz\/index.php?rest_route=\/wp\/v2\/posts\/2173\/revisions"}],"predecessor-version":[{"id":8905,"href":"https:\/\/www.gocmeniz.biz\/index.php?rest_route=\/wp\/v2\/posts\/2173\/revisions\/8905"}],"wp:attachment":[{"href":"https:\/\/www.gocmeniz.biz\/index.php?rest_route=%2Fwp%2Fv2%2Fmedia&parent=2173"}],"wp:term":[{"taxonomy":"category","embeddable":true,"href":"https:\/\/www.gocmeniz.biz\/index.php?rest_route=%2Fwp%2Fv2%2Fcategories&post=2173"},{"taxonomy":"post_tag","embeddable":true,"href":"https:\/\/www.gocmeniz.biz\/index.php?rest_route=%2Fwp%2Fv2%2Ftags&post=2173"}],"curies":[{"name":"wp","href":"https:\/\/api.w.org\/{rel}","templated":true}]}}