{"id":2176,"date":"2010-09-28T09:32:52","date_gmt":"2010-09-28T06:32:52","guid":{"rendered":"http:\/\/www.gocmeniz.biz\/?p=2176"},"modified":"2010-09-28T09:32:52","modified_gmt":"2010-09-28T06:32:52","slug":"plovdiv-teknik-fuarinda-70-yeni-urun-tanitilacak","status":"publish","type":"post","link":"https:\/\/www.gocmeniz.biz\/?p=2176","title":{"rendered":"Plovdiv teknik fuar\u0131nda 70 yeni \u00fcr\u00fcn tan\u0131t\u0131lacak"},"content":{"rendered":"<p><strong><span style=\"font-family: Verdana; font-size: 13px;\">Plovdiv&rsquo;de 27 Eyl&uuml;l &#8211; 2 Ekim tarihleri aras\u0131nda d&uuml;zenlenecek olan Uluslararas\u0131 Plovdiv Teknik Fuar\u0131&rsquo;nda ekoloji ve enerji tasarrufu &uuml;r&uuml;nlerine &ouml;ncelik verilecek. Fuarda yakla\u015f\u0131k 70 &uuml;r&uuml;n Bulgaristan&rsquo;da ilk defa tan\u0131t\u0131lacak.<\/span><\/strong><\/p>\n<p><strong><span style=\"font-family: Verdana; font-size: small;\"><span style=\"font-size: 13px;\"><span style=\"font-family: Helvetica, Arial, sans-serif; font-size: medium;\"><span style=\"font-size: 14px;\">&nbsp;<\/span><\/span><\/span><\/span><\/strong><\/p>\n<tr>\n<td colspan=\"2\" valign=\"top\"><span><\/p>\n<p>Uluslararas\u0131 Plovdiv Teknik Fuar\u0131 bu y\u0131l yakla\u015f\u0131k 70 yeni&nbsp; &uuml;r&uuml;n&uuml; Bulgaristan&rsquo;da ilk defa tan\u0131tacak.&nbsp; 27 Eyl&uuml;l- 2 Ekim tarihleri aras\u0131nda Plovdiv&rsquo;de d&uuml;zenlenecek olan fuarda firmalar, &ccedil;evre, enerji tasarrufu, yeni in\u015faat malzemeleri ve makine sanayi gibi &uuml;r&uuml;nleri ziyaret&ccedil;iler i&ccedil;in sergileyecek. Fuar b&uuml;nyesinde bu y\u0131l yeni bir sergi b&ouml;l&uuml;m&uuml; de kap\u0131lar\u0131n\u0131 a&ccedil;acak. Madencilik sekt&ouml;r&uuml;n&uuml; tan\u0131tacak olan yeni b&ouml;l&uuml;m, kat\u0131l\u0131mc\u0131lar\u0131n dikkatini &ccedil;ekmeyi ama&ccedil;l\u0131yor. Fuar b&uuml;nyesinde yer alan otomobil sergisi ise 32 marka otomobilin kat\u0131l\u0131m\u0131 ile ger&ccedil;ekle\u015ftirilecek.&thinsp;<!--more--><\/p>\n<p>Uluslararas\u0131 Plovdiv Teknik Fuar\u0131 bu y\u0131l ekoloji ve enerji tasarrufu &uuml;r&uuml;nlerine &ouml;ncelik verecek.&nbsp; Fuar program\u0131 dahilinde d&uuml;nyada tan\u0131t\u0131lan 17 &uuml;r&uuml;n ilk defa Bulgaristan&rsquo;da tan\u0131t\u0131lacak. Bu &uuml;r&uuml;nler aras\u0131nda kimyasal madde kullan\u0131lmadan hava ve suyu ar\u0131nd\u0131ran &uuml;r&uuml;nler de yer al\u0131yor. Sergilenecek &uuml;r&uuml;nler aras\u0131nda&nbsp; Las Vegas fuar\u0131nda &lsquo;En yenilik&ccedil;i teknoloji&rsquo; &uuml;r&uuml;n&uuml; &uuml;nvan\u0131n\u0131 alan sistem de yer alacak. Bu sistem sayesinde grafik g&ouml;r&uuml;nt&uuml;ler foto\u011fraflanarak beton y&uuml;zeylerin &uuml;zerine bas\u0131labiliyor. \u0130n\u015faat sekt&ouml;r&uuml;ndeki uzmanlara g&ouml;re bu yenilik mimarlara farkl\u0131 ufuklar a&ccedil;abilecek.<\/p>\n<p>Enerji tasarrufu kategorisindeki &uuml;r&uuml;nler listesinde bu y\u0131l tam 40 &uuml;r&uuml;n yer al\u0131yor. Liste ba\u015f\u0131nda, LED teknolojisi &uuml;zerine &uuml;retilen lambalar geliyor. LED serisindeki &uuml;r&uuml;nler sayesinde konutlar, cadde ve otoparklar &ccedil;ok az elektrik kullanan lambalar sayesinde enerji tasarrufuna gidebilecek. Tan\u0131t\u0131lacak &uuml;r&uuml;nler aras\u0131nda konutlar\u0131n ve b&uuml;y&uuml;k end&uuml;striyel b&ouml;lgelerin \u0131s\u0131t\u0131lmas\u0131nda kullan\u0131lacak ekonomik lokal kalorifer sistemleri de yer al\u0131yor.<\/p>\n<p>Firmalar hayat\u0131m\u0131z\u0131n her alan\u0131na giren GSM&rsquo;ler i&ccedil;in de yeni &uuml;r&uuml;nler tan\u0131tacak. Yakla\u015f\u0131k %30 elektrik tasarrufu yapabilen ve 7 farkl\u0131 markaya uygun olan GSM \u015farj makinesinin b&uuml;y&uuml;k ilgi g&ouml;rmesi bekleniyor. Bulgaristan pazar\u0131 i&ccedil;in yeni say\u0131lan bu &uuml;r&uuml;n&uuml;n yan\u0131 s\u0131ra&nbsp; yer alt\u0131 &ccedil;&ouml;p toplama sistemleri de bu y\u0131l tan\u0131t\u0131lacak &uuml;r&uuml;nler aras\u0131nda yer al\u0131yor.<\/p>\n<p><strong>Otomobil sekt&ouml;r&uuml; yeniden canlan\u0131yor<\/strong><\/p>\n<p>Uluslararas\u0131 Plovdiv Teknik Fuar\u0131&rsquo;nda otomobil fuar\u0131 da d&uuml;zenlenecek. Otomobil d&uuml;nyas\u0131 fuar\u0131nda 30 firma yakla\u015f\u0131k 40 farkl\u0131 modeli tan\u0131tacak. New York otomobil fuar\u0131nda tan\u0131t\u0131m\u0131 yap\u0131lan Mercedec S Class Plovdiv fuar\u0131nda da g&ouml;r&uuml;lebilecek. Ayr\u0131ca yakla\u015f\u0131k 32 otobomil markas\u0131 yeni otomobil serilerini ilk defa Plovdiv&rsquo;de sergileme imkan\u0131 bulacak. Bunlar aras\u0131nda Opel Meriva, Nissan Juke ve Renault&rsquo;un yeni modelleri yer al\u0131yor.<\/p>\n<p><\/span><\/td>\n<\/tr>\n<tr>\n<td colspan=\"2\" align=\"right\"><a style=\"text-decoration: none; color: black;\" href=\"http:\/\/bg.zaman.com.tr\/bg-tr\/newsDetail_getNewsById.action?newsId=4474\"><\/a><\/td>\n<\/tr>\n<tr>\n<td colspan=\"2\">\n<table width=\"100%\">\n<tbody>\n<tr>\n<td align=\"right\">\n<p class=\"ekprop-p\" style=\"color: #58585b; font-family: Arial; font-size: 12px;\">27.09.2010<\/p>\n<\/td>\n<\/tr>\n<\/tbody>\n<\/table>\n<\/td>\n<\/tr>\n<tr>\n<td colspan=\"2\" align=\"right\"><span>Taner Mehmet&nbsp;<\/span><span>Plovdiv<\/span><\/td>\n<\/tr>\n<p>&nbsp;<\/p>\n","protected":false},"excerpt":{"rendered":"<p>Plovdiv&rsquo;de 27 Eyl&uuml;l &#8211; 2 Ekim tarihleri aras\u0131nda d&uuml;zenlenecek olan Uluslararas\u0131 Plovdiv Teknik Fuar\u0131&rsquo;nda ekoloji ve enerji tasarrufu &uuml;r&uuml;nlerine &ouml;ncelik verilecek. Fuarda yakla\u015f\u0131k 70 &uuml;r&uuml;n Bulgaristan&rsquo;da ilk defa tan\u0131t\u0131lacak. &nbsp; Uluslararas\u0131 Plovdiv Teknik Fuar\u0131 bu y\u0131l yakla\u015f\u0131k 70 yeni&nbsp; &uuml;r&uuml;n&uuml; Bulgaristan&rsquo;da ilk defa tan\u0131tacak.&nbsp; 27 Eyl&uuml;l- 2 Ekim tarihleri aras\u0131nda Plovdiv&rsquo;de d&uuml;zenlenecek olan fuarda firmalar, [&hellip;]<\/p>\n","protected":false},"author":331,"featured_media":0,"comment_status":"open","ping_status":"open","sticky":false,"template":"","format":"standard","meta":{"advanced_seo_description":"","jetpack_seo_html_title":"","jetpack_seo_noindex":false,"ngg_post_thumbnail":0,"jetpack_post_was_ever_published":false,"_jetpack_newsletter_access":"","_jetpack_dont_email_post_to_subs":false,"_jetpack_newsletter_tier_id":0,"_jetpack_memberships_contains_paywalled_content":false,"_jetpack_memberships_contains_paid_content":false,"footnotes":""},"categories":[5],"tags":[],"class_list":["post-2176","post","type-post","status-publish","format-standard","hentry","category-haberler"],"jetpack_featured_media_url":"","jetpack_shortlink":"https:\/\/wp.me\/paHHlZ-z6","jetpack-related-posts":[{"id":388,"url":"https:\/\/www.gocmeniz.biz\/?p=388","url_meta":{"origin":2176,"position":0},"title":"Plovdiv fuar\u0131nda yeni imkanlar sunuluyor","author":"Haberci","date":"17 May\u0131s 2008","format":false,"excerpt":"Bu y\u0131l 28.\u2019si d\u00fczenlenen Plovdiv \u0130lkbahar Fuar\u0131, 12 \u2013 17 May\u0131s tarihleri aras\u0131nda Plovdiv\u2019de ger\u00e7ekle\u015ftiriliyor. Toplam bin firman\u0131n i\u015ftirak edece\u011fi fuara T\u00fcrkiye, Polonya ve Endonezya milli kat\u0131l\u0131m ger\u00e7ekle\u015ftiriyor. Fuara 36 \u00fclkeden toplam bin firma kat\u0131l\u0131rken, bunlar\u0131n 655\u2019i yerli, di\u011fer 345 firma ise yabanc\u0131 kaynakl\u0131. Bu y\u0131l T\u00fcrkiye yine en \u00e7ok\u2026","rel":"","context":"Benzer yaz\u0131","block_context":{"text":"Benzer yaz\u0131","link":""},"img":{"alt_text":"","src":"","width":0,"height":0},"classes":[]},{"id":2285,"url":"https:\/\/www.gocmeniz.biz\/?p=2285","url_meta":{"origin":2176,"position":1},"title":"Bulgaristan sokaklar\u0131nda Volk\u0131car f\u0131rt\u0131nas\u0131","author":"Haberci","date":"24 Haziran 2014","format":false,"excerpt":"V1 Challenge, Bulgaristan\u2019\u0131n Plovdiv \u015fehrinde ba\u015flad\u0131 Volkicar\u2019\u0131n ba\u015frolde oldu\u011fu V1 Challenge Bulgaristan ge\u00e7ti\u011fimiz hafta sonu Bulagaristan\u2019\u0131n Plovdiv \u015fehride ba\u015flad\u0131. T\u00fcrk mal\u0131 otomobil ve T\u00fcrk mal\u0131 konsept ile uluslararas\u0131 olma hayaliyle ilerleyen V1 Challenge, Plovdiv\u2019de trafi\u011fe kapal\u0131 caddelerde ilk yar\u0131\u015f\u0131n\u0131 yaparak b\u00fcy\u00fck ilgi ve be\u011feni toplad\u0131. Seyircinin aya\u011f\u0131na motorsporlar\u0131 heyecan\u0131n\u0131 g\u00f6t\u00fcrmek\u2026","rel":"","context":"&quot;Haberler&quot; i\u00e7inde","block_context":{"text":"Haberler","link":"https:\/\/www.gocmeniz.biz\/?cat=5"},"img":{"alt_text":"","src":"https:\/\/i0.wp.com\/www.turkiyede.com.tr\/images\/haberler\/bulgaristan_sokaklarinda_volkicar_firtinasi_h81345.jpg?resize=350%2C200","width":350,"height":200},"classes":[]},{"id":8407,"url":"https:\/\/www.gocmeniz.biz\/?p=8407","url_meta":{"origin":2176,"position":2},"title":"Tekvandocu \u00e7iftten, 2 alt\u0131n madalya","author":"Admin","date":"15 Mart 2026","format":false,"excerpt":"\u0130ZM\u0130R'de Beden E\u011fitimi \u00d6\u011fretmeni Rabia Kim Kar\u0131\u015f\u0131k (38) ve e\u015fi Fazl\u0131 Kar\u0131\u015f\u0131k (36), Avrupa Tekvando Federasyonu'nun d\u00fczenledi\u011fi Bulgaristan A\u00e7\u0131k G2 Uluslararas\u0131 Tekvando \u015eampiyonas\u0131'nda hem bireysel hem de \u00e7iftler kategorisinde alt\u0131n madalya kazand\u0131. Rabia Kim Kar\u0131\u015f\u0131k, en b\u00fcy\u00fck hedefinin ise eyl\u00fcl ay\u0131nda d\u00fczenlenecek olan d\u00fcnya \u015fampiyonas\u0131 oldu\u011funu belirtip, \"\u0130n\u015fallah babam\u0131n memleketi\u2026","rel":"","context":"&quot;Haberler&quot; i\u00e7inde","block_context":{"text":"Haberler","link":"https:\/\/www.gocmeniz.biz\/?cat=5"},"img":{"alt_text":"","src":"https:\/\/i0.wp.com\/www.gocmeniz.biz\/wp-content\/tekvandocu-ciftten-2-altin-madalya-19659177_amp.jpg?fit=1200%2C804&ssl=1&resize=350%2C200","width":350,"height":200,"srcset":"https:\/\/i0.wp.com\/www.gocmeniz.biz\/wp-content\/tekvandocu-ciftten-2-altin-madalya-19659177_amp.jpg?fit=1200%2C804&ssl=1&resize=350%2C200 1x, https:\/\/i0.wp.com\/www.gocmeniz.biz\/wp-content\/tekvandocu-ciftten-2-altin-madalya-19659177_amp.jpg?fit=1200%2C804&ssl=1&resize=525%2C300 1.5x, https:\/\/i0.wp.com\/www.gocmeniz.biz\/wp-content\/tekvandocu-ciftten-2-altin-madalya-19659177_amp.jpg?fit=1200%2C804&ssl=1&resize=700%2C400 2x, https:\/\/i0.wp.com\/www.gocmeniz.biz\/wp-content\/tekvandocu-ciftten-2-altin-madalya-19659177_amp.jpg?fit=1200%2C804&ssl=1&resize=1050%2C600 3x"},"classes":[]},{"id":2023,"url":"https:\/\/www.gocmeniz.biz\/?p=2023","url_meta":{"origin":2176,"position":3},"title":"Uluslararas\u0131 B\u00fcy\u00fck T\u00fcrk Dili Kurultay\u0131 K\u0131rcali\u2019de d\u00fczenlenecek","author":"Haberci","date":"11 Ocak 2010","format":false,"excerpt":"Bu y\u0131l be\u015fincisi d\u00fczenlenecek Uluslararas\u0131 B\u00fcy\u00fck T\u00fcrk Dili Kurultay\u0131 26 - 28 Eyl\u00fcl 2010 tarihleri aras\u0131nda, Bilkent \u00dcniversitesi, Sofya \u00dcniversitesi, K\u0131rcaali Belediye Ba\u015fkanl\u0131\u011f\u0131 ile ortakla\u015fa, K\u0131rcaali\u2019de yap\u0131lacak. Bilimsel nitelikli, geni\u015f kat\u0131l\u0131ml\u0131 uluslar aras\u0131 bir etkinlik olan 5. Uluslararas\u0131 B\u00fcy\u00fck T\u00fcrk Dili Kurultay\u0131, T\u00fcrk\u00e7e ile ilgili konular\u0131n g\u00fcndemde tutulmas\u0131, bu konulara\u2026","rel":"","context":"&quot;Haberler&quot; i\u00e7inde","block_context":{"text":"Haberler","link":"https:\/\/www.gocmeniz.biz\/?cat=5"},"img":{"alt_text":"","src":"","width":0,"height":0},"classes":[]},{"id":1371,"url":"https:\/\/www.gocmeniz.biz\/?p=1371","url_meta":{"origin":2176,"position":4},"title":"Uluslararas\u0131 Oto Fuar\u0131 &#8216;Sofya 2009&#8217; a\u00e7\u0131ld\u0131","author":"Haberci","date":"13 Haziran 2009","format":false,"excerpt":"Uluslararas\u0131 Oto Fuar\u0131 ''Sofya 2009'', Bulgaristan'\u0131n ba\u015fkenti Sofya'n\u0131n \u0130nter Expo Center (\u0130EC) fuar merkezinde a\u00e7\u0131ld\u0131.\u00dclkedeki Oto \u00dcreticileri Birli\u011finin (AAP) organizasyonunda ki y\u0131lda bir d\u00fczenli olarak yap\u0131lan fuarda bu y\u0131l 160 ara\u00e7 sergilendi ve 27 gala yap\u0131ld\u0131.Fuar a\u00e7\u0131l\u0131\u015f\u0131 \u00f6ncesi d\u00fczenlenen bas\u0131n toplant\u0131s\u0131nda konu\u015fan AAP Ba\u015fkan\u0131 Stoyan Jelev, k\u00fcresel ekonomik krizine ve\u2026","rel":"","context":"&quot;Haberler&quot; i\u00e7inde","block_context":{"text":"Haberler","link":"https:\/\/www.gocmeniz.biz\/?cat=5"},"img":{"alt_text":"","src":"","width":0,"height":0},"classes":[]},{"id":1964,"url":"https:\/\/www.gocmeniz.biz\/?p=1964","url_meta":{"origin":2176,"position":5},"title":"Kurban Bayram\u0131\u2019nda yard\u0131mla\u015fma ve kayna\u015fma \u00f6n plana \u00e7\u0131kt\u0131","author":"Haberci","date":"30 Kas\u0131m 2009","format":false,"excerpt":"Yard\u0131mla\u015fma ve kayna\u015fmay\u0131 \u00f6ne \u00e7\u0131karan Kurban Bayram\u0131 \u00fclke genelinde \u00e7o\u015fkulu bir \u015fekilde kutland\u0131. Kesilen kurbanlar\u0131n e\u015f, dost, akraba, kom\u015fu ve yoksullara da\u011f\u0131t\u0131lmas\u0131yla yard\u0131mla\u015fma ve kayna\u015fma atmosferi sa\u011flanmaya \u00e7al\u0131\u015f\u0131ld\u0131. Dialogue Bulgaria\u2019n\u0131n \u00fclke genelinde organize etti\u011fi farkl\u0131 etkinlikler ile T\u00fcrk ve Bulgar t\u00fcm toplum bayram\u0131 birlikte kutlad\u0131 ve da\u011f\u0131t\u0131lan etlerle yoksullar ve\u2026","rel":"","context":"&quot;Haberler&quot; i\u00e7inde","block_context":{"text":"Haberler","link":"https:\/\/www.gocmeniz.biz\/?cat=5"},"img":{"alt_text":"","src":"","width":0,"height":0},"classes":[]}],"jetpack_sharing_enabled":true,"jetpack_likes_enabled":true,"_links":{"self":[{"href":"https:\/\/www.gocmeniz.biz\/index.php?rest_route=\/wp\/v2\/posts\/2176","targetHints":{"allow":["GET"]}}],"collection":[{"href":"https:\/\/www.gocmeniz.biz\/index.php?rest_route=\/wp\/v2\/posts"}],"about":[{"href":"https:\/\/www.gocmeniz.biz\/index.php?rest_route=\/wp\/v2\/types\/post"}],"author":[{"embeddable":true,"href":"https:\/\/www.gocmeniz.biz\/index.php?rest_route=\/wp\/v2\/users\/331"}],"replies":[{"embeddable":true,"href":"https:\/\/www.gocmeniz.biz\/index.php?rest_route=%2Fwp%2Fv2%2Fcomments&post=2176"}],"version-history":[{"count":0,"href":"https:\/\/www.gocmeniz.biz\/index.php?rest_route=\/wp\/v2\/posts\/2176\/revisions"}],"wp:attachment":[{"href":"https:\/\/www.gocmeniz.biz\/index.php?rest_route=%2Fwp%2Fv2%2Fmedia&parent=2176"}],"wp:term":[{"taxonomy":"category","embeddable":true,"href":"https:\/\/www.gocmeniz.biz\/index.php?rest_route=%2Fwp%2Fv2%2Fcategories&post=2176"},{"taxonomy":"post_tag","embeddable":true,"href":"https:\/\/www.gocmeniz.biz\/index.php?rest_route=%2Fwp%2Fv2%2Ftags&post=2176"}],"curies":[{"name":"wp","href":"https:\/\/api.w.org\/{rel}","templated":true}]}}