{"id":2177,"date":"2010-09-28T09:36:02","date_gmt":"2010-09-28T06:36:02","guid":{"rendered":"http:\/\/www.gocmeniz.biz\/?p=2177"},"modified":"2026-04-03T12:25:36","modified_gmt":"2026-04-03T09:25:36","slug":"bulgarlar-euroya-ilgi-duymuyor","status":"publish","type":"post","link":"https:\/\/www.gocmeniz.biz\/?p=2177","title":{"rendered":"Bulgarlar, Euro`ya ilgi duymuyor"},"content":{"rendered":"<div><strong>Bulgaristan`da halk\u0131n b&uuml;y&uuml;k &ccedil;o\u011funlu\u011funun Euro`ya ge&ccedil;i\u015fin ekonomik a&ccedil;\u0131dan k&ouml;t&uuml; sonu&ccedil;lar do\u011furaca\u011f\u0131na inand\u0131\u011f\u0131 ortaya &ccedil;\u0131kt\u0131. `Transatlantik E\u011filim 2010` adl\u0131 ara\u015ft\u0131rmaya g&ouml;re Bulgarlar\u0131n yaln\u0131zca y&uuml;zde 28`i Euro`nun &uuml;lke ekonomisine olumlu etki yapaca\u011f\u0131n\u0131 savunuyor.<\/strong><\/div>\n<div><\/div>\n<div>Euro`nun kullan\u0131ld\u0131\u011f\u0131 &uuml;lkelerdeki halk da ortak para birimine fazla destek vermiyor. Avrupal\u0131lar\u0131n y&uuml;zde 57`si Avrupa`daki ekonomik sorunlar\u0131n daha g&uuml;&ccedil;l&uuml; bir Avrupa olu\u015fturulmas\u0131 ile &ccedil;&ouml;z&uuml;me kavu\u015faca\u011f\u0131 g&ouml;r&uuml;\u015f&uuml;n&uuml; payla\u015f\u0131yor. \u0130ngilizlerin y&uuml;zde 33`&uuml; daha g&uuml;&ccedil;l&uuml; bir AB isterken \u0130talyanlar\u0131n y&uuml;zde 76`s\u0131, Portekizlilerin y&uuml;zde 70`i ve Bulgaristan vatanda\u015flar\u0131n\u0131n y&uuml;zde 66`s\u0131 AB`nin daha g&uuml;&ccedil;l&uuml; olmas\u0131na destek veriyor.<\/div>\n","protected":false},"excerpt":{"rendered":"<p>Bulgaristan`da halk\u0131n b&uuml;y&uuml;k &ccedil;o\u011funlu\u011funun Euro`ya ge&ccedil;i\u015fin ekonomik a&ccedil;\u0131dan k&ouml;t&uuml; sonu&ccedil;lar do\u011furaca\u011f\u0131na inand\u0131\u011f\u0131 ortaya &ccedil;\u0131kt\u0131. `Transatlantik E\u011filim 2010` adl\u0131 ara\u015ft\u0131rmaya g&ouml;re Bulgarlar\u0131n yaln\u0131zca y&uuml;zde 28`i Euro`nun &uuml;lke ekonomisine olumlu etki yapaca\u011f\u0131n\u0131 savunuyor. Euro`nun kullan\u0131ld\u0131\u011f\u0131 &uuml;lkelerdeki halk da ortak para birimine fazla destek vermiyor. Avrupal\u0131lar\u0131n y&uuml;zde 57`si Avrupa`daki ekonomik sorunlar\u0131n daha g&uuml;&ccedil;l&uuml; bir Avrupa olu\u015fturulmas\u0131 ile &ccedil;&ouml;z&uuml;me [&hellip;]<\/p>\n","protected":false},"author":331,"featured_media":0,"comment_status":"open","ping_status":"open","sticky":false,"template":"","format":"standard","meta":{"advanced_seo_description":"","jetpack_seo_html_title":"","jetpack_seo_noindex":false,"ngg_post_thumbnail":0,"jetpack_post_was_ever_published":false,"_jetpack_newsletter_access":"","_jetpack_dont_email_post_to_subs":false,"_jetpack_newsletter_tier_id":0,"_jetpack_memberships_contains_paywalled_content":false,"_jetpack_memberships_contains_paid_content":false,"footnotes":""},"categories":[5],"tags":[],"class_list":["post-2177","post","type-post","status-publish","format-standard","hentry","category-haberler"],"jetpack_featured_media_url":"","jetpack_shortlink":"https:\/\/wp.me\/paHHlZ-z7","jetpack-related-posts":[{"id":1459,"url":"https:\/\/www.gocmeniz.biz\/?p=1459","url_meta":{"origin":2177,"position":0},"title":"AB&#8217;nin en zengin ve fakir \u00fclkeleri","author":"Haberci","date":"26 Haziran 2009","format":false,"excerpt":"Avrupa'n\u0131n en zengini L\u00fcksemburglular, en fakir halk\u0131 ise Bulgarlar.Son ekonomik kriz \u0131\u015f\u0131\u011f\u0131nda haz\u0131rlanan rapor L\u00fcksemburg'un, AB ortalamas\u0131ndan 2,5 kat daha zengin oldu\u011funu ortaya koydu.Avrupa istatistik kurumu Eurostat taraf\u0131ndan yay\u0131nlanan rapor, GSMH ve yerel sat\u0131n al\u0131m g\u00fcc\u00fc kar\u015f\u0131la\u015ft\u0131rmas\u0131yla 27 \u00fcye \u00fclke aras\u0131ndaki gelir dengesizli\u011fini g\u00f6steriyor. Raporda, L\u00fcksemburg'ta ya\u015fayan bir ki\u015fi, AB\u2026","rel":"","context":"&quot;Haberler&quot; i\u00e7inde","block_context":{"text":"Haberler","link":"https:\/\/www.gocmeniz.biz\/?cat=5"},"img":{"alt_text":"","src":"https:\/\/i0.wp.com\/images.superonline.com\/haber\/2009\/06\/09\/31395.jpg?resize=350%2C200","width":350,"height":200},"classes":[]},{"id":1570,"url":"https:\/\/www.gocmeniz.biz\/?p=1570","url_meta":{"origin":2177,"position":1},"title":"AB`nin `E\u011fitim Verileri` raporunda `T\u00fcrkiye hari\u00e7` bollu\u011fu","author":"Haberci","date":"20 Temmuz 2009","format":false,"excerpt":"Avrupa Komisyonu`nun ge\u00e7en hafta sonu a\u00e7\u0131klad\u0131\u011f\u0131 `E\u011fitim \u00dczerine Ana Veriler 2009` raporunda T\u00fcrkiye ve Avrupa`n\u0131n e\u011fitim verileri kar\u015f\u0131la\u015ft\u0131r\u0131ld\u0131, e\u011fitimde olumlu geli\u015fmelerle ilgili bir\u00e7ok b\u00f6l\u00fcme `T\u00fcrkiye hari\u00e7` kayd\u0131 d\u00fc\u015f\u00fclmesi dikkat \u00e7ekti. Rapordan: Avrupa \u00fclkelerinde \u00f6\u011fretmen ba\u015f\u0131na 10 \u00f6\u011frenci d\u00fc\u015f\u00fcyor, T\u00fcrkiye`de ise `dikkati \u00e7ekecek kadar fazla` 25 \u00f6\u011frenci bir \u00f6\u011fretmenden yararlan\u0131yor\u2026 \u00dcniversite\u2026","rel":"","context":"&quot;Haberler&quot; i\u00e7inde","block_context":{"text":"Haberler","link":"https:\/\/www.gocmeniz.biz\/?cat=5"},"img":{"alt_text":"","src":"","width":0,"height":0},"classes":[]},{"id":920,"url":"https:\/\/www.gocmeniz.biz\/?p=920","url_meta":{"origin":2177,"position":2},"title":"BULGAR\u0130STAN&#8217;DA POL\u0130SLER, DAHA FAZLA MAA\u015e \u0130\u00c7\u0130N AYAKLANDI","author":"Haberci","date":"17 Mart 2009","format":false,"excerpt":"Bulgaristan'\u0131n ba\u015fkentinde bug\u00fcn binlerce polis memurunun kat\u0131ld\u0131\u011f\u0131 bir g\u00f6steri d\u00fczenlendi. \u00dclkedeki polis memurlar\u0131, maa\u015flar\u0131n\u0131n y\u00fczde 50 art\u0131r\u0131lmas\u0131 ve \u00e7al\u0131\u015fma ko\u015fullar\u0131n\u0131n iyile\u015ftirilmesi i\u00e7in ba\u015fkent Sofya'da bir y\u00fcr\u00fcy\u00fc\u015f d\u00fczenledi.Avrupa Birli\u011fi'ne \u00fcye \u00fclkeler aras\u0131nda en fakiri olan Bulgaristan'da daha \u00f6nce de benzer sebeplerle \u00e7ift\u00e7iler, \u00f6\u011frenciler, demir-\u00e7elik i\u015f\u00e7ileri g\u00f6steri d\u00fczenlemi\u015flerdi. G\u00f6sterilerde k\u00fcresel finans krize\u2026","rel":"","context":"&quot;Haberler&quot; i\u00e7inde","block_context":{"text":"Haberler","link":"https:\/\/www.gocmeniz.biz\/?cat=5"},"img":{"alt_text":"","src":"","width":0,"height":0},"classes":[]},{"id":1692,"url":"https:\/\/www.gocmeniz.biz\/?p=1692","url_meta":{"origin":2177,"position":3},"title":"Kriz Bulgaristan turizmini vurdu","author":"Haberci","date":"16 A\u011fustos 2009","format":false,"excerpt":"Bulgaristan`da ekonomik kriz, turizm sekt\u00f6r\u00fcn\u00fc de olumsuz etkilerken, yaz sezonunda otellerin y\u00fczde 60 kapasiteyle \u00e7al\u0131\u015ft\u0131\u011f\u0131 a\u00e7\u0131kland\u0131. Ekonomi, Enerji ve Turizm Bakan Yard\u0131mc\u0131s\u0131 \u0130vo Marinov, \u00f6zel `bTV` kanal\u0131na yapt\u0131\u011f\u0131 a\u00e7\u0131klamada, turizm sekt\u00f6r\u00fcne devlet deste\u011fi verilmesi amac\u0131yla h\u00fck\u00fcmetin, en az 6 gece \u00fclkedeki otellerde kalan yerli turistlere vergi indirimi yapmay\u0131 planlad\u0131\u011f\u0131n\u0131 a\u00e7\u0131klad\u0131.\u2026","rel":"","context":"&quot;Haberler&quot; i\u00e7inde","block_context":{"text":"Haberler","link":"https:\/\/www.gocmeniz.biz\/?cat=5"},"img":{"alt_text":"","src":"","width":0,"height":0},"classes":[]},{"id":239,"url":"https:\/\/www.gocmeniz.biz\/?p=239","url_meta":{"origin":2177,"position":4},"title":"Bulgaristan vatanda\u015flar\u0131n\u0131n y\u00fczde 68&#8217;i \u00fclkenin AB \u00fcyeli\u011finden kazand\u0131\u011f\u0131 g\u00f6r\u00fc\u015f\u00fcnde","author":"Admin","date":"10 Aral\u0131k 2007","format":false,"excerpt":"Assa-M sosyoloji ajans\u0131n\u0131n \u00fclkenin AB'ye girmesinden bir y\u0131l sonra yapt\u0131\u011f\u0131 kamuoyu ara\u015ft\u0131rma sonu\u00e7lar\u0131na g\u00f6re Bulgaristan vatanda\u015flar\u0131n\u0131n y\u00fczde 68'i \u00fclkenin AB \u00fcyeli\u011finden kazand\u0131\u011f\u0131 g\u00f6r\u00fc\u015f\u00fcnde. Ankete kat\u0131lanlar\u0131n y\u00fczde 7'si \u00fcyelik \u00fclkenin zarar\u0131na diyor, y\u00fczde 25'i zarar g\u00f6rd\u00fc\u011f\u00fc g\u00f6r\u00fc\u015f\u00fcne daha yak\u0131n bir cevap veriyor. Vatanda\u015flar\u0131m\u0131z\u0131n y\u00fczde 52'si Bulgaristan'\u0131n gelece\u011fine dair iyimser, y\u00fczde 47'si\u2026","rel":"","context":"&quot;Haberler&quot; i\u00e7inde","block_context":{"text":"Haberler","link":"https:\/\/www.gocmeniz.biz\/?cat=5"},"img":{"alt_text":"","src":"","width":0,"height":0},"classes":[]},{"id":752,"url":"https:\/\/www.gocmeniz.biz\/?p=752","url_meta":{"origin":2177,"position":5},"title":"Bulgaristan, kriz ve krize kar\u015f\u0131 m\u00fccadele","author":"Haberci","date":"02 Ocak 2009","format":false,"excerpt":"Boris Plamenov Boev Bug\u00fcn Bulgaristan'da \u00fc\u00e7 \u00f6nemli hareket geli\u015fiyor: \u0130\u015f\u00e7i hareketi, e\u011fitim hareketi ve ekolojik hareket. \u0130\u015f\u00e7i protestolar\u0131 i\u00e7inde en b\u00fcy\u00fck olan metal i\u015f\u00e7ilerininki. Kremikovtzi i\u015fletmesi, toplam 7 bin i\u015f\u00e7isiyle Bulgaristan'\u0131n en \u00f6nemli fabrikalar\u0131ndan biri ve \u015fimdi kapatma tehdidi alt\u0131nda. 2008 y\u0131l\u0131 ba\u015f\u0131nda Sofya Belediye Ba\u015fkan\u0131, Kremizovtzi'yi kapatmak i\u00e7in metalurji\u2026","rel":"","context":"&quot;Haberler&quot; i\u00e7inde","block_context":{"text":"Haberler","link":"https:\/\/www.gocmeniz.biz\/?cat=5"},"img":{"alt_text":"","src":"","width":0,"height":0},"classes":[]}],"jetpack_sharing_enabled":true,"jetpack_likes_enabled":true,"_links":{"self":[{"href":"https:\/\/www.gocmeniz.biz\/index.php?rest_route=\/wp\/v2\/posts\/2177","targetHints":{"allow":["GET"]}}],"collection":[{"href":"https:\/\/www.gocmeniz.biz\/index.php?rest_route=\/wp\/v2\/posts"}],"about":[{"href":"https:\/\/www.gocmeniz.biz\/index.php?rest_route=\/wp\/v2\/types\/post"}],"author":[{"embeddable":true,"href":"https:\/\/www.gocmeniz.biz\/index.php?rest_route=\/wp\/v2\/users\/331"}],"replies":[{"embeddable":true,"href":"https:\/\/www.gocmeniz.biz\/index.php?rest_route=%2Fwp%2Fv2%2Fcomments&post=2177"}],"version-history":[{"count":1,"href":"https:\/\/www.gocmeniz.biz\/index.php?rest_route=\/wp\/v2\/posts\/2177\/revisions"}],"predecessor-version":[{"id":8904,"href":"https:\/\/www.gocmeniz.biz\/index.php?rest_route=\/wp\/v2\/posts\/2177\/revisions\/8904"}],"wp:attachment":[{"href":"https:\/\/www.gocmeniz.biz\/index.php?rest_route=%2Fwp%2Fv2%2Fmedia&parent=2177"}],"wp:term":[{"taxonomy":"category","embeddable":true,"href":"https:\/\/www.gocmeniz.biz\/index.php?rest_route=%2Fwp%2Fv2%2Fcategories&post=2177"},{"taxonomy":"post_tag","embeddable":true,"href":"https:\/\/www.gocmeniz.biz\/index.php?rest_route=%2Fwp%2Fv2%2Ftags&post=2177"}],"curies":[{"name":"wp","href":"https:\/\/api.w.org\/{rel}","templated":true}]}}